{"id":52618,"date":"2019-03-27T12:27:17","date_gmt":"2019-03-27T10:27:17","guid":{"rendered":"https:\/\/ppdegalicia.com\/o-parlamento-demanda-que-a-xunta-fomente-e-protexa-a-actividade-dos-traballadores-a-tempo-parcial-no-campo\/"},"modified":"2019-03-27T12:27:17","modified_gmt":"2019-03-27T10:27:17","slug":"o-parlamento-demanda-que-a-xunta-fomente-e-protexa-a-actividade-dos-traballadores-a-tempo-parcial-no-campo","status":"publish","type":"post","link":"https:\/\/ppdegalicia.com\/es\/o-parlamento-demanda-que-a-xunta-fomente-e-protexa-a-actividade-dos-traballadores-a-tempo-parcial-no-campo\/","title":{"rendered":"O Parlamento demanda que a Xunta fomente e protexa a actividade dos traballadores a tempo parcial no campo"},"content":{"rendered":"<div>Santiago, 27 de marzo de 2019.- O Parlamento de Galicia aprobou hoxe a proposici\u00f3n non de lei impulsada polo Grupo Popular a trav\u00e9s da que se insta \u00e1 Conseller\u00eda do Medio Rural a manter o apoio aos profesionais que traballan no campo a tempo parcial, impulsando cantas medidas sexan necesarias para fomentar e protexer a s\u00faa actividade no campo galego.<br \/>\n<!--more-->\n<\/div>\n<div>&nbsp;<\/div>\n<div>&nbsp;<\/div>\n<div>\u201c\u00c9 o momento de afrontar un cambio de mentalidade, compatibilizando novas actividades industriais e novos proxectos empresariais pero, tendo en conta a realidade do campo galego, continuando coa protecci\u00f3n aos traballadores do campo a tempo parcial, impulsando novas medidas que garantan e potencien este xeito de desenvolver unha actividade no rural, xa que tam\u00e9n sirve para po\u00f1er en valor a terra produtiva, manter unha actividade econ\u00f3mica, ter coidadas e limpas as parcelas e axudar a loitar contra os incendios\u201d, manifestou o portavoz do Medio Rural, Mois\u00e9s Blanco.<\/div>\n<div>&nbsp;<\/div>\n<p>&nbsp;<\/p>\n<p>&nbsp;<\/p>\n<div>Na s\u00faa intervenci\u00f3n, Blanco asegurou que o PPdeG \u201cest\u00e1 do lado dos que falan ben do rural, porque deste xeito f\u00e1lase ben de Galicia\u201d. \u201cSomos do equipo que sinte orgullo do rural, un rural galego que ten que seguir progresando, moderniz\u00e1ndose e innovando, pero sen renunciar \u00e1 s\u00faa tradici\u00f3n, usos e costumes fondamente arraigados\u201d, indicou.<\/div>\n<div>&nbsp;<\/div>\n<p>&nbsp;<\/p>\n<p>&nbsp;<\/p>\n<div>O portavoz popular lembrou que \u201ca gran atomizaci\u00f3n e dispersi\u00f3n dos terreos demostran unha estrutura moi particular do campo galego, pero que ten condicionado ate o momento o asentamento poboacional, a forma de aproveitar os nosos recursos naturais e o desenvolvemento da actividade agrogandeira e forestal, contando con milleiros de postos de traballo espallados por toda Galicia, dos cales unha boa parte son desempe\u00f1ados baixo a modalidade de tempo parcial\u201d.<\/div>\n<div>&nbsp;<\/div>\n<div>&nbsp;<\/div>\n<div>&nbsp;<\/div>\n<div>&nbsp;<\/div>\n<div>&nbsp;<\/div>\n<div>&nbsp;<\/div>\n<div><strong>INGRESOS COMPLEMENTARIOS<\/strong><\/div>\n<div>&nbsp;<\/div>\n<div>&nbsp;<\/div>\n<p>&nbsp;<\/p>\n<div>Neste sentido, apuntou que estes traballos a tempo parcial \u201cseguen sendo unha interesante fonte de ingresos complementarios para moitas familias galegas, pero non so do rural, senon tam\u00e9n para aquelas que, residindo en zonas m\u00e1is urbanas, mante\u00f1en as s\u00faas propiedades e desenvolven algunhas actividades no campo\u201d.<\/div>\n<div>&nbsp;<\/div>\n<p>&nbsp;<\/p>\n<p>&nbsp;<\/p>\n<div>Mois\u00e9s Blanco considerou \u201cnecesario que se siga mantendo o apoio ao traballo a tempo parcial a trav\u00e9s das axudas da PAC, porque en Galicia o tama\u00f1o de explotaci\u00f3n \u00e9 moi baixo e non todos os beneficiarios da PAC te\u00f1en unha dedicaci\u00f3n total \u00e1 agricultura\u201d, xa que m\u00e1is do 80 por cento dos beneficiarios recibe menos de 10.000 euros ao ano.<\/div>\n<div>&nbsp;<\/div>\n<p>&nbsp;<\/p>\n<p>&nbsp;<\/p>\n<div>Na s\u00faa intervenci\u00f3n, manifestou que \u201ca excesiva parcelaci\u00f3n e o concepto do minifundismo non te\u00f1en porque ser algo negativo en si mesmo, porque \u00e9 posible concibir pequenas ou medianas explotaci\u00f3ns familiares, cunha dedicaci\u00f3n parcial ou a tempo completo, que agrupen as s\u00faas terras, acadando unha dimensi\u00f3n suficiente para asegurar a s\u00faa viabilidade econ\u00f3mica\u201d.<\/div>\n<div>&nbsp;<\/div>\n<div>&nbsp;<\/div>\n<p>\u201cO rural de Galicia non debe cami\u00f1ar inevitablemente cara unha masiva e obrigada concentraci\u00f3n parcelaria\u201d, indicou o portavoz popular, quen explicou que \u201cnon pretendemos substitu\u00edr a pr\u00e1ctica tradicional e cultural minifundista e familiar creando grandes extensi\u00f3ns ou parcelas dun xeito forzado ou artificial, afastado da nosa realidade social e econ\u00f3mica, pero si po\u00f1er en marcha novos instrumentos de ordenaci\u00f3n para fomentar a mobilizaci\u00f3n de terras, agrupamentos ou permutas para po\u00f1er a producir terra produtiva abandonada\u201d. \u201cUn bo exemplo pode ser a creaci\u00f3n de pol\u00edgonos agroforestais que permitan delimitar zonas de boa calidade agron\u00f3mica, dedicada a cultivos de alto valor engadido e con parcelas de suficiente tama\u00f1o que garantan a rendibilidade\u201d, dixo.<\/p>\n","protected":false},"excerpt":{"rendered":"<p>Santiago, 27 de marzo de 2019.- O Parlamento de Galicia aprobou hoxe a proposici\u00f3n non de lei impulsada polo Grupo Popular a trav\u00e9s da que se insta \u00e1 Conseller\u00eda do Medio Rural a manter o apoio aos profesionais que traballan no campo a tempo parcial, impulsando cantas medidas sexan necesarias para fomentar e protexer a [&hellip;]<\/p>\n","protected":false},"author":37,"featured_media":0,"comment_status":"open","ping_status":"open","sticky":false,"template":"","format":"standard","meta":{"_acf_changed":false,"footnotes":""},"categories":[1],"tags":[],"class_list":["post-52618","post","type-post","status-publish","format-standard","hentry","category-pp-de-galicia"],"acf":[],"yoast_head":"<!-- This site is optimized with the Yoast SEO plugin v27.3 - https:\/\/yoast.com\/product\/yoast-seo-wordpress\/ -->\n<title>O Parlamento demanda que a Xunta fomente e protexa a actividade dos traballadores a tempo parcial no campo - PP de Galicia<\/title>\n<meta name=\"robots\" content=\"index, follow, max-snippet:-1, max-image-preview:large, max-video-preview:-1\" \/>\n<link rel=\"canonical\" href=\"https:\/\/ppdegalicia.com\/es\/o-parlamento-demanda-que-a-xunta-fomente-e-protexa-a-actividade-dos-traballadores-a-tempo-parcial-no-campo\/\" \/>\n<meta property=\"og:locale\" content=\"es_ES\" \/>\n<meta property=\"og:type\" content=\"article\" \/>\n<meta property=\"og:title\" content=\"O Parlamento demanda que a Xunta fomente e protexa a actividade dos traballadores a tempo parcial no campo - PP de Galicia\" \/>\n<meta property=\"og:description\" content=\"Santiago, 27 de marzo de 2019.- O Parlamento de Galicia aprobou hoxe a proposici\u00f3n non de lei impulsada polo Grupo Popular a trav\u00e9s da que se insta \u00e1 Conseller\u00eda do Medio Rural a manter o apoio aos profesionais que traballan no campo a tempo parcial, impulsando cantas medidas sexan necesarias para fomentar e protexer a [&hellip;]\" \/>\n<meta property=\"og:url\" content=\"https:\/\/ppdegalicia.com\/es\/o-parlamento-demanda-que-a-xunta-fomente-e-protexa-a-actividade-dos-traballadores-a-tempo-parcial-no-campo\/\" \/>\n<meta property=\"og:site_name\" content=\"PP de Galicia\" \/>\n<meta property=\"article:publisher\" content=\"https:\/\/www.instagram.com\/ppdegalicia\/\" \/>\n<meta property=\"article:published_time\" content=\"2019-03-27T10:27:17+00:00\" \/>\n<meta name=\"author\" content=\"Super User\" \/>\n<meta name=\"twitter:card\" content=\"summary_large_image\" \/>\n<meta name=\"twitter:creator\" content=\"@ppdegalicia\" \/>\n<meta name=\"twitter:site\" content=\"@ppdegalicia\" \/>\n<meta name=\"twitter:label1\" content=\"Escrito por\" \/>\n\t<meta name=\"twitter:data1\" content=\"Super User\" \/>\n\t<meta name=\"twitter:label2\" content=\"Tiempo de lectura\" \/>\n\t<meta name=\"twitter:data2\" content=\"3 minutos\" \/>\n<script type=\"application\/ld+json\" class=\"yoast-schema-graph\">{\"@context\":\"https:\\\/\\\/schema.org\",\"@graph\":[{\"@type\":\"Article\",\"@id\":\"https:\\\/\\\/ppdegalicia.com\\\/es\\\/o-parlamento-demanda-que-a-xunta-fomente-e-protexa-a-actividade-dos-traballadores-a-tempo-parcial-no-campo\\\/#article\",\"isPartOf\":{\"@id\":\"https:\\\/\\\/ppdegalicia.com\\\/es\\\/o-parlamento-demanda-que-a-xunta-fomente-e-protexa-a-actividade-dos-traballadores-a-tempo-parcial-no-campo\\\/\"},\"author\":{\"name\":\"Super User\",\"@id\":\"https:\\\/\\\/ppdegalicia.com\\\/es\\\/#\\\/schema\\\/person\\\/d0f013b8388c980665d44009ab762960\"},\"headline\":\"O Parlamento demanda que a Xunta fomente e protexa a actividade dos traballadores a tempo parcial no campo\",\"datePublished\":\"2019-03-27T10:27:17+00:00\",\"mainEntityOfPage\":{\"@id\":\"https:\\\/\\\/ppdegalicia.com\\\/es\\\/o-parlamento-demanda-que-a-xunta-fomente-e-protexa-a-actividade-dos-traballadores-a-tempo-parcial-no-campo\\\/\"},\"wordCount\":631,\"commentCount\":0,\"publisher\":{\"@id\":\"https:\\\/\\\/ppdegalicia.com\\\/es\\\/#organization\"},\"articleSection\":[\"PP de Galicia\"],\"inLanguage\":\"es\",\"potentialAction\":[{\"@type\":\"CommentAction\",\"name\":\"Comment\",\"target\":[\"https:\\\/\\\/ppdegalicia.com\\\/es\\\/o-parlamento-demanda-que-a-xunta-fomente-e-protexa-a-actividade-dos-traballadores-a-tempo-parcial-no-campo\\\/#respond\"]}]},{\"@type\":\"WebPage\",\"@id\":\"https:\\\/\\\/ppdegalicia.com\\\/es\\\/o-parlamento-demanda-que-a-xunta-fomente-e-protexa-a-actividade-dos-traballadores-a-tempo-parcial-no-campo\\\/\",\"url\":\"https:\\\/\\\/ppdegalicia.com\\\/es\\\/o-parlamento-demanda-que-a-xunta-fomente-e-protexa-a-actividade-dos-traballadores-a-tempo-parcial-no-campo\\\/\",\"name\":\"O Parlamento demanda que a Xunta fomente e protexa a actividade dos traballadores a tempo parcial no campo - PP de Galicia\",\"isPartOf\":{\"@id\":\"https:\\\/\\\/ppdegalicia.com\\\/es\\\/#website\"},\"datePublished\":\"2019-03-27T10:27:17+00:00\",\"breadcrumb\":{\"@id\":\"https:\\\/\\\/ppdegalicia.com\\\/es\\\/o-parlamento-demanda-que-a-xunta-fomente-e-protexa-a-actividade-dos-traballadores-a-tempo-parcial-no-campo\\\/#breadcrumb\"},\"inLanguage\":\"es\",\"potentialAction\":[{\"@type\":\"ReadAction\",\"target\":[\"https:\\\/\\\/ppdegalicia.com\\\/es\\\/o-parlamento-demanda-que-a-xunta-fomente-e-protexa-a-actividade-dos-traballadores-a-tempo-parcial-no-campo\\\/\"]}]},{\"@type\":\"BreadcrumbList\",\"@id\":\"https:\\\/\\\/ppdegalicia.com\\\/es\\\/o-parlamento-demanda-que-a-xunta-fomente-e-protexa-a-actividade-dos-traballadores-a-tempo-parcial-no-campo\\\/#breadcrumb\",\"itemListElement\":[{\"@type\":\"ListItem\",\"position\":1,\"name\":\"Portada\",\"item\":\"https:\\\/\\\/ppdegalicia.com\\\/es\\\/\"},{\"@type\":\"ListItem\",\"position\":2,\"name\":\"O Parlamento demanda que a Xunta fomente e protexa a actividade dos traballadores a tempo parcial no campo\"}]},{\"@type\":\"WebSite\",\"@id\":\"https:\\\/\\\/ppdegalicia.com\\\/es\\\/#website\",\"url\":\"https:\\\/\\\/ppdegalicia.com\\\/es\\\/\",\"name\":\"Partido Popular de Galicia\",\"description\":\"Partido Popular de Galicia\",\"publisher\":{\"@id\":\"https:\\\/\\\/ppdegalicia.com\\\/es\\\/#organization\"},\"alternateName\":\"PP de Galicia\",\"potentialAction\":[{\"@type\":\"SearchAction\",\"target\":{\"@type\":\"EntryPoint\",\"urlTemplate\":\"https:\\\/\\\/ppdegalicia.com\\\/es\\\/?s={search_term_string}\"},\"query-input\":{\"@type\":\"PropertyValueSpecification\",\"valueRequired\":true,\"valueName\":\"search_term_string\"}}],\"inLanguage\":\"es\"},{\"@type\":\"Organization\",\"@id\":\"https:\\\/\\\/ppdegalicia.com\\\/es\\\/#organization\",\"name\":\"Partido Popular de Galicia\",\"alternateName\":\"PP de Galicia\",\"url\":\"https:\\\/\\\/ppdegalicia.com\\\/es\\\/\",\"logo\":{\"@type\":\"ImageObject\",\"inLanguage\":\"es\",\"@id\":\"https:\\\/\\\/ppdegalicia.com\\\/es\\\/#\\\/schema\\\/logo\\\/image\\\/\",\"url\":\"https:\\\/\\\/ppdegalicia.com\\\/wp-content\\\/uploads\\\/2023\\\/04\\\/logoPP512.png\",\"contentUrl\":\"https:\\\/\\\/ppdegalicia.com\\\/wp-content\\\/uploads\\\/2023\\\/04\\\/logoPP512.png\",\"width\":512,\"height\":512,\"caption\":\"Partido Popular de Galicia\"},\"image\":{\"@id\":\"https:\\\/\\\/ppdegalicia.com\\\/es\\\/#\\\/schema\\\/logo\\\/image\\\/\"},\"sameAs\":[\"https:\\\/\\\/www.instagram.com\\\/ppdegalicia\\\/\",\"https:\\\/\\\/x.com\\\/ppdegalicia\",\"https:\\\/\\\/www.tiktok.com\\\/@ppdegalicia\",\"https:\\\/\\\/www.youtube.com\\\/user\\\/ppdegalicia\"]},{\"@type\":\"Person\",\"@id\":\"https:\\\/\\\/ppdegalicia.com\\\/es\\\/#\\\/schema\\\/person\\\/d0f013b8388c980665d44009ab762960\",\"name\":\"Super User\",\"image\":{\"@type\":\"ImageObject\",\"inLanguage\":\"es\",\"@id\":\"https:\\\/\\\/secure.gravatar.com\\\/avatar\\\/1db852625ef4948f58d2739bfbc51e4b9bd5c93b8fa340b59fdb594ca0845645?s=96&d=mm&r=g\",\"url\":\"https:\\\/\\\/secure.gravatar.com\\\/avatar\\\/1db852625ef4948f58d2739bfbc51e4b9bd5c93b8fa340b59fdb594ca0845645?s=96&d=mm&r=g\",\"contentUrl\":\"https:\\\/\\\/secure.gravatar.com\\\/avatar\\\/1db852625ef4948f58d2739bfbc51e4b9bd5c93b8fa340b59fdb594ca0845645?s=96&d=mm&r=g\",\"caption\":\"Super User\"},\"url\":\"https:\\\/\\\/ppdegalicia.com\\\/es\\\/author\\\/ppdegaliciagestion\\\/\"}]}<\/script>\n<!-- \/ Yoast SEO plugin. -->","yoast_head_json":{"title":"O Parlamento demanda que a Xunta fomente e protexa a actividade dos traballadores a tempo parcial no campo - PP de Galicia","robots":{"index":"index","follow":"follow","max-snippet":"max-snippet:-1","max-image-preview":"max-image-preview:large","max-video-preview":"max-video-preview:-1"},"canonical":"https:\/\/ppdegalicia.com\/es\/o-parlamento-demanda-que-a-xunta-fomente-e-protexa-a-actividade-dos-traballadores-a-tempo-parcial-no-campo\/","og_locale":"es_ES","og_type":"article","og_title":"O Parlamento demanda que a Xunta fomente e protexa a actividade dos traballadores a tempo parcial no campo - PP de Galicia","og_description":"Santiago, 27 de marzo de 2019.- O Parlamento de Galicia aprobou hoxe a proposici\u00f3n non de lei impulsada polo Grupo Popular a trav\u00e9s da que se insta \u00e1 Conseller\u00eda do Medio Rural a manter o apoio aos profesionais que traballan no campo a tempo parcial, impulsando cantas medidas sexan necesarias para fomentar e protexer a [&hellip;]","og_url":"https:\/\/ppdegalicia.com\/es\/o-parlamento-demanda-que-a-xunta-fomente-e-protexa-a-actividade-dos-traballadores-a-tempo-parcial-no-campo\/","og_site_name":"PP de Galicia","article_publisher":"https:\/\/www.instagram.com\/ppdegalicia\/","article_published_time":"2019-03-27T10:27:17+00:00","author":"Super User","twitter_card":"summary_large_image","twitter_creator":"@ppdegalicia","twitter_site":"@ppdegalicia","twitter_misc":{"Escrito por":"Super User","Tiempo de lectura":"3 minutos"},"schema":{"@context":"https:\/\/schema.org","@graph":[{"@type":"Article","@id":"https:\/\/ppdegalicia.com\/es\/o-parlamento-demanda-que-a-xunta-fomente-e-protexa-a-actividade-dos-traballadores-a-tempo-parcial-no-campo\/#article","isPartOf":{"@id":"https:\/\/ppdegalicia.com\/es\/o-parlamento-demanda-que-a-xunta-fomente-e-protexa-a-actividade-dos-traballadores-a-tempo-parcial-no-campo\/"},"author":{"name":"Super User","@id":"https:\/\/ppdegalicia.com\/es\/#\/schema\/person\/d0f013b8388c980665d44009ab762960"},"headline":"O Parlamento demanda que a Xunta fomente e protexa a actividade dos traballadores a tempo parcial no campo","datePublished":"2019-03-27T10:27:17+00:00","mainEntityOfPage":{"@id":"https:\/\/ppdegalicia.com\/es\/o-parlamento-demanda-que-a-xunta-fomente-e-protexa-a-actividade-dos-traballadores-a-tempo-parcial-no-campo\/"},"wordCount":631,"commentCount":0,"publisher":{"@id":"https:\/\/ppdegalicia.com\/es\/#organization"},"articleSection":["PP de Galicia"],"inLanguage":"es","potentialAction":[{"@type":"CommentAction","name":"Comment","target":["https:\/\/ppdegalicia.com\/es\/o-parlamento-demanda-que-a-xunta-fomente-e-protexa-a-actividade-dos-traballadores-a-tempo-parcial-no-campo\/#respond"]}]},{"@type":"WebPage","@id":"https:\/\/ppdegalicia.com\/es\/o-parlamento-demanda-que-a-xunta-fomente-e-protexa-a-actividade-dos-traballadores-a-tempo-parcial-no-campo\/","url":"https:\/\/ppdegalicia.com\/es\/o-parlamento-demanda-que-a-xunta-fomente-e-protexa-a-actividade-dos-traballadores-a-tempo-parcial-no-campo\/","name":"O Parlamento demanda que a Xunta fomente e protexa a actividade dos traballadores a tempo parcial no campo - PP de Galicia","isPartOf":{"@id":"https:\/\/ppdegalicia.com\/es\/#website"},"datePublished":"2019-03-27T10:27:17+00:00","breadcrumb":{"@id":"https:\/\/ppdegalicia.com\/es\/o-parlamento-demanda-que-a-xunta-fomente-e-protexa-a-actividade-dos-traballadores-a-tempo-parcial-no-campo\/#breadcrumb"},"inLanguage":"es","potentialAction":[{"@type":"ReadAction","target":["https:\/\/ppdegalicia.com\/es\/o-parlamento-demanda-que-a-xunta-fomente-e-protexa-a-actividade-dos-traballadores-a-tempo-parcial-no-campo\/"]}]},{"@type":"BreadcrumbList","@id":"https:\/\/ppdegalicia.com\/es\/o-parlamento-demanda-que-a-xunta-fomente-e-protexa-a-actividade-dos-traballadores-a-tempo-parcial-no-campo\/#breadcrumb","itemListElement":[{"@type":"ListItem","position":1,"name":"Portada","item":"https:\/\/ppdegalicia.com\/es\/"},{"@type":"ListItem","position":2,"name":"O Parlamento demanda que a Xunta fomente e protexa a actividade dos traballadores a tempo parcial no campo"}]},{"@type":"WebSite","@id":"https:\/\/ppdegalicia.com\/es\/#website","url":"https:\/\/ppdegalicia.com\/es\/","name":"Partido Popular de Galicia","description":"Partido Popular de Galicia","publisher":{"@id":"https:\/\/ppdegalicia.com\/es\/#organization"},"alternateName":"PP de Galicia","potentialAction":[{"@type":"SearchAction","target":{"@type":"EntryPoint","urlTemplate":"https:\/\/ppdegalicia.com\/es\/?s={search_term_string}"},"query-input":{"@type":"PropertyValueSpecification","valueRequired":true,"valueName":"search_term_string"}}],"inLanguage":"es"},{"@type":"Organization","@id":"https:\/\/ppdegalicia.com\/es\/#organization","name":"Partido Popular de Galicia","alternateName":"PP de Galicia","url":"https:\/\/ppdegalicia.com\/es\/","logo":{"@type":"ImageObject","inLanguage":"es","@id":"https:\/\/ppdegalicia.com\/es\/#\/schema\/logo\/image\/","url":"https:\/\/ppdegalicia.com\/wp-content\/uploads\/2023\/04\/logoPP512.png","contentUrl":"https:\/\/ppdegalicia.com\/wp-content\/uploads\/2023\/04\/logoPP512.png","width":512,"height":512,"caption":"Partido Popular de Galicia"},"image":{"@id":"https:\/\/ppdegalicia.com\/es\/#\/schema\/logo\/image\/"},"sameAs":["https:\/\/www.instagram.com\/ppdegalicia\/","https:\/\/x.com\/ppdegalicia","https:\/\/www.tiktok.com\/@ppdegalicia","https:\/\/www.youtube.com\/user\/ppdegalicia"]},{"@type":"Person","@id":"https:\/\/ppdegalicia.com\/es\/#\/schema\/person\/d0f013b8388c980665d44009ab762960","name":"Super User","image":{"@type":"ImageObject","inLanguage":"es","@id":"https:\/\/secure.gravatar.com\/avatar\/1db852625ef4948f58d2739bfbc51e4b9bd5c93b8fa340b59fdb594ca0845645?s=96&d=mm&r=g","url":"https:\/\/secure.gravatar.com\/avatar\/1db852625ef4948f58d2739bfbc51e4b9bd5c93b8fa340b59fdb594ca0845645?s=96&d=mm&r=g","contentUrl":"https:\/\/secure.gravatar.com\/avatar\/1db852625ef4948f58d2739bfbc51e4b9bd5c93b8fa340b59fdb594ca0845645?s=96&d=mm&r=g","caption":"Super User"},"url":"https:\/\/ppdegalicia.com\/es\/author\/ppdegaliciagestion\/"}]}},"_links":{"self":[{"href":"https:\/\/ppdegalicia.com\/es\/wp-json\/wp\/v2\/posts\/52618","targetHints":{"allow":["GET"]}}],"collection":[{"href":"https:\/\/ppdegalicia.com\/es\/wp-json\/wp\/v2\/posts"}],"about":[{"href":"https:\/\/ppdegalicia.com\/es\/wp-json\/wp\/v2\/types\/post"}],"author":[{"embeddable":true,"href":"https:\/\/ppdegalicia.com\/es\/wp-json\/wp\/v2\/users\/37"}],"replies":[{"embeddable":true,"href":"https:\/\/ppdegalicia.com\/es\/wp-json\/wp\/v2\/comments?post=52618"}],"version-history":[{"count":0,"href":"https:\/\/ppdegalicia.com\/es\/wp-json\/wp\/v2\/posts\/52618\/revisions"}],"wp:attachment":[{"href":"https:\/\/ppdegalicia.com\/es\/wp-json\/wp\/v2\/media?parent=52618"}],"wp:term":[{"taxonomy":"category","embeddable":true,"href":"https:\/\/ppdegalicia.com\/es\/wp-json\/wp\/v2\/categories?post=52618"},{"taxonomy":"post_tag","embeddable":true,"href":"https:\/\/ppdegalicia.com\/es\/wp-json\/wp\/v2\/tags?post=52618"}],"curies":[{"name":"wp","href":"https:\/\/api.w.org\/{rel}","templated":true}]}}