{"id":52619,"date":"2019-03-27T13:10:03","date_gmt":"2019-03-27T11:10:03","guid":{"rendered":"https:\/\/ppdegalicia.com\/o-grupo-popular-critica-que-os-concellos-do-psoe-salvo-algunha-excepcion-non-se-sumaran-a-rebaixa-do-10-do-canon-de-sogama\/"},"modified":"2019-03-27T13:10:03","modified_gmt":"2019-03-27T11:10:03","slug":"o-grupo-popular-critica-que-os-concellos-do-psoe-salvo-algunha-excepcion-non-se-sumaran-a-rebaixa-do-10-do-canon-de-sogama","status":"publish","type":"post","link":"https:\/\/ppdegalicia.com\/es\/o-grupo-popular-critica-que-os-concellos-do-psoe-salvo-algunha-excepcion-non-se-sumaran-a-rebaixa-do-10-do-canon-de-sogama\/","title":{"rendered":"O Grupo Popular critica que os concellos do PSOE, salvo algunha excepci\u00f3n, non se sumaran \u00e1 rebaixa do 10% do canon de Sogama"},"content":{"rendered":"<div>Santiago, 27 de marzo de 2019.- O portavoz de Medio Ambiente do Grupo Popular, Gonzalo Trenor, cuestionou hoxe no Parlamento aos deputados socialista sobre \u201cque consigna deron aos seus alcaldes en Galicia para que non se sumaran \u00e1 rebaixa do 10 por cento do canon de Sogama aprobada pola Xunta e que esta rebaixa repercuta directamente no recibo que pagan os seus veci\u00f1os\u201d.<br \/>\n<!--more-->\n<\/div>\n<div>&nbsp;<\/div>\n<p>&nbsp;<\/p>\n<div>Gonzalo Trenor considerou esta medida \u201cmoi boa para todos os galegos, pero especialmente para a conservaci\u00f3n do medio ambiente, xa que permitir\u00e1 reducir o lixo e incrementar a taxa de reciclaxe\u201d.<\/div>\n<div>&nbsp;<\/div>\n<div>&nbsp;<\/div>\n<p>&nbsp;<\/p>\n<div>Por\u00e9n, manifestou que \u201ca inmensa maior\u00eda dos concellos gobernados polo PP, as Mareas de Podemos e o BNG se sumaron a esta rebaixa do canon de Sogama, pero sorprendentemente, salvo algunha excepci\u00f3n, os concellos socialistas rexeitaron esta medida e con isto trasladar aos seus veci\u00f1os unha rebaixa no recibo que pagan polo tratamento dos seus residuos urbanos\u201d.<\/div>\n<div>&nbsp;<\/div>\n<p>&nbsp;<\/p>\n<p>&nbsp;<\/p>\n<div><strong>GALICIA XA CONTA CON PLAN DE RESIDUOS<\/strong><\/div>\n<div>&nbsp;<\/div>\n<div>&nbsp;<\/div>\n<p>&nbsp;<\/p>\n<div>O portavoz popular lembrou que \u201cGalicia xa conta cun plan de residuos s\u00f3lidos urbanos, completo e con vixencia ata 2022\u201d. \u201cFronte \u00e1 realidade paralela que nos presentan os grupos da oposici\u00f3n, o modelo Sogama \u00e9 complementario daqueles outros sistemas ou modelos de tratamento que podan implementar as entidades locais, que por mandato legal ostentan a competencia exclusiva sobre a recollida e tratamento de residuos urbanos, dom\u00e9sticos ou asimilados\u201d, apuntou.<\/div>\n<div>&nbsp;<\/div>\n<div>&nbsp;<\/div>\n<p>&nbsp;<\/p>\n<div>Deste xeito, indicou que \u201cson os propios concellos os que deciden a cantidade de residuos a remitir a Sogama, sen que a s\u00faa adhesi\u00f3n implique en modo alg\u00fan o compromiso de remitir unha determinada cantidade m\u00ednima de residuos\u201d.<\/div>\n<div>&nbsp;<\/div>\n","protected":false},"excerpt":{"rendered":"<p>Santiago, 27 de marzo de 2019.- O portavoz de Medio Ambiente do Grupo Popular, Gonzalo Trenor, cuestionou hoxe no Parlamento aos deputados socialista sobre \u201cque consigna deron aos seus alcaldes en Galicia para que non se sumaran \u00e1 rebaixa do 10 por cento do canon de Sogama aprobada pola Xunta e que esta rebaixa repercuta [&hellip;]<\/p>\n","protected":false},"author":37,"featured_media":0,"comment_status":"open","ping_status":"open","sticky":false,"template":"","format":"standard","meta":{"_acf_changed":false,"footnotes":""},"categories":[1],"tags":[],"class_list":["post-52619","post","type-post","status-publish","format-standard","hentry","category-pp-de-galicia"],"acf":[],"yoast_head":"<!-- This site is optimized with the Yoast SEO plugin v27.3 - https:\/\/yoast.com\/product\/yoast-seo-wordpress\/ -->\n<title>O Grupo Popular critica que os concellos do PSOE, salvo algunha excepci\u00f3n, non se sumaran \u00e1 rebaixa do 10% do canon de Sogama - PP de Galicia<\/title>\n<meta name=\"robots\" content=\"index, follow, max-snippet:-1, max-image-preview:large, max-video-preview:-1\" \/>\n<link rel=\"canonical\" href=\"https:\/\/ppdegalicia.com\/es\/o-grupo-popular-critica-que-os-concellos-do-psoe-salvo-algunha-excepcion-non-se-sumaran-a-rebaixa-do-10-do-canon-de-sogama\/\" \/>\n<meta property=\"og:locale\" content=\"es_ES\" \/>\n<meta property=\"og:type\" content=\"article\" \/>\n<meta property=\"og:title\" content=\"O Grupo Popular critica que os concellos do PSOE, salvo algunha excepci\u00f3n, non se sumaran \u00e1 rebaixa do 10% do canon de Sogama - PP de Galicia\" \/>\n<meta property=\"og:description\" content=\"Santiago, 27 de marzo de 2019.- O portavoz de Medio Ambiente do Grupo Popular, Gonzalo Trenor, cuestionou hoxe no Parlamento aos deputados socialista sobre \u201cque consigna deron aos seus alcaldes en Galicia para que non se sumaran \u00e1 rebaixa do 10 por cento do canon de Sogama aprobada pola Xunta e que esta rebaixa repercuta [&hellip;]\" \/>\n<meta property=\"og:url\" content=\"https:\/\/ppdegalicia.com\/es\/o-grupo-popular-critica-que-os-concellos-do-psoe-salvo-algunha-excepcion-non-se-sumaran-a-rebaixa-do-10-do-canon-de-sogama\/\" \/>\n<meta property=\"og:site_name\" content=\"PP de Galicia\" \/>\n<meta property=\"article:publisher\" content=\"https:\/\/www.instagram.com\/ppdegalicia\/\" \/>\n<meta property=\"article:published_time\" content=\"2019-03-27T11:10:03+00:00\" \/>\n<meta name=\"author\" content=\"Super User\" \/>\n<meta name=\"twitter:card\" content=\"summary_large_image\" \/>\n<meta name=\"twitter:creator\" content=\"@ppdegalicia\" \/>\n<meta name=\"twitter:site\" content=\"@ppdegalicia\" \/>\n<meta name=\"twitter:label1\" content=\"Escrito por\" \/>\n\t<meta name=\"twitter:data1\" content=\"Super User\" \/>\n\t<meta name=\"twitter:label2\" content=\"Tiempo de lectura\" \/>\n\t<meta name=\"twitter:data2\" content=\"1 minuto\" \/>\n<script type=\"application\/ld+json\" class=\"yoast-schema-graph\">{\"@context\":\"https:\\\/\\\/schema.org\",\"@graph\":[{\"@type\":\"Article\",\"@id\":\"https:\\\/\\\/ppdegalicia.com\\\/es\\\/o-grupo-popular-critica-que-os-concellos-do-psoe-salvo-algunha-excepcion-non-se-sumaran-a-rebaixa-do-10-do-canon-de-sogama\\\/#article\",\"isPartOf\":{\"@id\":\"https:\\\/\\\/ppdegalicia.com\\\/es\\\/o-grupo-popular-critica-que-os-concellos-do-psoe-salvo-algunha-excepcion-non-se-sumaran-a-rebaixa-do-10-do-canon-de-sogama\\\/\"},\"author\":{\"name\":\"Super User\",\"@id\":\"https:\\\/\\\/ppdegalicia.com\\\/es\\\/#\\\/schema\\\/person\\\/d0f013b8388c980665d44009ab762960\"},\"headline\":\"O Grupo Popular critica que os concellos do PSOE, salvo algunha excepci\u00f3n, non se sumaran \u00e1 rebaixa do 10% do canon de Sogama\",\"datePublished\":\"2019-03-27T11:10:03+00:00\",\"mainEntityOfPage\":{\"@id\":\"https:\\\/\\\/ppdegalicia.com\\\/es\\\/o-grupo-popular-critica-que-os-concellos-do-psoe-salvo-algunha-excepcion-non-se-sumaran-a-rebaixa-do-10-do-canon-de-sogama\\\/\"},\"wordCount\":309,\"commentCount\":0,\"publisher\":{\"@id\":\"https:\\\/\\\/ppdegalicia.com\\\/es\\\/#organization\"},\"articleSection\":[\"PP de Galicia\"],\"inLanguage\":\"es\",\"potentialAction\":[{\"@type\":\"CommentAction\",\"name\":\"Comment\",\"target\":[\"https:\\\/\\\/ppdegalicia.com\\\/es\\\/o-grupo-popular-critica-que-os-concellos-do-psoe-salvo-algunha-excepcion-non-se-sumaran-a-rebaixa-do-10-do-canon-de-sogama\\\/#respond\"]}]},{\"@type\":\"WebPage\",\"@id\":\"https:\\\/\\\/ppdegalicia.com\\\/es\\\/o-grupo-popular-critica-que-os-concellos-do-psoe-salvo-algunha-excepcion-non-se-sumaran-a-rebaixa-do-10-do-canon-de-sogama\\\/\",\"url\":\"https:\\\/\\\/ppdegalicia.com\\\/es\\\/o-grupo-popular-critica-que-os-concellos-do-psoe-salvo-algunha-excepcion-non-se-sumaran-a-rebaixa-do-10-do-canon-de-sogama\\\/\",\"name\":\"O Grupo Popular critica que os concellos do PSOE, salvo algunha excepci\u00f3n, non se sumaran \u00e1 rebaixa do 10% do canon de Sogama - PP de Galicia\",\"isPartOf\":{\"@id\":\"https:\\\/\\\/ppdegalicia.com\\\/es\\\/#website\"},\"datePublished\":\"2019-03-27T11:10:03+00:00\",\"breadcrumb\":{\"@id\":\"https:\\\/\\\/ppdegalicia.com\\\/es\\\/o-grupo-popular-critica-que-os-concellos-do-psoe-salvo-algunha-excepcion-non-se-sumaran-a-rebaixa-do-10-do-canon-de-sogama\\\/#breadcrumb\"},\"inLanguage\":\"es\",\"potentialAction\":[{\"@type\":\"ReadAction\",\"target\":[\"https:\\\/\\\/ppdegalicia.com\\\/es\\\/o-grupo-popular-critica-que-os-concellos-do-psoe-salvo-algunha-excepcion-non-se-sumaran-a-rebaixa-do-10-do-canon-de-sogama\\\/\"]}]},{\"@type\":\"BreadcrumbList\",\"@id\":\"https:\\\/\\\/ppdegalicia.com\\\/es\\\/o-grupo-popular-critica-que-os-concellos-do-psoe-salvo-algunha-excepcion-non-se-sumaran-a-rebaixa-do-10-do-canon-de-sogama\\\/#breadcrumb\",\"itemListElement\":[{\"@type\":\"ListItem\",\"position\":1,\"name\":\"Portada\",\"item\":\"https:\\\/\\\/ppdegalicia.com\\\/es\\\/\"},{\"@type\":\"ListItem\",\"position\":2,\"name\":\"O Grupo Popular critica que os concellos do PSOE, salvo algunha excepci\u00f3n, non se sumaran \u00e1 rebaixa do 10% do canon de Sogama\"}]},{\"@type\":\"WebSite\",\"@id\":\"https:\\\/\\\/ppdegalicia.com\\\/es\\\/#website\",\"url\":\"https:\\\/\\\/ppdegalicia.com\\\/es\\\/\",\"name\":\"Partido Popular de Galicia\",\"description\":\"Partido Popular de Galicia\",\"publisher\":{\"@id\":\"https:\\\/\\\/ppdegalicia.com\\\/es\\\/#organization\"},\"alternateName\":\"PP de Galicia\",\"potentialAction\":[{\"@type\":\"SearchAction\",\"target\":{\"@type\":\"EntryPoint\",\"urlTemplate\":\"https:\\\/\\\/ppdegalicia.com\\\/es\\\/?s={search_term_string}\"},\"query-input\":{\"@type\":\"PropertyValueSpecification\",\"valueRequired\":true,\"valueName\":\"search_term_string\"}}],\"inLanguage\":\"es\"},{\"@type\":\"Organization\",\"@id\":\"https:\\\/\\\/ppdegalicia.com\\\/es\\\/#organization\",\"name\":\"Partido Popular de Galicia\",\"alternateName\":\"PP de Galicia\",\"url\":\"https:\\\/\\\/ppdegalicia.com\\\/es\\\/\",\"logo\":{\"@type\":\"ImageObject\",\"inLanguage\":\"es\",\"@id\":\"https:\\\/\\\/ppdegalicia.com\\\/es\\\/#\\\/schema\\\/logo\\\/image\\\/\",\"url\":\"https:\\\/\\\/ppdegalicia.com\\\/wp-content\\\/uploads\\\/2023\\\/04\\\/logoPP512.png\",\"contentUrl\":\"https:\\\/\\\/ppdegalicia.com\\\/wp-content\\\/uploads\\\/2023\\\/04\\\/logoPP512.png\",\"width\":512,\"height\":512,\"caption\":\"Partido Popular de Galicia\"},\"image\":{\"@id\":\"https:\\\/\\\/ppdegalicia.com\\\/es\\\/#\\\/schema\\\/logo\\\/image\\\/\"},\"sameAs\":[\"https:\\\/\\\/www.instagram.com\\\/ppdegalicia\\\/\",\"https:\\\/\\\/x.com\\\/ppdegalicia\",\"https:\\\/\\\/www.tiktok.com\\\/@ppdegalicia\",\"https:\\\/\\\/www.youtube.com\\\/user\\\/ppdegalicia\"]},{\"@type\":\"Person\",\"@id\":\"https:\\\/\\\/ppdegalicia.com\\\/es\\\/#\\\/schema\\\/person\\\/d0f013b8388c980665d44009ab762960\",\"name\":\"Super User\",\"image\":{\"@type\":\"ImageObject\",\"inLanguage\":\"es\",\"@id\":\"https:\\\/\\\/secure.gravatar.com\\\/avatar\\\/1db852625ef4948f58d2739bfbc51e4b9bd5c93b8fa340b59fdb594ca0845645?s=96&d=mm&r=g\",\"url\":\"https:\\\/\\\/secure.gravatar.com\\\/avatar\\\/1db852625ef4948f58d2739bfbc51e4b9bd5c93b8fa340b59fdb594ca0845645?s=96&d=mm&r=g\",\"contentUrl\":\"https:\\\/\\\/secure.gravatar.com\\\/avatar\\\/1db852625ef4948f58d2739bfbc51e4b9bd5c93b8fa340b59fdb594ca0845645?s=96&d=mm&r=g\",\"caption\":\"Super User\"},\"url\":\"https:\\\/\\\/ppdegalicia.com\\\/es\\\/author\\\/ppdegaliciagestion\\\/\"}]}<\/script>\n<!-- \/ Yoast SEO plugin. -->","yoast_head_json":{"title":"O Grupo Popular critica que os concellos do PSOE, salvo algunha excepci\u00f3n, non se sumaran \u00e1 rebaixa do 10% do canon de Sogama - PP de Galicia","robots":{"index":"index","follow":"follow","max-snippet":"max-snippet:-1","max-image-preview":"max-image-preview:large","max-video-preview":"max-video-preview:-1"},"canonical":"https:\/\/ppdegalicia.com\/es\/o-grupo-popular-critica-que-os-concellos-do-psoe-salvo-algunha-excepcion-non-se-sumaran-a-rebaixa-do-10-do-canon-de-sogama\/","og_locale":"es_ES","og_type":"article","og_title":"O Grupo Popular critica que os concellos do PSOE, salvo algunha excepci\u00f3n, non se sumaran \u00e1 rebaixa do 10% do canon de Sogama - PP de Galicia","og_description":"Santiago, 27 de marzo de 2019.- O portavoz de Medio Ambiente do Grupo Popular, Gonzalo Trenor, cuestionou hoxe no Parlamento aos deputados socialista sobre \u201cque consigna deron aos seus alcaldes en Galicia para que non se sumaran \u00e1 rebaixa do 10 por cento do canon de Sogama aprobada pola Xunta e que esta rebaixa repercuta [&hellip;]","og_url":"https:\/\/ppdegalicia.com\/es\/o-grupo-popular-critica-que-os-concellos-do-psoe-salvo-algunha-excepcion-non-se-sumaran-a-rebaixa-do-10-do-canon-de-sogama\/","og_site_name":"PP de Galicia","article_publisher":"https:\/\/www.instagram.com\/ppdegalicia\/","article_published_time":"2019-03-27T11:10:03+00:00","author":"Super User","twitter_card":"summary_large_image","twitter_creator":"@ppdegalicia","twitter_site":"@ppdegalicia","twitter_misc":{"Escrito por":"Super User","Tiempo de lectura":"1 minuto"},"schema":{"@context":"https:\/\/schema.org","@graph":[{"@type":"Article","@id":"https:\/\/ppdegalicia.com\/es\/o-grupo-popular-critica-que-os-concellos-do-psoe-salvo-algunha-excepcion-non-se-sumaran-a-rebaixa-do-10-do-canon-de-sogama\/#article","isPartOf":{"@id":"https:\/\/ppdegalicia.com\/es\/o-grupo-popular-critica-que-os-concellos-do-psoe-salvo-algunha-excepcion-non-se-sumaran-a-rebaixa-do-10-do-canon-de-sogama\/"},"author":{"name":"Super User","@id":"https:\/\/ppdegalicia.com\/es\/#\/schema\/person\/d0f013b8388c980665d44009ab762960"},"headline":"O Grupo Popular critica que os concellos do PSOE, salvo algunha excepci\u00f3n, non se sumaran \u00e1 rebaixa do 10% do canon de Sogama","datePublished":"2019-03-27T11:10:03+00:00","mainEntityOfPage":{"@id":"https:\/\/ppdegalicia.com\/es\/o-grupo-popular-critica-que-os-concellos-do-psoe-salvo-algunha-excepcion-non-se-sumaran-a-rebaixa-do-10-do-canon-de-sogama\/"},"wordCount":309,"commentCount":0,"publisher":{"@id":"https:\/\/ppdegalicia.com\/es\/#organization"},"articleSection":["PP de Galicia"],"inLanguage":"es","potentialAction":[{"@type":"CommentAction","name":"Comment","target":["https:\/\/ppdegalicia.com\/es\/o-grupo-popular-critica-que-os-concellos-do-psoe-salvo-algunha-excepcion-non-se-sumaran-a-rebaixa-do-10-do-canon-de-sogama\/#respond"]}]},{"@type":"WebPage","@id":"https:\/\/ppdegalicia.com\/es\/o-grupo-popular-critica-que-os-concellos-do-psoe-salvo-algunha-excepcion-non-se-sumaran-a-rebaixa-do-10-do-canon-de-sogama\/","url":"https:\/\/ppdegalicia.com\/es\/o-grupo-popular-critica-que-os-concellos-do-psoe-salvo-algunha-excepcion-non-se-sumaran-a-rebaixa-do-10-do-canon-de-sogama\/","name":"O Grupo Popular critica que os concellos do PSOE, salvo algunha excepci\u00f3n, non se sumaran \u00e1 rebaixa do 10% do canon de Sogama - PP de Galicia","isPartOf":{"@id":"https:\/\/ppdegalicia.com\/es\/#website"},"datePublished":"2019-03-27T11:10:03+00:00","breadcrumb":{"@id":"https:\/\/ppdegalicia.com\/es\/o-grupo-popular-critica-que-os-concellos-do-psoe-salvo-algunha-excepcion-non-se-sumaran-a-rebaixa-do-10-do-canon-de-sogama\/#breadcrumb"},"inLanguage":"es","potentialAction":[{"@type":"ReadAction","target":["https:\/\/ppdegalicia.com\/es\/o-grupo-popular-critica-que-os-concellos-do-psoe-salvo-algunha-excepcion-non-se-sumaran-a-rebaixa-do-10-do-canon-de-sogama\/"]}]},{"@type":"BreadcrumbList","@id":"https:\/\/ppdegalicia.com\/es\/o-grupo-popular-critica-que-os-concellos-do-psoe-salvo-algunha-excepcion-non-se-sumaran-a-rebaixa-do-10-do-canon-de-sogama\/#breadcrumb","itemListElement":[{"@type":"ListItem","position":1,"name":"Portada","item":"https:\/\/ppdegalicia.com\/es\/"},{"@type":"ListItem","position":2,"name":"O Grupo Popular critica que os concellos do PSOE, salvo algunha excepci\u00f3n, non se sumaran \u00e1 rebaixa do 10% do canon de Sogama"}]},{"@type":"WebSite","@id":"https:\/\/ppdegalicia.com\/es\/#website","url":"https:\/\/ppdegalicia.com\/es\/","name":"Partido Popular de Galicia","description":"Partido Popular de Galicia","publisher":{"@id":"https:\/\/ppdegalicia.com\/es\/#organization"},"alternateName":"PP de Galicia","potentialAction":[{"@type":"SearchAction","target":{"@type":"EntryPoint","urlTemplate":"https:\/\/ppdegalicia.com\/es\/?s={search_term_string}"},"query-input":{"@type":"PropertyValueSpecification","valueRequired":true,"valueName":"search_term_string"}}],"inLanguage":"es"},{"@type":"Organization","@id":"https:\/\/ppdegalicia.com\/es\/#organization","name":"Partido Popular de Galicia","alternateName":"PP de Galicia","url":"https:\/\/ppdegalicia.com\/es\/","logo":{"@type":"ImageObject","inLanguage":"es","@id":"https:\/\/ppdegalicia.com\/es\/#\/schema\/logo\/image\/","url":"https:\/\/ppdegalicia.com\/wp-content\/uploads\/2023\/04\/logoPP512.png","contentUrl":"https:\/\/ppdegalicia.com\/wp-content\/uploads\/2023\/04\/logoPP512.png","width":512,"height":512,"caption":"Partido Popular de Galicia"},"image":{"@id":"https:\/\/ppdegalicia.com\/es\/#\/schema\/logo\/image\/"},"sameAs":["https:\/\/www.instagram.com\/ppdegalicia\/","https:\/\/x.com\/ppdegalicia","https:\/\/www.tiktok.com\/@ppdegalicia","https:\/\/www.youtube.com\/user\/ppdegalicia"]},{"@type":"Person","@id":"https:\/\/ppdegalicia.com\/es\/#\/schema\/person\/d0f013b8388c980665d44009ab762960","name":"Super User","image":{"@type":"ImageObject","inLanguage":"es","@id":"https:\/\/secure.gravatar.com\/avatar\/1db852625ef4948f58d2739bfbc51e4b9bd5c93b8fa340b59fdb594ca0845645?s=96&d=mm&r=g","url":"https:\/\/secure.gravatar.com\/avatar\/1db852625ef4948f58d2739bfbc51e4b9bd5c93b8fa340b59fdb594ca0845645?s=96&d=mm&r=g","contentUrl":"https:\/\/secure.gravatar.com\/avatar\/1db852625ef4948f58d2739bfbc51e4b9bd5c93b8fa340b59fdb594ca0845645?s=96&d=mm&r=g","caption":"Super User"},"url":"https:\/\/ppdegalicia.com\/es\/author\/ppdegaliciagestion\/"}]}},"_links":{"self":[{"href":"https:\/\/ppdegalicia.com\/es\/wp-json\/wp\/v2\/posts\/52619","targetHints":{"allow":["GET"]}}],"collection":[{"href":"https:\/\/ppdegalicia.com\/es\/wp-json\/wp\/v2\/posts"}],"about":[{"href":"https:\/\/ppdegalicia.com\/es\/wp-json\/wp\/v2\/types\/post"}],"author":[{"embeddable":true,"href":"https:\/\/ppdegalicia.com\/es\/wp-json\/wp\/v2\/users\/37"}],"replies":[{"embeddable":true,"href":"https:\/\/ppdegalicia.com\/es\/wp-json\/wp\/v2\/comments?post=52619"}],"version-history":[{"count":0,"href":"https:\/\/ppdegalicia.com\/es\/wp-json\/wp\/v2\/posts\/52619\/revisions"}],"wp:attachment":[{"href":"https:\/\/ppdegalicia.com\/es\/wp-json\/wp\/v2\/media?parent=52619"}],"wp:term":[{"taxonomy":"category","embeddable":true,"href":"https:\/\/ppdegalicia.com\/es\/wp-json\/wp\/v2\/categories?post=52619"},{"taxonomy":"post_tag","embeddable":true,"href":"https:\/\/ppdegalicia.com\/es\/wp-json\/wp\/v2\/tags?post=52619"}],"curies":[{"name":"wp","href":"https:\/\/api.w.org\/{rel}","templated":true}]}}