{"id":52620,"date":"2019-03-27T16:18:10","date_gmt":"2019-03-27T14:18:10","guid":{"rendered":"https:\/\/ppdegalicia.com\/o-ppdeg-reitera-que-a-xunta-estivo-e-esta-en-contacto-coa-empresa-e-o-comite-de-empresa-de-bosch-services-en-vigo-para-preservar-os-dereitos-dos-traballadores\/"},"modified":"2019-03-27T16:18:10","modified_gmt":"2019-03-27T14:18:10","slug":"o-ppdeg-reitera-que-a-xunta-estivo-e-esta-en-contacto-coa-empresa-e-o-comite-de-empresa-de-bosch-services-en-vigo-para-preservar-os-dereitos-dos-traballadores","status":"publish","type":"post","link":"https:\/\/ppdegalicia.com\/es\/o-ppdeg-reitera-que-a-xunta-estivo-e-esta-en-contacto-coa-empresa-e-o-comite-de-empresa-de-bosch-services-en-vigo-para-preservar-os-dereitos-dos-traballadores\/","title":{"rendered":"O PPdeG reitera que a Xunta estivo e est\u00e1 en contacto coa empresa e o Comit\u00e9 de Empresa de Bosch Services en Vigo para preservar os dereitos dos traballadores"},"content":{"rendered":"<div>Santiago, 27 de marzo de 2019.- O deputado do Grupo Popular Mois\u00e9s Rodr\u00edguez P\u00e9rez reiterou hoxe no Parlamento que \u201ca Xunta estivo e est\u00e1 en contacto permanente cos representantes da empresa e do Comit\u00e9 de Empresa de Bosch Service de Vigo co obxectivo de preservar os dereitos dos traballadores para que o procedemento do ERE aprobado se leve adiante cumprindo todos os requisitos legais\u201d.<br \/>\n<!--more-->\n<\/div>\n<div>&nbsp;<\/div>\n<div>&nbsp;<\/div>\n<p>&nbsp;<\/p>\n<div>Mois\u00e9s Rodr\u00edguez manifestou que a Xunta, \u201cunha vez aprobado o ERTE por parte da compa\u00f1\u00eda, far\u00e1 un seguimento do regulamento de emprego para velar polo seu cumprimento e polos dereitos dos traballadores desta empresa localizada en Vigo\u201d.<\/div>\n<div>&nbsp;<\/div>\n<div>&nbsp;<\/div>\n<p>&nbsp;<\/p>\n<div>\u201cTanto desde a Xunta como desde o PPdeG imos seguir do lado de todos os axentes do tecido produtivo galego, como temos feito sempre na procura do mellor mercado laboral para Galicia con empregos de calidade\u201d, indicou o deputado popular. Neste sentido, apuntou que \u201ca m\u00e1xima prioridade son os traballadores, e as\u00ed llo trasladou a Xunta ao Comit\u00e9 de Empresa\u201d.<\/div>\n<div>&nbsp;<\/div>\n<p>&nbsp;<\/p>\n<p>Rodr\u00edguez P\u00e9rez lamentou \u201ca utilizaci\u00f3n electoralista dos conflitos laborais por parte dos grupos da oposici\u00f3n, xa que rexeitaron que se puidera aprobar no Parlamento unha proposici\u00f3n conxunta en apoio dos traballadores afectados polo ERTE da empresa Bosch Services, ao tempo que se demandaba \u00e1 Xunta que mante\u00f1a unha posici\u00f3n activa de mediaci\u00f3n entre a direcci\u00f3n da empresa e os empregados\u201d.<\/p>\n","protected":false},"excerpt":{"rendered":"<p>Santiago, 27 de marzo de 2019.- O deputado do Grupo Popular Mois\u00e9s Rodr\u00edguez P\u00e9rez reiterou hoxe no Parlamento que \u201ca Xunta estivo e est\u00e1 en contacto permanente cos representantes da empresa e do Comit\u00e9 de Empresa de Bosch Service de Vigo co obxectivo de preservar os dereitos dos traballadores para que o procedemento do ERE [&hellip;]<\/p>\n","protected":false},"author":37,"featured_media":0,"comment_status":"open","ping_status":"open","sticky":false,"template":"","format":"standard","meta":{"_acf_changed":false,"footnotes":""},"categories":[1],"tags":[],"class_list":["post-52620","post","type-post","status-publish","format-standard","hentry","category-pp-de-galicia"],"acf":[],"yoast_head":"<!-- This site is optimized with the Yoast SEO plugin v27.3 - https:\/\/yoast.com\/product\/yoast-seo-wordpress\/ -->\n<title>O PPdeG reitera que a Xunta estivo e est\u00e1 en contacto coa empresa e o Comit\u00e9 de Empresa de Bosch Services en Vigo para preservar os dereitos dos traballadores - PP de Galicia<\/title>\n<meta name=\"robots\" content=\"index, follow, max-snippet:-1, max-image-preview:large, max-video-preview:-1\" \/>\n<link rel=\"canonical\" href=\"https:\/\/ppdegalicia.com\/es\/o-ppdeg-reitera-que-a-xunta-estivo-e-esta-en-contacto-coa-empresa-e-o-comite-de-empresa-de-bosch-services-en-vigo-para-preservar-os-dereitos-dos-traballadores\/\" \/>\n<meta property=\"og:locale\" content=\"es_ES\" \/>\n<meta property=\"og:type\" content=\"article\" \/>\n<meta property=\"og:title\" content=\"O PPdeG reitera que a Xunta estivo e est\u00e1 en contacto coa empresa e o Comit\u00e9 de Empresa de Bosch Services en Vigo para preservar os dereitos dos traballadores - PP de Galicia\" \/>\n<meta property=\"og:description\" content=\"Santiago, 27 de marzo de 2019.- O deputado do Grupo Popular Mois\u00e9s Rodr\u00edguez P\u00e9rez reiterou hoxe no Parlamento que \u201ca Xunta estivo e est\u00e1 en contacto permanente cos representantes da empresa e do Comit\u00e9 de Empresa de Bosch Service de Vigo co obxectivo de preservar os dereitos dos traballadores para que o procedemento do ERE [&hellip;]\" \/>\n<meta property=\"og:url\" content=\"https:\/\/ppdegalicia.com\/es\/o-ppdeg-reitera-que-a-xunta-estivo-e-esta-en-contacto-coa-empresa-e-o-comite-de-empresa-de-bosch-services-en-vigo-para-preservar-os-dereitos-dos-traballadores\/\" \/>\n<meta property=\"og:site_name\" content=\"PP de Galicia\" \/>\n<meta property=\"article:publisher\" content=\"https:\/\/www.instagram.com\/ppdegalicia\/\" \/>\n<meta property=\"article:published_time\" content=\"2019-03-27T14:18:10+00:00\" \/>\n<meta name=\"author\" content=\"Super User\" \/>\n<meta name=\"twitter:card\" content=\"summary_large_image\" \/>\n<meta name=\"twitter:creator\" content=\"@ppdegalicia\" \/>\n<meta name=\"twitter:site\" content=\"@ppdegalicia\" \/>\n<meta name=\"twitter:label1\" content=\"Escrito por\" \/>\n\t<meta name=\"twitter:data1\" content=\"Super User\" \/>\n\t<meta name=\"twitter:label2\" content=\"Tiempo de lectura\" \/>\n\t<meta name=\"twitter:data2\" content=\"1 minuto\" \/>\n<script type=\"application\/ld+json\" class=\"yoast-schema-graph\">{\"@context\":\"https:\\\/\\\/schema.org\",\"@graph\":[{\"@type\":\"Article\",\"@id\":\"https:\\\/\\\/ppdegalicia.com\\\/es\\\/o-ppdeg-reitera-que-a-xunta-estivo-e-esta-en-contacto-coa-empresa-e-o-comite-de-empresa-de-bosch-services-en-vigo-para-preservar-os-dereitos-dos-traballadores\\\/#article\",\"isPartOf\":{\"@id\":\"https:\\\/\\\/ppdegalicia.com\\\/es\\\/o-ppdeg-reitera-que-a-xunta-estivo-e-esta-en-contacto-coa-empresa-e-o-comite-de-empresa-de-bosch-services-en-vigo-para-preservar-os-dereitos-dos-traballadores\\\/\"},\"author\":{\"name\":\"Super User\",\"@id\":\"https:\\\/\\\/ppdegalicia.com\\\/es\\\/#\\\/schema\\\/person\\\/d0f013b8388c980665d44009ab762960\"},\"headline\":\"O PPdeG reitera que a Xunta estivo e est\u00e1 en contacto coa empresa e o Comit\u00e9 de Empresa de Bosch Services en Vigo para preservar os dereitos dos traballadores\",\"datePublished\":\"2019-03-27T14:18:10+00:00\",\"mainEntityOfPage\":{\"@id\":\"https:\\\/\\\/ppdegalicia.com\\\/es\\\/o-ppdeg-reitera-que-a-xunta-estivo-e-esta-en-contacto-coa-empresa-e-o-comite-de-empresa-de-bosch-services-en-vigo-para-preservar-os-dereitos-dos-traballadores\\\/\"},\"wordCount\":272,\"commentCount\":0,\"publisher\":{\"@id\":\"https:\\\/\\\/ppdegalicia.com\\\/es\\\/#organization\"},\"articleSection\":[\"PP de Galicia\"],\"inLanguage\":\"es\",\"potentialAction\":[{\"@type\":\"CommentAction\",\"name\":\"Comment\",\"target\":[\"https:\\\/\\\/ppdegalicia.com\\\/es\\\/o-ppdeg-reitera-que-a-xunta-estivo-e-esta-en-contacto-coa-empresa-e-o-comite-de-empresa-de-bosch-services-en-vigo-para-preservar-os-dereitos-dos-traballadores\\\/#respond\"]}]},{\"@type\":\"WebPage\",\"@id\":\"https:\\\/\\\/ppdegalicia.com\\\/es\\\/o-ppdeg-reitera-que-a-xunta-estivo-e-esta-en-contacto-coa-empresa-e-o-comite-de-empresa-de-bosch-services-en-vigo-para-preservar-os-dereitos-dos-traballadores\\\/\",\"url\":\"https:\\\/\\\/ppdegalicia.com\\\/es\\\/o-ppdeg-reitera-que-a-xunta-estivo-e-esta-en-contacto-coa-empresa-e-o-comite-de-empresa-de-bosch-services-en-vigo-para-preservar-os-dereitos-dos-traballadores\\\/\",\"name\":\"O PPdeG reitera que a Xunta estivo e est\u00e1 en contacto coa empresa e o Comit\u00e9 de Empresa de Bosch Services en Vigo para preservar os dereitos dos traballadores - PP de Galicia\",\"isPartOf\":{\"@id\":\"https:\\\/\\\/ppdegalicia.com\\\/es\\\/#website\"},\"datePublished\":\"2019-03-27T14:18:10+00:00\",\"breadcrumb\":{\"@id\":\"https:\\\/\\\/ppdegalicia.com\\\/es\\\/o-ppdeg-reitera-que-a-xunta-estivo-e-esta-en-contacto-coa-empresa-e-o-comite-de-empresa-de-bosch-services-en-vigo-para-preservar-os-dereitos-dos-traballadores\\\/#breadcrumb\"},\"inLanguage\":\"es\",\"potentialAction\":[{\"@type\":\"ReadAction\",\"target\":[\"https:\\\/\\\/ppdegalicia.com\\\/es\\\/o-ppdeg-reitera-que-a-xunta-estivo-e-esta-en-contacto-coa-empresa-e-o-comite-de-empresa-de-bosch-services-en-vigo-para-preservar-os-dereitos-dos-traballadores\\\/\"]}]},{\"@type\":\"BreadcrumbList\",\"@id\":\"https:\\\/\\\/ppdegalicia.com\\\/es\\\/o-ppdeg-reitera-que-a-xunta-estivo-e-esta-en-contacto-coa-empresa-e-o-comite-de-empresa-de-bosch-services-en-vigo-para-preservar-os-dereitos-dos-traballadores\\\/#breadcrumb\",\"itemListElement\":[{\"@type\":\"ListItem\",\"position\":1,\"name\":\"Portada\",\"item\":\"https:\\\/\\\/ppdegalicia.com\\\/es\\\/\"},{\"@type\":\"ListItem\",\"position\":2,\"name\":\"O PPdeG reitera que a Xunta estivo e est\u00e1 en contacto coa empresa e o Comit\u00e9 de Empresa de Bosch Services en Vigo para preservar os dereitos dos traballadores\"}]},{\"@type\":\"WebSite\",\"@id\":\"https:\\\/\\\/ppdegalicia.com\\\/es\\\/#website\",\"url\":\"https:\\\/\\\/ppdegalicia.com\\\/es\\\/\",\"name\":\"Partido Popular de Galicia\",\"description\":\"Partido Popular de Galicia\",\"publisher\":{\"@id\":\"https:\\\/\\\/ppdegalicia.com\\\/es\\\/#organization\"},\"alternateName\":\"PP de Galicia\",\"potentialAction\":[{\"@type\":\"SearchAction\",\"target\":{\"@type\":\"EntryPoint\",\"urlTemplate\":\"https:\\\/\\\/ppdegalicia.com\\\/es\\\/?s={search_term_string}\"},\"query-input\":{\"@type\":\"PropertyValueSpecification\",\"valueRequired\":true,\"valueName\":\"search_term_string\"}}],\"inLanguage\":\"es\"},{\"@type\":\"Organization\",\"@id\":\"https:\\\/\\\/ppdegalicia.com\\\/es\\\/#organization\",\"name\":\"Partido Popular de Galicia\",\"alternateName\":\"PP de Galicia\",\"url\":\"https:\\\/\\\/ppdegalicia.com\\\/es\\\/\",\"logo\":{\"@type\":\"ImageObject\",\"inLanguage\":\"es\",\"@id\":\"https:\\\/\\\/ppdegalicia.com\\\/es\\\/#\\\/schema\\\/logo\\\/image\\\/\",\"url\":\"https:\\\/\\\/ppdegalicia.com\\\/wp-content\\\/uploads\\\/2023\\\/04\\\/logoPP512.png\",\"contentUrl\":\"https:\\\/\\\/ppdegalicia.com\\\/wp-content\\\/uploads\\\/2023\\\/04\\\/logoPP512.png\",\"width\":512,\"height\":512,\"caption\":\"Partido Popular de Galicia\"},\"image\":{\"@id\":\"https:\\\/\\\/ppdegalicia.com\\\/es\\\/#\\\/schema\\\/logo\\\/image\\\/\"},\"sameAs\":[\"https:\\\/\\\/www.instagram.com\\\/ppdegalicia\\\/\",\"https:\\\/\\\/x.com\\\/ppdegalicia\",\"https:\\\/\\\/www.tiktok.com\\\/@ppdegalicia\",\"https:\\\/\\\/www.youtube.com\\\/user\\\/ppdegalicia\"]},{\"@type\":\"Person\",\"@id\":\"https:\\\/\\\/ppdegalicia.com\\\/es\\\/#\\\/schema\\\/person\\\/d0f013b8388c980665d44009ab762960\",\"name\":\"Super User\",\"image\":{\"@type\":\"ImageObject\",\"inLanguage\":\"es\",\"@id\":\"https:\\\/\\\/secure.gravatar.com\\\/avatar\\\/1db852625ef4948f58d2739bfbc51e4b9bd5c93b8fa340b59fdb594ca0845645?s=96&d=mm&r=g\",\"url\":\"https:\\\/\\\/secure.gravatar.com\\\/avatar\\\/1db852625ef4948f58d2739bfbc51e4b9bd5c93b8fa340b59fdb594ca0845645?s=96&d=mm&r=g\",\"contentUrl\":\"https:\\\/\\\/secure.gravatar.com\\\/avatar\\\/1db852625ef4948f58d2739bfbc51e4b9bd5c93b8fa340b59fdb594ca0845645?s=96&d=mm&r=g\",\"caption\":\"Super User\"},\"url\":\"https:\\\/\\\/ppdegalicia.com\\\/es\\\/author\\\/ppdegaliciagestion\\\/\"}]}<\/script>\n<!-- \/ Yoast SEO plugin. -->","yoast_head_json":{"title":"O PPdeG reitera que a Xunta estivo e est\u00e1 en contacto coa empresa e o Comit\u00e9 de Empresa de Bosch Services en Vigo para preservar os dereitos dos traballadores - PP de Galicia","robots":{"index":"index","follow":"follow","max-snippet":"max-snippet:-1","max-image-preview":"max-image-preview:large","max-video-preview":"max-video-preview:-1"},"canonical":"https:\/\/ppdegalicia.com\/es\/o-ppdeg-reitera-que-a-xunta-estivo-e-esta-en-contacto-coa-empresa-e-o-comite-de-empresa-de-bosch-services-en-vigo-para-preservar-os-dereitos-dos-traballadores\/","og_locale":"es_ES","og_type":"article","og_title":"O PPdeG reitera que a Xunta estivo e est\u00e1 en contacto coa empresa e o Comit\u00e9 de Empresa de Bosch Services en Vigo para preservar os dereitos dos traballadores - PP de Galicia","og_description":"Santiago, 27 de marzo de 2019.- O deputado do Grupo Popular Mois\u00e9s Rodr\u00edguez P\u00e9rez reiterou hoxe no Parlamento que \u201ca Xunta estivo e est\u00e1 en contacto permanente cos representantes da empresa e do Comit\u00e9 de Empresa de Bosch Service de Vigo co obxectivo de preservar os dereitos dos traballadores para que o procedemento do ERE [&hellip;]","og_url":"https:\/\/ppdegalicia.com\/es\/o-ppdeg-reitera-que-a-xunta-estivo-e-esta-en-contacto-coa-empresa-e-o-comite-de-empresa-de-bosch-services-en-vigo-para-preservar-os-dereitos-dos-traballadores\/","og_site_name":"PP de Galicia","article_publisher":"https:\/\/www.instagram.com\/ppdegalicia\/","article_published_time":"2019-03-27T14:18:10+00:00","author":"Super User","twitter_card":"summary_large_image","twitter_creator":"@ppdegalicia","twitter_site":"@ppdegalicia","twitter_misc":{"Escrito por":"Super User","Tiempo de lectura":"1 minuto"},"schema":{"@context":"https:\/\/schema.org","@graph":[{"@type":"Article","@id":"https:\/\/ppdegalicia.com\/es\/o-ppdeg-reitera-que-a-xunta-estivo-e-esta-en-contacto-coa-empresa-e-o-comite-de-empresa-de-bosch-services-en-vigo-para-preservar-os-dereitos-dos-traballadores\/#article","isPartOf":{"@id":"https:\/\/ppdegalicia.com\/es\/o-ppdeg-reitera-que-a-xunta-estivo-e-esta-en-contacto-coa-empresa-e-o-comite-de-empresa-de-bosch-services-en-vigo-para-preservar-os-dereitos-dos-traballadores\/"},"author":{"name":"Super User","@id":"https:\/\/ppdegalicia.com\/es\/#\/schema\/person\/d0f013b8388c980665d44009ab762960"},"headline":"O PPdeG reitera que a Xunta estivo e est\u00e1 en contacto coa empresa e o Comit\u00e9 de Empresa de Bosch Services en Vigo para preservar os dereitos dos traballadores","datePublished":"2019-03-27T14:18:10+00:00","mainEntityOfPage":{"@id":"https:\/\/ppdegalicia.com\/es\/o-ppdeg-reitera-que-a-xunta-estivo-e-esta-en-contacto-coa-empresa-e-o-comite-de-empresa-de-bosch-services-en-vigo-para-preservar-os-dereitos-dos-traballadores\/"},"wordCount":272,"commentCount":0,"publisher":{"@id":"https:\/\/ppdegalicia.com\/es\/#organization"},"articleSection":["PP de Galicia"],"inLanguage":"es","potentialAction":[{"@type":"CommentAction","name":"Comment","target":["https:\/\/ppdegalicia.com\/es\/o-ppdeg-reitera-que-a-xunta-estivo-e-esta-en-contacto-coa-empresa-e-o-comite-de-empresa-de-bosch-services-en-vigo-para-preservar-os-dereitos-dos-traballadores\/#respond"]}]},{"@type":"WebPage","@id":"https:\/\/ppdegalicia.com\/es\/o-ppdeg-reitera-que-a-xunta-estivo-e-esta-en-contacto-coa-empresa-e-o-comite-de-empresa-de-bosch-services-en-vigo-para-preservar-os-dereitos-dos-traballadores\/","url":"https:\/\/ppdegalicia.com\/es\/o-ppdeg-reitera-que-a-xunta-estivo-e-esta-en-contacto-coa-empresa-e-o-comite-de-empresa-de-bosch-services-en-vigo-para-preservar-os-dereitos-dos-traballadores\/","name":"O PPdeG reitera que a Xunta estivo e est\u00e1 en contacto coa empresa e o Comit\u00e9 de Empresa de Bosch Services en Vigo para preservar os dereitos dos traballadores - PP de Galicia","isPartOf":{"@id":"https:\/\/ppdegalicia.com\/es\/#website"},"datePublished":"2019-03-27T14:18:10+00:00","breadcrumb":{"@id":"https:\/\/ppdegalicia.com\/es\/o-ppdeg-reitera-que-a-xunta-estivo-e-esta-en-contacto-coa-empresa-e-o-comite-de-empresa-de-bosch-services-en-vigo-para-preservar-os-dereitos-dos-traballadores\/#breadcrumb"},"inLanguage":"es","potentialAction":[{"@type":"ReadAction","target":["https:\/\/ppdegalicia.com\/es\/o-ppdeg-reitera-que-a-xunta-estivo-e-esta-en-contacto-coa-empresa-e-o-comite-de-empresa-de-bosch-services-en-vigo-para-preservar-os-dereitos-dos-traballadores\/"]}]},{"@type":"BreadcrumbList","@id":"https:\/\/ppdegalicia.com\/es\/o-ppdeg-reitera-que-a-xunta-estivo-e-esta-en-contacto-coa-empresa-e-o-comite-de-empresa-de-bosch-services-en-vigo-para-preservar-os-dereitos-dos-traballadores\/#breadcrumb","itemListElement":[{"@type":"ListItem","position":1,"name":"Portada","item":"https:\/\/ppdegalicia.com\/es\/"},{"@type":"ListItem","position":2,"name":"O PPdeG reitera que a Xunta estivo e est\u00e1 en contacto coa empresa e o Comit\u00e9 de Empresa de Bosch Services en Vigo para preservar os dereitos dos traballadores"}]},{"@type":"WebSite","@id":"https:\/\/ppdegalicia.com\/es\/#website","url":"https:\/\/ppdegalicia.com\/es\/","name":"Partido Popular de Galicia","description":"Partido Popular de Galicia","publisher":{"@id":"https:\/\/ppdegalicia.com\/es\/#organization"},"alternateName":"PP de Galicia","potentialAction":[{"@type":"SearchAction","target":{"@type":"EntryPoint","urlTemplate":"https:\/\/ppdegalicia.com\/es\/?s={search_term_string}"},"query-input":{"@type":"PropertyValueSpecification","valueRequired":true,"valueName":"search_term_string"}}],"inLanguage":"es"},{"@type":"Organization","@id":"https:\/\/ppdegalicia.com\/es\/#organization","name":"Partido Popular de Galicia","alternateName":"PP de Galicia","url":"https:\/\/ppdegalicia.com\/es\/","logo":{"@type":"ImageObject","inLanguage":"es","@id":"https:\/\/ppdegalicia.com\/es\/#\/schema\/logo\/image\/","url":"https:\/\/ppdegalicia.com\/wp-content\/uploads\/2023\/04\/logoPP512.png","contentUrl":"https:\/\/ppdegalicia.com\/wp-content\/uploads\/2023\/04\/logoPP512.png","width":512,"height":512,"caption":"Partido Popular de Galicia"},"image":{"@id":"https:\/\/ppdegalicia.com\/es\/#\/schema\/logo\/image\/"},"sameAs":["https:\/\/www.instagram.com\/ppdegalicia\/","https:\/\/x.com\/ppdegalicia","https:\/\/www.tiktok.com\/@ppdegalicia","https:\/\/www.youtube.com\/user\/ppdegalicia"]},{"@type":"Person","@id":"https:\/\/ppdegalicia.com\/es\/#\/schema\/person\/d0f013b8388c980665d44009ab762960","name":"Super User","image":{"@type":"ImageObject","inLanguage":"es","@id":"https:\/\/secure.gravatar.com\/avatar\/1db852625ef4948f58d2739bfbc51e4b9bd5c93b8fa340b59fdb594ca0845645?s=96&d=mm&r=g","url":"https:\/\/secure.gravatar.com\/avatar\/1db852625ef4948f58d2739bfbc51e4b9bd5c93b8fa340b59fdb594ca0845645?s=96&d=mm&r=g","contentUrl":"https:\/\/secure.gravatar.com\/avatar\/1db852625ef4948f58d2739bfbc51e4b9bd5c93b8fa340b59fdb594ca0845645?s=96&d=mm&r=g","caption":"Super User"},"url":"https:\/\/ppdegalicia.com\/es\/author\/ppdegaliciagestion\/"}]}},"_links":{"self":[{"href":"https:\/\/ppdegalicia.com\/es\/wp-json\/wp\/v2\/posts\/52620","targetHints":{"allow":["GET"]}}],"collection":[{"href":"https:\/\/ppdegalicia.com\/es\/wp-json\/wp\/v2\/posts"}],"about":[{"href":"https:\/\/ppdegalicia.com\/es\/wp-json\/wp\/v2\/types\/post"}],"author":[{"embeddable":true,"href":"https:\/\/ppdegalicia.com\/es\/wp-json\/wp\/v2\/users\/37"}],"replies":[{"embeddable":true,"href":"https:\/\/ppdegalicia.com\/es\/wp-json\/wp\/v2\/comments?post=52620"}],"version-history":[{"count":0,"href":"https:\/\/ppdegalicia.com\/es\/wp-json\/wp\/v2\/posts\/52620\/revisions"}],"wp:attachment":[{"href":"https:\/\/ppdegalicia.com\/es\/wp-json\/wp\/v2\/media?parent=52620"}],"wp:term":[{"taxonomy":"category","embeddable":true,"href":"https:\/\/ppdegalicia.com\/es\/wp-json\/wp\/v2\/categories?post=52620"},{"taxonomy":"post_tag","embeddable":true,"href":"https:\/\/ppdegalicia.com\/es\/wp-json\/wp\/v2\/tags?post=52620"}],"curies":[{"name":"wp","href":"https:\/\/api.w.org\/{rel}","templated":true}]}}