{"id":52636,"date":"2019-04-08T11:49:33","date_gmt":"2019-04-08T09:49:33","guid":{"rendered":"https:\/\/ppdegalicia.com\/feijoo-senala-que-frente-a-la-trampa-de-la-division-esta-el-valor-seguro-de-la-unidad-la-estabilidad-y-la-responsabilidad-del-pp\/"},"modified":"2019-04-08T11:49:33","modified_gmt":"2019-04-08T09:49:33","slug":"feijoo-senala-que-frente-a-la-trampa-de-la-division-esta-el-valor-seguro-de-la-unidad-la-estabilidad-y-la-responsabilidad-del-pp","status":"publish","type":"post","link":"https:\/\/ppdegalicia.com\/es\/feijoo-senala-que-frente-a-la-trampa-de-la-division-esta-el-valor-seguro-de-la-unidad-la-estabilidad-y-la-responsabilidad-del-pp\/","title":{"rendered":"Feij\u00f3o se\u00f1ala que frente a la trampa de la divisi\u00f3n, est\u00e1 el valor seguro de la unidad, la estabilidad y la responsabilidad del PP"},"content":{"rendered":"<p style=\"text-align: justify;\"><span style=\"text-decoration: underline;\">8, abril, 2019.<\/span>El presidente del PP de Galicia, Alberto N\u00fa\u00f1ez Feij\u00f3o, se\u00f1al\u00f3 que, frente a la trampa de la divisi\u00f3n del resto de partidos, est\u00e1 el valor seguro de la unidad, la estabilidad y la responsabilidad del Partido Popular.<\/p>\n<p><!--more--><\/p>\n<p style=\"text-align: justify;\">Apunt\u00f3 que la mejor opci\u00f3n es siempre la que ofrece m\u00e1s seguridad en experiencia de gobierno, en haber ayudado a salir de la peor crisis, de conocer Espa\u00f1a de palmo a palmo, de trabajar por un pa\u00eds unido en su diversidad y de tener los mejores equipos y los proyectos m\u00e1s completos. En este sentido, indic\u00f3 que esta seguridad solo la puede ofrecer el PP.<\/p>\n<p>&nbsp;<\/p>\n<p style=\"text-align: justify;\">Durante una visita a Villarreal, en la que estuvo acompa\u00f1ado por la presidenta del PP de la Comunidad Valenciana, Isabel Bonig, el l\u00edder del PPdeG asegur\u00f3 que Espa\u00f1a jam\u00e1s ha tenido un presidente tan partidista e irresponsable como Pedro S\u00e1nchez. Feij\u00f3o lament\u00f3 que el candidato socialista haya convertido cada Consejo de Ministros en un mitin del PSOE, el BOE en su programa electoral y los ministerios, en maquinarias de propaganda. Incidi\u00f3 en que el pr\u00f3ximo 28 de abril, mientras unos solo pensar\u00e1n en su partido, la mayor\u00eda de los ciudadanos pensar\u00e1n ante todo en Espa\u00f1a.<\/p>\n<p>&nbsp;<\/p>\n<p style=\"text-align: justify;\">Feij\u00f3o dijo que la decisi\u00f3n de Pedro S\u00e1nchez de convocar elecciones y tener dos jornadas electorales en menos de un mes es para cumplir sus caprichos partidistas y los de Ximo Puig: \u201cMientras sus palabras hablan de pol\u00edticas sociales, sus hechos tienen solo fines electorales\u201d.<\/p>\n<p>&nbsp;<\/p>\n<p style=\"text-align: justify;\">Resalt\u00f3 que en estas elecciones no se elige solo entre candidatos, sino que se escoge el proyecto de pa\u00eds que queremos. Por ello, remarc\u00f3 que est\u00e1 en juego elegir entre un modelo en el que Espa\u00f1a est\u00e9 a disposici\u00f3n de los que quieren romperla, que dependa de Podemos para todo, que vuelva al sendero de desgobierno de Zapatero y que est\u00e9 dividida; o un modelo que defienda sin complejos el Estado de Derecho, de unidad en torno a un proyecto de estabilidad y sensatez y de un Gobierno responsable y de una amplia mayor\u00eda constitucionalista: \u201cAnte esta disyuntiva, los espa\u00f1oles lo tendremos claro y la uni\u00f3n de una gran mayor\u00eda har\u00e1 que el PSOE pase a la oposici\u00f3n\u201d.<\/p>\n<p>&nbsp;<\/p>\n<p style=\"text-align: justify;\"><strong><span style=\"text-decoration: underline;\">VOTAR CON SENTIDO COM\u00daN <\/span><\/strong><\/p>\n<p style=\"text-align: justify;\">Feij\u00f3o asegur\u00f3 que hay m\u00e1s votantes que prefieren un gobierno de Pablo Casado que uno de Pedro S\u00e1nchez, pero que, si esa mayor\u00eda de votos se divide en tres partidos, puede traducirse en una minor\u00eda de esca\u00f1os. Por eso, apel\u00f3 a votar con sentido com\u00fan, para lograr un Gobierno que garantice la estabilidad pol\u00edtica y el crecimiento econ\u00f3mico, que respete la Constituci\u00f3n, que no dependa del populismo ni del independentismo. \u201cEsa mayor\u00eda que prefiere un Gobierno como los del PP debe votar unida al PP\u201d, destac\u00f3.<\/p>\n<p>&nbsp;<\/p>\n<p style=\"text-align: justify;\">Y es que, tal y como afirm\u00f3, Pedro S\u00e1nchez y sus socios est\u00e1n encantados con los divisi\u00f3n del voto porque les garantiza continuar en la Moncloa. Por ello, apunt\u00f3 que hay que \u201cevitar que haya votos que vayan a parar a opciones opuestas a lo que pensamos\u201d.<\/p>\n","protected":false},"excerpt":{"rendered":"<p>8, abril, 2019.El presidente del PP de Galicia, Alberto N\u00fa\u00f1ez Feij\u00f3o, se\u00f1al\u00f3 que, frente a la trampa de la divisi\u00f3n del resto de partidos, est\u00e1 el valor seguro de la unidad, la estabilidad y la responsabilidad del Partido Popular.<\/p>\n","protected":false},"author":37,"featured_media":0,"comment_status":"open","ping_status":"open","sticky":false,"template":"","format":"standard","meta":{"_acf_changed":false,"footnotes":""},"categories":[1],"tags":[],"class_list":["post-52636","post","type-post","status-publish","format-standard","hentry","category-pp-de-galicia"],"acf":[],"yoast_head":"<!-- This site is optimized with the Yoast SEO plugin v27.3 - https:\/\/yoast.com\/product\/yoast-seo-wordpress\/ -->\n<title>Feij\u00f3o se\u00f1ala que frente a la trampa de la divisi\u00f3n, est\u00e1 el valor seguro de la unidad, la estabilidad y la responsabilidad del PP - PP de Galicia<\/title>\n<meta name=\"robots\" content=\"index, follow, max-snippet:-1, max-image-preview:large, max-video-preview:-1\" \/>\n<link rel=\"canonical\" href=\"https:\/\/ppdegalicia.com\/es\/feijoo-senala-que-frente-a-la-trampa-de-la-division-esta-el-valor-seguro-de-la-unidad-la-estabilidad-y-la-responsabilidad-del-pp\/\" \/>\n<meta property=\"og:locale\" content=\"es_ES\" \/>\n<meta property=\"og:type\" content=\"article\" \/>\n<meta property=\"og:title\" content=\"Feij\u00f3o se\u00f1ala que frente a la trampa de la divisi\u00f3n, est\u00e1 el valor seguro de la unidad, la estabilidad y la responsabilidad del PP - PP de Galicia\" \/>\n<meta property=\"og:description\" content=\"8, abril, 2019.El presidente del PP de Galicia, Alberto N\u00fa\u00f1ez Feij\u00f3o, se\u00f1al\u00f3 que, frente a la trampa de la divisi\u00f3n del resto de partidos, est\u00e1 el valor seguro de la unidad, la estabilidad y la responsabilidad del Partido Popular.\" \/>\n<meta property=\"og:url\" content=\"https:\/\/ppdegalicia.com\/es\/feijoo-senala-que-frente-a-la-trampa-de-la-division-esta-el-valor-seguro-de-la-unidad-la-estabilidad-y-la-responsabilidad-del-pp\/\" \/>\n<meta property=\"og:site_name\" content=\"PP de Galicia\" \/>\n<meta property=\"article:publisher\" content=\"https:\/\/www.instagram.com\/ppdegalicia\/\" \/>\n<meta property=\"article:published_time\" content=\"2019-04-08T09:49:33+00:00\" \/>\n<meta name=\"author\" content=\"Super User\" \/>\n<meta name=\"twitter:card\" content=\"summary_large_image\" \/>\n<meta name=\"twitter:creator\" content=\"@ppdegalicia\" \/>\n<meta name=\"twitter:site\" content=\"@ppdegalicia\" \/>\n<meta name=\"twitter:label1\" content=\"Escrito por\" \/>\n\t<meta name=\"twitter:data1\" content=\"Super User\" \/>\n\t<meta name=\"twitter:label2\" content=\"Tiempo de lectura\" \/>\n\t<meta name=\"twitter:data2\" content=\"3 minutos\" \/>\n<script type=\"application\/ld+json\" class=\"yoast-schema-graph\">{\"@context\":\"https:\\\/\\\/schema.org\",\"@graph\":[{\"@type\":\"Article\",\"@id\":\"https:\\\/\\\/ppdegalicia.com\\\/es\\\/feijoo-senala-que-frente-a-la-trampa-de-la-division-esta-el-valor-seguro-de-la-unidad-la-estabilidad-y-la-responsabilidad-del-pp\\\/#article\",\"isPartOf\":{\"@id\":\"https:\\\/\\\/ppdegalicia.com\\\/es\\\/feijoo-senala-que-frente-a-la-trampa-de-la-division-esta-el-valor-seguro-de-la-unidad-la-estabilidad-y-la-responsabilidad-del-pp\\\/\"},\"author\":{\"name\":\"Super User\",\"@id\":\"https:\\\/\\\/ppdegalicia.com\\\/es\\\/#\\\/schema\\\/person\\\/d0f013b8388c980665d44009ab762960\"},\"headline\":\"Feij\u00f3o se\u00f1ala que frente a la trampa de la divisi\u00f3n, est\u00e1 el valor seguro de la unidad, la estabilidad y la responsabilidad del PP\",\"datePublished\":\"2019-04-08T09:49:33+00:00\",\"mainEntityOfPage\":{\"@id\":\"https:\\\/\\\/ppdegalicia.com\\\/es\\\/feijoo-senala-que-frente-a-la-trampa-de-la-division-esta-el-valor-seguro-de-la-unidad-la-estabilidad-y-la-responsabilidad-del-pp\\\/\"},\"wordCount\":576,\"commentCount\":0,\"publisher\":{\"@id\":\"https:\\\/\\\/ppdegalicia.com\\\/es\\\/#organization\"},\"articleSection\":[\"PP de Galicia\"],\"inLanguage\":\"es\",\"potentialAction\":[{\"@type\":\"CommentAction\",\"name\":\"Comment\",\"target\":[\"https:\\\/\\\/ppdegalicia.com\\\/es\\\/feijoo-senala-que-frente-a-la-trampa-de-la-division-esta-el-valor-seguro-de-la-unidad-la-estabilidad-y-la-responsabilidad-del-pp\\\/#respond\"]}]},{\"@type\":\"WebPage\",\"@id\":\"https:\\\/\\\/ppdegalicia.com\\\/es\\\/feijoo-senala-que-frente-a-la-trampa-de-la-division-esta-el-valor-seguro-de-la-unidad-la-estabilidad-y-la-responsabilidad-del-pp\\\/\",\"url\":\"https:\\\/\\\/ppdegalicia.com\\\/es\\\/feijoo-senala-que-frente-a-la-trampa-de-la-division-esta-el-valor-seguro-de-la-unidad-la-estabilidad-y-la-responsabilidad-del-pp\\\/\",\"name\":\"Feij\u00f3o se\u00f1ala que frente a la trampa de la divisi\u00f3n, est\u00e1 el valor seguro de la unidad, la estabilidad y la responsabilidad del PP - PP de Galicia\",\"isPartOf\":{\"@id\":\"https:\\\/\\\/ppdegalicia.com\\\/es\\\/#website\"},\"datePublished\":\"2019-04-08T09:49:33+00:00\",\"breadcrumb\":{\"@id\":\"https:\\\/\\\/ppdegalicia.com\\\/es\\\/feijoo-senala-que-frente-a-la-trampa-de-la-division-esta-el-valor-seguro-de-la-unidad-la-estabilidad-y-la-responsabilidad-del-pp\\\/#breadcrumb\"},\"inLanguage\":\"es\",\"potentialAction\":[{\"@type\":\"ReadAction\",\"target\":[\"https:\\\/\\\/ppdegalicia.com\\\/es\\\/feijoo-senala-que-frente-a-la-trampa-de-la-division-esta-el-valor-seguro-de-la-unidad-la-estabilidad-y-la-responsabilidad-del-pp\\\/\"]}]},{\"@type\":\"BreadcrumbList\",\"@id\":\"https:\\\/\\\/ppdegalicia.com\\\/es\\\/feijoo-senala-que-frente-a-la-trampa-de-la-division-esta-el-valor-seguro-de-la-unidad-la-estabilidad-y-la-responsabilidad-del-pp\\\/#breadcrumb\",\"itemListElement\":[{\"@type\":\"ListItem\",\"position\":1,\"name\":\"Portada\",\"item\":\"https:\\\/\\\/ppdegalicia.com\\\/es\\\/\"},{\"@type\":\"ListItem\",\"position\":2,\"name\":\"Feij\u00f3o se\u00f1ala que frente a la trampa de la divisi\u00f3n, est\u00e1 el valor seguro de la unidad, la estabilidad y la responsabilidad del PP\"}]},{\"@type\":\"WebSite\",\"@id\":\"https:\\\/\\\/ppdegalicia.com\\\/es\\\/#website\",\"url\":\"https:\\\/\\\/ppdegalicia.com\\\/es\\\/\",\"name\":\"Partido Popular de Galicia\",\"description\":\"Partido Popular de Galicia\",\"publisher\":{\"@id\":\"https:\\\/\\\/ppdegalicia.com\\\/es\\\/#organization\"},\"alternateName\":\"PP de Galicia\",\"potentialAction\":[{\"@type\":\"SearchAction\",\"target\":{\"@type\":\"EntryPoint\",\"urlTemplate\":\"https:\\\/\\\/ppdegalicia.com\\\/es\\\/?s={search_term_string}\"},\"query-input\":{\"@type\":\"PropertyValueSpecification\",\"valueRequired\":true,\"valueName\":\"search_term_string\"}}],\"inLanguage\":\"es\"},{\"@type\":\"Organization\",\"@id\":\"https:\\\/\\\/ppdegalicia.com\\\/es\\\/#organization\",\"name\":\"Partido Popular de Galicia\",\"alternateName\":\"PP de Galicia\",\"url\":\"https:\\\/\\\/ppdegalicia.com\\\/es\\\/\",\"logo\":{\"@type\":\"ImageObject\",\"inLanguage\":\"es\",\"@id\":\"https:\\\/\\\/ppdegalicia.com\\\/es\\\/#\\\/schema\\\/logo\\\/image\\\/\",\"url\":\"https:\\\/\\\/ppdegalicia.com\\\/wp-content\\\/uploads\\\/2023\\\/04\\\/logoPP512.png\",\"contentUrl\":\"https:\\\/\\\/ppdegalicia.com\\\/wp-content\\\/uploads\\\/2023\\\/04\\\/logoPP512.png\",\"width\":512,\"height\":512,\"caption\":\"Partido Popular de Galicia\"},\"image\":{\"@id\":\"https:\\\/\\\/ppdegalicia.com\\\/es\\\/#\\\/schema\\\/logo\\\/image\\\/\"},\"sameAs\":[\"https:\\\/\\\/www.instagram.com\\\/ppdegalicia\\\/\",\"https:\\\/\\\/x.com\\\/ppdegalicia\",\"https:\\\/\\\/www.tiktok.com\\\/@ppdegalicia\",\"https:\\\/\\\/www.youtube.com\\\/user\\\/ppdegalicia\"]},{\"@type\":\"Person\",\"@id\":\"https:\\\/\\\/ppdegalicia.com\\\/es\\\/#\\\/schema\\\/person\\\/d0f013b8388c980665d44009ab762960\",\"name\":\"Super User\",\"image\":{\"@type\":\"ImageObject\",\"inLanguage\":\"es\",\"@id\":\"https:\\\/\\\/secure.gravatar.com\\\/avatar\\\/1db852625ef4948f58d2739bfbc51e4b9bd5c93b8fa340b59fdb594ca0845645?s=96&d=mm&r=g\",\"url\":\"https:\\\/\\\/secure.gravatar.com\\\/avatar\\\/1db852625ef4948f58d2739bfbc51e4b9bd5c93b8fa340b59fdb594ca0845645?s=96&d=mm&r=g\",\"contentUrl\":\"https:\\\/\\\/secure.gravatar.com\\\/avatar\\\/1db852625ef4948f58d2739bfbc51e4b9bd5c93b8fa340b59fdb594ca0845645?s=96&d=mm&r=g\",\"caption\":\"Super User\"},\"url\":\"https:\\\/\\\/ppdegalicia.com\\\/es\\\/author\\\/ppdegaliciagestion\\\/\"}]}<\/script>\n<!-- \/ Yoast SEO plugin. -->","yoast_head_json":{"title":"Feij\u00f3o se\u00f1ala que frente a la trampa de la divisi\u00f3n, est\u00e1 el valor seguro de la unidad, la estabilidad y la responsabilidad del PP - PP de Galicia","robots":{"index":"index","follow":"follow","max-snippet":"max-snippet:-1","max-image-preview":"max-image-preview:large","max-video-preview":"max-video-preview:-1"},"canonical":"https:\/\/ppdegalicia.com\/es\/feijoo-senala-que-frente-a-la-trampa-de-la-division-esta-el-valor-seguro-de-la-unidad-la-estabilidad-y-la-responsabilidad-del-pp\/","og_locale":"es_ES","og_type":"article","og_title":"Feij\u00f3o se\u00f1ala que frente a la trampa de la divisi\u00f3n, est\u00e1 el valor seguro de la unidad, la estabilidad y la responsabilidad del PP - PP de Galicia","og_description":"8, abril, 2019.El presidente del PP de Galicia, Alberto N\u00fa\u00f1ez Feij\u00f3o, se\u00f1al\u00f3 que, frente a la trampa de la divisi\u00f3n del resto de partidos, est\u00e1 el valor seguro de la unidad, la estabilidad y la responsabilidad del Partido Popular.","og_url":"https:\/\/ppdegalicia.com\/es\/feijoo-senala-que-frente-a-la-trampa-de-la-division-esta-el-valor-seguro-de-la-unidad-la-estabilidad-y-la-responsabilidad-del-pp\/","og_site_name":"PP de Galicia","article_publisher":"https:\/\/www.instagram.com\/ppdegalicia\/","article_published_time":"2019-04-08T09:49:33+00:00","author":"Super User","twitter_card":"summary_large_image","twitter_creator":"@ppdegalicia","twitter_site":"@ppdegalicia","twitter_misc":{"Escrito por":"Super User","Tiempo de lectura":"3 minutos"},"schema":{"@context":"https:\/\/schema.org","@graph":[{"@type":"Article","@id":"https:\/\/ppdegalicia.com\/es\/feijoo-senala-que-frente-a-la-trampa-de-la-division-esta-el-valor-seguro-de-la-unidad-la-estabilidad-y-la-responsabilidad-del-pp\/#article","isPartOf":{"@id":"https:\/\/ppdegalicia.com\/es\/feijoo-senala-que-frente-a-la-trampa-de-la-division-esta-el-valor-seguro-de-la-unidad-la-estabilidad-y-la-responsabilidad-del-pp\/"},"author":{"name":"Super User","@id":"https:\/\/ppdegalicia.com\/es\/#\/schema\/person\/d0f013b8388c980665d44009ab762960"},"headline":"Feij\u00f3o se\u00f1ala que frente a la trampa de la divisi\u00f3n, est\u00e1 el valor seguro de la unidad, la estabilidad y la responsabilidad del PP","datePublished":"2019-04-08T09:49:33+00:00","mainEntityOfPage":{"@id":"https:\/\/ppdegalicia.com\/es\/feijoo-senala-que-frente-a-la-trampa-de-la-division-esta-el-valor-seguro-de-la-unidad-la-estabilidad-y-la-responsabilidad-del-pp\/"},"wordCount":576,"commentCount":0,"publisher":{"@id":"https:\/\/ppdegalicia.com\/es\/#organization"},"articleSection":["PP de Galicia"],"inLanguage":"es","potentialAction":[{"@type":"CommentAction","name":"Comment","target":["https:\/\/ppdegalicia.com\/es\/feijoo-senala-que-frente-a-la-trampa-de-la-division-esta-el-valor-seguro-de-la-unidad-la-estabilidad-y-la-responsabilidad-del-pp\/#respond"]}]},{"@type":"WebPage","@id":"https:\/\/ppdegalicia.com\/es\/feijoo-senala-que-frente-a-la-trampa-de-la-division-esta-el-valor-seguro-de-la-unidad-la-estabilidad-y-la-responsabilidad-del-pp\/","url":"https:\/\/ppdegalicia.com\/es\/feijoo-senala-que-frente-a-la-trampa-de-la-division-esta-el-valor-seguro-de-la-unidad-la-estabilidad-y-la-responsabilidad-del-pp\/","name":"Feij\u00f3o se\u00f1ala que frente a la trampa de la divisi\u00f3n, est\u00e1 el valor seguro de la unidad, la estabilidad y la responsabilidad del PP - PP de Galicia","isPartOf":{"@id":"https:\/\/ppdegalicia.com\/es\/#website"},"datePublished":"2019-04-08T09:49:33+00:00","breadcrumb":{"@id":"https:\/\/ppdegalicia.com\/es\/feijoo-senala-que-frente-a-la-trampa-de-la-division-esta-el-valor-seguro-de-la-unidad-la-estabilidad-y-la-responsabilidad-del-pp\/#breadcrumb"},"inLanguage":"es","potentialAction":[{"@type":"ReadAction","target":["https:\/\/ppdegalicia.com\/es\/feijoo-senala-que-frente-a-la-trampa-de-la-division-esta-el-valor-seguro-de-la-unidad-la-estabilidad-y-la-responsabilidad-del-pp\/"]}]},{"@type":"BreadcrumbList","@id":"https:\/\/ppdegalicia.com\/es\/feijoo-senala-que-frente-a-la-trampa-de-la-division-esta-el-valor-seguro-de-la-unidad-la-estabilidad-y-la-responsabilidad-del-pp\/#breadcrumb","itemListElement":[{"@type":"ListItem","position":1,"name":"Portada","item":"https:\/\/ppdegalicia.com\/es\/"},{"@type":"ListItem","position":2,"name":"Feij\u00f3o se\u00f1ala que frente a la trampa de la divisi\u00f3n, est\u00e1 el valor seguro de la unidad, la estabilidad y la responsabilidad del PP"}]},{"@type":"WebSite","@id":"https:\/\/ppdegalicia.com\/es\/#website","url":"https:\/\/ppdegalicia.com\/es\/","name":"Partido Popular de Galicia","description":"Partido Popular de Galicia","publisher":{"@id":"https:\/\/ppdegalicia.com\/es\/#organization"},"alternateName":"PP de Galicia","potentialAction":[{"@type":"SearchAction","target":{"@type":"EntryPoint","urlTemplate":"https:\/\/ppdegalicia.com\/es\/?s={search_term_string}"},"query-input":{"@type":"PropertyValueSpecification","valueRequired":true,"valueName":"search_term_string"}}],"inLanguage":"es"},{"@type":"Organization","@id":"https:\/\/ppdegalicia.com\/es\/#organization","name":"Partido Popular de Galicia","alternateName":"PP de Galicia","url":"https:\/\/ppdegalicia.com\/es\/","logo":{"@type":"ImageObject","inLanguage":"es","@id":"https:\/\/ppdegalicia.com\/es\/#\/schema\/logo\/image\/","url":"https:\/\/ppdegalicia.com\/wp-content\/uploads\/2023\/04\/logoPP512.png","contentUrl":"https:\/\/ppdegalicia.com\/wp-content\/uploads\/2023\/04\/logoPP512.png","width":512,"height":512,"caption":"Partido Popular de Galicia"},"image":{"@id":"https:\/\/ppdegalicia.com\/es\/#\/schema\/logo\/image\/"},"sameAs":["https:\/\/www.instagram.com\/ppdegalicia\/","https:\/\/x.com\/ppdegalicia","https:\/\/www.tiktok.com\/@ppdegalicia","https:\/\/www.youtube.com\/user\/ppdegalicia"]},{"@type":"Person","@id":"https:\/\/ppdegalicia.com\/es\/#\/schema\/person\/d0f013b8388c980665d44009ab762960","name":"Super User","image":{"@type":"ImageObject","inLanguage":"es","@id":"https:\/\/secure.gravatar.com\/avatar\/1db852625ef4948f58d2739bfbc51e4b9bd5c93b8fa340b59fdb594ca0845645?s=96&d=mm&r=g","url":"https:\/\/secure.gravatar.com\/avatar\/1db852625ef4948f58d2739bfbc51e4b9bd5c93b8fa340b59fdb594ca0845645?s=96&d=mm&r=g","contentUrl":"https:\/\/secure.gravatar.com\/avatar\/1db852625ef4948f58d2739bfbc51e4b9bd5c93b8fa340b59fdb594ca0845645?s=96&d=mm&r=g","caption":"Super User"},"url":"https:\/\/ppdegalicia.com\/es\/author\/ppdegaliciagestion\/"}]}},"_links":{"self":[{"href":"https:\/\/ppdegalicia.com\/es\/wp-json\/wp\/v2\/posts\/52636","targetHints":{"allow":["GET"]}}],"collection":[{"href":"https:\/\/ppdegalicia.com\/es\/wp-json\/wp\/v2\/posts"}],"about":[{"href":"https:\/\/ppdegalicia.com\/es\/wp-json\/wp\/v2\/types\/post"}],"author":[{"embeddable":true,"href":"https:\/\/ppdegalicia.com\/es\/wp-json\/wp\/v2\/users\/37"}],"replies":[{"embeddable":true,"href":"https:\/\/ppdegalicia.com\/es\/wp-json\/wp\/v2\/comments?post=52636"}],"version-history":[{"count":0,"href":"https:\/\/ppdegalicia.com\/es\/wp-json\/wp\/v2\/posts\/52636\/revisions"}],"wp:attachment":[{"href":"https:\/\/ppdegalicia.com\/es\/wp-json\/wp\/v2\/media?parent=52636"}],"wp:term":[{"taxonomy":"category","embeddable":true,"href":"https:\/\/ppdegalicia.com\/es\/wp-json\/wp\/v2\/categories?post=52636"},{"taxonomy":"post_tag","embeddable":true,"href":"https:\/\/ppdegalicia.com\/es\/wp-json\/wp\/v2\/tags?post=52636"}],"curies":[{"name":"wp","href":"https:\/\/api.w.org\/{rel}","templated":true}]}}