{"id":52637,"date":"2019-04-08T15:56:46","date_gmt":"2019-04-08T13:56:46","guid":{"rendered":"https:\/\/ppdegalicia.com\/puy-alerta-que-o-cambio-do-regulamento-da-lei-de-costas-xera-incerteza-non-so-para-o-futuro-de-ence-senon-para-conserveiras-ou-depuradoras\/"},"modified":"2019-04-08T15:56:46","modified_gmt":"2019-04-08T13:56:46","slug":"puy-alerta-que-o-cambio-do-regulamento-da-lei-de-costas-xera-incerteza-non-so-para-o-futuro-de-ence-senon-para-conserveiras-ou-depuradoras","status":"publish","type":"post","link":"https:\/\/ppdegalicia.com\/es\/puy-alerta-que-o-cambio-do-regulamento-da-lei-de-costas-xera-incerteza-non-so-para-o-futuro-de-ence-senon-para-conserveiras-ou-depuradoras\/","title":{"rendered":"Puy alerta que o cambio do regulamento da Lei de Costas xera incerteza non s\u00f3 para o futuro de Ence, sen\u00f3n para conserveiras ou depuradoras"},"content":{"rendered":"<p>Santiago, 8 de abril de 2019.- O portavoz do Grupo Popular, Pedro Puy, alertou hoxe que a modificaci\u00f3n do regulamento da Lei de Costas que est\u00e1 a impulsar o Goberno do Estado \u201cest\u00e1 a xerar incerteza sobre o futuro non s\u00f3 da factor\u00eda de Ence na r\u00eda de Pontevedra, sen\u00f3n noutros \u00e1mbitos industriais, como as conserveiras; e instalaci\u00f3ns de uso p\u00fablico, como as depuradoras\u201d.<\/p>\n<p><!--more--><\/p>\n<p>&nbsp;<\/p>\n<p>Pedro Puy lamentou que \u201cnos \u00faltimos meses estamos asistindo, por acci\u00f3n ou omisi\u00f3n, a unha serie de actuaci\u00f3ns do&nbsp; Goberno socialista de Pedro S\u00e1nchez que est\u00e1n a po\u00f1er en perigo postos de traballo en Galicia\u201d. Neste sentido, salientou a relevancia que ter\u00e1 a situaci\u00f3n do sector industrial galego no Pleno que se celebra esta semana, no que ter\u00e1 lugar a comparecencia do conselleiro de Econom\u00eda e Industria para dar conta do que est\u00e1 a facer a Xunta para protexer os postos de traballo neste \u00e1mbito.<\/p>\n<p>&nbsp;<\/p>\n<p><strong>REBAIXA DO 40% DAS COMPENSACI\u00d3NS POR CO2<\/strong><\/p>\n<p>&nbsp;<\/p>\n<p>\u201cExiste un problema serio con Alcoa e as empresas electrointensivas galegas, para o que se precisa unha regulaci\u00f3n estable dos prezos da enerx\u00eda, as\u00ed como aprobar un estatuto que te\u00f1a en conta as alegaci\u00f3ns presentadas desde Galicia\u201d, indicou o portavoz popular. Ademais, criticou \u201ca rebaixa do 40 por cento das compensaci\u00f3ns polos custos de CO2 aprobada polo Goberno socialista, que baixou a 91 mill\u00f3ns de euros os 150 mill\u00f3ns que ti\u00f1a aprobado o Goberno de Mariano Rajoy en 2018\u201d.<\/p>\n<p>&nbsp;<\/p>\n<p>Puy indicou que esta situaci\u00f3n de incerteza estase a estender por outros sectores da industria galega, como a automoci\u00f3n, logo dos anuncios realizados sobre a creaci\u00f3n dun imposto ao di\u00e9sel ou a prohibici\u00f3n para a circulaci\u00f3n destes veh\u00edculos; o peche das centrais t\u00e9rmicas de Meirama e As&nbsp; Pontes; e, m\u00e1is recentemente, a pr\u00f3rroga da factor\u00eda de Ence na r\u00eda de Pontevedra \u201clogo do chamativo cambio de posicionamento da Avogac\u00eda do Estado, que ten que ver cunha decisi\u00f3n que a\u00ednda non est\u00e1 adoptada relacionada coa modificaci\u00f3n do regulamento da Lei de Costas de 2014\u201d.<\/p>\n<p>&nbsp;<\/p>\n<p>O portavoz popular explicou que \u201cexisten d\u00fabidas respecto de que esta modificaci\u00f3n do regulamento da Lei de Costas se axuste \u00e1 lexislaci\u00f3n vixente, xa que pretende que o prazo concesional extraordinario concedido en 75 anos se contabilice desde a data inicial de concesi\u00f3n, e non desde cando foi tramitada a s\u00faa renovaci\u00f3n\u201d.<\/p>\n<p>&nbsp;<\/p>\n<p>\u201cAs implicaci\u00f3ns deste cambio van moito m\u00e1is al\u00e1 da afectaci\u00f3n a Ence, que xenera milleiros de empregos directos e indirectos, as\u00ed como rendas a un n\u00famero moi importante de familias propietarias de terreos forestais\u201d, indicou.<\/p>\n<p>&nbsp;<\/p>\n<p>Esta reforma do regulamento da Lei de Costas, aparellado ao cambio de parecer da Avogac\u00eda do Estado respecto da pr\u00f3rroga de Ence, \u201cest\u00e1 a ser unha fonte de alarmismo noutros sectores industriais da Comunidade galega, como o conserveiro; pero tam\u00e9n noutras instalaci\u00f3ns de uso p\u00fablico, como depuradoras\u201d, afirmou Puy.<\/p>\n<p>&nbsp;<\/p>\n<p><strong>PASO M\u00c1IS NA POSTA EN VALOR DO TERRITORIO GALEGO<\/strong><\/p>\n<p>&nbsp;<\/p>\n<p>Respecto da sesi\u00f3n plenaria que se celebra esta semana, Puy tam\u00e9n destacou o debate para a s\u00faa aprobaci\u00f3n do proxecto de lei de rehabilitaci\u00f3n e de rexeneraci\u00f3n e renovaci\u00f3n urbana de Galicia, \u201cque trata de facilitar a recuperaci\u00f3n do constru\u00eddo e a s\u00faa protecci\u00f3n, fomentar a cultura da rehabilitaci\u00f3n; impulsar a dinamizaci\u00f3n econ\u00f3mica, social e demogr\u00e1fica; e compatibilizar a protecci\u00f3n do patrimonio coa mellora das condici\u00f3ns de habitabilidade e a eficiencia enerx\u00e9tica\u201d.<\/p>\n<p>&nbsp;<\/p>\n<p>Esta norma supor\u00e1 un paso m\u00e1is na posta en valor do territorio galego, ao engadirse a outras normativas xa aprobadas como as directrices de ordenaci\u00f3n do territorio, os plans de ordenaci\u00f3n do litoral, a lei do solo e a estratexia da paisaxe.<\/p>\n<p>&nbsp;<\/p>\n<p>\u201cBasicamente, esta nova lei facilita actuaci\u00f3ns que non afecten a elementos especificamente protexidos, constit\u00fae unha ferramenta para que os concellos axilicen actuaci\u00f3ns dentro do seu \u00e1mbito e prev\u00e9 mecanismos de axuda para que as persoas propietarias cumpran os seus deberes de rehabilitaci\u00f3n, pero penaliza a quen, a pesar destas axudas, segue a incumprir o deber de mantemento do patrimonio\u201d, apuntou.<\/p>\n","protected":false},"excerpt":{"rendered":"<p>Santiago, 8 de abril de 2019.- O portavoz do Grupo Popular, Pedro Puy, alertou hoxe que a modificaci\u00f3n do regulamento da Lei de Costas que est\u00e1 a impulsar o Goberno do Estado \u201cest\u00e1 a xerar incerteza sobre o futuro non s\u00f3 da factor\u00eda de Ence na r\u00eda de Pontevedra, sen\u00f3n noutros \u00e1mbitos industriais, como as [&hellip;]<\/p>\n","protected":false},"author":37,"featured_media":0,"comment_status":"open","ping_status":"open","sticky":false,"template":"","format":"standard","meta":{"_acf_changed":false,"footnotes":""},"categories":[1],"tags":[],"class_list":["post-52637","post","type-post","status-publish","format-standard","hentry","category-pp-de-galicia"],"acf":[],"yoast_head":"<!-- This site is optimized with the Yoast SEO plugin v27.3 - https:\/\/yoast.com\/product\/yoast-seo-wordpress\/ -->\n<title>Puy alerta que o cambio do regulamento da Lei de Costas xera incerteza non s\u00f3 para o futuro de Ence, sen\u00f3n para conserveiras ou depuradoras - PP de Galicia<\/title>\n<meta name=\"robots\" content=\"index, follow, max-snippet:-1, max-image-preview:large, max-video-preview:-1\" \/>\n<link rel=\"canonical\" href=\"https:\/\/ppdegalicia.com\/es\/puy-alerta-que-o-cambio-do-regulamento-da-lei-de-costas-xera-incerteza-non-so-para-o-futuro-de-ence-senon-para-conserveiras-ou-depuradoras\/\" \/>\n<meta property=\"og:locale\" content=\"es_ES\" \/>\n<meta property=\"og:type\" content=\"article\" \/>\n<meta property=\"og:title\" content=\"Puy alerta que o cambio do regulamento da Lei de Costas xera incerteza non s\u00f3 para o futuro de Ence, sen\u00f3n para conserveiras ou depuradoras - PP de Galicia\" \/>\n<meta property=\"og:description\" content=\"Santiago, 8 de abril de 2019.- O portavoz do Grupo Popular, Pedro Puy, alertou hoxe que a modificaci\u00f3n do regulamento da Lei de Costas que est\u00e1 a impulsar o Goberno do Estado \u201cest\u00e1 a xerar incerteza sobre o futuro non s\u00f3 da factor\u00eda de Ence na r\u00eda de Pontevedra, sen\u00f3n noutros \u00e1mbitos industriais, como as [&hellip;]\" \/>\n<meta property=\"og:url\" content=\"https:\/\/ppdegalicia.com\/es\/puy-alerta-que-o-cambio-do-regulamento-da-lei-de-costas-xera-incerteza-non-so-para-o-futuro-de-ence-senon-para-conserveiras-ou-depuradoras\/\" \/>\n<meta property=\"og:site_name\" content=\"PP de Galicia\" \/>\n<meta property=\"article:publisher\" content=\"https:\/\/www.instagram.com\/ppdegalicia\/\" \/>\n<meta property=\"article:published_time\" content=\"2019-04-08T13:56:46+00:00\" \/>\n<meta name=\"author\" content=\"Super User\" \/>\n<meta name=\"twitter:card\" content=\"summary_large_image\" \/>\n<meta name=\"twitter:creator\" content=\"@ppdegalicia\" \/>\n<meta name=\"twitter:site\" content=\"@ppdegalicia\" \/>\n<meta name=\"twitter:label1\" content=\"Escrito por\" \/>\n\t<meta name=\"twitter:data1\" content=\"Super User\" \/>\n\t<meta name=\"twitter:label2\" content=\"Tiempo de lectura\" \/>\n\t<meta name=\"twitter:data2\" content=\"4 minutos\" \/>\n<script type=\"application\/ld+json\" class=\"yoast-schema-graph\">{\"@context\":\"https:\\\/\\\/schema.org\",\"@graph\":[{\"@type\":\"Article\",\"@id\":\"https:\\\/\\\/ppdegalicia.com\\\/es\\\/puy-alerta-que-o-cambio-do-regulamento-da-lei-de-costas-xera-incerteza-non-so-para-o-futuro-de-ence-senon-para-conserveiras-ou-depuradoras\\\/#article\",\"isPartOf\":{\"@id\":\"https:\\\/\\\/ppdegalicia.com\\\/es\\\/puy-alerta-que-o-cambio-do-regulamento-da-lei-de-costas-xera-incerteza-non-so-para-o-futuro-de-ence-senon-para-conserveiras-ou-depuradoras\\\/\"},\"author\":{\"name\":\"Super User\",\"@id\":\"https:\\\/\\\/ppdegalicia.com\\\/es\\\/#\\\/schema\\\/person\\\/d0f013b8388c980665d44009ab762960\"},\"headline\":\"Puy alerta que o cambio do regulamento da Lei de Costas xera incerteza non s\u00f3 para o futuro de Ence, sen\u00f3n para conserveiras ou depuradoras\",\"datePublished\":\"2019-04-08T13:56:46+00:00\",\"mainEntityOfPage\":{\"@id\":\"https:\\\/\\\/ppdegalicia.com\\\/es\\\/puy-alerta-que-o-cambio-do-regulamento-da-lei-de-costas-xera-incerteza-non-so-para-o-futuro-de-ence-senon-para-conserveiras-ou-depuradoras\\\/\"},\"wordCount\":757,\"commentCount\":0,\"publisher\":{\"@id\":\"https:\\\/\\\/ppdegalicia.com\\\/es\\\/#organization\"},\"articleSection\":[\"PP de Galicia\"],\"inLanguage\":\"es\",\"potentialAction\":[{\"@type\":\"CommentAction\",\"name\":\"Comment\",\"target\":[\"https:\\\/\\\/ppdegalicia.com\\\/es\\\/puy-alerta-que-o-cambio-do-regulamento-da-lei-de-costas-xera-incerteza-non-so-para-o-futuro-de-ence-senon-para-conserveiras-ou-depuradoras\\\/#respond\"]}]},{\"@type\":\"WebPage\",\"@id\":\"https:\\\/\\\/ppdegalicia.com\\\/es\\\/puy-alerta-que-o-cambio-do-regulamento-da-lei-de-costas-xera-incerteza-non-so-para-o-futuro-de-ence-senon-para-conserveiras-ou-depuradoras\\\/\",\"url\":\"https:\\\/\\\/ppdegalicia.com\\\/es\\\/puy-alerta-que-o-cambio-do-regulamento-da-lei-de-costas-xera-incerteza-non-so-para-o-futuro-de-ence-senon-para-conserveiras-ou-depuradoras\\\/\",\"name\":\"Puy alerta que o cambio do regulamento da Lei de Costas xera incerteza non s\u00f3 para o futuro de Ence, sen\u00f3n para conserveiras ou depuradoras - PP de Galicia\",\"isPartOf\":{\"@id\":\"https:\\\/\\\/ppdegalicia.com\\\/es\\\/#website\"},\"datePublished\":\"2019-04-08T13:56:46+00:00\",\"breadcrumb\":{\"@id\":\"https:\\\/\\\/ppdegalicia.com\\\/es\\\/puy-alerta-que-o-cambio-do-regulamento-da-lei-de-costas-xera-incerteza-non-so-para-o-futuro-de-ence-senon-para-conserveiras-ou-depuradoras\\\/#breadcrumb\"},\"inLanguage\":\"es\",\"potentialAction\":[{\"@type\":\"ReadAction\",\"target\":[\"https:\\\/\\\/ppdegalicia.com\\\/es\\\/puy-alerta-que-o-cambio-do-regulamento-da-lei-de-costas-xera-incerteza-non-so-para-o-futuro-de-ence-senon-para-conserveiras-ou-depuradoras\\\/\"]}]},{\"@type\":\"BreadcrumbList\",\"@id\":\"https:\\\/\\\/ppdegalicia.com\\\/es\\\/puy-alerta-que-o-cambio-do-regulamento-da-lei-de-costas-xera-incerteza-non-so-para-o-futuro-de-ence-senon-para-conserveiras-ou-depuradoras\\\/#breadcrumb\",\"itemListElement\":[{\"@type\":\"ListItem\",\"position\":1,\"name\":\"Portada\",\"item\":\"https:\\\/\\\/ppdegalicia.com\\\/es\\\/\"},{\"@type\":\"ListItem\",\"position\":2,\"name\":\"Puy alerta que o cambio do regulamento da Lei de Costas xera incerteza non s\u00f3 para o futuro de Ence, sen\u00f3n para conserveiras ou depuradoras\"}]},{\"@type\":\"WebSite\",\"@id\":\"https:\\\/\\\/ppdegalicia.com\\\/es\\\/#website\",\"url\":\"https:\\\/\\\/ppdegalicia.com\\\/es\\\/\",\"name\":\"Partido Popular de Galicia\",\"description\":\"Partido Popular de Galicia\",\"publisher\":{\"@id\":\"https:\\\/\\\/ppdegalicia.com\\\/es\\\/#organization\"},\"alternateName\":\"PP de Galicia\",\"potentialAction\":[{\"@type\":\"SearchAction\",\"target\":{\"@type\":\"EntryPoint\",\"urlTemplate\":\"https:\\\/\\\/ppdegalicia.com\\\/es\\\/?s={search_term_string}\"},\"query-input\":{\"@type\":\"PropertyValueSpecification\",\"valueRequired\":true,\"valueName\":\"search_term_string\"}}],\"inLanguage\":\"es\"},{\"@type\":\"Organization\",\"@id\":\"https:\\\/\\\/ppdegalicia.com\\\/es\\\/#organization\",\"name\":\"Partido Popular de Galicia\",\"alternateName\":\"PP de Galicia\",\"url\":\"https:\\\/\\\/ppdegalicia.com\\\/es\\\/\",\"logo\":{\"@type\":\"ImageObject\",\"inLanguage\":\"es\",\"@id\":\"https:\\\/\\\/ppdegalicia.com\\\/es\\\/#\\\/schema\\\/logo\\\/image\\\/\",\"url\":\"https:\\\/\\\/ppdegalicia.com\\\/wp-content\\\/uploads\\\/2023\\\/04\\\/logoPP512.png\",\"contentUrl\":\"https:\\\/\\\/ppdegalicia.com\\\/wp-content\\\/uploads\\\/2023\\\/04\\\/logoPP512.png\",\"width\":512,\"height\":512,\"caption\":\"Partido Popular de Galicia\"},\"image\":{\"@id\":\"https:\\\/\\\/ppdegalicia.com\\\/es\\\/#\\\/schema\\\/logo\\\/image\\\/\"},\"sameAs\":[\"https:\\\/\\\/www.instagram.com\\\/ppdegalicia\\\/\",\"https:\\\/\\\/x.com\\\/ppdegalicia\",\"https:\\\/\\\/www.tiktok.com\\\/@ppdegalicia\",\"https:\\\/\\\/www.youtube.com\\\/user\\\/ppdegalicia\"]},{\"@type\":\"Person\",\"@id\":\"https:\\\/\\\/ppdegalicia.com\\\/es\\\/#\\\/schema\\\/person\\\/d0f013b8388c980665d44009ab762960\",\"name\":\"Super User\",\"image\":{\"@type\":\"ImageObject\",\"inLanguage\":\"es\",\"@id\":\"https:\\\/\\\/secure.gravatar.com\\\/avatar\\\/1db852625ef4948f58d2739bfbc51e4b9bd5c93b8fa340b59fdb594ca0845645?s=96&d=mm&r=g\",\"url\":\"https:\\\/\\\/secure.gravatar.com\\\/avatar\\\/1db852625ef4948f58d2739bfbc51e4b9bd5c93b8fa340b59fdb594ca0845645?s=96&d=mm&r=g\",\"contentUrl\":\"https:\\\/\\\/secure.gravatar.com\\\/avatar\\\/1db852625ef4948f58d2739bfbc51e4b9bd5c93b8fa340b59fdb594ca0845645?s=96&d=mm&r=g\",\"caption\":\"Super User\"},\"url\":\"https:\\\/\\\/ppdegalicia.com\\\/es\\\/author\\\/ppdegaliciagestion\\\/\"}]}<\/script>\n<!-- \/ Yoast SEO plugin. -->","yoast_head_json":{"title":"Puy alerta que o cambio do regulamento da Lei de Costas xera incerteza non s\u00f3 para o futuro de Ence, sen\u00f3n para conserveiras ou depuradoras - PP de Galicia","robots":{"index":"index","follow":"follow","max-snippet":"max-snippet:-1","max-image-preview":"max-image-preview:large","max-video-preview":"max-video-preview:-1"},"canonical":"https:\/\/ppdegalicia.com\/es\/puy-alerta-que-o-cambio-do-regulamento-da-lei-de-costas-xera-incerteza-non-so-para-o-futuro-de-ence-senon-para-conserveiras-ou-depuradoras\/","og_locale":"es_ES","og_type":"article","og_title":"Puy alerta que o cambio do regulamento da Lei de Costas xera incerteza non s\u00f3 para o futuro de Ence, sen\u00f3n para conserveiras ou depuradoras - PP de Galicia","og_description":"Santiago, 8 de abril de 2019.- O portavoz do Grupo Popular, Pedro Puy, alertou hoxe que a modificaci\u00f3n do regulamento da Lei de Costas que est\u00e1 a impulsar o Goberno do Estado \u201cest\u00e1 a xerar incerteza sobre o futuro non s\u00f3 da factor\u00eda de Ence na r\u00eda de Pontevedra, sen\u00f3n noutros \u00e1mbitos industriais, como as [&hellip;]","og_url":"https:\/\/ppdegalicia.com\/es\/puy-alerta-que-o-cambio-do-regulamento-da-lei-de-costas-xera-incerteza-non-so-para-o-futuro-de-ence-senon-para-conserveiras-ou-depuradoras\/","og_site_name":"PP de Galicia","article_publisher":"https:\/\/www.instagram.com\/ppdegalicia\/","article_published_time":"2019-04-08T13:56:46+00:00","author":"Super User","twitter_card":"summary_large_image","twitter_creator":"@ppdegalicia","twitter_site":"@ppdegalicia","twitter_misc":{"Escrito por":"Super User","Tiempo de lectura":"4 minutos"},"schema":{"@context":"https:\/\/schema.org","@graph":[{"@type":"Article","@id":"https:\/\/ppdegalicia.com\/es\/puy-alerta-que-o-cambio-do-regulamento-da-lei-de-costas-xera-incerteza-non-so-para-o-futuro-de-ence-senon-para-conserveiras-ou-depuradoras\/#article","isPartOf":{"@id":"https:\/\/ppdegalicia.com\/es\/puy-alerta-que-o-cambio-do-regulamento-da-lei-de-costas-xera-incerteza-non-so-para-o-futuro-de-ence-senon-para-conserveiras-ou-depuradoras\/"},"author":{"name":"Super User","@id":"https:\/\/ppdegalicia.com\/es\/#\/schema\/person\/d0f013b8388c980665d44009ab762960"},"headline":"Puy alerta que o cambio do regulamento da Lei de Costas xera incerteza non s\u00f3 para o futuro de Ence, sen\u00f3n para conserveiras ou depuradoras","datePublished":"2019-04-08T13:56:46+00:00","mainEntityOfPage":{"@id":"https:\/\/ppdegalicia.com\/es\/puy-alerta-que-o-cambio-do-regulamento-da-lei-de-costas-xera-incerteza-non-so-para-o-futuro-de-ence-senon-para-conserveiras-ou-depuradoras\/"},"wordCount":757,"commentCount":0,"publisher":{"@id":"https:\/\/ppdegalicia.com\/es\/#organization"},"articleSection":["PP de Galicia"],"inLanguage":"es","potentialAction":[{"@type":"CommentAction","name":"Comment","target":["https:\/\/ppdegalicia.com\/es\/puy-alerta-que-o-cambio-do-regulamento-da-lei-de-costas-xera-incerteza-non-so-para-o-futuro-de-ence-senon-para-conserveiras-ou-depuradoras\/#respond"]}]},{"@type":"WebPage","@id":"https:\/\/ppdegalicia.com\/es\/puy-alerta-que-o-cambio-do-regulamento-da-lei-de-costas-xera-incerteza-non-so-para-o-futuro-de-ence-senon-para-conserveiras-ou-depuradoras\/","url":"https:\/\/ppdegalicia.com\/es\/puy-alerta-que-o-cambio-do-regulamento-da-lei-de-costas-xera-incerteza-non-so-para-o-futuro-de-ence-senon-para-conserveiras-ou-depuradoras\/","name":"Puy alerta que o cambio do regulamento da Lei de Costas xera incerteza non s\u00f3 para o futuro de Ence, sen\u00f3n para conserveiras ou depuradoras - PP de Galicia","isPartOf":{"@id":"https:\/\/ppdegalicia.com\/es\/#website"},"datePublished":"2019-04-08T13:56:46+00:00","breadcrumb":{"@id":"https:\/\/ppdegalicia.com\/es\/puy-alerta-que-o-cambio-do-regulamento-da-lei-de-costas-xera-incerteza-non-so-para-o-futuro-de-ence-senon-para-conserveiras-ou-depuradoras\/#breadcrumb"},"inLanguage":"es","potentialAction":[{"@type":"ReadAction","target":["https:\/\/ppdegalicia.com\/es\/puy-alerta-que-o-cambio-do-regulamento-da-lei-de-costas-xera-incerteza-non-so-para-o-futuro-de-ence-senon-para-conserveiras-ou-depuradoras\/"]}]},{"@type":"BreadcrumbList","@id":"https:\/\/ppdegalicia.com\/es\/puy-alerta-que-o-cambio-do-regulamento-da-lei-de-costas-xera-incerteza-non-so-para-o-futuro-de-ence-senon-para-conserveiras-ou-depuradoras\/#breadcrumb","itemListElement":[{"@type":"ListItem","position":1,"name":"Portada","item":"https:\/\/ppdegalicia.com\/es\/"},{"@type":"ListItem","position":2,"name":"Puy alerta que o cambio do regulamento da Lei de Costas xera incerteza non s\u00f3 para o futuro de Ence, sen\u00f3n para conserveiras ou depuradoras"}]},{"@type":"WebSite","@id":"https:\/\/ppdegalicia.com\/es\/#website","url":"https:\/\/ppdegalicia.com\/es\/","name":"Partido Popular de Galicia","description":"Partido Popular de Galicia","publisher":{"@id":"https:\/\/ppdegalicia.com\/es\/#organization"},"alternateName":"PP de Galicia","potentialAction":[{"@type":"SearchAction","target":{"@type":"EntryPoint","urlTemplate":"https:\/\/ppdegalicia.com\/es\/?s={search_term_string}"},"query-input":{"@type":"PropertyValueSpecification","valueRequired":true,"valueName":"search_term_string"}}],"inLanguage":"es"},{"@type":"Organization","@id":"https:\/\/ppdegalicia.com\/es\/#organization","name":"Partido Popular de Galicia","alternateName":"PP de Galicia","url":"https:\/\/ppdegalicia.com\/es\/","logo":{"@type":"ImageObject","inLanguage":"es","@id":"https:\/\/ppdegalicia.com\/es\/#\/schema\/logo\/image\/","url":"https:\/\/ppdegalicia.com\/wp-content\/uploads\/2023\/04\/logoPP512.png","contentUrl":"https:\/\/ppdegalicia.com\/wp-content\/uploads\/2023\/04\/logoPP512.png","width":512,"height":512,"caption":"Partido Popular de Galicia"},"image":{"@id":"https:\/\/ppdegalicia.com\/es\/#\/schema\/logo\/image\/"},"sameAs":["https:\/\/www.instagram.com\/ppdegalicia\/","https:\/\/x.com\/ppdegalicia","https:\/\/www.tiktok.com\/@ppdegalicia","https:\/\/www.youtube.com\/user\/ppdegalicia"]},{"@type":"Person","@id":"https:\/\/ppdegalicia.com\/es\/#\/schema\/person\/d0f013b8388c980665d44009ab762960","name":"Super User","image":{"@type":"ImageObject","inLanguage":"es","@id":"https:\/\/secure.gravatar.com\/avatar\/1db852625ef4948f58d2739bfbc51e4b9bd5c93b8fa340b59fdb594ca0845645?s=96&d=mm&r=g","url":"https:\/\/secure.gravatar.com\/avatar\/1db852625ef4948f58d2739bfbc51e4b9bd5c93b8fa340b59fdb594ca0845645?s=96&d=mm&r=g","contentUrl":"https:\/\/secure.gravatar.com\/avatar\/1db852625ef4948f58d2739bfbc51e4b9bd5c93b8fa340b59fdb594ca0845645?s=96&d=mm&r=g","caption":"Super User"},"url":"https:\/\/ppdegalicia.com\/es\/author\/ppdegaliciagestion\/"}]}},"_links":{"self":[{"href":"https:\/\/ppdegalicia.com\/es\/wp-json\/wp\/v2\/posts\/52637","targetHints":{"allow":["GET"]}}],"collection":[{"href":"https:\/\/ppdegalicia.com\/es\/wp-json\/wp\/v2\/posts"}],"about":[{"href":"https:\/\/ppdegalicia.com\/es\/wp-json\/wp\/v2\/types\/post"}],"author":[{"embeddable":true,"href":"https:\/\/ppdegalicia.com\/es\/wp-json\/wp\/v2\/users\/37"}],"replies":[{"embeddable":true,"href":"https:\/\/ppdegalicia.com\/es\/wp-json\/wp\/v2\/comments?post=52637"}],"version-history":[{"count":0,"href":"https:\/\/ppdegalicia.com\/es\/wp-json\/wp\/v2\/posts\/52637\/revisions"}],"wp:attachment":[{"href":"https:\/\/ppdegalicia.com\/es\/wp-json\/wp\/v2\/media?parent=52637"}],"wp:term":[{"taxonomy":"category","embeddable":true,"href":"https:\/\/ppdegalicia.com\/es\/wp-json\/wp\/v2\/categories?post=52637"},{"taxonomy":"post_tag","embeddable":true,"href":"https:\/\/ppdegalicia.com\/es\/wp-json\/wp\/v2\/tags?post=52637"}],"curies":[{"name":"wp","href":"https:\/\/api.w.org\/{rel}","templated":true}]}}