{"id":52642,"date":"2019-04-10T11:18:32","date_gmt":"2019-04-10T09:18:32","guid":{"rendered":"https:\/\/ppdegalicia.com\/o-ppdeg-reitera-que-o-proxecto-da-mina-de-touro-so-sera-viable-se-salvagarda-o-respecto-ao-contorno-e-o-estrito-cumprimento-da-legalidade-vixente\/"},"modified":"2019-04-10T11:18:32","modified_gmt":"2019-04-10T09:18:32","slug":"o-ppdeg-reitera-que-o-proxecto-da-mina-de-touro-so-sera-viable-se-salvagarda-o-respecto-ao-contorno-e-o-estrito-cumprimento-da-legalidade-vixente","status":"publish","type":"post","link":"https:\/\/ppdegalicia.com\/es\/o-ppdeg-reitera-que-o-proxecto-da-mina-de-touro-so-sera-viable-se-salvagarda-o-respecto-ao-contorno-e-o-estrito-cumprimento-da-legalidade-vixente\/","title":{"rendered":"O PPdeG reitera que o proxecto da mina de Touro \u201cs\u00f3 ser\u00e1 viable se salvagarda o respecto ao contorno e o estrito cumprimento da legalidade vixente\u201d"},"content":{"rendered":"<p>Santiago, 10 de abril de 2019.- O deputado do Grupo Popular, Mois\u00e9s Blanco, reiterou hoxe no Parlamento que \u201ctanto desde a Xunta como o PPdeG estamos a favor dunha minar\u00eda sustentable, moderna e respectuosa co medio ambiente\u201d, polo que incidiu que o proxecto da mina de Touro \u201cs\u00f3 ser\u00e1 viable se salvagarda o total respecto ao contorno, o estrito cumprimento da legalidade vixente e dota de todas as garant\u00edas urban\u00edsticas, medioambientais e t\u00e9cnicas\u201d.<\/p>\n<p><!--more--><\/p>\n<p>&nbsp;<\/p>\n<p>Mois\u00e9s Blanco criticou que aos grupos da oposici\u00f3n \u201cd\u00e1lles igual as respostas que se dan desde a Xunta\u201d. \u201cIso par\u00e9ceme moi grave porque vostedes dan por boas publicaci\u00f3ns que lles interesan, desprezando o traballo e a capacidade dos t\u00e9cnicos p\u00fablicos que emiten os informes desde diferentes departamentos do Goberno galego\u201d, apuntou.<\/p>\n<p>&nbsp;<\/p>\n<p><strong>O PROXECTO, COMO FOI PRESENTADO, NON \u00c9 VIABLE<\/strong><\/p>\n<p>&nbsp;<\/p>\n<p>Neste sentido, reiterou que o proxecto da mina de Touro \u201cdeber\u00e1 cumprir estritamente a lexislaci\u00f3n\u201d, polo que demandou \u00e1 oposici\u00f3n que \u201crespecten os procedementos administrativos, conf\u00eden na profesionalidade e imparcialidade dos traballadores p\u00fablicos da Xunta para emitir os preceptivos informes, con total vixilancia e control medioambiental e imposici\u00f3n de sanci\u00f3ns\u201d.<\/p>\n<p>&nbsp;<\/p>\n<p>Na s\u00faa intervenci\u00f3n, o deputado popular lembrou que \u201co propio conselleiro de Industria dixo neste Parlamento que o proxecto, tal e como foi presentado, non \u00e9 viable\u201d, ao que se sumou a proposici\u00f3n non de lei do Grupo Popular, aprobada o pasado 28 de marzo de 2018 co voto en contra de En Marea e BNG, na que se demandaba que a Xunta avaliara o proxecto da mina de Touro con total garantismo legal e rigor na execuci\u00f3n do procedemento, vixiando calquera impacto medioambiental que se puidese producir como consecuencia do resultado da explotaci\u00f3n da mina.<\/p>\n","protected":false},"excerpt":{"rendered":"<p>Santiago, 10 de abril de 2019.- O deputado do Grupo Popular, Mois\u00e9s Blanco, reiterou hoxe no Parlamento que \u201ctanto desde a Xunta como o PPdeG estamos a favor dunha minar\u00eda sustentable, moderna e respectuosa co medio ambiente\u201d, polo que incidiu que o proxecto da mina de Touro \u201cs\u00f3 ser\u00e1 viable se salvagarda o total respecto [&hellip;]<\/p>\n","protected":false},"author":37,"featured_media":0,"comment_status":"open","ping_status":"open","sticky":false,"template":"","format":"standard","meta":{"_acf_changed":false,"footnotes":""},"categories":[1],"tags":[],"class_list":["post-52642","post","type-post","status-publish","format-standard","hentry","category-pp-de-galicia"],"acf":[],"yoast_head":"<!-- This site is optimized with the Yoast SEO plugin v27.3 - https:\/\/yoast.com\/product\/yoast-seo-wordpress\/ -->\n<title>O PPdeG reitera que o proxecto da mina de Touro \u201cs\u00f3 ser\u00e1 viable se salvagarda o respecto ao contorno e o estrito cumprimento da legalidade vixente\u201d - PP de Galicia<\/title>\n<meta name=\"robots\" content=\"index, follow, max-snippet:-1, max-image-preview:large, max-video-preview:-1\" \/>\n<link rel=\"canonical\" href=\"https:\/\/ppdegalicia.com\/es\/o-ppdeg-reitera-que-o-proxecto-da-mina-de-touro-so-sera-viable-se-salvagarda-o-respecto-ao-contorno-e-o-estrito-cumprimento-da-legalidade-vixente\/\" \/>\n<meta property=\"og:locale\" content=\"es_ES\" \/>\n<meta property=\"og:type\" content=\"article\" \/>\n<meta property=\"og:title\" content=\"O PPdeG reitera que o proxecto da mina de Touro \u201cs\u00f3 ser\u00e1 viable se salvagarda o respecto ao contorno e o estrito cumprimento da legalidade vixente\u201d - PP de Galicia\" \/>\n<meta property=\"og:description\" content=\"Santiago, 10 de abril de 2019.- O deputado do Grupo Popular, Mois\u00e9s Blanco, reiterou hoxe no Parlamento que \u201ctanto desde a Xunta como o PPdeG estamos a favor dunha minar\u00eda sustentable, moderna e respectuosa co medio ambiente\u201d, polo que incidiu que o proxecto da mina de Touro \u201cs\u00f3 ser\u00e1 viable se salvagarda o total respecto [&hellip;]\" \/>\n<meta property=\"og:url\" content=\"https:\/\/ppdegalicia.com\/es\/o-ppdeg-reitera-que-o-proxecto-da-mina-de-touro-so-sera-viable-se-salvagarda-o-respecto-ao-contorno-e-o-estrito-cumprimento-da-legalidade-vixente\/\" \/>\n<meta property=\"og:site_name\" content=\"PP de Galicia\" \/>\n<meta property=\"article:publisher\" content=\"https:\/\/www.instagram.com\/ppdegalicia\/\" \/>\n<meta property=\"article:published_time\" content=\"2019-04-10T09:18:32+00:00\" \/>\n<meta name=\"author\" content=\"Super User\" \/>\n<meta name=\"twitter:card\" content=\"summary_large_image\" \/>\n<meta name=\"twitter:creator\" content=\"@ppdegalicia\" \/>\n<meta name=\"twitter:site\" content=\"@ppdegalicia\" \/>\n<meta name=\"twitter:label1\" content=\"Escrito por\" \/>\n\t<meta name=\"twitter:data1\" content=\"Super User\" \/>\n\t<meta name=\"twitter:label2\" content=\"Tiempo de lectura\" \/>\n\t<meta name=\"twitter:data2\" content=\"1 minuto\" \/>\n<script type=\"application\/ld+json\" class=\"yoast-schema-graph\">{\"@context\":\"https:\\\/\\\/schema.org\",\"@graph\":[{\"@type\":\"Article\",\"@id\":\"https:\\\/\\\/ppdegalicia.com\\\/es\\\/o-ppdeg-reitera-que-o-proxecto-da-mina-de-touro-so-sera-viable-se-salvagarda-o-respecto-ao-contorno-e-o-estrito-cumprimento-da-legalidade-vixente\\\/#article\",\"isPartOf\":{\"@id\":\"https:\\\/\\\/ppdegalicia.com\\\/es\\\/o-ppdeg-reitera-que-o-proxecto-da-mina-de-touro-so-sera-viable-se-salvagarda-o-respecto-ao-contorno-e-o-estrito-cumprimento-da-legalidade-vixente\\\/\"},\"author\":{\"name\":\"Super User\",\"@id\":\"https:\\\/\\\/ppdegalicia.com\\\/es\\\/#\\\/schema\\\/person\\\/d0f013b8388c980665d44009ab762960\"},\"headline\":\"O PPdeG reitera que o proxecto da mina de Touro \u201cs\u00f3 ser\u00e1 viable se salvagarda o respecto ao contorno e o estrito cumprimento da legalidade vixente\u201d\",\"datePublished\":\"2019-04-10T09:18:32+00:00\",\"mainEntityOfPage\":{\"@id\":\"https:\\\/\\\/ppdegalicia.com\\\/es\\\/o-ppdeg-reitera-que-o-proxecto-da-mina-de-touro-so-sera-viable-se-salvagarda-o-respecto-ao-contorno-e-o-estrito-cumprimento-da-legalidade-vixente\\\/\"},\"wordCount\":325,\"commentCount\":0,\"publisher\":{\"@id\":\"https:\\\/\\\/ppdegalicia.com\\\/es\\\/#organization\"},\"articleSection\":[\"PP de Galicia\"],\"inLanguage\":\"es\",\"potentialAction\":[{\"@type\":\"CommentAction\",\"name\":\"Comment\",\"target\":[\"https:\\\/\\\/ppdegalicia.com\\\/es\\\/o-ppdeg-reitera-que-o-proxecto-da-mina-de-touro-so-sera-viable-se-salvagarda-o-respecto-ao-contorno-e-o-estrito-cumprimento-da-legalidade-vixente\\\/#respond\"]}]},{\"@type\":\"WebPage\",\"@id\":\"https:\\\/\\\/ppdegalicia.com\\\/es\\\/o-ppdeg-reitera-que-o-proxecto-da-mina-de-touro-so-sera-viable-se-salvagarda-o-respecto-ao-contorno-e-o-estrito-cumprimento-da-legalidade-vixente\\\/\",\"url\":\"https:\\\/\\\/ppdegalicia.com\\\/es\\\/o-ppdeg-reitera-que-o-proxecto-da-mina-de-touro-so-sera-viable-se-salvagarda-o-respecto-ao-contorno-e-o-estrito-cumprimento-da-legalidade-vixente\\\/\",\"name\":\"O PPdeG reitera que o proxecto da mina de Touro \u201cs\u00f3 ser\u00e1 viable se salvagarda o respecto ao contorno e o estrito cumprimento da legalidade vixente\u201d - PP de Galicia\",\"isPartOf\":{\"@id\":\"https:\\\/\\\/ppdegalicia.com\\\/es\\\/#website\"},\"datePublished\":\"2019-04-10T09:18:32+00:00\",\"breadcrumb\":{\"@id\":\"https:\\\/\\\/ppdegalicia.com\\\/es\\\/o-ppdeg-reitera-que-o-proxecto-da-mina-de-touro-so-sera-viable-se-salvagarda-o-respecto-ao-contorno-e-o-estrito-cumprimento-da-legalidade-vixente\\\/#breadcrumb\"},\"inLanguage\":\"es\",\"potentialAction\":[{\"@type\":\"ReadAction\",\"target\":[\"https:\\\/\\\/ppdegalicia.com\\\/es\\\/o-ppdeg-reitera-que-o-proxecto-da-mina-de-touro-so-sera-viable-se-salvagarda-o-respecto-ao-contorno-e-o-estrito-cumprimento-da-legalidade-vixente\\\/\"]}]},{\"@type\":\"BreadcrumbList\",\"@id\":\"https:\\\/\\\/ppdegalicia.com\\\/es\\\/o-ppdeg-reitera-que-o-proxecto-da-mina-de-touro-so-sera-viable-se-salvagarda-o-respecto-ao-contorno-e-o-estrito-cumprimento-da-legalidade-vixente\\\/#breadcrumb\",\"itemListElement\":[{\"@type\":\"ListItem\",\"position\":1,\"name\":\"Portada\",\"item\":\"https:\\\/\\\/ppdegalicia.com\\\/es\\\/\"},{\"@type\":\"ListItem\",\"position\":2,\"name\":\"O PPdeG reitera que o proxecto da mina de Touro \u201cs\u00f3 ser\u00e1 viable se salvagarda o respecto ao contorno e o estrito cumprimento da legalidade vixente\u201d\"}]},{\"@type\":\"WebSite\",\"@id\":\"https:\\\/\\\/ppdegalicia.com\\\/es\\\/#website\",\"url\":\"https:\\\/\\\/ppdegalicia.com\\\/es\\\/\",\"name\":\"Partido Popular de Galicia\",\"description\":\"Partido Popular de Galicia\",\"publisher\":{\"@id\":\"https:\\\/\\\/ppdegalicia.com\\\/es\\\/#organization\"},\"alternateName\":\"PP de Galicia\",\"potentialAction\":[{\"@type\":\"SearchAction\",\"target\":{\"@type\":\"EntryPoint\",\"urlTemplate\":\"https:\\\/\\\/ppdegalicia.com\\\/es\\\/?s={search_term_string}\"},\"query-input\":{\"@type\":\"PropertyValueSpecification\",\"valueRequired\":true,\"valueName\":\"search_term_string\"}}],\"inLanguage\":\"es\"},{\"@type\":\"Organization\",\"@id\":\"https:\\\/\\\/ppdegalicia.com\\\/es\\\/#organization\",\"name\":\"Partido Popular de Galicia\",\"alternateName\":\"PP de Galicia\",\"url\":\"https:\\\/\\\/ppdegalicia.com\\\/es\\\/\",\"logo\":{\"@type\":\"ImageObject\",\"inLanguage\":\"es\",\"@id\":\"https:\\\/\\\/ppdegalicia.com\\\/es\\\/#\\\/schema\\\/logo\\\/image\\\/\",\"url\":\"https:\\\/\\\/ppdegalicia.com\\\/wp-content\\\/uploads\\\/2023\\\/04\\\/logoPP512.png\",\"contentUrl\":\"https:\\\/\\\/ppdegalicia.com\\\/wp-content\\\/uploads\\\/2023\\\/04\\\/logoPP512.png\",\"width\":512,\"height\":512,\"caption\":\"Partido Popular de Galicia\"},\"image\":{\"@id\":\"https:\\\/\\\/ppdegalicia.com\\\/es\\\/#\\\/schema\\\/logo\\\/image\\\/\"},\"sameAs\":[\"https:\\\/\\\/www.instagram.com\\\/ppdegalicia\\\/\",\"https:\\\/\\\/x.com\\\/ppdegalicia\",\"https:\\\/\\\/www.tiktok.com\\\/@ppdegalicia\",\"https:\\\/\\\/www.youtube.com\\\/user\\\/ppdegalicia\"]},{\"@type\":\"Person\",\"@id\":\"https:\\\/\\\/ppdegalicia.com\\\/es\\\/#\\\/schema\\\/person\\\/d0f013b8388c980665d44009ab762960\",\"name\":\"Super User\",\"image\":{\"@type\":\"ImageObject\",\"inLanguage\":\"es\",\"@id\":\"https:\\\/\\\/secure.gravatar.com\\\/avatar\\\/1db852625ef4948f58d2739bfbc51e4b9bd5c93b8fa340b59fdb594ca0845645?s=96&d=mm&r=g\",\"url\":\"https:\\\/\\\/secure.gravatar.com\\\/avatar\\\/1db852625ef4948f58d2739bfbc51e4b9bd5c93b8fa340b59fdb594ca0845645?s=96&d=mm&r=g\",\"contentUrl\":\"https:\\\/\\\/secure.gravatar.com\\\/avatar\\\/1db852625ef4948f58d2739bfbc51e4b9bd5c93b8fa340b59fdb594ca0845645?s=96&d=mm&r=g\",\"caption\":\"Super User\"},\"url\":\"https:\\\/\\\/ppdegalicia.com\\\/es\\\/author\\\/ppdegaliciagestion\\\/\"}]}<\/script>\n<!-- \/ Yoast SEO plugin. -->","yoast_head_json":{"title":"O PPdeG reitera que o proxecto da mina de Touro \u201cs\u00f3 ser\u00e1 viable se salvagarda o respecto ao contorno e o estrito cumprimento da legalidade vixente\u201d - PP de Galicia","robots":{"index":"index","follow":"follow","max-snippet":"max-snippet:-1","max-image-preview":"max-image-preview:large","max-video-preview":"max-video-preview:-1"},"canonical":"https:\/\/ppdegalicia.com\/es\/o-ppdeg-reitera-que-o-proxecto-da-mina-de-touro-so-sera-viable-se-salvagarda-o-respecto-ao-contorno-e-o-estrito-cumprimento-da-legalidade-vixente\/","og_locale":"es_ES","og_type":"article","og_title":"O PPdeG reitera que o proxecto da mina de Touro \u201cs\u00f3 ser\u00e1 viable se salvagarda o respecto ao contorno e o estrito cumprimento da legalidade vixente\u201d - PP de Galicia","og_description":"Santiago, 10 de abril de 2019.- O deputado do Grupo Popular, Mois\u00e9s Blanco, reiterou hoxe no Parlamento que \u201ctanto desde a Xunta como o PPdeG estamos a favor dunha minar\u00eda sustentable, moderna e respectuosa co medio ambiente\u201d, polo que incidiu que o proxecto da mina de Touro \u201cs\u00f3 ser\u00e1 viable se salvagarda o total respecto [&hellip;]","og_url":"https:\/\/ppdegalicia.com\/es\/o-ppdeg-reitera-que-o-proxecto-da-mina-de-touro-so-sera-viable-se-salvagarda-o-respecto-ao-contorno-e-o-estrito-cumprimento-da-legalidade-vixente\/","og_site_name":"PP de Galicia","article_publisher":"https:\/\/www.instagram.com\/ppdegalicia\/","article_published_time":"2019-04-10T09:18:32+00:00","author":"Super User","twitter_card":"summary_large_image","twitter_creator":"@ppdegalicia","twitter_site":"@ppdegalicia","twitter_misc":{"Escrito por":"Super User","Tiempo de lectura":"1 minuto"},"schema":{"@context":"https:\/\/schema.org","@graph":[{"@type":"Article","@id":"https:\/\/ppdegalicia.com\/es\/o-ppdeg-reitera-que-o-proxecto-da-mina-de-touro-so-sera-viable-se-salvagarda-o-respecto-ao-contorno-e-o-estrito-cumprimento-da-legalidade-vixente\/#article","isPartOf":{"@id":"https:\/\/ppdegalicia.com\/es\/o-ppdeg-reitera-que-o-proxecto-da-mina-de-touro-so-sera-viable-se-salvagarda-o-respecto-ao-contorno-e-o-estrito-cumprimento-da-legalidade-vixente\/"},"author":{"name":"Super User","@id":"https:\/\/ppdegalicia.com\/es\/#\/schema\/person\/d0f013b8388c980665d44009ab762960"},"headline":"O PPdeG reitera que o proxecto da mina de Touro \u201cs\u00f3 ser\u00e1 viable se salvagarda o respecto ao contorno e o estrito cumprimento da legalidade vixente\u201d","datePublished":"2019-04-10T09:18:32+00:00","mainEntityOfPage":{"@id":"https:\/\/ppdegalicia.com\/es\/o-ppdeg-reitera-que-o-proxecto-da-mina-de-touro-so-sera-viable-se-salvagarda-o-respecto-ao-contorno-e-o-estrito-cumprimento-da-legalidade-vixente\/"},"wordCount":325,"commentCount":0,"publisher":{"@id":"https:\/\/ppdegalicia.com\/es\/#organization"},"articleSection":["PP de Galicia"],"inLanguage":"es","potentialAction":[{"@type":"CommentAction","name":"Comment","target":["https:\/\/ppdegalicia.com\/es\/o-ppdeg-reitera-que-o-proxecto-da-mina-de-touro-so-sera-viable-se-salvagarda-o-respecto-ao-contorno-e-o-estrito-cumprimento-da-legalidade-vixente\/#respond"]}]},{"@type":"WebPage","@id":"https:\/\/ppdegalicia.com\/es\/o-ppdeg-reitera-que-o-proxecto-da-mina-de-touro-so-sera-viable-se-salvagarda-o-respecto-ao-contorno-e-o-estrito-cumprimento-da-legalidade-vixente\/","url":"https:\/\/ppdegalicia.com\/es\/o-ppdeg-reitera-que-o-proxecto-da-mina-de-touro-so-sera-viable-se-salvagarda-o-respecto-ao-contorno-e-o-estrito-cumprimento-da-legalidade-vixente\/","name":"O PPdeG reitera que o proxecto da mina de Touro \u201cs\u00f3 ser\u00e1 viable se salvagarda o respecto ao contorno e o estrito cumprimento da legalidade vixente\u201d - PP de Galicia","isPartOf":{"@id":"https:\/\/ppdegalicia.com\/es\/#website"},"datePublished":"2019-04-10T09:18:32+00:00","breadcrumb":{"@id":"https:\/\/ppdegalicia.com\/es\/o-ppdeg-reitera-que-o-proxecto-da-mina-de-touro-so-sera-viable-se-salvagarda-o-respecto-ao-contorno-e-o-estrito-cumprimento-da-legalidade-vixente\/#breadcrumb"},"inLanguage":"es","potentialAction":[{"@type":"ReadAction","target":["https:\/\/ppdegalicia.com\/es\/o-ppdeg-reitera-que-o-proxecto-da-mina-de-touro-so-sera-viable-se-salvagarda-o-respecto-ao-contorno-e-o-estrito-cumprimento-da-legalidade-vixente\/"]}]},{"@type":"BreadcrumbList","@id":"https:\/\/ppdegalicia.com\/es\/o-ppdeg-reitera-que-o-proxecto-da-mina-de-touro-so-sera-viable-se-salvagarda-o-respecto-ao-contorno-e-o-estrito-cumprimento-da-legalidade-vixente\/#breadcrumb","itemListElement":[{"@type":"ListItem","position":1,"name":"Portada","item":"https:\/\/ppdegalicia.com\/es\/"},{"@type":"ListItem","position":2,"name":"O PPdeG reitera que o proxecto da mina de Touro \u201cs\u00f3 ser\u00e1 viable se salvagarda o respecto ao contorno e o estrito cumprimento da legalidade vixente\u201d"}]},{"@type":"WebSite","@id":"https:\/\/ppdegalicia.com\/es\/#website","url":"https:\/\/ppdegalicia.com\/es\/","name":"Partido Popular de Galicia","description":"Partido Popular de Galicia","publisher":{"@id":"https:\/\/ppdegalicia.com\/es\/#organization"},"alternateName":"PP de Galicia","potentialAction":[{"@type":"SearchAction","target":{"@type":"EntryPoint","urlTemplate":"https:\/\/ppdegalicia.com\/es\/?s={search_term_string}"},"query-input":{"@type":"PropertyValueSpecification","valueRequired":true,"valueName":"search_term_string"}}],"inLanguage":"es"},{"@type":"Organization","@id":"https:\/\/ppdegalicia.com\/es\/#organization","name":"Partido Popular de Galicia","alternateName":"PP de Galicia","url":"https:\/\/ppdegalicia.com\/es\/","logo":{"@type":"ImageObject","inLanguage":"es","@id":"https:\/\/ppdegalicia.com\/es\/#\/schema\/logo\/image\/","url":"https:\/\/ppdegalicia.com\/wp-content\/uploads\/2023\/04\/logoPP512.png","contentUrl":"https:\/\/ppdegalicia.com\/wp-content\/uploads\/2023\/04\/logoPP512.png","width":512,"height":512,"caption":"Partido Popular de Galicia"},"image":{"@id":"https:\/\/ppdegalicia.com\/es\/#\/schema\/logo\/image\/"},"sameAs":["https:\/\/www.instagram.com\/ppdegalicia\/","https:\/\/x.com\/ppdegalicia","https:\/\/www.tiktok.com\/@ppdegalicia","https:\/\/www.youtube.com\/user\/ppdegalicia"]},{"@type":"Person","@id":"https:\/\/ppdegalicia.com\/es\/#\/schema\/person\/d0f013b8388c980665d44009ab762960","name":"Super User","image":{"@type":"ImageObject","inLanguage":"es","@id":"https:\/\/secure.gravatar.com\/avatar\/1db852625ef4948f58d2739bfbc51e4b9bd5c93b8fa340b59fdb594ca0845645?s=96&d=mm&r=g","url":"https:\/\/secure.gravatar.com\/avatar\/1db852625ef4948f58d2739bfbc51e4b9bd5c93b8fa340b59fdb594ca0845645?s=96&d=mm&r=g","contentUrl":"https:\/\/secure.gravatar.com\/avatar\/1db852625ef4948f58d2739bfbc51e4b9bd5c93b8fa340b59fdb594ca0845645?s=96&d=mm&r=g","caption":"Super User"},"url":"https:\/\/ppdegalicia.com\/es\/author\/ppdegaliciagestion\/"}]}},"_links":{"self":[{"href":"https:\/\/ppdegalicia.com\/es\/wp-json\/wp\/v2\/posts\/52642","targetHints":{"allow":["GET"]}}],"collection":[{"href":"https:\/\/ppdegalicia.com\/es\/wp-json\/wp\/v2\/posts"}],"about":[{"href":"https:\/\/ppdegalicia.com\/es\/wp-json\/wp\/v2\/types\/post"}],"author":[{"embeddable":true,"href":"https:\/\/ppdegalicia.com\/es\/wp-json\/wp\/v2\/users\/37"}],"replies":[{"embeddable":true,"href":"https:\/\/ppdegalicia.com\/es\/wp-json\/wp\/v2\/comments?post=52642"}],"version-history":[{"count":0,"href":"https:\/\/ppdegalicia.com\/es\/wp-json\/wp\/v2\/posts\/52642\/revisions"}],"wp:attachment":[{"href":"https:\/\/ppdegalicia.com\/es\/wp-json\/wp\/v2\/media?parent=52642"}],"wp:term":[{"taxonomy":"category","embeddable":true,"href":"https:\/\/ppdegalicia.com\/es\/wp-json\/wp\/v2\/categories?post=52642"},{"taxonomy":"post_tag","embeddable":true,"href":"https:\/\/ppdegalicia.com\/es\/wp-json\/wp\/v2\/tags?post=52642"}],"curies":[{"name":"wp","href":"https:\/\/api.w.org\/{rel}","templated":true}]}}