{"id":52644,"date":"2019-04-10T12:04:36","date_gmt":"2019-04-10T10:04:36","guid":{"rendered":"https:\/\/ppdegalicia.com\/o-parlamento-demanda-a-fomento-que-elabore-un-plan-director-para-o-corredor-atlantico-consensuado-coas-comunidades-autonomas\/"},"modified":"2019-04-10T12:04:36","modified_gmt":"2019-04-10T10:04:36","slug":"o-parlamento-demanda-a-fomento-que-elabore-un-plan-director-para-o-corredor-atlantico-consensuado-coas-comunidades-autonomas","status":"publish","type":"post","link":"https:\/\/ppdegalicia.com\/es\/o-parlamento-demanda-a-fomento-que-elabore-un-plan-director-para-o-corredor-atlantico-consensuado-coas-comunidades-autonomas\/","title":{"rendered":"O Parlamento demanda a Fomento que elabore un plan director para o Corredor Atl\u00e1ntico consensuado coas comunidades aut\u00f3nomas"},"content":{"rendered":"<p>Santiago, 10 de abril de 2019.- O Parlamento de Galicia aprobou hoxe por unanimidade a proposici\u00f3n non de lei do Grupo Popular a trav\u00e9s da que se solicita ao Ministerio de Fomento que elabore un plan director para o Corredor Atl\u00e1ntico consensuado, que recolla planificaci\u00f3n e proxectos concretos de calidade para conseguir fondos europeos que se traduzan nunha verdadeira modernizaci\u00f3n desta li\u00f1a ferroviaria. As\u00ed mesmo, p\u00eddese que traballe con intensidade na elaboraci\u00f3n de documentos t\u00e9cnicos de calidade que favorezan a recepci\u00f3n de fondos europeos para a li\u00f1a Vigo-Porto, ao tempo que redacta un plan de conservaci\u00f3n e modernizaci\u00f3n do resto da rede ferroviaria de Galicia, no que se recollan actuaci\u00f3ns de mellora e modernizaci\u00f3n das li\u00f1as Ferrol-Ribadeo, Ferrol-A Coru\u00f1a, Vigo-Porto e Ourense-Lugo.<\/p>\n<p><!--more--><\/p>\n<p>&nbsp;<\/p>\n<p>&nbsp;<\/p>\n<p>A proposici\u00f3n non de lei incorporou que o plan director para o Corredor Atl\u00e1ntico preste unha especial atenci\u00f3n \u00e1 conexi\u00f3n do ferrocarril cos portos de interese xeral, o Porto Seco de Monforte e a Plisan, as\u00ed como a conexi\u00f3n dos grandes parques empresariais e lox\u00edsticos; \u00e1 conexi\u00f3n ferroviaria co Porto Exterior de Punta Langosteira, garantindo o financiamento a cargo da UE e dos orzamentos do Estado, sen aportaci\u00f3n de fondos econ\u00f3micos pola Autoridade Portuaria da Coru\u00f1a, de xeito que se podan licitar e dar comezo as obras neste ano 2019; e a tramitaci\u00f3n e aprobaci\u00f3n do proxecto de sa\u00edda sur de Vigo, coa previsi\u00f3n de licitaci\u00f3n de proxectos ao longo do ano 2019. Tam\u00e9n se pide que, no marco da revisi\u00f3n do Regulamento Europeo 1315\/2013 do Parlamento Europeo e do Consello, de 11 de decembro de 2013, se demande a inclusi\u00f3n do Porto de Vigo na rede b\u00e1sica portuaria da RTE-T.<\/p>\n<p>&nbsp;<\/p>\n<p><strong>EVITAR UN NOVO AGRAVIO CON GALICIA<\/strong><\/p>\n<p>&nbsp;<\/p>\n<p>A deputada popular Julia Rodr\u00edguez manifestou que esta iniciativa \u201ctrata de evitar que se produza un novo agravio con Galicia no que atinxe ao Corredor Atl\u00e1ntico de transporte ferroviario de mercador\u00edas\u201d. \u201cSomos conscientes de estar ante a oportunidade de reparar unha inxusta exclusi\u00f3n, na que se veu traballando desde que se formalizou a declaraci\u00f3n conxunta dos gobernos de Galicia, Asturias e Castela e Le\u00f3n en outubro de 2017 para reclamar esta conexi\u00f3n ante o Goberno do Estado e as instituci\u00f3ns europeas\u201d, apuntou.<\/p>\n<p>&nbsp;<\/p>\n<p>Julia Rodr\u00edguez lembrou que, unha vez que se garantiu a inclusi\u00f3n do Corredor Atl\u00e1ntico da conexi\u00f3n ferroviaria entre A Coru\u00f1a e Le\u00f3n, a trav\u00e9s de Vigo, Ourense e Monforte, \u201co seguinte paso corresponder\u00eda ao Ministerio de Fomento para elaborar o plan director para o Corredor Atl\u00e1ntico\u201d. \u201cEste plan foi presentado polo ministro o pasado 20 de febreiro pero non foi consensuado coas comunidades aut\u00f3nomas e, ademais, cont\u00e9n m\u00faltiples eivas e deficiencias, como contabilizar como investimentos obras xa executadas; incorpora outras que non corresponden aos treitos do Corredor Atl\u00e1ntico; obvia actuaci\u00f3ns estrat\u00e9xicas, como o baip\u00e1s de Monforte, a sa\u00edda sur de Vigo ou a soluci\u00f3n \u00e1 forte pendente do porto do Manzanal; e non recolle conexi\u00f3ns ferroviarias imprescindibles coas instalaci\u00f3ns portuarias ou a Plisan\u201d, lamentou.<\/p>\n<p>&nbsp;<\/p>\n<p><strong>PLANIFICACI\u00d3N COMPLETA<\/strong><\/p>\n<p>&nbsp;<\/p>\n<p>\u201cPara acceder aos fondos europeos se precisa dunha planificaci\u00f3n completa de actuaci\u00f3ns e desenvolver proxectos concretos, de calidade e competitivos\u201d, sinalou a deputada popular, quen tam\u00e9n considerou necesario que eses proxectos \u201cse concreten canto antes, porque os primeiros grandes proxectos de maior investimento deben facerse nos primeiros anos do mecanismo Conectar Europa\u201d.<\/p>\n<p>&nbsp;<\/p>\n<p>Deste xeito, lamentou que \u201cesta actuaci\u00f3n neglixente do Ministerio de Fomento estea po\u00f1en en risco a posibilidade de acometer unha modernizaci\u00f3n real da li\u00f1a noroeste do Corredor Atl\u00e1ntico, que permita acadar os est\u00e1ndares de competitividade que&nbsp; persigue a Uni\u00f3n Europea\u201d.<\/p>\n<p>&nbsp;<\/p>\n<p>\u201cNon imos permitir que o Goberno socialista nos marxine outra vez e por ese motivo seguiremos defendendo a necesaria modernizaci\u00f3n das li\u00f1as ferroviarias galegas que nos permitan no futuro colocar os nosos produtos no resto de Europa en condici\u00f3ns de competitividade\u201d, sinalou Julia Rodr\u00edguez.<\/p>\n","protected":false},"excerpt":{"rendered":"<p>Santiago, 10 de abril de 2019.- O Parlamento de Galicia aprobou hoxe por unanimidade a proposici\u00f3n non de lei do Grupo Popular a trav\u00e9s da que se solicita ao Ministerio de Fomento que elabore un plan director para o Corredor Atl\u00e1ntico consensuado, que recolla planificaci\u00f3n e proxectos concretos de calidade para conseguir fondos europeos que [&hellip;]<\/p>\n","protected":false},"author":37,"featured_media":0,"comment_status":"open","ping_status":"open","sticky":false,"template":"","format":"standard","meta":{"_acf_changed":false,"footnotes":""},"categories":[1],"tags":[],"class_list":["post-52644","post","type-post","status-publish","format-standard","hentry","category-pp-de-galicia"],"acf":[],"yoast_head":"<!-- This site is optimized with the Yoast SEO plugin v27.3 - https:\/\/yoast.com\/product\/yoast-seo-wordpress\/ -->\n<title>O Parlamento demanda a Fomento que elabore un plan director para o Corredor Atl\u00e1ntico consensuado coas comunidades aut\u00f3nomas - PP de Galicia<\/title>\n<meta name=\"robots\" content=\"index, follow, max-snippet:-1, max-image-preview:large, max-video-preview:-1\" \/>\n<link rel=\"canonical\" href=\"https:\/\/ppdegalicia.com\/es\/o-parlamento-demanda-a-fomento-que-elabore-un-plan-director-para-o-corredor-atlantico-consensuado-coas-comunidades-autonomas\/\" \/>\n<meta property=\"og:locale\" content=\"es_ES\" \/>\n<meta property=\"og:type\" content=\"article\" \/>\n<meta property=\"og:title\" content=\"O Parlamento demanda a Fomento que elabore un plan director para o Corredor Atl\u00e1ntico consensuado coas comunidades aut\u00f3nomas - PP de Galicia\" \/>\n<meta property=\"og:description\" content=\"Santiago, 10 de abril de 2019.- O Parlamento de Galicia aprobou hoxe por unanimidade a proposici\u00f3n non de lei do Grupo Popular a trav\u00e9s da que se solicita ao Ministerio de Fomento que elabore un plan director para o Corredor Atl\u00e1ntico consensuado, que recolla planificaci\u00f3n e proxectos concretos de calidade para conseguir fondos europeos que [&hellip;]\" \/>\n<meta property=\"og:url\" content=\"https:\/\/ppdegalicia.com\/es\/o-parlamento-demanda-a-fomento-que-elabore-un-plan-director-para-o-corredor-atlantico-consensuado-coas-comunidades-autonomas\/\" \/>\n<meta property=\"og:site_name\" content=\"PP de Galicia\" \/>\n<meta property=\"article:publisher\" content=\"https:\/\/www.instagram.com\/ppdegalicia\/\" \/>\n<meta property=\"article:published_time\" content=\"2019-04-10T10:04:36+00:00\" \/>\n<meta name=\"author\" content=\"Super User\" \/>\n<meta name=\"twitter:card\" content=\"summary_large_image\" \/>\n<meta name=\"twitter:creator\" content=\"@ppdegalicia\" \/>\n<meta name=\"twitter:site\" content=\"@ppdegalicia\" \/>\n<meta name=\"twitter:label1\" content=\"Escrito por\" \/>\n\t<meta name=\"twitter:data1\" content=\"Super User\" \/>\n\t<meta name=\"twitter:label2\" content=\"Tiempo de lectura\" \/>\n\t<meta name=\"twitter:data2\" content=\"4 minutos\" \/>\n<script type=\"application\/ld+json\" class=\"yoast-schema-graph\">{\"@context\":\"https:\\\/\\\/schema.org\",\"@graph\":[{\"@type\":\"Article\",\"@id\":\"https:\\\/\\\/ppdegalicia.com\\\/es\\\/o-parlamento-demanda-a-fomento-que-elabore-un-plan-director-para-o-corredor-atlantico-consensuado-coas-comunidades-autonomas\\\/#article\",\"isPartOf\":{\"@id\":\"https:\\\/\\\/ppdegalicia.com\\\/es\\\/o-parlamento-demanda-a-fomento-que-elabore-un-plan-director-para-o-corredor-atlantico-consensuado-coas-comunidades-autonomas\\\/\"},\"author\":{\"name\":\"Super User\",\"@id\":\"https:\\\/\\\/ppdegalicia.com\\\/es\\\/#\\\/schema\\\/person\\\/d0f013b8388c980665d44009ab762960\"},\"headline\":\"O Parlamento demanda a Fomento que elabore un plan director para o Corredor Atl\u00e1ntico consensuado coas comunidades aut\u00f3nomas\",\"datePublished\":\"2019-04-10T10:04:36+00:00\",\"mainEntityOfPage\":{\"@id\":\"https:\\\/\\\/ppdegalicia.com\\\/es\\\/o-parlamento-demanda-a-fomento-que-elabore-un-plan-director-para-o-corredor-atlantico-consensuado-coas-comunidades-autonomas\\\/\"},\"wordCount\":721,\"commentCount\":0,\"publisher\":{\"@id\":\"https:\\\/\\\/ppdegalicia.com\\\/es\\\/#organization\"},\"articleSection\":[\"PP de Galicia\"],\"inLanguage\":\"es\",\"potentialAction\":[{\"@type\":\"CommentAction\",\"name\":\"Comment\",\"target\":[\"https:\\\/\\\/ppdegalicia.com\\\/es\\\/o-parlamento-demanda-a-fomento-que-elabore-un-plan-director-para-o-corredor-atlantico-consensuado-coas-comunidades-autonomas\\\/#respond\"]}]},{\"@type\":\"WebPage\",\"@id\":\"https:\\\/\\\/ppdegalicia.com\\\/es\\\/o-parlamento-demanda-a-fomento-que-elabore-un-plan-director-para-o-corredor-atlantico-consensuado-coas-comunidades-autonomas\\\/\",\"url\":\"https:\\\/\\\/ppdegalicia.com\\\/es\\\/o-parlamento-demanda-a-fomento-que-elabore-un-plan-director-para-o-corredor-atlantico-consensuado-coas-comunidades-autonomas\\\/\",\"name\":\"O Parlamento demanda a Fomento que elabore un plan director para o Corredor Atl\u00e1ntico consensuado coas comunidades aut\u00f3nomas - PP de Galicia\",\"isPartOf\":{\"@id\":\"https:\\\/\\\/ppdegalicia.com\\\/es\\\/#website\"},\"datePublished\":\"2019-04-10T10:04:36+00:00\",\"breadcrumb\":{\"@id\":\"https:\\\/\\\/ppdegalicia.com\\\/es\\\/o-parlamento-demanda-a-fomento-que-elabore-un-plan-director-para-o-corredor-atlantico-consensuado-coas-comunidades-autonomas\\\/#breadcrumb\"},\"inLanguage\":\"es\",\"potentialAction\":[{\"@type\":\"ReadAction\",\"target\":[\"https:\\\/\\\/ppdegalicia.com\\\/es\\\/o-parlamento-demanda-a-fomento-que-elabore-un-plan-director-para-o-corredor-atlantico-consensuado-coas-comunidades-autonomas\\\/\"]}]},{\"@type\":\"BreadcrumbList\",\"@id\":\"https:\\\/\\\/ppdegalicia.com\\\/es\\\/o-parlamento-demanda-a-fomento-que-elabore-un-plan-director-para-o-corredor-atlantico-consensuado-coas-comunidades-autonomas\\\/#breadcrumb\",\"itemListElement\":[{\"@type\":\"ListItem\",\"position\":1,\"name\":\"Portada\",\"item\":\"https:\\\/\\\/ppdegalicia.com\\\/es\\\/\"},{\"@type\":\"ListItem\",\"position\":2,\"name\":\"O Parlamento demanda a Fomento que elabore un plan director para o Corredor Atl\u00e1ntico consensuado coas comunidades aut\u00f3nomas\"}]},{\"@type\":\"WebSite\",\"@id\":\"https:\\\/\\\/ppdegalicia.com\\\/es\\\/#website\",\"url\":\"https:\\\/\\\/ppdegalicia.com\\\/es\\\/\",\"name\":\"Partido Popular de Galicia\",\"description\":\"Partido Popular de Galicia\",\"publisher\":{\"@id\":\"https:\\\/\\\/ppdegalicia.com\\\/es\\\/#organization\"},\"alternateName\":\"PP de Galicia\",\"potentialAction\":[{\"@type\":\"SearchAction\",\"target\":{\"@type\":\"EntryPoint\",\"urlTemplate\":\"https:\\\/\\\/ppdegalicia.com\\\/es\\\/?s={search_term_string}\"},\"query-input\":{\"@type\":\"PropertyValueSpecification\",\"valueRequired\":true,\"valueName\":\"search_term_string\"}}],\"inLanguage\":\"es\"},{\"@type\":\"Organization\",\"@id\":\"https:\\\/\\\/ppdegalicia.com\\\/es\\\/#organization\",\"name\":\"Partido Popular de Galicia\",\"alternateName\":\"PP de Galicia\",\"url\":\"https:\\\/\\\/ppdegalicia.com\\\/es\\\/\",\"logo\":{\"@type\":\"ImageObject\",\"inLanguage\":\"es\",\"@id\":\"https:\\\/\\\/ppdegalicia.com\\\/es\\\/#\\\/schema\\\/logo\\\/image\\\/\",\"url\":\"https:\\\/\\\/ppdegalicia.com\\\/wp-content\\\/uploads\\\/2023\\\/04\\\/logoPP512.png\",\"contentUrl\":\"https:\\\/\\\/ppdegalicia.com\\\/wp-content\\\/uploads\\\/2023\\\/04\\\/logoPP512.png\",\"width\":512,\"height\":512,\"caption\":\"Partido Popular de Galicia\"},\"image\":{\"@id\":\"https:\\\/\\\/ppdegalicia.com\\\/es\\\/#\\\/schema\\\/logo\\\/image\\\/\"},\"sameAs\":[\"https:\\\/\\\/www.instagram.com\\\/ppdegalicia\\\/\",\"https:\\\/\\\/x.com\\\/ppdegalicia\",\"https:\\\/\\\/www.tiktok.com\\\/@ppdegalicia\",\"https:\\\/\\\/www.youtube.com\\\/user\\\/ppdegalicia\"]},{\"@type\":\"Person\",\"@id\":\"https:\\\/\\\/ppdegalicia.com\\\/es\\\/#\\\/schema\\\/person\\\/d0f013b8388c980665d44009ab762960\",\"name\":\"Super User\",\"image\":{\"@type\":\"ImageObject\",\"inLanguage\":\"es\",\"@id\":\"https:\\\/\\\/secure.gravatar.com\\\/avatar\\\/1db852625ef4948f58d2739bfbc51e4b9bd5c93b8fa340b59fdb594ca0845645?s=96&d=mm&r=g\",\"url\":\"https:\\\/\\\/secure.gravatar.com\\\/avatar\\\/1db852625ef4948f58d2739bfbc51e4b9bd5c93b8fa340b59fdb594ca0845645?s=96&d=mm&r=g\",\"contentUrl\":\"https:\\\/\\\/secure.gravatar.com\\\/avatar\\\/1db852625ef4948f58d2739bfbc51e4b9bd5c93b8fa340b59fdb594ca0845645?s=96&d=mm&r=g\",\"caption\":\"Super User\"},\"url\":\"https:\\\/\\\/ppdegalicia.com\\\/es\\\/author\\\/ppdegaliciagestion\\\/\"}]}<\/script>\n<!-- \/ Yoast SEO plugin. -->","yoast_head_json":{"title":"O Parlamento demanda a Fomento que elabore un plan director para o Corredor Atl\u00e1ntico consensuado coas comunidades aut\u00f3nomas - PP de Galicia","robots":{"index":"index","follow":"follow","max-snippet":"max-snippet:-1","max-image-preview":"max-image-preview:large","max-video-preview":"max-video-preview:-1"},"canonical":"https:\/\/ppdegalicia.com\/es\/o-parlamento-demanda-a-fomento-que-elabore-un-plan-director-para-o-corredor-atlantico-consensuado-coas-comunidades-autonomas\/","og_locale":"es_ES","og_type":"article","og_title":"O Parlamento demanda a Fomento que elabore un plan director para o Corredor Atl\u00e1ntico consensuado coas comunidades aut\u00f3nomas - PP de Galicia","og_description":"Santiago, 10 de abril de 2019.- O Parlamento de Galicia aprobou hoxe por unanimidade a proposici\u00f3n non de lei do Grupo Popular a trav\u00e9s da que se solicita ao Ministerio de Fomento que elabore un plan director para o Corredor Atl\u00e1ntico consensuado, que recolla planificaci\u00f3n e proxectos concretos de calidade para conseguir fondos europeos que [&hellip;]","og_url":"https:\/\/ppdegalicia.com\/es\/o-parlamento-demanda-a-fomento-que-elabore-un-plan-director-para-o-corredor-atlantico-consensuado-coas-comunidades-autonomas\/","og_site_name":"PP de Galicia","article_publisher":"https:\/\/www.instagram.com\/ppdegalicia\/","article_published_time":"2019-04-10T10:04:36+00:00","author":"Super User","twitter_card":"summary_large_image","twitter_creator":"@ppdegalicia","twitter_site":"@ppdegalicia","twitter_misc":{"Escrito por":"Super User","Tiempo de lectura":"4 minutos"},"schema":{"@context":"https:\/\/schema.org","@graph":[{"@type":"Article","@id":"https:\/\/ppdegalicia.com\/es\/o-parlamento-demanda-a-fomento-que-elabore-un-plan-director-para-o-corredor-atlantico-consensuado-coas-comunidades-autonomas\/#article","isPartOf":{"@id":"https:\/\/ppdegalicia.com\/es\/o-parlamento-demanda-a-fomento-que-elabore-un-plan-director-para-o-corredor-atlantico-consensuado-coas-comunidades-autonomas\/"},"author":{"name":"Super User","@id":"https:\/\/ppdegalicia.com\/es\/#\/schema\/person\/d0f013b8388c980665d44009ab762960"},"headline":"O Parlamento demanda a Fomento que elabore un plan director para o Corredor Atl\u00e1ntico consensuado coas comunidades aut\u00f3nomas","datePublished":"2019-04-10T10:04:36+00:00","mainEntityOfPage":{"@id":"https:\/\/ppdegalicia.com\/es\/o-parlamento-demanda-a-fomento-que-elabore-un-plan-director-para-o-corredor-atlantico-consensuado-coas-comunidades-autonomas\/"},"wordCount":721,"commentCount":0,"publisher":{"@id":"https:\/\/ppdegalicia.com\/es\/#organization"},"articleSection":["PP de Galicia"],"inLanguage":"es","potentialAction":[{"@type":"CommentAction","name":"Comment","target":["https:\/\/ppdegalicia.com\/es\/o-parlamento-demanda-a-fomento-que-elabore-un-plan-director-para-o-corredor-atlantico-consensuado-coas-comunidades-autonomas\/#respond"]}]},{"@type":"WebPage","@id":"https:\/\/ppdegalicia.com\/es\/o-parlamento-demanda-a-fomento-que-elabore-un-plan-director-para-o-corredor-atlantico-consensuado-coas-comunidades-autonomas\/","url":"https:\/\/ppdegalicia.com\/es\/o-parlamento-demanda-a-fomento-que-elabore-un-plan-director-para-o-corredor-atlantico-consensuado-coas-comunidades-autonomas\/","name":"O Parlamento demanda a Fomento que elabore un plan director para o Corredor Atl\u00e1ntico consensuado coas comunidades aut\u00f3nomas - PP de Galicia","isPartOf":{"@id":"https:\/\/ppdegalicia.com\/es\/#website"},"datePublished":"2019-04-10T10:04:36+00:00","breadcrumb":{"@id":"https:\/\/ppdegalicia.com\/es\/o-parlamento-demanda-a-fomento-que-elabore-un-plan-director-para-o-corredor-atlantico-consensuado-coas-comunidades-autonomas\/#breadcrumb"},"inLanguage":"es","potentialAction":[{"@type":"ReadAction","target":["https:\/\/ppdegalicia.com\/es\/o-parlamento-demanda-a-fomento-que-elabore-un-plan-director-para-o-corredor-atlantico-consensuado-coas-comunidades-autonomas\/"]}]},{"@type":"BreadcrumbList","@id":"https:\/\/ppdegalicia.com\/es\/o-parlamento-demanda-a-fomento-que-elabore-un-plan-director-para-o-corredor-atlantico-consensuado-coas-comunidades-autonomas\/#breadcrumb","itemListElement":[{"@type":"ListItem","position":1,"name":"Portada","item":"https:\/\/ppdegalicia.com\/es\/"},{"@type":"ListItem","position":2,"name":"O Parlamento demanda a Fomento que elabore un plan director para o Corredor Atl\u00e1ntico consensuado coas comunidades aut\u00f3nomas"}]},{"@type":"WebSite","@id":"https:\/\/ppdegalicia.com\/es\/#website","url":"https:\/\/ppdegalicia.com\/es\/","name":"Partido Popular de Galicia","description":"Partido Popular de Galicia","publisher":{"@id":"https:\/\/ppdegalicia.com\/es\/#organization"},"alternateName":"PP de Galicia","potentialAction":[{"@type":"SearchAction","target":{"@type":"EntryPoint","urlTemplate":"https:\/\/ppdegalicia.com\/es\/?s={search_term_string}"},"query-input":{"@type":"PropertyValueSpecification","valueRequired":true,"valueName":"search_term_string"}}],"inLanguage":"es"},{"@type":"Organization","@id":"https:\/\/ppdegalicia.com\/es\/#organization","name":"Partido Popular de Galicia","alternateName":"PP de Galicia","url":"https:\/\/ppdegalicia.com\/es\/","logo":{"@type":"ImageObject","inLanguage":"es","@id":"https:\/\/ppdegalicia.com\/es\/#\/schema\/logo\/image\/","url":"https:\/\/ppdegalicia.com\/wp-content\/uploads\/2023\/04\/logoPP512.png","contentUrl":"https:\/\/ppdegalicia.com\/wp-content\/uploads\/2023\/04\/logoPP512.png","width":512,"height":512,"caption":"Partido Popular de Galicia"},"image":{"@id":"https:\/\/ppdegalicia.com\/es\/#\/schema\/logo\/image\/"},"sameAs":["https:\/\/www.instagram.com\/ppdegalicia\/","https:\/\/x.com\/ppdegalicia","https:\/\/www.tiktok.com\/@ppdegalicia","https:\/\/www.youtube.com\/user\/ppdegalicia"]},{"@type":"Person","@id":"https:\/\/ppdegalicia.com\/es\/#\/schema\/person\/d0f013b8388c980665d44009ab762960","name":"Super User","image":{"@type":"ImageObject","inLanguage":"es","@id":"https:\/\/secure.gravatar.com\/avatar\/1db852625ef4948f58d2739bfbc51e4b9bd5c93b8fa340b59fdb594ca0845645?s=96&d=mm&r=g","url":"https:\/\/secure.gravatar.com\/avatar\/1db852625ef4948f58d2739bfbc51e4b9bd5c93b8fa340b59fdb594ca0845645?s=96&d=mm&r=g","contentUrl":"https:\/\/secure.gravatar.com\/avatar\/1db852625ef4948f58d2739bfbc51e4b9bd5c93b8fa340b59fdb594ca0845645?s=96&d=mm&r=g","caption":"Super User"},"url":"https:\/\/ppdegalicia.com\/es\/author\/ppdegaliciagestion\/"}]}},"_links":{"self":[{"href":"https:\/\/ppdegalicia.com\/es\/wp-json\/wp\/v2\/posts\/52644","targetHints":{"allow":["GET"]}}],"collection":[{"href":"https:\/\/ppdegalicia.com\/es\/wp-json\/wp\/v2\/posts"}],"about":[{"href":"https:\/\/ppdegalicia.com\/es\/wp-json\/wp\/v2\/types\/post"}],"author":[{"embeddable":true,"href":"https:\/\/ppdegalicia.com\/es\/wp-json\/wp\/v2\/users\/37"}],"replies":[{"embeddable":true,"href":"https:\/\/ppdegalicia.com\/es\/wp-json\/wp\/v2\/comments?post=52644"}],"version-history":[{"count":0,"href":"https:\/\/ppdegalicia.com\/es\/wp-json\/wp\/v2\/posts\/52644\/revisions"}],"wp:attachment":[{"href":"https:\/\/ppdegalicia.com\/es\/wp-json\/wp\/v2\/media?parent=52644"}],"wp:term":[{"taxonomy":"category","embeddable":true,"href":"https:\/\/ppdegalicia.com\/es\/wp-json\/wp\/v2\/categories?post=52644"},{"taxonomy":"post_tag","embeddable":true,"href":"https:\/\/ppdegalicia.com\/es\/wp-json\/wp\/v2\/tags?post=52644"}],"curies":[{"name":"wp","href":"https:\/\/api.w.org\/{rel}","templated":true}]}}