{"id":52645,"date":"2019-04-10T12:17:40","date_gmt":"2019-04-10T10:17:40","guid":{"rendered":"https:\/\/ppdegalicia.com\/o-grupo-popular-cualifica-de-extemporanea-a-proposta-do-psoe-de-reclamar-o-uso-do-superavit\/"},"modified":"2019-04-10T12:17:40","modified_gmt":"2019-04-10T10:17:40","slug":"o-grupo-popular-cualifica-de-extemporanea-a-proposta-do-psoe-de-reclamar-o-uso-do-superavit","status":"publish","type":"post","link":"https:\/\/ppdegalicia.com\/es\/o-grupo-popular-cualifica-de-extemporanea-a-proposta-do-psoe-de-reclamar-o-uso-do-superavit\/","title":{"rendered":"O Grupo Popular cualifica de \u201cextempor\u00e1nea\u201d a proposta do PSOE de reclamar o uso do super\u00e1vit"},"content":{"rendered":"<p>Santiago, 10 de abril de 2019.- O portavoz do Grupo Popular, Pedro Puy, cualificou hoxe de \u201cextempor\u00e1nea\u201d a proposici\u00f3n non de lei do Grupo Socialista debatida hoxe no Pleno sobre a reclamaci\u00f3n ao Goberno central destinar o super\u00e1vit da Comunidade galega a sanidade, educaci\u00f3n e servizos sociais, \u201cporque foi o Presidente da Xunta o que tomou a iniciativa, \u00e1 que sumou a demanda dos 170 mill\u00f3ns de euros das liquidaci\u00f3ns negativas en compensaci\u00f3n por ser unha comunidade cumpridora, os 200 mill\u00f3ns da \u00faltima mensualidade do IVE de 2017 e os 330 mill\u00f3ns das entregas a conta correspondentes ao presente exercicio\u201d.<\/p>\n<p>&nbsp;<\/p>\n<p>Pedro&nbsp; Puy lembrou que o super\u00e1vit da Xunta no pasado ano \u201c\u00e9 consecuencia de que Galicia cumpriu o d\u00e9ficit p\u00fablico, o l\u00edmite de d\u00e9beda, a regra de gasto e fomos l\u00edderes no pago aos provedores\u201d e que \u201co super\u00e1vit non foi xerado pola inexecuci\u00f3n do gasto, sen\u00f3n por unha recadaci\u00f3n superior \u00e1 prevista como consecuencia da boa marcha da econom\u00eda galega.<\/p>\n<p>&nbsp;<\/p>\n<p><strong>CARTA \u00c1 MINISTRA ANTES QUE PROPOSTA SOCIALISTA<\/strong><\/p>\n<p>&nbsp;<\/p>\n<p>Diante desta situaci\u00f3n, o Presidente da Xunta mandou unha carta o 27 de febreiro \u00e1 ministra de Facenda solicitando poder facer uso deste super\u00e1vit para atender necesidades de Galicia en materia sanitaria, educativa e de servizos sociais, \u201cmoitos d\u00edas antes de que o Grupo Socialista rexistrara o 15 de marzo a proposici\u00f3n non de lei que hoxe debatemos\u201d.<\/p>\n<p>&nbsp;<\/p>\n<p>\u201cPor tanto, a posici\u00f3n do Goberno de Galicia fixo rectificar ao Goberno central, que o pasado 29 de marzo aprobou o Real Decreto que habilita a posibilidade de utilizar este super\u00e1vit, que foi publicado no bolet\u00edn oficial do Estado do 30 de marzo e convalidado no Congreso o 3 de abril\u201d, concretou.<\/p>\n<p>&nbsp;<\/p>\n<p>O portavoz popular criticou que a decisi\u00f3n do Goberno de Pedro S\u00e1nchez de eliminar a posibilidade de que as comunidades aut\u00f3nomas cumpridoras puideran utilizar o seu super\u00e1vit \u201cera unha discriminaci\u00f3n entre administraci\u00f3ns p\u00fablicas, xa que si se permit\u00eda \u00e1s entidades locais cumpridoras\u201d.<\/p>\n<p>&nbsp;<\/p>\n<p>\u201cO esforzo feito polos galegos, que fixo que Galicia tivera un super\u00e1vit de 125 mill\u00f3ns de euros, ten que ser reco\u00f1ecido\u201d, manifestou Puy, quen engadiu que \u201cten que haber flexibilidade para gastar o que \u00e9 dos galegos no que necesitan os galegos\u201d.<\/p>\n","protected":false},"excerpt":{"rendered":"<p>Santiago, 10 de abril de 2019.- O portavoz do Grupo Popular, Pedro Puy, cualificou hoxe de \u201cextempor\u00e1nea\u201d a proposici\u00f3n non de lei do Grupo Socialista debatida hoxe no Pleno sobre a reclamaci\u00f3n ao Goberno central destinar o super\u00e1vit da Comunidade galega a sanidade, educaci\u00f3n e servizos sociais, \u201cporque foi o Presidente da Xunta o que [&hellip;]<\/p>\n","protected":false},"author":37,"featured_media":0,"comment_status":"open","ping_status":"open","sticky":false,"template":"","format":"standard","meta":{"_acf_changed":false,"footnotes":""},"categories":[1],"tags":[],"class_list":["post-52645","post","type-post","status-publish","format-standard","hentry","category-pp-de-galicia"],"acf":[],"yoast_head":"<!-- This site is optimized with the Yoast SEO plugin v27.3 - https:\/\/yoast.com\/product\/yoast-seo-wordpress\/ -->\n<title>O Grupo Popular cualifica de \u201cextempor\u00e1nea\u201d a proposta do PSOE de reclamar o uso do super\u00e1vit - PP de Galicia<\/title>\n<meta name=\"robots\" content=\"index, follow, max-snippet:-1, max-image-preview:large, max-video-preview:-1\" \/>\n<link rel=\"canonical\" href=\"https:\/\/ppdegalicia.com\/es\/o-grupo-popular-cualifica-de-extemporanea-a-proposta-do-psoe-de-reclamar-o-uso-do-superavit\/\" \/>\n<meta property=\"og:locale\" content=\"es_ES\" \/>\n<meta property=\"og:type\" content=\"article\" \/>\n<meta property=\"og:title\" content=\"O Grupo Popular cualifica de \u201cextempor\u00e1nea\u201d a proposta do PSOE de reclamar o uso do super\u00e1vit - PP de Galicia\" \/>\n<meta property=\"og:description\" content=\"Santiago, 10 de abril de 2019.- O portavoz do Grupo Popular, Pedro Puy, cualificou hoxe de \u201cextempor\u00e1nea\u201d a proposici\u00f3n non de lei do Grupo Socialista debatida hoxe no Pleno sobre a reclamaci\u00f3n ao Goberno central destinar o super\u00e1vit da Comunidade galega a sanidade, educaci\u00f3n e servizos sociais, \u201cporque foi o Presidente da Xunta o que [&hellip;]\" \/>\n<meta property=\"og:url\" content=\"https:\/\/ppdegalicia.com\/es\/o-grupo-popular-cualifica-de-extemporanea-a-proposta-do-psoe-de-reclamar-o-uso-do-superavit\/\" \/>\n<meta property=\"og:site_name\" content=\"PP de Galicia\" \/>\n<meta property=\"article:publisher\" content=\"https:\/\/www.instagram.com\/ppdegalicia\/\" \/>\n<meta property=\"article:published_time\" content=\"2019-04-10T10:17:40+00:00\" \/>\n<meta name=\"author\" content=\"Super User\" \/>\n<meta name=\"twitter:card\" content=\"summary_large_image\" \/>\n<meta name=\"twitter:creator\" content=\"@ppdegalicia\" \/>\n<meta name=\"twitter:site\" content=\"@ppdegalicia\" \/>\n<meta name=\"twitter:label1\" content=\"Escrito por\" \/>\n\t<meta name=\"twitter:data1\" content=\"Super User\" \/>\n\t<meta name=\"twitter:label2\" content=\"Tiempo de lectura\" \/>\n\t<meta name=\"twitter:data2\" content=\"2 minutos\" \/>\n<script type=\"application\/ld+json\" class=\"yoast-schema-graph\">{\"@context\":\"https:\\\/\\\/schema.org\",\"@graph\":[{\"@type\":\"Article\",\"@id\":\"https:\\\/\\\/ppdegalicia.com\\\/es\\\/o-grupo-popular-cualifica-de-extemporanea-a-proposta-do-psoe-de-reclamar-o-uso-do-superavit\\\/#article\",\"isPartOf\":{\"@id\":\"https:\\\/\\\/ppdegalicia.com\\\/es\\\/o-grupo-popular-cualifica-de-extemporanea-a-proposta-do-psoe-de-reclamar-o-uso-do-superavit\\\/\"},\"author\":{\"name\":\"Super User\",\"@id\":\"https:\\\/\\\/ppdegalicia.com\\\/es\\\/#\\\/schema\\\/person\\\/d0f013b8388c980665d44009ab762960\"},\"headline\":\"O Grupo Popular cualifica de \u201cextempor\u00e1nea\u201d a proposta do PSOE de reclamar o uso do super\u00e1vit\",\"datePublished\":\"2019-04-10T10:17:40+00:00\",\"mainEntityOfPage\":{\"@id\":\"https:\\\/\\\/ppdegalicia.com\\\/es\\\/o-grupo-popular-cualifica-de-extemporanea-a-proposta-do-psoe-de-reclamar-o-uso-do-superavit\\\/\"},\"wordCount\":409,\"commentCount\":0,\"publisher\":{\"@id\":\"https:\\\/\\\/ppdegalicia.com\\\/es\\\/#organization\"},\"articleSection\":[\"PP de Galicia\"],\"inLanguage\":\"es\",\"potentialAction\":[{\"@type\":\"CommentAction\",\"name\":\"Comment\",\"target\":[\"https:\\\/\\\/ppdegalicia.com\\\/es\\\/o-grupo-popular-cualifica-de-extemporanea-a-proposta-do-psoe-de-reclamar-o-uso-do-superavit\\\/#respond\"]}]},{\"@type\":\"WebPage\",\"@id\":\"https:\\\/\\\/ppdegalicia.com\\\/es\\\/o-grupo-popular-cualifica-de-extemporanea-a-proposta-do-psoe-de-reclamar-o-uso-do-superavit\\\/\",\"url\":\"https:\\\/\\\/ppdegalicia.com\\\/es\\\/o-grupo-popular-cualifica-de-extemporanea-a-proposta-do-psoe-de-reclamar-o-uso-do-superavit\\\/\",\"name\":\"O Grupo Popular cualifica de \u201cextempor\u00e1nea\u201d a proposta do PSOE de reclamar o uso do super\u00e1vit - PP de Galicia\",\"isPartOf\":{\"@id\":\"https:\\\/\\\/ppdegalicia.com\\\/es\\\/#website\"},\"datePublished\":\"2019-04-10T10:17:40+00:00\",\"breadcrumb\":{\"@id\":\"https:\\\/\\\/ppdegalicia.com\\\/es\\\/o-grupo-popular-cualifica-de-extemporanea-a-proposta-do-psoe-de-reclamar-o-uso-do-superavit\\\/#breadcrumb\"},\"inLanguage\":\"es\",\"potentialAction\":[{\"@type\":\"ReadAction\",\"target\":[\"https:\\\/\\\/ppdegalicia.com\\\/es\\\/o-grupo-popular-cualifica-de-extemporanea-a-proposta-do-psoe-de-reclamar-o-uso-do-superavit\\\/\"]}]},{\"@type\":\"BreadcrumbList\",\"@id\":\"https:\\\/\\\/ppdegalicia.com\\\/es\\\/o-grupo-popular-cualifica-de-extemporanea-a-proposta-do-psoe-de-reclamar-o-uso-do-superavit\\\/#breadcrumb\",\"itemListElement\":[{\"@type\":\"ListItem\",\"position\":1,\"name\":\"Portada\",\"item\":\"https:\\\/\\\/ppdegalicia.com\\\/es\\\/\"},{\"@type\":\"ListItem\",\"position\":2,\"name\":\"O Grupo Popular cualifica de \u201cextempor\u00e1nea\u201d a proposta do PSOE de reclamar o uso do super\u00e1vit\"}]},{\"@type\":\"WebSite\",\"@id\":\"https:\\\/\\\/ppdegalicia.com\\\/es\\\/#website\",\"url\":\"https:\\\/\\\/ppdegalicia.com\\\/es\\\/\",\"name\":\"Partido Popular de Galicia\",\"description\":\"Partido Popular de Galicia\",\"publisher\":{\"@id\":\"https:\\\/\\\/ppdegalicia.com\\\/es\\\/#organization\"},\"alternateName\":\"PP de Galicia\",\"potentialAction\":[{\"@type\":\"SearchAction\",\"target\":{\"@type\":\"EntryPoint\",\"urlTemplate\":\"https:\\\/\\\/ppdegalicia.com\\\/es\\\/?s={search_term_string}\"},\"query-input\":{\"@type\":\"PropertyValueSpecification\",\"valueRequired\":true,\"valueName\":\"search_term_string\"}}],\"inLanguage\":\"es\"},{\"@type\":\"Organization\",\"@id\":\"https:\\\/\\\/ppdegalicia.com\\\/es\\\/#organization\",\"name\":\"Partido Popular de Galicia\",\"alternateName\":\"PP de Galicia\",\"url\":\"https:\\\/\\\/ppdegalicia.com\\\/es\\\/\",\"logo\":{\"@type\":\"ImageObject\",\"inLanguage\":\"es\",\"@id\":\"https:\\\/\\\/ppdegalicia.com\\\/es\\\/#\\\/schema\\\/logo\\\/image\\\/\",\"url\":\"https:\\\/\\\/ppdegalicia.com\\\/wp-content\\\/uploads\\\/2023\\\/04\\\/logoPP512.png\",\"contentUrl\":\"https:\\\/\\\/ppdegalicia.com\\\/wp-content\\\/uploads\\\/2023\\\/04\\\/logoPP512.png\",\"width\":512,\"height\":512,\"caption\":\"Partido Popular de Galicia\"},\"image\":{\"@id\":\"https:\\\/\\\/ppdegalicia.com\\\/es\\\/#\\\/schema\\\/logo\\\/image\\\/\"},\"sameAs\":[\"https:\\\/\\\/www.instagram.com\\\/ppdegalicia\\\/\",\"https:\\\/\\\/x.com\\\/ppdegalicia\",\"https:\\\/\\\/www.tiktok.com\\\/@ppdegalicia\",\"https:\\\/\\\/www.youtube.com\\\/user\\\/ppdegalicia\"]},{\"@type\":\"Person\",\"@id\":\"https:\\\/\\\/ppdegalicia.com\\\/es\\\/#\\\/schema\\\/person\\\/d0f013b8388c980665d44009ab762960\",\"name\":\"Super User\",\"image\":{\"@type\":\"ImageObject\",\"inLanguage\":\"es\",\"@id\":\"https:\\\/\\\/secure.gravatar.com\\\/avatar\\\/1db852625ef4948f58d2739bfbc51e4b9bd5c93b8fa340b59fdb594ca0845645?s=96&d=mm&r=g\",\"url\":\"https:\\\/\\\/secure.gravatar.com\\\/avatar\\\/1db852625ef4948f58d2739bfbc51e4b9bd5c93b8fa340b59fdb594ca0845645?s=96&d=mm&r=g\",\"contentUrl\":\"https:\\\/\\\/secure.gravatar.com\\\/avatar\\\/1db852625ef4948f58d2739bfbc51e4b9bd5c93b8fa340b59fdb594ca0845645?s=96&d=mm&r=g\",\"caption\":\"Super User\"},\"url\":\"https:\\\/\\\/ppdegalicia.com\\\/es\\\/author\\\/ppdegaliciagestion\\\/\"}]}<\/script>\n<!-- \/ Yoast SEO plugin. -->","yoast_head_json":{"title":"O Grupo Popular cualifica de \u201cextempor\u00e1nea\u201d a proposta do PSOE de reclamar o uso do super\u00e1vit - PP de Galicia","robots":{"index":"index","follow":"follow","max-snippet":"max-snippet:-1","max-image-preview":"max-image-preview:large","max-video-preview":"max-video-preview:-1"},"canonical":"https:\/\/ppdegalicia.com\/es\/o-grupo-popular-cualifica-de-extemporanea-a-proposta-do-psoe-de-reclamar-o-uso-do-superavit\/","og_locale":"es_ES","og_type":"article","og_title":"O Grupo Popular cualifica de \u201cextempor\u00e1nea\u201d a proposta do PSOE de reclamar o uso do super\u00e1vit - PP de Galicia","og_description":"Santiago, 10 de abril de 2019.- O portavoz do Grupo Popular, Pedro Puy, cualificou hoxe de \u201cextempor\u00e1nea\u201d a proposici\u00f3n non de lei do Grupo Socialista debatida hoxe no Pleno sobre a reclamaci\u00f3n ao Goberno central destinar o super\u00e1vit da Comunidade galega a sanidade, educaci\u00f3n e servizos sociais, \u201cporque foi o Presidente da Xunta o que [&hellip;]","og_url":"https:\/\/ppdegalicia.com\/es\/o-grupo-popular-cualifica-de-extemporanea-a-proposta-do-psoe-de-reclamar-o-uso-do-superavit\/","og_site_name":"PP de Galicia","article_publisher":"https:\/\/www.instagram.com\/ppdegalicia\/","article_published_time":"2019-04-10T10:17:40+00:00","author":"Super User","twitter_card":"summary_large_image","twitter_creator":"@ppdegalicia","twitter_site":"@ppdegalicia","twitter_misc":{"Escrito por":"Super User","Tiempo de lectura":"2 minutos"},"schema":{"@context":"https:\/\/schema.org","@graph":[{"@type":"Article","@id":"https:\/\/ppdegalicia.com\/es\/o-grupo-popular-cualifica-de-extemporanea-a-proposta-do-psoe-de-reclamar-o-uso-do-superavit\/#article","isPartOf":{"@id":"https:\/\/ppdegalicia.com\/es\/o-grupo-popular-cualifica-de-extemporanea-a-proposta-do-psoe-de-reclamar-o-uso-do-superavit\/"},"author":{"name":"Super User","@id":"https:\/\/ppdegalicia.com\/es\/#\/schema\/person\/d0f013b8388c980665d44009ab762960"},"headline":"O Grupo Popular cualifica de \u201cextempor\u00e1nea\u201d a proposta do PSOE de reclamar o uso do super\u00e1vit","datePublished":"2019-04-10T10:17:40+00:00","mainEntityOfPage":{"@id":"https:\/\/ppdegalicia.com\/es\/o-grupo-popular-cualifica-de-extemporanea-a-proposta-do-psoe-de-reclamar-o-uso-do-superavit\/"},"wordCount":409,"commentCount":0,"publisher":{"@id":"https:\/\/ppdegalicia.com\/es\/#organization"},"articleSection":["PP de Galicia"],"inLanguage":"es","potentialAction":[{"@type":"CommentAction","name":"Comment","target":["https:\/\/ppdegalicia.com\/es\/o-grupo-popular-cualifica-de-extemporanea-a-proposta-do-psoe-de-reclamar-o-uso-do-superavit\/#respond"]}]},{"@type":"WebPage","@id":"https:\/\/ppdegalicia.com\/es\/o-grupo-popular-cualifica-de-extemporanea-a-proposta-do-psoe-de-reclamar-o-uso-do-superavit\/","url":"https:\/\/ppdegalicia.com\/es\/o-grupo-popular-cualifica-de-extemporanea-a-proposta-do-psoe-de-reclamar-o-uso-do-superavit\/","name":"O Grupo Popular cualifica de \u201cextempor\u00e1nea\u201d a proposta do PSOE de reclamar o uso do super\u00e1vit - PP de Galicia","isPartOf":{"@id":"https:\/\/ppdegalicia.com\/es\/#website"},"datePublished":"2019-04-10T10:17:40+00:00","breadcrumb":{"@id":"https:\/\/ppdegalicia.com\/es\/o-grupo-popular-cualifica-de-extemporanea-a-proposta-do-psoe-de-reclamar-o-uso-do-superavit\/#breadcrumb"},"inLanguage":"es","potentialAction":[{"@type":"ReadAction","target":["https:\/\/ppdegalicia.com\/es\/o-grupo-popular-cualifica-de-extemporanea-a-proposta-do-psoe-de-reclamar-o-uso-do-superavit\/"]}]},{"@type":"BreadcrumbList","@id":"https:\/\/ppdegalicia.com\/es\/o-grupo-popular-cualifica-de-extemporanea-a-proposta-do-psoe-de-reclamar-o-uso-do-superavit\/#breadcrumb","itemListElement":[{"@type":"ListItem","position":1,"name":"Portada","item":"https:\/\/ppdegalicia.com\/es\/"},{"@type":"ListItem","position":2,"name":"O Grupo Popular cualifica de \u201cextempor\u00e1nea\u201d a proposta do PSOE de reclamar o uso do super\u00e1vit"}]},{"@type":"WebSite","@id":"https:\/\/ppdegalicia.com\/es\/#website","url":"https:\/\/ppdegalicia.com\/es\/","name":"Partido Popular de Galicia","description":"Partido Popular de Galicia","publisher":{"@id":"https:\/\/ppdegalicia.com\/es\/#organization"},"alternateName":"PP de Galicia","potentialAction":[{"@type":"SearchAction","target":{"@type":"EntryPoint","urlTemplate":"https:\/\/ppdegalicia.com\/es\/?s={search_term_string}"},"query-input":{"@type":"PropertyValueSpecification","valueRequired":true,"valueName":"search_term_string"}}],"inLanguage":"es"},{"@type":"Organization","@id":"https:\/\/ppdegalicia.com\/es\/#organization","name":"Partido Popular de Galicia","alternateName":"PP de Galicia","url":"https:\/\/ppdegalicia.com\/es\/","logo":{"@type":"ImageObject","inLanguage":"es","@id":"https:\/\/ppdegalicia.com\/es\/#\/schema\/logo\/image\/","url":"https:\/\/ppdegalicia.com\/wp-content\/uploads\/2023\/04\/logoPP512.png","contentUrl":"https:\/\/ppdegalicia.com\/wp-content\/uploads\/2023\/04\/logoPP512.png","width":512,"height":512,"caption":"Partido Popular de Galicia"},"image":{"@id":"https:\/\/ppdegalicia.com\/es\/#\/schema\/logo\/image\/"},"sameAs":["https:\/\/www.instagram.com\/ppdegalicia\/","https:\/\/x.com\/ppdegalicia","https:\/\/www.tiktok.com\/@ppdegalicia","https:\/\/www.youtube.com\/user\/ppdegalicia"]},{"@type":"Person","@id":"https:\/\/ppdegalicia.com\/es\/#\/schema\/person\/d0f013b8388c980665d44009ab762960","name":"Super User","image":{"@type":"ImageObject","inLanguage":"es","@id":"https:\/\/secure.gravatar.com\/avatar\/1db852625ef4948f58d2739bfbc51e4b9bd5c93b8fa340b59fdb594ca0845645?s=96&d=mm&r=g","url":"https:\/\/secure.gravatar.com\/avatar\/1db852625ef4948f58d2739bfbc51e4b9bd5c93b8fa340b59fdb594ca0845645?s=96&d=mm&r=g","contentUrl":"https:\/\/secure.gravatar.com\/avatar\/1db852625ef4948f58d2739bfbc51e4b9bd5c93b8fa340b59fdb594ca0845645?s=96&d=mm&r=g","caption":"Super User"},"url":"https:\/\/ppdegalicia.com\/es\/author\/ppdegaliciagestion\/"}]}},"_links":{"self":[{"href":"https:\/\/ppdegalicia.com\/es\/wp-json\/wp\/v2\/posts\/52645","targetHints":{"allow":["GET"]}}],"collection":[{"href":"https:\/\/ppdegalicia.com\/es\/wp-json\/wp\/v2\/posts"}],"about":[{"href":"https:\/\/ppdegalicia.com\/es\/wp-json\/wp\/v2\/types\/post"}],"author":[{"embeddable":true,"href":"https:\/\/ppdegalicia.com\/es\/wp-json\/wp\/v2\/users\/37"}],"replies":[{"embeddable":true,"href":"https:\/\/ppdegalicia.com\/es\/wp-json\/wp\/v2\/comments?post=52645"}],"version-history":[{"count":0,"href":"https:\/\/ppdegalicia.com\/es\/wp-json\/wp\/v2\/posts\/52645\/revisions"}],"wp:attachment":[{"href":"https:\/\/ppdegalicia.com\/es\/wp-json\/wp\/v2\/media?parent=52645"}],"wp:term":[{"taxonomy":"category","embeddable":true,"href":"https:\/\/ppdegalicia.com\/es\/wp-json\/wp\/v2\/categories?post=52645"},{"taxonomy":"post_tag","embeddable":true,"href":"https:\/\/ppdegalicia.com\/es\/wp-json\/wp\/v2\/tags?post=52645"}],"curies":[{"name":"wp","href":"https:\/\/api.w.org\/{rel}","templated":true}]}}