{"id":52653,"date":"2019-04-16T11:23:11","date_gmt":"2019-04-16T09:23:11","guid":{"rendered":"https:\/\/ppdegalicia.com\/o-parlamento-demanda-ao-goberno-do-estado-que-na-negociacion-do-brexit-asegure-o-acceso-aos-caladoiros-britanicos-do-gran-sol-e-das-malvinas\/"},"modified":"2019-04-16T11:23:11","modified_gmt":"2019-04-16T09:23:11","slug":"o-parlamento-demanda-ao-goberno-do-estado-que-na-negociacion-do-brexit-asegure-o-acceso-aos-caladoiros-britanicos-do-gran-sol-e-das-malvinas","status":"publish","type":"post","link":"https:\/\/ppdegalicia.com\/es\/o-parlamento-demanda-ao-goberno-do-estado-que-na-negociacion-do-brexit-asegure-o-acceso-aos-caladoiros-britanicos-do-gran-sol-e-das-malvinas\/","title":{"rendered":"O Parlamento demanda ao Goberno do Estado que na negociaci\u00f3n do brexit asegure o acceso aos caladoiros brit\u00e1nicos do Gran Sol e das Malvinas"},"content":{"rendered":"<p>Santiago, 16 de abril de 2019.- O Parlamento de Galicia aprobou hoxe a proposici\u00f3n non de lei do Grupo Popular a trav\u00e9s da que se solicita ao Goberno do Estado que, no \u00e1mbito da negociaci\u00f3n do brexit, asegure o acceso aos caladoiros brit\u00e1nicos do Gran Sol e das Malvinas e que este aspecto supedite o acceso aos mercados europeos dos produtos pesqueiros brit\u00e1nicos.<\/p>\n<p><!--more--><\/p>\n<p>&nbsp;<\/p>\n<p>&nbsp;<\/p>\n<p>As\u00ed mesmo, dem\u00e1ndase que o Parlamento Europeo e o Consello Europeo inicien os tr\u00e1mites para negociar un acordo pesqueiro co Reino Unido que impida que haxa un baleiro normativo-xur\u00eddico que leve a un corte no acceso pesqueiro aos caladoiros de Gran Sol e Malvinas.<\/p>\n<p>&nbsp;<\/p>\n<p>A portavoz do Mar, Teresa Egerique, afirmou que \u201ca posibilidade dun brexit duro sen acordo por\u00eda en risco a actividade de 66 barcos galegos que faenan en Gran Sol, outros 30 de armadores galegos pero con bandeira brit\u00e1nica e 20 pesqueiros m\u00e1is que pescan nas illas Malvinas, cun total de m\u00e1is de 1.700 tripulantes afectados\u201d.<\/p>\n<p>&nbsp;<\/p>\n<p>\u201cEntendemos que garantir o acceso \u00e1s augas este ano \u00e9 fundamental para, mentres tanto, negociar o xeito de sa\u00edda do Reino Unido da Uni\u00f3n Europea, algo no que desde o principio apostamos por un acordo que implique o mantemento do statu quo\u201d, sinalou Egerique.<\/p>\n<p>&nbsp;<\/p>\n<p><strong>FACER DO BREXIT UNHA OPORTUNIDADE<\/strong><\/p>\n<p>&nbsp;<\/p>\n<p>Na s\u00faa intervenci\u00f3n, a portavoz popular salientou \u201co importante papel que xogou a Xunta, a trav\u00e9s da Conseller\u00eda do Mar, desde primeiro minuto traballando na obtenci\u00f3n do maior n\u00famero de argumentos para defender os intereses pesqueiros galegos, minimizar o impacto do brexit e facer unha oportunidade desde proceso in\u00e9dito en Europa\u201d.<\/p>\n<p>&nbsp;<\/p>\n<p>Deste xeito, a Conseller\u00eda encargou unha serie de informes para avaliar as consecuencias do brexit para a pesca galega, analizando aspectos do eido socioecon\u00f3mico como o posible impacto por cese da pesquer\u00eda e de acceso \u00e1s augas, particularmente dos buques que faenan en augas brit\u00e1nicas ou Malvinas\u201d.<\/p>\n<p>&nbsp;<\/p>\n<p>\u201cDebemos seguir traballando para anticiparnos e adoptar as medidas necesarias para converter o brexit nunha oportunidade, previndo posibles efectos co obxectivo de que a internacionalizaci\u00f3n do tecido empresarial contin\u00fae crecendo como ata o de agora, xa que as exportaci\u00f3ns galegas ao Reino Unido aumentaron un 13,3 por cento o pasado ano, convert\u00e9ndose no cuarto destino ao que m\u00e1is exporta Galicia\u201d, apuntou.<\/p>\n","protected":false},"excerpt":{"rendered":"<p>Santiago, 16 de abril de 2019.- O Parlamento de Galicia aprobou hoxe a proposici\u00f3n non de lei do Grupo Popular a trav\u00e9s da que se solicita ao Goberno do Estado que, no \u00e1mbito da negociaci\u00f3n do brexit, asegure o acceso aos caladoiros brit\u00e1nicos do Gran Sol e das Malvinas e que este aspecto supedite o [&hellip;]<\/p>\n","protected":false},"author":37,"featured_media":0,"comment_status":"open","ping_status":"open","sticky":false,"template":"","format":"standard","meta":{"_acf_changed":false,"footnotes":""},"categories":[1],"tags":[],"class_list":["post-52653","post","type-post","status-publish","format-standard","hentry","category-pp-de-galicia"],"acf":[],"yoast_head":"<!-- This site is optimized with the Yoast SEO plugin v27.3 - https:\/\/yoast.com\/product\/yoast-seo-wordpress\/ -->\n<title>O Parlamento demanda ao Goberno do Estado que na negociaci\u00f3n do brexit asegure o acceso aos caladoiros brit\u00e1nicos do Gran Sol e das Malvinas - PP de Galicia<\/title>\n<meta name=\"robots\" content=\"index, follow, max-snippet:-1, max-image-preview:large, max-video-preview:-1\" \/>\n<link rel=\"canonical\" href=\"https:\/\/ppdegalicia.com\/es\/o-parlamento-demanda-ao-goberno-do-estado-que-na-negociacion-do-brexit-asegure-o-acceso-aos-caladoiros-britanicos-do-gran-sol-e-das-malvinas\/\" \/>\n<meta property=\"og:locale\" content=\"es_ES\" \/>\n<meta property=\"og:type\" content=\"article\" \/>\n<meta property=\"og:title\" content=\"O Parlamento demanda ao Goberno do Estado que na negociaci\u00f3n do brexit asegure o acceso aos caladoiros brit\u00e1nicos do Gran Sol e das Malvinas - PP de Galicia\" \/>\n<meta property=\"og:description\" content=\"Santiago, 16 de abril de 2019.- O Parlamento de Galicia aprobou hoxe a proposici\u00f3n non de lei do Grupo Popular a trav\u00e9s da que se solicita ao Goberno do Estado que, no \u00e1mbito da negociaci\u00f3n do brexit, asegure o acceso aos caladoiros brit\u00e1nicos do Gran Sol e das Malvinas e que este aspecto supedite o [&hellip;]\" \/>\n<meta property=\"og:url\" content=\"https:\/\/ppdegalicia.com\/es\/o-parlamento-demanda-ao-goberno-do-estado-que-na-negociacion-do-brexit-asegure-o-acceso-aos-caladoiros-britanicos-do-gran-sol-e-das-malvinas\/\" \/>\n<meta property=\"og:site_name\" content=\"PP de Galicia\" \/>\n<meta property=\"article:publisher\" content=\"https:\/\/www.instagram.com\/ppdegalicia\/\" \/>\n<meta property=\"article:published_time\" content=\"2019-04-16T09:23:11+00:00\" \/>\n<meta name=\"author\" content=\"Super User\" \/>\n<meta name=\"twitter:card\" content=\"summary_large_image\" \/>\n<meta name=\"twitter:creator\" content=\"@ppdegalicia\" \/>\n<meta name=\"twitter:site\" content=\"@ppdegalicia\" \/>\n<meta name=\"twitter:label1\" content=\"Escrito por\" \/>\n\t<meta name=\"twitter:data1\" content=\"Super User\" \/>\n\t<meta name=\"twitter:label2\" content=\"Tiempo de lectura\" \/>\n\t<meta name=\"twitter:data2\" content=\"2 minutos\" \/>\n<script type=\"application\/ld+json\" class=\"yoast-schema-graph\">{\"@context\":\"https:\\\/\\\/schema.org\",\"@graph\":[{\"@type\":\"Article\",\"@id\":\"https:\\\/\\\/ppdegalicia.com\\\/es\\\/o-parlamento-demanda-ao-goberno-do-estado-que-na-negociacion-do-brexit-asegure-o-acceso-aos-caladoiros-britanicos-do-gran-sol-e-das-malvinas\\\/#article\",\"isPartOf\":{\"@id\":\"https:\\\/\\\/ppdegalicia.com\\\/es\\\/o-parlamento-demanda-ao-goberno-do-estado-que-na-negociacion-do-brexit-asegure-o-acceso-aos-caladoiros-britanicos-do-gran-sol-e-das-malvinas\\\/\"},\"author\":{\"name\":\"Super User\",\"@id\":\"https:\\\/\\\/ppdegalicia.com\\\/es\\\/#\\\/schema\\\/person\\\/d0f013b8388c980665d44009ab762960\"},\"headline\":\"O Parlamento demanda ao Goberno do Estado que na negociaci\u00f3n do brexit asegure o acceso aos caladoiros brit\u00e1nicos do Gran Sol e das Malvinas\",\"datePublished\":\"2019-04-16T09:23:11+00:00\",\"mainEntityOfPage\":{\"@id\":\"https:\\\/\\\/ppdegalicia.com\\\/es\\\/o-parlamento-demanda-ao-goberno-do-estado-que-na-negociacion-do-brexit-asegure-o-acceso-aos-caladoiros-britanicos-do-gran-sol-e-das-malvinas\\\/\"},\"wordCount\":427,\"commentCount\":0,\"publisher\":{\"@id\":\"https:\\\/\\\/ppdegalicia.com\\\/es\\\/#organization\"},\"articleSection\":[\"PP de Galicia\"],\"inLanguage\":\"es\",\"potentialAction\":[{\"@type\":\"CommentAction\",\"name\":\"Comment\",\"target\":[\"https:\\\/\\\/ppdegalicia.com\\\/es\\\/o-parlamento-demanda-ao-goberno-do-estado-que-na-negociacion-do-brexit-asegure-o-acceso-aos-caladoiros-britanicos-do-gran-sol-e-das-malvinas\\\/#respond\"]}]},{\"@type\":\"WebPage\",\"@id\":\"https:\\\/\\\/ppdegalicia.com\\\/es\\\/o-parlamento-demanda-ao-goberno-do-estado-que-na-negociacion-do-brexit-asegure-o-acceso-aos-caladoiros-britanicos-do-gran-sol-e-das-malvinas\\\/\",\"url\":\"https:\\\/\\\/ppdegalicia.com\\\/es\\\/o-parlamento-demanda-ao-goberno-do-estado-que-na-negociacion-do-brexit-asegure-o-acceso-aos-caladoiros-britanicos-do-gran-sol-e-das-malvinas\\\/\",\"name\":\"O Parlamento demanda ao Goberno do Estado que na negociaci\u00f3n do brexit asegure o acceso aos caladoiros brit\u00e1nicos do Gran Sol e das Malvinas - PP de Galicia\",\"isPartOf\":{\"@id\":\"https:\\\/\\\/ppdegalicia.com\\\/es\\\/#website\"},\"datePublished\":\"2019-04-16T09:23:11+00:00\",\"breadcrumb\":{\"@id\":\"https:\\\/\\\/ppdegalicia.com\\\/es\\\/o-parlamento-demanda-ao-goberno-do-estado-que-na-negociacion-do-brexit-asegure-o-acceso-aos-caladoiros-britanicos-do-gran-sol-e-das-malvinas\\\/#breadcrumb\"},\"inLanguage\":\"es\",\"potentialAction\":[{\"@type\":\"ReadAction\",\"target\":[\"https:\\\/\\\/ppdegalicia.com\\\/es\\\/o-parlamento-demanda-ao-goberno-do-estado-que-na-negociacion-do-brexit-asegure-o-acceso-aos-caladoiros-britanicos-do-gran-sol-e-das-malvinas\\\/\"]}]},{\"@type\":\"BreadcrumbList\",\"@id\":\"https:\\\/\\\/ppdegalicia.com\\\/es\\\/o-parlamento-demanda-ao-goberno-do-estado-que-na-negociacion-do-brexit-asegure-o-acceso-aos-caladoiros-britanicos-do-gran-sol-e-das-malvinas\\\/#breadcrumb\",\"itemListElement\":[{\"@type\":\"ListItem\",\"position\":1,\"name\":\"Portada\",\"item\":\"https:\\\/\\\/ppdegalicia.com\\\/es\\\/\"},{\"@type\":\"ListItem\",\"position\":2,\"name\":\"O Parlamento demanda ao Goberno do Estado que na negociaci\u00f3n do brexit asegure o acceso aos caladoiros brit\u00e1nicos do Gran Sol e das Malvinas\"}]},{\"@type\":\"WebSite\",\"@id\":\"https:\\\/\\\/ppdegalicia.com\\\/es\\\/#website\",\"url\":\"https:\\\/\\\/ppdegalicia.com\\\/es\\\/\",\"name\":\"Partido Popular de Galicia\",\"description\":\"Partido Popular de Galicia\",\"publisher\":{\"@id\":\"https:\\\/\\\/ppdegalicia.com\\\/es\\\/#organization\"},\"alternateName\":\"PP de Galicia\",\"potentialAction\":[{\"@type\":\"SearchAction\",\"target\":{\"@type\":\"EntryPoint\",\"urlTemplate\":\"https:\\\/\\\/ppdegalicia.com\\\/es\\\/?s={search_term_string}\"},\"query-input\":{\"@type\":\"PropertyValueSpecification\",\"valueRequired\":true,\"valueName\":\"search_term_string\"}}],\"inLanguage\":\"es\"},{\"@type\":\"Organization\",\"@id\":\"https:\\\/\\\/ppdegalicia.com\\\/es\\\/#organization\",\"name\":\"Partido Popular de Galicia\",\"alternateName\":\"PP de Galicia\",\"url\":\"https:\\\/\\\/ppdegalicia.com\\\/es\\\/\",\"logo\":{\"@type\":\"ImageObject\",\"inLanguage\":\"es\",\"@id\":\"https:\\\/\\\/ppdegalicia.com\\\/es\\\/#\\\/schema\\\/logo\\\/image\\\/\",\"url\":\"https:\\\/\\\/ppdegalicia.com\\\/wp-content\\\/uploads\\\/2023\\\/04\\\/logoPP512.png\",\"contentUrl\":\"https:\\\/\\\/ppdegalicia.com\\\/wp-content\\\/uploads\\\/2023\\\/04\\\/logoPP512.png\",\"width\":512,\"height\":512,\"caption\":\"Partido Popular de Galicia\"},\"image\":{\"@id\":\"https:\\\/\\\/ppdegalicia.com\\\/es\\\/#\\\/schema\\\/logo\\\/image\\\/\"},\"sameAs\":[\"https:\\\/\\\/www.instagram.com\\\/ppdegalicia\\\/\",\"https:\\\/\\\/x.com\\\/ppdegalicia\",\"https:\\\/\\\/www.tiktok.com\\\/@ppdegalicia\",\"https:\\\/\\\/www.youtube.com\\\/user\\\/ppdegalicia\"]},{\"@type\":\"Person\",\"@id\":\"https:\\\/\\\/ppdegalicia.com\\\/es\\\/#\\\/schema\\\/person\\\/d0f013b8388c980665d44009ab762960\",\"name\":\"Super User\",\"image\":{\"@type\":\"ImageObject\",\"inLanguage\":\"es\",\"@id\":\"https:\\\/\\\/secure.gravatar.com\\\/avatar\\\/1db852625ef4948f58d2739bfbc51e4b9bd5c93b8fa340b59fdb594ca0845645?s=96&d=mm&r=g\",\"url\":\"https:\\\/\\\/secure.gravatar.com\\\/avatar\\\/1db852625ef4948f58d2739bfbc51e4b9bd5c93b8fa340b59fdb594ca0845645?s=96&d=mm&r=g\",\"contentUrl\":\"https:\\\/\\\/secure.gravatar.com\\\/avatar\\\/1db852625ef4948f58d2739bfbc51e4b9bd5c93b8fa340b59fdb594ca0845645?s=96&d=mm&r=g\",\"caption\":\"Super User\"},\"url\":\"https:\\\/\\\/ppdegalicia.com\\\/es\\\/author\\\/ppdegaliciagestion\\\/\"}]}<\/script>\n<!-- \/ Yoast SEO plugin. -->","yoast_head_json":{"title":"O Parlamento demanda ao Goberno do Estado que na negociaci\u00f3n do brexit asegure o acceso aos caladoiros brit\u00e1nicos do Gran Sol e das Malvinas - PP de Galicia","robots":{"index":"index","follow":"follow","max-snippet":"max-snippet:-1","max-image-preview":"max-image-preview:large","max-video-preview":"max-video-preview:-1"},"canonical":"https:\/\/ppdegalicia.com\/es\/o-parlamento-demanda-ao-goberno-do-estado-que-na-negociacion-do-brexit-asegure-o-acceso-aos-caladoiros-britanicos-do-gran-sol-e-das-malvinas\/","og_locale":"es_ES","og_type":"article","og_title":"O Parlamento demanda ao Goberno do Estado que na negociaci\u00f3n do brexit asegure o acceso aos caladoiros brit\u00e1nicos do Gran Sol e das Malvinas - PP de Galicia","og_description":"Santiago, 16 de abril de 2019.- O Parlamento de Galicia aprobou hoxe a proposici\u00f3n non de lei do Grupo Popular a trav\u00e9s da que se solicita ao Goberno do Estado que, no \u00e1mbito da negociaci\u00f3n do brexit, asegure o acceso aos caladoiros brit\u00e1nicos do Gran Sol e das Malvinas e que este aspecto supedite o [&hellip;]","og_url":"https:\/\/ppdegalicia.com\/es\/o-parlamento-demanda-ao-goberno-do-estado-que-na-negociacion-do-brexit-asegure-o-acceso-aos-caladoiros-britanicos-do-gran-sol-e-das-malvinas\/","og_site_name":"PP de Galicia","article_publisher":"https:\/\/www.instagram.com\/ppdegalicia\/","article_published_time":"2019-04-16T09:23:11+00:00","author":"Super User","twitter_card":"summary_large_image","twitter_creator":"@ppdegalicia","twitter_site":"@ppdegalicia","twitter_misc":{"Escrito por":"Super User","Tiempo de lectura":"2 minutos"},"schema":{"@context":"https:\/\/schema.org","@graph":[{"@type":"Article","@id":"https:\/\/ppdegalicia.com\/es\/o-parlamento-demanda-ao-goberno-do-estado-que-na-negociacion-do-brexit-asegure-o-acceso-aos-caladoiros-britanicos-do-gran-sol-e-das-malvinas\/#article","isPartOf":{"@id":"https:\/\/ppdegalicia.com\/es\/o-parlamento-demanda-ao-goberno-do-estado-que-na-negociacion-do-brexit-asegure-o-acceso-aos-caladoiros-britanicos-do-gran-sol-e-das-malvinas\/"},"author":{"name":"Super User","@id":"https:\/\/ppdegalicia.com\/es\/#\/schema\/person\/d0f013b8388c980665d44009ab762960"},"headline":"O Parlamento demanda ao Goberno do Estado que na negociaci\u00f3n do brexit asegure o acceso aos caladoiros brit\u00e1nicos do Gran Sol e das Malvinas","datePublished":"2019-04-16T09:23:11+00:00","mainEntityOfPage":{"@id":"https:\/\/ppdegalicia.com\/es\/o-parlamento-demanda-ao-goberno-do-estado-que-na-negociacion-do-brexit-asegure-o-acceso-aos-caladoiros-britanicos-do-gran-sol-e-das-malvinas\/"},"wordCount":427,"commentCount":0,"publisher":{"@id":"https:\/\/ppdegalicia.com\/es\/#organization"},"articleSection":["PP de Galicia"],"inLanguage":"es","potentialAction":[{"@type":"CommentAction","name":"Comment","target":["https:\/\/ppdegalicia.com\/es\/o-parlamento-demanda-ao-goberno-do-estado-que-na-negociacion-do-brexit-asegure-o-acceso-aos-caladoiros-britanicos-do-gran-sol-e-das-malvinas\/#respond"]}]},{"@type":"WebPage","@id":"https:\/\/ppdegalicia.com\/es\/o-parlamento-demanda-ao-goberno-do-estado-que-na-negociacion-do-brexit-asegure-o-acceso-aos-caladoiros-britanicos-do-gran-sol-e-das-malvinas\/","url":"https:\/\/ppdegalicia.com\/es\/o-parlamento-demanda-ao-goberno-do-estado-que-na-negociacion-do-brexit-asegure-o-acceso-aos-caladoiros-britanicos-do-gran-sol-e-das-malvinas\/","name":"O Parlamento demanda ao Goberno do Estado que na negociaci\u00f3n do brexit asegure o acceso aos caladoiros brit\u00e1nicos do Gran Sol e das Malvinas - PP de Galicia","isPartOf":{"@id":"https:\/\/ppdegalicia.com\/es\/#website"},"datePublished":"2019-04-16T09:23:11+00:00","breadcrumb":{"@id":"https:\/\/ppdegalicia.com\/es\/o-parlamento-demanda-ao-goberno-do-estado-que-na-negociacion-do-brexit-asegure-o-acceso-aos-caladoiros-britanicos-do-gran-sol-e-das-malvinas\/#breadcrumb"},"inLanguage":"es","potentialAction":[{"@type":"ReadAction","target":["https:\/\/ppdegalicia.com\/es\/o-parlamento-demanda-ao-goberno-do-estado-que-na-negociacion-do-brexit-asegure-o-acceso-aos-caladoiros-britanicos-do-gran-sol-e-das-malvinas\/"]}]},{"@type":"BreadcrumbList","@id":"https:\/\/ppdegalicia.com\/es\/o-parlamento-demanda-ao-goberno-do-estado-que-na-negociacion-do-brexit-asegure-o-acceso-aos-caladoiros-britanicos-do-gran-sol-e-das-malvinas\/#breadcrumb","itemListElement":[{"@type":"ListItem","position":1,"name":"Portada","item":"https:\/\/ppdegalicia.com\/es\/"},{"@type":"ListItem","position":2,"name":"O Parlamento demanda ao Goberno do Estado que na negociaci\u00f3n do brexit asegure o acceso aos caladoiros brit\u00e1nicos do Gran Sol e das Malvinas"}]},{"@type":"WebSite","@id":"https:\/\/ppdegalicia.com\/es\/#website","url":"https:\/\/ppdegalicia.com\/es\/","name":"Partido Popular de Galicia","description":"Partido Popular de Galicia","publisher":{"@id":"https:\/\/ppdegalicia.com\/es\/#organization"},"alternateName":"PP de Galicia","potentialAction":[{"@type":"SearchAction","target":{"@type":"EntryPoint","urlTemplate":"https:\/\/ppdegalicia.com\/es\/?s={search_term_string}"},"query-input":{"@type":"PropertyValueSpecification","valueRequired":true,"valueName":"search_term_string"}}],"inLanguage":"es"},{"@type":"Organization","@id":"https:\/\/ppdegalicia.com\/es\/#organization","name":"Partido Popular de Galicia","alternateName":"PP de Galicia","url":"https:\/\/ppdegalicia.com\/es\/","logo":{"@type":"ImageObject","inLanguage":"es","@id":"https:\/\/ppdegalicia.com\/es\/#\/schema\/logo\/image\/","url":"https:\/\/ppdegalicia.com\/wp-content\/uploads\/2023\/04\/logoPP512.png","contentUrl":"https:\/\/ppdegalicia.com\/wp-content\/uploads\/2023\/04\/logoPP512.png","width":512,"height":512,"caption":"Partido Popular de Galicia"},"image":{"@id":"https:\/\/ppdegalicia.com\/es\/#\/schema\/logo\/image\/"},"sameAs":["https:\/\/www.instagram.com\/ppdegalicia\/","https:\/\/x.com\/ppdegalicia","https:\/\/www.tiktok.com\/@ppdegalicia","https:\/\/www.youtube.com\/user\/ppdegalicia"]},{"@type":"Person","@id":"https:\/\/ppdegalicia.com\/es\/#\/schema\/person\/d0f013b8388c980665d44009ab762960","name":"Super User","image":{"@type":"ImageObject","inLanguage":"es","@id":"https:\/\/secure.gravatar.com\/avatar\/1db852625ef4948f58d2739bfbc51e4b9bd5c93b8fa340b59fdb594ca0845645?s=96&d=mm&r=g","url":"https:\/\/secure.gravatar.com\/avatar\/1db852625ef4948f58d2739bfbc51e4b9bd5c93b8fa340b59fdb594ca0845645?s=96&d=mm&r=g","contentUrl":"https:\/\/secure.gravatar.com\/avatar\/1db852625ef4948f58d2739bfbc51e4b9bd5c93b8fa340b59fdb594ca0845645?s=96&d=mm&r=g","caption":"Super User"},"url":"https:\/\/ppdegalicia.com\/es\/author\/ppdegaliciagestion\/"}]}},"_links":{"self":[{"href":"https:\/\/ppdegalicia.com\/es\/wp-json\/wp\/v2\/posts\/52653","targetHints":{"allow":["GET"]}}],"collection":[{"href":"https:\/\/ppdegalicia.com\/es\/wp-json\/wp\/v2\/posts"}],"about":[{"href":"https:\/\/ppdegalicia.com\/es\/wp-json\/wp\/v2\/types\/post"}],"author":[{"embeddable":true,"href":"https:\/\/ppdegalicia.com\/es\/wp-json\/wp\/v2\/users\/37"}],"replies":[{"embeddable":true,"href":"https:\/\/ppdegalicia.com\/es\/wp-json\/wp\/v2\/comments?post=52653"}],"version-history":[{"count":0,"href":"https:\/\/ppdegalicia.com\/es\/wp-json\/wp\/v2\/posts\/52653\/revisions"}],"wp:attachment":[{"href":"https:\/\/ppdegalicia.com\/es\/wp-json\/wp\/v2\/media?parent=52653"}],"wp:term":[{"taxonomy":"category","embeddable":true,"href":"https:\/\/ppdegalicia.com\/es\/wp-json\/wp\/v2\/categories?post=52653"},{"taxonomy":"post_tag","embeddable":true,"href":"https:\/\/ppdegalicia.com\/es\/wp-json\/wp\/v2\/tags?post=52653"}],"curies":[{"name":"wp","href":"https:\/\/api.w.org\/{rel}","templated":true}]}}