{"id":52663,"date":"2019-04-23T14:34:20","date_gmt":"2019-04-23T12:34:20","guid":{"rendered":"https:\/\/ppdegalicia.com\/o-parlamento-galego-demanda-a-xunta-que-realice-un-estudo-de-mellora-do-trazado-e-as-prestacions-da-ou-533\/"},"modified":"2019-04-23T14:34:20","modified_gmt":"2019-04-23T12:34:20","slug":"o-parlamento-galego-demanda-a-xunta-que-realice-un-estudo-de-mellora-do-trazado-e-as-prestacions-da-ou-533","status":"publish","type":"post","link":"https:\/\/ppdegalicia.com\/es\/o-parlamento-galego-demanda-a-xunta-que-realice-un-estudo-de-mellora-do-trazado-e-as-prestacions-da-ou-533\/","title":{"rendered":"O Parlamento galego demanda \u00e1 Xunta que realice un estudo de mellora do trazado e as prestaci\u00f3ns da OU-533"},"content":{"rendered":"<p>Santiago, 23 de abril de 2019.- O Parlamento de Galicia aprobou hoxe, co \u00fanico voto favorable do Grupo Popular, unha proposici\u00f3n non de lei a trav\u00e9s da que se insta \u00e1 Xunta a realizar un estudo de mellora do trazado e as prestaci\u00f3ns da estrada OU-533, de modo que conte coas caracter\u00edsticas axeitadas para comunicar, a trav\u00e9s dunha renovada infraestrutura, a futura Autov\u00eda A-76 coa Autov\u00eda A-52, no concello da Gudi\u00f1a.<\/p>\n<p><!--more--><\/p>\n<p>&nbsp;<\/p>\n<p>O deputado popular Mois\u00e9s Blanco lembrou que a estrada OU-533, \u201ca trav\u00e9s dos seus m\u00e1is de 50 quil\u00f3metros, vertebra o oriente da provincia de Ourense, unindo as comarcas de Valdeorras e as Terras do Bolo\u201d. \u201cConta cun tr\u00e1fico importante, destacando a circulaci\u00f3n dun bo n\u00famero de veh\u00edculos pesados que transportan mercanc\u00edas cara outros puntos de Espa\u00f1a, a veci\u00f1a Portugal ou a diferentes portos da pen\u00ednsula\u201d, apuntou.<\/p>\n<p>&nbsp;<\/p>\n<p><strong>M\u00c1IS DE 1,3 MILL\u00d3NS EN MELLORAS<\/strong><\/p>\n<p>&nbsp;<\/p>\n<p>Ademais, Blanco sinalou que esta iniciativa parlamentaria recolle a demanda de diferentes colectivos, concellos e a Asociaci\u00f3n de Empresarios de Valdeorras, que te\u00f1en insistido na necesidade de que se melloren as prestaci\u00f3ns do eixo que constit\u00fae a estrada OU-533.<\/p>\n<p>&nbsp;<\/p>\n<p>Mois\u00e9s Blanco explicou na s\u00faa intervenci\u00f3n que \u201ca Xunta de Galicia realizou nos \u00faltimos anos actuaci\u00f3ns de reforzo do firme na OU-533 por importe de m\u00e1is de 1,3 mill\u00f3ns de euros, que tam\u00e9n levaron aparelladas a actualizaci\u00f3n da sinalizaci\u00f3n vertical e horizontal \u00e1 normativa vixente, o que implicou maior lonxitude da li\u00f1a continua coa conseguinte limitaci\u00f3n de adiantamentos e xiros\u201d.<\/p>\n<p>&nbsp;<\/p>\n<p>No debate desta iniciativa, o deputado popular explicou que \u201caceptar as propostas feitas por socialistas e BNG supor\u00eda rebaixar as nosas pretensi\u00f3ns ao respecto do futuro desta importante estrada, que deber\u00eda converterse nunha v\u00eda de alta capacidade que una as d\u00faas autov\u00edas no momento que se acaden as cifras de tr\u00e1fico adecuadas\u201d.<\/p>\n","protected":false},"excerpt":{"rendered":"<p>Santiago, 23 de abril de 2019.- O Parlamento de Galicia aprobou hoxe, co \u00fanico voto favorable do Grupo Popular, unha proposici\u00f3n non de lei a trav\u00e9s da que se insta \u00e1 Xunta a realizar un estudo de mellora do trazado e as prestaci\u00f3ns da estrada OU-533, de modo que conte coas caracter\u00edsticas axeitadas para comunicar, [&hellip;]<\/p>\n","protected":false},"author":37,"featured_media":0,"comment_status":"open","ping_status":"open","sticky":false,"template":"","format":"standard","meta":{"_acf_changed":false,"footnotes":""},"categories":[1],"tags":[],"class_list":["post-52663","post","type-post","status-publish","format-standard","hentry","category-pp-de-galicia"],"acf":[],"yoast_head":"<!-- This site is optimized with the Yoast SEO plugin v27.3 - https:\/\/yoast.com\/product\/yoast-seo-wordpress\/ -->\n<title>O Parlamento galego demanda \u00e1 Xunta que realice un estudo de mellora do trazado e as prestaci\u00f3ns da OU-533 - PP de Galicia<\/title>\n<meta name=\"robots\" content=\"index, follow, max-snippet:-1, max-image-preview:large, max-video-preview:-1\" \/>\n<link rel=\"canonical\" href=\"https:\/\/ppdegalicia.com\/es\/o-parlamento-galego-demanda-a-xunta-que-realice-un-estudo-de-mellora-do-trazado-e-as-prestacions-da-ou-533\/\" \/>\n<meta property=\"og:locale\" content=\"es_ES\" \/>\n<meta property=\"og:type\" content=\"article\" \/>\n<meta property=\"og:title\" content=\"O Parlamento galego demanda \u00e1 Xunta que realice un estudo de mellora do trazado e as prestaci\u00f3ns da OU-533 - PP de Galicia\" \/>\n<meta property=\"og:description\" content=\"Santiago, 23 de abril de 2019.- O Parlamento de Galicia aprobou hoxe, co \u00fanico voto favorable do Grupo Popular, unha proposici\u00f3n non de lei a trav\u00e9s da que se insta \u00e1 Xunta a realizar un estudo de mellora do trazado e as prestaci\u00f3ns da estrada OU-533, de modo que conte coas caracter\u00edsticas axeitadas para comunicar, [&hellip;]\" \/>\n<meta property=\"og:url\" content=\"https:\/\/ppdegalicia.com\/es\/o-parlamento-galego-demanda-a-xunta-que-realice-un-estudo-de-mellora-do-trazado-e-as-prestacions-da-ou-533\/\" \/>\n<meta property=\"og:site_name\" content=\"PP de Galicia\" \/>\n<meta property=\"article:publisher\" content=\"https:\/\/www.instagram.com\/ppdegalicia\/\" \/>\n<meta property=\"article:published_time\" content=\"2019-04-23T12:34:20+00:00\" \/>\n<meta name=\"author\" content=\"Super User\" \/>\n<meta name=\"twitter:card\" content=\"summary_large_image\" \/>\n<meta name=\"twitter:creator\" content=\"@ppdegalicia\" \/>\n<meta name=\"twitter:site\" content=\"@ppdegalicia\" \/>\n<meta name=\"twitter:label1\" content=\"Escrito por\" \/>\n\t<meta name=\"twitter:data1\" content=\"Super User\" \/>\n\t<meta name=\"twitter:label2\" content=\"Tiempo de lectura\" \/>\n\t<meta name=\"twitter:data2\" content=\"2 minutos\" \/>\n<script type=\"application\/ld+json\" class=\"yoast-schema-graph\">{\"@context\":\"https:\\\/\\\/schema.org\",\"@graph\":[{\"@type\":\"Article\",\"@id\":\"https:\\\/\\\/ppdegalicia.com\\\/es\\\/o-parlamento-galego-demanda-a-xunta-que-realice-un-estudo-de-mellora-do-trazado-e-as-prestacions-da-ou-533\\\/#article\",\"isPartOf\":{\"@id\":\"https:\\\/\\\/ppdegalicia.com\\\/es\\\/o-parlamento-galego-demanda-a-xunta-que-realice-un-estudo-de-mellora-do-trazado-e-as-prestacions-da-ou-533\\\/\"},\"author\":{\"name\":\"Super User\",\"@id\":\"https:\\\/\\\/ppdegalicia.com\\\/es\\\/#\\\/schema\\\/person\\\/d0f013b8388c980665d44009ab762960\"},\"headline\":\"O Parlamento galego demanda \u00e1 Xunta que realice un estudo de mellora do trazado e as prestaci\u00f3ns da OU-533\",\"datePublished\":\"2019-04-23T12:34:20+00:00\",\"mainEntityOfPage\":{\"@id\":\"https:\\\/\\\/ppdegalicia.com\\\/es\\\/o-parlamento-galego-demanda-a-xunta-que-realice-un-estudo-de-mellora-do-trazado-e-as-prestacions-da-ou-533\\\/\"},\"wordCount\":356,\"commentCount\":0,\"publisher\":{\"@id\":\"https:\\\/\\\/ppdegalicia.com\\\/es\\\/#organization\"},\"articleSection\":[\"PP de Galicia\"],\"inLanguage\":\"es\",\"potentialAction\":[{\"@type\":\"CommentAction\",\"name\":\"Comment\",\"target\":[\"https:\\\/\\\/ppdegalicia.com\\\/es\\\/o-parlamento-galego-demanda-a-xunta-que-realice-un-estudo-de-mellora-do-trazado-e-as-prestacions-da-ou-533\\\/#respond\"]}]},{\"@type\":\"WebPage\",\"@id\":\"https:\\\/\\\/ppdegalicia.com\\\/es\\\/o-parlamento-galego-demanda-a-xunta-que-realice-un-estudo-de-mellora-do-trazado-e-as-prestacions-da-ou-533\\\/\",\"url\":\"https:\\\/\\\/ppdegalicia.com\\\/es\\\/o-parlamento-galego-demanda-a-xunta-que-realice-un-estudo-de-mellora-do-trazado-e-as-prestacions-da-ou-533\\\/\",\"name\":\"O Parlamento galego demanda \u00e1 Xunta que realice un estudo de mellora do trazado e as prestaci\u00f3ns da OU-533 - PP de Galicia\",\"isPartOf\":{\"@id\":\"https:\\\/\\\/ppdegalicia.com\\\/es\\\/#website\"},\"datePublished\":\"2019-04-23T12:34:20+00:00\",\"breadcrumb\":{\"@id\":\"https:\\\/\\\/ppdegalicia.com\\\/es\\\/o-parlamento-galego-demanda-a-xunta-que-realice-un-estudo-de-mellora-do-trazado-e-as-prestacions-da-ou-533\\\/#breadcrumb\"},\"inLanguage\":\"es\",\"potentialAction\":[{\"@type\":\"ReadAction\",\"target\":[\"https:\\\/\\\/ppdegalicia.com\\\/es\\\/o-parlamento-galego-demanda-a-xunta-que-realice-un-estudo-de-mellora-do-trazado-e-as-prestacions-da-ou-533\\\/\"]}]},{\"@type\":\"BreadcrumbList\",\"@id\":\"https:\\\/\\\/ppdegalicia.com\\\/es\\\/o-parlamento-galego-demanda-a-xunta-que-realice-un-estudo-de-mellora-do-trazado-e-as-prestacions-da-ou-533\\\/#breadcrumb\",\"itemListElement\":[{\"@type\":\"ListItem\",\"position\":1,\"name\":\"Portada\",\"item\":\"https:\\\/\\\/ppdegalicia.com\\\/es\\\/\"},{\"@type\":\"ListItem\",\"position\":2,\"name\":\"O Parlamento galego demanda \u00e1 Xunta que realice un estudo de mellora do trazado e as prestaci\u00f3ns da OU-533\"}]},{\"@type\":\"WebSite\",\"@id\":\"https:\\\/\\\/ppdegalicia.com\\\/es\\\/#website\",\"url\":\"https:\\\/\\\/ppdegalicia.com\\\/es\\\/\",\"name\":\"Partido Popular de Galicia\",\"description\":\"Partido Popular de Galicia\",\"publisher\":{\"@id\":\"https:\\\/\\\/ppdegalicia.com\\\/es\\\/#organization\"},\"alternateName\":\"PP de Galicia\",\"potentialAction\":[{\"@type\":\"SearchAction\",\"target\":{\"@type\":\"EntryPoint\",\"urlTemplate\":\"https:\\\/\\\/ppdegalicia.com\\\/es\\\/?s={search_term_string}\"},\"query-input\":{\"@type\":\"PropertyValueSpecification\",\"valueRequired\":true,\"valueName\":\"search_term_string\"}}],\"inLanguage\":\"es\"},{\"@type\":\"Organization\",\"@id\":\"https:\\\/\\\/ppdegalicia.com\\\/es\\\/#organization\",\"name\":\"Partido Popular de Galicia\",\"alternateName\":\"PP de Galicia\",\"url\":\"https:\\\/\\\/ppdegalicia.com\\\/es\\\/\",\"logo\":{\"@type\":\"ImageObject\",\"inLanguage\":\"es\",\"@id\":\"https:\\\/\\\/ppdegalicia.com\\\/es\\\/#\\\/schema\\\/logo\\\/image\\\/\",\"url\":\"https:\\\/\\\/ppdegalicia.com\\\/wp-content\\\/uploads\\\/2023\\\/04\\\/logoPP512.png\",\"contentUrl\":\"https:\\\/\\\/ppdegalicia.com\\\/wp-content\\\/uploads\\\/2023\\\/04\\\/logoPP512.png\",\"width\":512,\"height\":512,\"caption\":\"Partido Popular de Galicia\"},\"image\":{\"@id\":\"https:\\\/\\\/ppdegalicia.com\\\/es\\\/#\\\/schema\\\/logo\\\/image\\\/\"},\"sameAs\":[\"https:\\\/\\\/www.instagram.com\\\/ppdegalicia\\\/\",\"https:\\\/\\\/x.com\\\/ppdegalicia\",\"https:\\\/\\\/www.tiktok.com\\\/@ppdegalicia\",\"https:\\\/\\\/www.youtube.com\\\/user\\\/ppdegalicia\"]},{\"@type\":\"Person\",\"@id\":\"https:\\\/\\\/ppdegalicia.com\\\/es\\\/#\\\/schema\\\/person\\\/d0f013b8388c980665d44009ab762960\",\"name\":\"Super User\",\"image\":{\"@type\":\"ImageObject\",\"inLanguage\":\"es\",\"@id\":\"https:\\\/\\\/secure.gravatar.com\\\/avatar\\\/1db852625ef4948f58d2739bfbc51e4b9bd5c93b8fa340b59fdb594ca0845645?s=96&d=mm&r=g\",\"url\":\"https:\\\/\\\/secure.gravatar.com\\\/avatar\\\/1db852625ef4948f58d2739bfbc51e4b9bd5c93b8fa340b59fdb594ca0845645?s=96&d=mm&r=g\",\"contentUrl\":\"https:\\\/\\\/secure.gravatar.com\\\/avatar\\\/1db852625ef4948f58d2739bfbc51e4b9bd5c93b8fa340b59fdb594ca0845645?s=96&d=mm&r=g\",\"caption\":\"Super User\"},\"url\":\"https:\\\/\\\/ppdegalicia.com\\\/es\\\/author\\\/ppdegaliciagestion\\\/\"}]}<\/script>\n<!-- \/ Yoast SEO plugin. -->","yoast_head_json":{"title":"O Parlamento galego demanda \u00e1 Xunta que realice un estudo de mellora do trazado e as prestaci\u00f3ns da OU-533 - PP de Galicia","robots":{"index":"index","follow":"follow","max-snippet":"max-snippet:-1","max-image-preview":"max-image-preview:large","max-video-preview":"max-video-preview:-1"},"canonical":"https:\/\/ppdegalicia.com\/es\/o-parlamento-galego-demanda-a-xunta-que-realice-un-estudo-de-mellora-do-trazado-e-as-prestacions-da-ou-533\/","og_locale":"es_ES","og_type":"article","og_title":"O Parlamento galego demanda \u00e1 Xunta que realice un estudo de mellora do trazado e as prestaci\u00f3ns da OU-533 - PP de Galicia","og_description":"Santiago, 23 de abril de 2019.- O Parlamento de Galicia aprobou hoxe, co \u00fanico voto favorable do Grupo Popular, unha proposici\u00f3n non de lei a trav\u00e9s da que se insta \u00e1 Xunta a realizar un estudo de mellora do trazado e as prestaci\u00f3ns da estrada OU-533, de modo que conte coas caracter\u00edsticas axeitadas para comunicar, [&hellip;]","og_url":"https:\/\/ppdegalicia.com\/es\/o-parlamento-galego-demanda-a-xunta-que-realice-un-estudo-de-mellora-do-trazado-e-as-prestacions-da-ou-533\/","og_site_name":"PP de Galicia","article_publisher":"https:\/\/www.instagram.com\/ppdegalicia\/","article_published_time":"2019-04-23T12:34:20+00:00","author":"Super User","twitter_card":"summary_large_image","twitter_creator":"@ppdegalicia","twitter_site":"@ppdegalicia","twitter_misc":{"Escrito por":"Super User","Tiempo de lectura":"2 minutos"},"schema":{"@context":"https:\/\/schema.org","@graph":[{"@type":"Article","@id":"https:\/\/ppdegalicia.com\/es\/o-parlamento-galego-demanda-a-xunta-que-realice-un-estudo-de-mellora-do-trazado-e-as-prestacions-da-ou-533\/#article","isPartOf":{"@id":"https:\/\/ppdegalicia.com\/es\/o-parlamento-galego-demanda-a-xunta-que-realice-un-estudo-de-mellora-do-trazado-e-as-prestacions-da-ou-533\/"},"author":{"name":"Super User","@id":"https:\/\/ppdegalicia.com\/es\/#\/schema\/person\/d0f013b8388c980665d44009ab762960"},"headline":"O Parlamento galego demanda \u00e1 Xunta que realice un estudo de mellora do trazado e as prestaci\u00f3ns da OU-533","datePublished":"2019-04-23T12:34:20+00:00","mainEntityOfPage":{"@id":"https:\/\/ppdegalicia.com\/es\/o-parlamento-galego-demanda-a-xunta-que-realice-un-estudo-de-mellora-do-trazado-e-as-prestacions-da-ou-533\/"},"wordCount":356,"commentCount":0,"publisher":{"@id":"https:\/\/ppdegalicia.com\/es\/#organization"},"articleSection":["PP de Galicia"],"inLanguage":"es","potentialAction":[{"@type":"CommentAction","name":"Comment","target":["https:\/\/ppdegalicia.com\/es\/o-parlamento-galego-demanda-a-xunta-que-realice-un-estudo-de-mellora-do-trazado-e-as-prestacions-da-ou-533\/#respond"]}]},{"@type":"WebPage","@id":"https:\/\/ppdegalicia.com\/es\/o-parlamento-galego-demanda-a-xunta-que-realice-un-estudo-de-mellora-do-trazado-e-as-prestacions-da-ou-533\/","url":"https:\/\/ppdegalicia.com\/es\/o-parlamento-galego-demanda-a-xunta-que-realice-un-estudo-de-mellora-do-trazado-e-as-prestacions-da-ou-533\/","name":"O Parlamento galego demanda \u00e1 Xunta que realice un estudo de mellora do trazado e as prestaci\u00f3ns da OU-533 - PP de Galicia","isPartOf":{"@id":"https:\/\/ppdegalicia.com\/es\/#website"},"datePublished":"2019-04-23T12:34:20+00:00","breadcrumb":{"@id":"https:\/\/ppdegalicia.com\/es\/o-parlamento-galego-demanda-a-xunta-que-realice-un-estudo-de-mellora-do-trazado-e-as-prestacions-da-ou-533\/#breadcrumb"},"inLanguage":"es","potentialAction":[{"@type":"ReadAction","target":["https:\/\/ppdegalicia.com\/es\/o-parlamento-galego-demanda-a-xunta-que-realice-un-estudo-de-mellora-do-trazado-e-as-prestacions-da-ou-533\/"]}]},{"@type":"BreadcrumbList","@id":"https:\/\/ppdegalicia.com\/es\/o-parlamento-galego-demanda-a-xunta-que-realice-un-estudo-de-mellora-do-trazado-e-as-prestacions-da-ou-533\/#breadcrumb","itemListElement":[{"@type":"ListItem","position":1,"name":"Portada","item":"https:\/\/ppdegalicia.com\/es\/"},{"@type":"ListItem","position":2,"name":"O Parlamento galego demanda \u00e1 Xunta que realice un estudo de mellora do trazado e as prestaci\u00f3ns da OU-533"}]},{"@type":"WebSite","@id":"https:\/\/ppdegalicia.com\/es\/#website","url":"https:\/\/ppdegalicia.com\/es\/","name":"Partido Popular de Galicia","description":"Partido Popular de Galicia","publisher":{"@id":"https:\/\/ppdegalicia.com\/es\/#organization"},"alternateName":"PP de Galicia","potentialAction":[{"@type":"SearchAction","target":{"@type":"EntryPoint","urlTemplate":"https:\/\/ppdegalicia.com\/es\/?s={search_term_string}"},"query-input":{"@type":"PropertyValueSpecification","valueRequired":true,"valueName":"search_term_string"}}],"inLanguage":"es"},{"@type":"Organization","@id":"https:\/\/ppdegalicia.com\/es\/#organization","name":"Partido Popular de Galicia","alternateName":"PP de Galicia","url":"https:\/\/ppdegalicia.com\/es\/","logo":{"@type":"ImageObject","inLanguage":"es","@id":"https:\/\/ppdegalicia.com\/es\/#\/schema\/logo\/image\/","url":"https:\/\/ppdegalicia.com\/wp-content\/uploads\/2023\/04\/logoPP512.png","contentUrl":"https:\/\/ppdegalicia.com\/wp-content\/uploads\/2023\/04\/logoPP512.png","width":512,"height":512,"caption":"Partido Popular de Galicia"},"image":{"@id":"https:\/\/ppdegalicia.com\/es\/#\/schema\/logo\/image\/"},"sameAs":["https:\/\/www.instagram.com\/ppdegalicia\/","https:\/\/x.com\/ppdegalicia","https:\/\/www.tiktok.com\/@ppdegalicia","https:\/\/www.youtube.com\/user\/ppdegalicia"]},{"@type":"Person","@id":"https:\/\/ppdegalicia.com\/es\/#\/schema\/person\/d0f013b8388c980665d44009ab762960","name":"Super User","image":{"@type":"ImageObject","inLanguage":"es","@id":"https:\/\/secure.gravatar.com\/avatar\/1db852625ef4948f58d2739bfbc51e4b9bd5c93b8fa340b59fdb594ca0845645?s=96&d=mm&r=g","url":"https:\/\/secure.gravatar.com\/avatar\/1db852625ef4948f58d2739bfbc51e4b9bd5c93b8fa340b59fdb594ca0845645?s=96&d=mm&r=g","contentUrl":"https:\/\/secure.gravatar.com\/avatar\/1db852625ef4948f58d2739bfbc51e4b9bd5c93b8fa340b59fdb594ca0845645?s=96&d=mm&r=g","caption":"Super User"},"url":"https:\/\/ppdegalicia.com\/es\/author\/ppdegaliciagestion\/"}]}},"_links":{"self":[{"href":"https:\/\/ppdegalicia.com\/es\/wp-json\/wp\/v2\/posts\/52663","targetHints":{"allow":["GET"]}}],"collection":[{"href":"https:\/\/ppdegalicia.com\/es\/wp-json\/wp\/v2\/posts"}],"about":[{"href":"https:\/\/ppdegalicia.com\/es\/wp-json\/wp\/v2\/types\/post"}],"author":[{"embeddable":true,"href":"https:\/\/ppdegalicia.com\/es\/wp-json\/wp\/v2\/users\/37"}],"replies":[{"embeddable":true,"href":"https:\/\/ppdegalicia.com\/es\/wp-json\/wp\/v2\/comments?post=52663"}],"version-history":[{"count":0,"href":"https:\/\/ppdegalicia.com\/es\/wp-json\/wp\/v2\/posts\/52663\/revisions"}],"wp:attachment":[{"href":"https:\/\/ppdegalicia.com\/es\/wp-json\/wp\/v2\/media?parent=52663"}],"wp:term":[{"taxonomy":"category","embeddable":true,"href":"https:\/\/ppdegalicia.com\/es\/wp-json\/wp\/v2\/categories?post=52663"},{"taxonomy":"post_tag","embeddable":true,"href":"https:\/\/ppdegalicia.com\/es\/wp-json\/wp\/v2\/tags?post=52663"}],"curies":[{"name":"wp","href":"https:\/\/api.w.org\/{rel}","templated":true}]}}