{"id":52679,"date":"2019-04-30T14:40:39","date_gmt":"2019-04-30T12:40:39","guid":{"rendered":"https:\/\/ppdegalicia.com\/o-parlamento-reclamalle-ao-goberno-central-a-posta-en-marcha-do-estaleiro-4-0-nas-instalacions-de-navantia-en-ferrol\/"},"modified":"2019-04-30T14:40:39","modified_gmt":"2019-04-30T12:40:39","slug":"o-parlamento-reclamalle-ao-goberno-central-a-posta-en-marcha-do-estaleiro-4-0-nas-instalacions-de-navantia-en-ferrol","status":"publish","type":"post","link":"https:\/\/ppdegalicia.com\/es\/o-parlamento-reclamalle-ao-goberno-central-a-posta-en-marcha-do-estaleiro-4-0-nas-instalacions-de-navantia-en-ferrol\/","title":{"rendered":"O Parlamento recl\u00e1malle ao Goberno Central a posta en marcha do Estaleiro 4.0 nas instalaci\u00f3ns de Navantia en Ferrol"},"content":{"rendered":"<p>Santiago, 30 de abril de 2019.- O Parlamento de Galicia aprobou este martes por unanimidade unha proposici\u00f3n non de Lei do Grupo Popular na que apoia \u00e1 Xunta de Galicia na s\u00faa petici\u00f3n ao Goberno de Espa\u00f1a dunha resposta inmediata \u00e1 proposta consensuada para a implantaci\u00f3n do estaleiro 4.0 en Ferrol -vinculado ao programa de construci\u00f3n de cinco fragatas F110-, que supor\u00e1 xeraci\u00f3n dun n\u00famero relevante de empregos e situar\u00e1 a Navantia na vangarda tecnol\u00f3xica do sector naval.<\/p>\n<p><!--more--><\/p>\n<p>&nbsp;<\/p>\n<p>Na defensa da iniciativa, o viceportavoz popular, Miguel Tellado, lembrou que desde a moci\u00f3n de censura \u201cos socialistas tiveron 10 meses parado o proxecto, cando o \u00fanico que ti\u00f1an que facer era asinar a orde de execuci\u00f3n e empregar os 252 mill\u00f3ns de euros que xa lles quedaran consignados nos \u00faltimos Orzamentos Xerais do Estado\u201d. En cambio, optaron por facer efectiva esta sinatura uns d\u00edas antes das elecci\u00f3ns. Do mesmo xeito, afeoulle \u00e1 ministra de Defensa que aproveitase d\u00faas visitas a Galicia en actos de partido para comunicar as novidades&nbsp; sobre o proxecto.<\/p>\n<p>&nbsp;<\/p>\n<p>\u201cCremos que o Goberno central debe deixar de ver o naval como unha fonte de golpes de efecto e propaganda electoral, para traballar realmente no presente e no futuro de Navantia na comarca de Ferrol\u201d, subli\u00f1ou, para apuntar que agora mesmo non hai garant\u00edas de que exista carga de traballo durante os pr\u00f3ximos dous ou tres anos nos estaleiros de Navantia mentres non se empeza a cortar chapa para as fragatas. De feito, incidiu en que \u201ca \u00fanica decisi\u00f3n que se adoptou vai precisamente na direcci\u00f3n contraria: quitar carga de traballo a Navantia Fene para levala a C\u00e1diz\u201d.<\/p>\n<p>&nbsp;<\/p>\n<p><strong>CLAVE PARA O FUTURO<\/strong><\/p>\n<p>&nbsp;<\/p>\n<p>Neste mesmo sentido, Tellado advertiu que \u00e9 preciso que o Goberno empece canto antes a desenvolver as infraestruturas necesarias e os procesos produtivos que leven a Navantia a ga\u00f1ar posici\u00f3ns na f\u00e1brica do futuro. De a\u00ed a importancia de comprometer os orzamentos precisos para a posta en marcha do Estaleiro 4.0.<\/p>\n<p>&nbsp;<\/p>\n<p>O voceiro de Industria dos populares explicou que a implantaci\u00f3n deste proxecto \u00e9 unha das claves de futuro do naval das vindeiras d\u00e9cadas, para reforzar a competitividade duns dos mellores estaleiros do mundo, potenciar novas li\u00f1as de actuaci\u00f3n e diversificaci\u00f3n da actividade e mellorar a eficiencia da actividade e consolidar o seu liderado internacional.<\/p>\n<p>&nbsp;<\/p>\n<p>As\u00ed, reivindicou que desde o Grupo Popular son conscientes de que a Xunta non ten ningunha d\u00fabida sobre a importancia deste proxecto, e as\u00ed o demostra coa s\u00faa pol\u00edtica de apoio integral ao sector naval \u201cen estreita colaboraci\u00f3n cos distintos estaleiros, a industria auxiliar, outras instituci\u00f3ns e, por suposto, cos traballadores\u201d, como se ten demostrado co papel fundamental que xogan as Unidades Mixtas de Investigaci\u00f3n, como na que colaboran Navantia e a Universidade da Coru\u00f1a co Centro Tecnol\u00f3xico AIMEN. A s\u00faa implicaci\u00f3n no proxecto de estaleiro 4.0 pl\u00e1smase no investimento de 7 mill\u00f3ns de euros, e que xa produciu grandes avances, como por exemplo os avances no Buque Intelixente.<\/p>\n","protected":false},"excerpt":{"rendered":"<p>Santiago, 30 de abril de 2019.- O Parlamento de Galicia aprobou este martes por unanimidade unha proposici\u00f3n non de Lei do Grupo Popular na que apoia \u00e1 Xunta de Galicia na s\u00faa petici\u00f3n ao Goberno de Espa\u00f1a dunha resposta inmediata \u00e1 proposta consensuada para a implantaci\u00f3n do estaleiro 4.0 en Ferrol -vinculado ao programa de [&hellip;]<\/p>\n","protected":false},"author":37,"featured_media":0,"comment_status":"open","ping_status":"open","sticky":false,"template":"","format":"standard","meta":{"_acf_changed":false,"footnotes":""},"categories":[1],"tags":[],"class_list":["post-52679","post","type-post","status-publish","format-standard","hentry","category-pp-de-galicia"],"acf":[],"yoast_head":"<!-- This site is optimized with the Yoast SEO plugin v27.3 - https:\/\/yoast.com\/product\/yoast-seo-wordpress\/ -->\n<title>O Parlamento recl\u00e1malle ao Goberno Central a posta en marcha do Estaleiro 4.0 nas instalaci\u00f3ns de Navantia en Ferrol - PP de Galicia<\/title>\n<meta name=\"robots\" content=\"index, follow, max-snippet:-1, max-image-preview:large, max-video-preview:-1\" \/>\n<link rel=\"canonical\" href=\"https:\/\/ppdegalicia.com\/es\/o-parlamento-reclamalle-ao-goberno-central-a-posta-en-marcha-do-estaleiro-4-0-nas-instalacions-de-navantia-en-ferrol\/\" \/>\n<meta property=\"og:locale\" content=\"es_ES\" \/>\n<meta property=\"og:type\" content=\"article\" \/>\n<meta property=\"og:title\" content=\"O Parlamento recl\u00e1malle ao Goberno Central a posta en marcha do Estaleiro 4.0 nas instalaci\u00f3ns de Navantia en Ferrol - PP de Galicia\" \/>\n<meta property=\"og:description\" content=\"Santiago, 30 de abril de 2019.- O Parlamento de Galicia aprobou este martes por unanimidade unha proposici\u00f3n non de Lei do Grupo Popular na que apoia \u00e1 Xunta de Galicia na s\u00faa petici\u00f3n ao Goberno de Espa\u00f1a dunha resposta inmediata \u00e1 proposta consensuada para a implantaci\u00f3n do estaleiro 4.0 en Ferrol -vinculado ao programa de [&hellip;]\" \/>\n<meta property=\"og:url\" content=\"https:\/\/ppdegalicia.com\/es\/o-parlamento-reclamalle-ao-goberno-central-a-posta-en-marcha-do-estaleiro-4-0-nas-instalacions-de-navantia-en-ferrol\/\" \/>\n<meta property=\"og:site_name\" content=\"PP de Galicia\" \/>\n<meta property=\"article:publisher\" content=\"https:\/\/www.instagram.com\/ppdegalicia\/\" \/>\n<meta property=\"article:published_time\" content=\"2019-04-30T12:40:39+00:00\" \/>\n<meta name=\"author\" content=\"Super User\" \/>\n<meta name=\"twitter:card\" content=\"summary_large_image\" \/>\n<meta name=\"twitter:creator\" content=\"@ppdegalicia\" \/>\n<meta name=\"twitter:site\" content=\"@ppdegalicia\" \/>\n<meta name=\"twitter:label1\" content=\"Escrito por\" \/>\n\t<meta name=\"twitter:data1\" content=\"Super User\" \/>\n\t<meta name=\"twitter:label2\" content=\"Tiempo de lectura\" \/>\n\t<meta name=\"twitter:data2\" content=\"3 minutos\" \/>\n<script type=\"application\/ld+json\" class=\"yoast-schema-graph\">{\"@context\":\"https:\\\/\\\/schema.org\",\"@graph\":[{\"@type\":\"Article\",\"@id\":\"https:\\\/\\\/ppdegalicia.com\\\/es\\\/o-parlamento-reclamalle-ao-goberno-central-a-posta-en-marcha-do-estaleiro-4-0-nas-instalacions-de-navantia-en-ferrol\\\/#article\",\"isPartOf\":{\"@id\":\"https:\\\/\\\/ppdegalicia.com\\\/es\\\/o-parlamento-reclamalle-ao-goberno-central-a-posta-en-marcha-do-estaleiro-4-0-nas-instalacions-de-navantia-en-ferrol\\\/\"},\"author\":{\"name\":\"Super User\",\"@id\":\"https:\\\/\\\/ppdegalicia.com\\\/es\\\/#\\\/schema\\\/person\\\/d0f013b8388c980665d44009ab762960\"},\"headline\":\"O Parlamento recl\u00e1malle ao Goberno Central a posta en marcha do Estaleiro 4.0 nas instalaci\u00f3ns de Navantia en Ferrol\",\"datePublished\":\"2019-04-30T12:40:39+00:00\",\"mainEntityOfPage\":{\"@id\":\"https:\\\/\\\/ppdegalicia.com\\\/es\\\/o-parlamento-reclamalle-ao-goberno-central-a-posta-en-marcha-do-estaleiro-4-0-nas-instalacions-de-navantia-en-ferrol\\\/\"},\"wordCount\":545,\"commentCount\":0,\"publisher\":{\"@id\":\"https:\\\/\\\/ppdegalicia.com\\\/es\\\/#organization\"},\"articleSection\":[\"PP de Galicia\"],\"inLanguage\":\"es\",\"potentialAction\":[{\"@type\":\"CommentAction\",\"name\":\"Comment\",\"target\":[\"https:\\\/\\\/ppdegalicia.com\\\/es\\\/o-parlamento-reclamalle-ao-goberno-central-a-posta-en-marcha-do-estaleiro-4-0-nas-instalacions-de-navantia-en-ferrol\\\/#respond\"]}]},{\"@type\":\"WebPage\",\"@id\":\"https:\\\/\\\/ppdegalicia.com\\\/es\\\/o-parlamento-reclamalle-ao-goberno-central-a-posta-en-marcha-do-estaleiro-4-0-nas-instalacions-de-navantia-en-ferrol\\\/\",\"url\":\"https:\\\/\\\/ppdegalicia.com\\\/es\\\/o-parlamento-reclamalle-ao-goberno-central-a-posta-en-marcha-do-estaleiro-4-0-nas-instalacions-de-navantia-en-ferrol\\\/\",\"name\":\"O Parlamento recl\u00e1malle ao Goberno Central a posta en marcha do Estaleiro 4.0 nas instalaci\u00f3ns de Navantia en Ferrol - PP de Galicia\",\"isPartOf\":{\"@id\":\"https:\\\/\\\/ppdegalicia.com\\\/es\\\/#website\"},\"datePublished\":\"2019-04-30T12:40:39+00:00\",\"breadcrumb\":{\"@id\":\"https:\\\/\\\/ppdegalicia.com\\\/es\\\/o-parlamento-reclamalle-ao-goberno-central-a-posta-en-marcha-do-estaleiro-4-0-nas-instalacions-de-navantia-en-ferrol\\\/#breadcrumb\"},\"inLanguage\":\"es\",\"potentialAction\":[{\"@type\":\"ReadAction\",\"target\":[\"https:\\\/\\\/ppdegalicia.com\\\/es\\\/o-parlamento-reclamalle-ao-goberno-central-a-posta-en-marcha-do-estaleiro-4-0-nas-instalacions-de-navantia-en-ferrol\\\/\"]}]},{\"@type\":\"BreadcrumbList\",\"@id\":\"https:\\\/\\\/ppdegalicia.com\\\/es\\\/o-parlamento-reclamalle-ao-goberno-central-a-posta-en-marcha-do-estaleiro-4-0-nas-instalacions-de-navantia-en-ferrol\\\/#breadcrumb\",\"itemListElement\":[{\"@type\":\"ListItem\",\"position\":1,\"name\":\"Portada\",\"item\":\"https:\\\/\\\/ppdegalicia.com\\\/es\\\/\"},{\"@type\":\"ListItem\",\"position\":2,\"name\":\"O Parlamento recl\u00e1malle ao Goberno Central a posta en marcha do Estaleiro 4.0 nas instalaci\u00f3ns de Navantia en Ferrol\"}]},{\"@type\":\"WebSite\",\"@id\":\"https:\\\/\\\/ppdegalicia.com\\\/es\\\/#website\",\"url\":\"https:\\\/\\\/ppdegalicia.com\\\/es\\\/\",\"name\":\"Partido Popular de Galicia\",\"description\":\"Partido Popular de Galicia\",\"publisher\":{\"@id\":\"https:\\\/\\\/ppdegalicia.com\\\/es\\\/#organization\"},\"alternateName\":\"PP de Galicia\",\"potentialAction\":[{\"@type\":\"SearchAction\",\"target\":{\"@type\":\"EntryPoint\",\"urlTemplate\":\"https:\\\/\\\/ppdegalicia.com\\\/es\\\/?s={search_term_string}\"},\"query-input\":{\"@type\":\"PropertyValueSpecification\",\"valueRequired\":true,\"valueName\":\"search_term_string\"}}],\"inLanguage\":\"es\"},{\"@type\":\"Organization\",\"@id\":\"https:\\\/\\\/ppdegalicia.com\\\/es\\\/#organization\",\"name\":\"Partido Popular de Galicia\",\"alternateName\":\"PP de Galicia\",\"url\":\"https:\\\/\\\/ppdegalicia.com\\\/es\\\/\",\"logo\":{\"@type\":\"ImageObject\",\"inLanguage\":\"es\",\"@id\":\"https:\\\/\\\/ppdegalicia.com\\\/es\\\/#\\\/schema\\\/logo\\\/image\\\/\",\"url\":\"https:\\\/\\\/ppdegalicia.com\\\/wp-content\\\/uploads\\\/2023\\\/04\\\/logoPP512.png\",\"contentUrl\":\"https:\\\/\\\/ppdegalicia.com\\\/wp-content\\\/uploads\\\/2023\\\/04\\\/logoPP512.png\",\"width\":512,\"height\":512,\"caption\":\"Partido Popular de Galicia\"},\"image\":{\"@id\":\"https:\\\/\\\/ppdegalicia.com\\\/es\\\/#\\\/schema\\\/logo\\\/image\\\/\"},\"sameAs\":[\"https:\\\/\\\/www.instagram.com\\\/ppdegalicia\\\/\",\"https:\\\/\\\/x.com\\\/ppdegalicia\",\"https:\\\/\\\/www.tiktok.com\\\/@ppdegalicia\",\"https:\\\/\\\/www.youtube.com\\\/user\\\/ppdegalicia\"]},{\"@type\":\"Person\",\"@id\":\"https:\\\/\\\/ppdegalicia.com\\\/es\\\/#\\\/schema\\\/person\\\/d0f013b8388c980665d44009ab762960\",\"name\":\"Super User\",\"image\":{\"@type\":\"ImageObject\",\"inLanguage\":\"es\",\"@id\":\"https:\\\/\\\/secure.gravatar.com\\\/avatar\\\/1db852625ef4948f58d2739bfbc51e4b9bd5c93b8fa340b59fdb594ca0845645?s=96&d=mm&r=g\",\"url\":\"https:\\\/\\\/secure.gravatar.com\\\/avatar\\\/1db852625ef4948f58d2739bfbc51e4b9bd5c93b8fa340b59fdb594ca0845645?s=96&d=mm&r=g\",\"contentUrl\":\"https:\\\/\\\/secure.gravatar.com\\\/avatar\\\/1db852625ef4948f58d2739bfbc51e4b9bd5c93b8fa340b59fdb594ca0845645?s=96&d=mm&r=g\",\"caption\":\"Super User\"},\"url\":\"https:\\\/\\\/ppdegalicia.com\\\/es\\\/author\\\/ppdegaliciagestion\\\/\"}]}<\/script>\n<!-- \/ Yoast SEO plugin. -->","yoast_head_json":{"title":"O Parlamento recl\u00e1malle ao Goberno Central a posta en marcha do Estaleiro 4.0 nas instalaci\u00f3ns de Navantia en Ferrol - PP de Galicia","robots":{"index":"index","follow":"follow","max-snippet":"max-snippet:-1","max-image-preview":"max-image-preview:large","max-video-preview":"max-video-preview:-1"},"canonical":"https:\/\/ppdegalicia.com\/es\/o-parlamento-reclamalle-ao-goberno-central-a-posta-en-marcha-do-estaleiro-4-0-nas-instalacions-de-navantia-en-ferrol\/","og_locale":"es_ES","og_type":"article","og_title":"O Parlamento recl\u00e1malle ao Goberno Central a posta en marcha do Estaleiro 4.0 nas instalaci\u00f3ns de Navantia en Ferrol - PP de Galicia","og_description":"Santiago, 30 de abril de 2019.- O Parlamento de Galicia aprobou este martes por unanimidade unha proposici\u00f3n non de Lei do Grupo Popular na que apoia \u00e1 Xunta de Galicia na s\u00faa petici\u00f3n ao Goberno de Espa\u00f1a dunha resposta inmediata \u00e1 proposta consensuada para a implantaci\u00f3n do estaleiro 4.0 en Ferrol -vinculado ao programa de [&hellip;]","og_url":"https:\/\/ppdegalicia.com\/es\/o-parlamento-reclamalle-ao-goberno-central-a-posta-en-marcha-do-estaleiro-4-0-nas-instalacions-de-navantia-en-ferrol\/","og_site_name":"PP de Galicia","article_publisher":"https:\/\/www.instagram.com\/ppdegalicia\/","article_published_time":"2019-04-30T12:40:39+00:00","author":"Super User","twitter_card":"summary_large_image","twitter_creator":"@ppdegalicia","twitter_site":"@ppdegalicia","twitter_misc":{"Escrito por":"Super User","Tiempo de lectura":"3 minutos"},"schema":{"@context":"https:\/\/schema.org","@graph":[{"@type":"Article","@id":"https:\/\/ppdegalicia.com\/es\/o-parlamento-reclamalle-ao-goberno-central-a-posta-en-marcha-do-estaleiro-4-0-nas-instalacions-de-navantia-en-ferrol\/#article","isPartOf":{"@id":"https:\/\/ppdegalicia.com\/es\/o-parlamento-reclamalle-ao-goberno-central-a-posta-en-marcha-do-estaleiro-4-0-nas-instalacions-de-navantia-en-ferrol\/"},"author":{"name":"Super User","@id":"https:\/\/ppdegalicia.com\/es\/#\/schema\/person\/d0f013b8388c980665d44009ab762960"},"headline":"O Parlamento recl\u00e1malle ao Goberno Central a posta en marcha do Estaleiro 4.0 nas instalaci\u00f3ns de Navantia en Ferrol","datePublished":"2019-04-30T12:40:39+00:00","mainEntityOfPage":{"@id":"https:\/\/ppdegalicia.com\/es\/o-parlamento-reclamalle-ao-goberno-central-a-posta-en-marcha-do-estaleiro-4-0-nas-instalacions-de-navantia-en-ferrol\/"},"wordCount":545,"commentCount":0,"publisher":{"@id":"https:\/\/ppdegalicia.com\/es\/#organization"},"articleSection":["PP de Galicia"],"inLanguage":"es","potentialAction":[{"@type":"CommentAction","name":"Comment","target":["https:\/\/ppdegalicia.com\/es\/o-parlamento-reclamalle-ao-goberno-central-a-posta-en-marcha-do-estaleiro-4-0-nas-instalacions-de-navantia-en-ferrol\/#respond"]}]},{"@type":"WebPage","@id":"https:\/\/ppdegalicia.com\/es\/o-parlamento-reclamalle-ao-goberno-central-a-posta-en-marcha-do-estaleiro-4-0-nas-instalacions-de-navantia-en-ferrol\/","url":"https:\/\/ppdegalicia.com\/es\/o-parlamento-reclamalle-ao-goberno-central-a-posta-en-marcha-do-estaleiro-4-0-nas-instalacions-de-navantia-en-ferrol\/","name":"O Parlamento recl\u00e1malle ao Goberno Central a posta en marcha do Estaleiro 4.0 nas instalaci\u00f3ns de Navantia en Ferrol - PP de Galicia","isPartOf":{"@id":"https:\/\/ppdegalicia.com\/es\/#website"},"datePublished":"2019-04-30T12:40:39+00:00","breadcrumb":{"@id":"https:\/\/ppdegalicia.com\/es\/o-parlamento-reclamalle-ao-goberno-central-a-posta-en-marcha-do-estaleiro-4-0-nas-instalacions-de-navantia-en-ferrol\/#breadcrumb"},"inLanguage":"es","potentialAction":[{"@type":"ReadAction","target":["https:\/\/ppdegalicia.com\/es\/o-parlamento-reclamalle-ao-goberno-central-a-posta-en-marcha-do-estaleiro-4-0-nas-instalacions-de-navantia-en-ferrol\/"]}]},{"@type":"BreadcrumbList","@id":"https:\/\/ppdegalicia.com\/es\/o-parlamento-reclamalle-ao-goberno-central-a-posta-en-marcha-do-estaleiro-4-0-nas-instalacions-de-navantia-en-ferrol\/#breadcrumb","itemListElement":[{"@type":"ListItem","position":1,"name":"Portada","item":"https:\/\/ppdegalicia.com\/es\/"},{"@type":"ListItem","position":2,"name":"O Parlamento recl\u00e1malle ao Goberno Central a posta en marcha do Estaleiro 4.0 nas instalaci\u00f3ns de Navantia en Ferrol"}]},{"@type":"WebSite","@id":"https:\/\/ppdegalicia.com\/es\/#website","url":"https:\/\/ppdegalicia.com\/es\/","name":"Partido Popular de Galicia","description":"Partido Popular de Galicia","publisher":{"@id":"https:\/\/ppdegalicia.com\/es\/#organization"},"alternateName":"PP de Galicia","potentialAction":[{"@type":"SearchAction","target":{"@type":"EntryPoint","urlTemplate":"https:\/\/ppdegalicia.com\/es\/?s={search_term_string}"},"query-input":{"@type":"PropertyValueSpecification","valueRequired":true,"valueName":"search_term_string"}}],"inLanguage":"es"},{"@type":"Organization","@id":"https:\/\/ppdegalicia.com\/es\/#organization","name":"Partido Popular de Galicia","alternateName":"PP de Galicia","url":"https:\/\/ppdegalicia.com\/es\/","logo":{"@type":"ImageObject","inLanguage":"es","@id":"https:\/\/ppdegalicia.com\/es\/#\/schema\/logo\/image\/","url":"https:\/\/ppdegalicia.com\/wp-content\/uploads\/2023\/04\/logoPP512.png","contentUrl":"https:\/\/ppdegalicia.com\/wp-content\/uploads\/2023\/04\/logoPP512.png","width":512,"height":512,"caption":"Partido Popular de Galicia"},"image":{"@id":"https:\/\/ppdegalicia.com\/es\/#\/schema\/logo\/image\/"},"sameAs":["https:\/\/www.instagram.com\/ppdegalicia\/","https:\/\/x.com\/ppdegalicia","https:\/\/www.tiktok.com\/@ppdegalicia","https:\/\/www.youtube.com\/user\/ppdegalicia"]},{"@type":"Person","@id":"https:\/\/ppdegalicia.com\/es\/#\/schema\/person\/d0f013b8388c980665d44009ab762960","name":"Super User","image":{"@type":"ImageObject","inLanguage":"es","@id":"https:\/\/secure.gravatar.com\/avatar\/1db852625ef4948f58d2739bfbc51e4b9bd5c93b8fa340b59fdb594ca0845645?s=96&d=mm&r=g","url":"https:\/\/secure.gravatar.com\/avatar\/1db852625ef4948f58d2739bfbc51e4b9bd5c93b8fa340b59fdb594ca0845645?s=96&d=mm&r=g","contentUrl":"https:\/\/secure.gravatar.com\/avatar\/1db852625ef4948f58d2739bfbc51e4b9bd5c93b8fa340b59fdb594ca0845645?s=96&d=mm&r=g","caption":"Super User"},"url":"https:\/\/ppdegalicia.com\/es\/author\/ppdegaliciagestion\/"}]}},"_links":{"self":[{"href":"https:\/\/ppdegalicia.com\/es\/wp-json\/wp\/v2\/posts\/52679","targetHints":{"allow":["GET"]}}],"collection":[{"href":"https:\/\/ppdegalicia.com\/es\/wp-json\/wp\/v2\/posts"}],"about":[{"href":"https:\/\/ppdegalicia.com\/es\/wp-json\/wp\/v2\/types\/post"}],"author":[{"embeddable":true,"href":"https:\/\/ppdegalicia.com\/es\/wp-json\/wp\/v2\/users\/37"}],"replies":[{"embeddable":true,"href":"https:\/\/ppdegalicia.com\/es\/wp-json\/wp\/v2\/comments?post=52679"}],"version-history":[{"count":0,"href":"https:\/\/ppdegalicia.com\/es\/wp-json\/wp\/v2\/posts\/52679\/revisions"}],"wp:attachment":[{"href":"https:\/\/ppdegalicia.com\/es\/wp-json\/wp\/v2\/media?parent=52679"}],"wp:term":[{"taxonomy":"category","embeddable":true,"href":"https:\/\/ppdegalicia.com\/es\/wp-json\/wp\/v2\/categories?post=52679"},{"taxonomy":"post_tag","embeddable":true,"href":"https:\/\/ppdegalicia.com\/es\/wp-json\/wp\/v2\/tags?post=52679"}],"curies":[{"name":"wp","href":"https:\/\/api.w.org\/{rel}","templated":true}]}}