{"id":52680,"date":"2019-04-30T14:42:08","date_gmt":"2019-04-30T12:42:08","guid":{"rendered":"https:\/\/ppdegalicia.com\/o-parlamento-insta-ao-goberno-do-estado-a-que-retire-a-modificacion-do-regulamento-da-lei-de-costas\/"},"modified":"2019-04-30T14:42:08","modified_gmt":"2019-04-30T12:42:08","slug":"o-parlamento-insta-ao-goberno-do-estado-a-que-retire-a-modificacion-do-regulamento-da-lei-de-costas","status":"publish","type":"post","link":"https:\/\/ppdegalicia.com\/es\/o-parlamento-insta-ao-goberno-do-estado-a-que-retire-a-modificacion-do-regulamento-da-lei-de-costas\/","title":{"rendered":"O Parlamento insta ao Goberno do Estado a que retire a modificaci\u00f3n do regulamento da Lei de Costas"},"content":{"rendered":"<p>Santiago, 30 de abril de 2019.- O Parlamento de Galicia aprobou hoxe a proposici\u00f3n non de lei do Grupo Popular a trav\u00e9s da que se insta ao Goberno do Estado a que retire a redacci\u00f3n actual da modificaci\u00f3n do regulamento da Lei de Costas por non axustarse \u00e1 normativa vixente e que na nova tramitaci\u00f3n que se acometa se dea un prazo axustado de alegaci\u00f3ns para que toda a cidadan\u00eda e os sectores afectados poida presentar as s\u00faas reclamaci\u00f3ns.<\/p>\n<p><!--more--><\/p>\n<p>&nbsp;<\/p>\n<p>&nbsp;<\/p>\n<p>Ademais, dem\u00e1ndase que dea traslado \u00e1 Xunta dun informe exhaustivo sobre todas as concesi\u00f3ns que se ver\u00edan afectadas pola modificaci\u00f3n do citado regulamento, en especial aquelas que xa non poder\u00edan ser obxecto de pr\u00f3rroga algunha.<\/p>\n<p>&nbsp;<\/p>\n<p>A portavoz do Mar, Teresa Egerique, afirmou que \u201cestamos ante unha manobra do Goberno do Estado coa que tenta vestir e dar amparo legal a decisi\u00f3ns caprichosas como a de allanarse nos procedementos abertos en relaci\u00f3n \u00e1 prorroga da concesi\u00f3n de Ence, unha prorroga que foi concedida en 2016 e que contaba co amparo legal do artigo segundo da Lei de Costas e con todos os informes necesarios e avais medioambientais\u201d.<\/p>\n<p>&nbsp;<\/p>\n<p><strong>MODIFICACI\u00d3N CAPRICHOSA<\/strong><\/p>\n<p>&nbsp;<\/p>\n<p>\u201cTr\u00e1tase dunha modificaci\u00f3n caprichosa do regulamento de Costas que pon en perigo e xera inseguridade a moitas empresas que traballan d\u00eda a d\u00eda en Galicia no \u00e1mbito de dominio p\u00fablico mar\u00edtimo terrestre, xa que as prexudicar\u00e1 \u00e1s concesi\u00f3ns anteriores \u00e1 Lei de 2013 que, podendo ubicarse legalmente no dominio p\u00fablico mar\u00edtimo-terrestre, ver\u00e1n reducida a duraci\u00f3n da pr\u00f3rroga extraordinaria, as\u00ed como aquelas concesi\u00f3ns que poidan ter outra localizaci\u00f3n que non sexa necesariamente o dominio p\u00fablico mar\u00edtimo-terrestre e que, por tanto, xa non poder\u00e1n solicitar a pr\u00f3rroga\u201d, explicou.<\/p>\n<p>&nbsp;<\/p>\n<p>En concreto, Teresa Egerique dixo que \u201co Instituto de Estudos do Territorio identificou en Galicia preto de 5.000 edificaci\u00f3ns que est\u00e1n \u00edntegra ou parcialmente en zona de dominio p\u00fablico mar\u00edtimo-terrestre, entre as que se atopan non s\u00f3 empresas, sen\u00f3n tam\u00e9n depuradoras, colexios ou escolas infant\u00eds\u201d.<\/p>\n<p>&nbsp;<\/p>\n<p><strong>TRABALLO CONXUNTO DO GOBERNO GALEGO<\/strong><\/p>\n<p>&nbsp;<\/p>\n<p>A portavoz popular salientou \u201co traballo conxunto que est\u00e1 a desenvolver o Goberno galego, que solicitou ao Goberno do Estado a ampliaci\u00f3n do prazo fixado para a presentaci\u00f3n de alegaci\u00f3ns, presentou as correspondentes alegaci\u00f3ns en tempo r\u00e9cord, est\u00e1 informando aos afectados e ten remitido sendas cartas ao secretario de Estado de Medio Ambiente e \u00e1 ministra de Transici\u00f3n Ecol\u00f3xica demandando informaci\u00f3n e ofrec\u00e9ndose incluso \u00e1s conselleiras de Medio Ambiente e Mar a ir a Madrid a reunirse\u201d.<\/p>\n<p>&nbsp;<\/p>\n<p>\u201cA Xunta e o PPdeG non nos deteremos aqu\u00ed, xa que continuaremos defendendo os intereses de Galicia, e far\u00e9molo porque o prexu\u00edzo para a Comunidade galega \u00e9 moito e vai m\u00e1is al\u00e1 do econ\u00f3mico, xa que tam\u00e9n hai un prexu\u00edzo sanitario, social e educativo\u201d, apuntou Egerique.<\/p>\n","protected":false},"excerpt":{"rendered":"<p>Santiago, 30 de abril de 2019.- O Parlamento de Galicia aprobou hoxe a proposici\u00f3n non de lei do Grupo Popular a trav\u00e9s da que se insta ao Goberno do Estado a que retire a redacci\u00f3n actual da modificaci\u00f3n do regulamento da Lei de Costas por non axustarse \u00e1 normativa vixente e que na nova tramitaci\u00f3n [&hellip;]<\/p>\n","protected":false},"author":37,"featured_media":0,"comment_status":"open","ping_status":"open","sticky":false,"template":"","format":"standard","meta":{"_acf_changed":false,"footnotes":""},"categories":[1],"tags":[],"class_list":["post-52680","post","type-post","status-publish","format-standard","hentry","category-pp-de-galicia"],"acf":[],"yoast_head":"<!-- This site is optimized with the Yoast SEO plugin v27.3 - https:\/\/yoast.com\/product\/yoast-seo-wordpress\/ -->\n<title>O Parlamento insta ao Goberno do Estado a que retire a modificaci\u00f3n do regulamento da Lei de Costas - PP de Galicia<\/title>\n<meta name=\"robots\" content=\"index, follow, max-snippet:-1, max-image-preview:large, max-video-preview:-1\" \/>\n<link rel=\"canonical\" href=\"https:\/\/ppdegalicia.com\/es\/o-parlamento-insta-ao-goberno-do-estado-a-que-retire-a-modificacion-do-regulamento-da-lei-de-costas\/\" \/>\n<meta property=\"og:locale\" content=\"es_ES\" \/>\n<meta property=\"og:type\" content=\"article\" \/>\n<meta property=\"og:title\" content=\"O Parlamento insta ao Goberno do Estado a que retire a modificaci\u00f3n do regulamento da Lei de Costas - PP de Galicia\" \/>\n<meta property=\"og:description\" content=\"Santiago, 30 de abril de 2019.- O Parlamento de Galicia aprobou hoxe a proposici\u00f3n non de lei do Grupo Popular a trav\u00e9s da que se insta ao Goberno do Estado a que retire a redacci\u00f3n actual da modificaci\u00f3n do regulamento da Lei de Costas por non axustarse \u00e1 normativa vixente e que na nova tramitaci\u00f3n [&hellip;]\" \/>\n<meta property=\"og:url\" content=\"https:\/\/ppdegalicia.com\/es\/o-parlamento-insta-ao-goberno-do-estado-a-que-retire-a-modificacion-do-regulamento-da-lei-de-costas\/\" \/>\n<meta property=\"og:site_name\" content=\"PP de Galicia\" \/>\n<meta property=\"article:publisher\" content=\"https:\/\/www.instagram.com\/ppdegalicia\/\" \/>\n<meta property=\"article:published_time\" content=\"2019-04-30T12:42:08+00:00\" \/>\n<meta name=\"author\" content=\"Super User\" \/>\n<meta name=\"twitter:card\" content=\"summary_large_image\" \/>\n<meta name=\"twitter:creator\" content=\"@ppdegalicia\" \/>\n<meta name=\"twitter:site\" content=\"@ppdegalicia\" \/>\n<meta name=\"twitter:label1\" content=\"Escrito por\" \/>\n\t<meta name=\"twitter:data1\" content=\"Super User\" \/>\n\t<meta name=\"twitter:label2\" content=\"Tiempo de lectura\" \/>\n\t<meta name=\"twitter:data2\" content=\"3 minutos\" \/>\n<script type=\"application\/ld+json\" class=\"yoast-schema-graph\">{\"@context\":\"https:\\\/\\\/schema.org\",\"@graph\":[{\"@type\":\"Article\",\"@id\":\"https:\\\/\\\/ppdegalicia.com\\\/es\\\/o-parlamento-insta-ao-goberno-do-estado-a-que-retire-a-modificacion-do-regulamento-da-lei-de-costas\\\/#article\",\"isPartOf\":{\"@id\":\"https:\\\/\\\/ppdegalicia.com\\\/es\\\/o-parlamento-insta-ao-goberno-do-estado-a-que-retire-a-modificacion-do-regulamento-da-lei-de-costas\\\/\"},\"author\":{\"name\":\"Super User\",\"@id\":\"https:\\\/\\\/ppdegalicia.com\\\/es\\\/#\\\/schema\\\/person\\\/d0f013b8388c980665d44009ab762960\"},\"headline\":\"O Parlamento insta ao Goberno do Estado a que retire a modificaci\u00f3n do regulamento da Lei de Costas\",\"datePublished\":\"2019-04-30T12:42:08+00:00\",\"mainEntityOfPage\":{\"@id\":\"https:\\\/\\\/ppdegalicia.com\\\/es\\\/o-parlamento-insta-ao-goberno-do-estado-a-que-retire-a-modificacion-do-regulamento-da-lei-de-costas\\\/\"},\"wordCount\":523,\"commentCount\":0,\"publisher\":{\"@id\":\"https:\\\/\\\/ppdegalicia.com\\\/es\\\/#organization\"},\"articleSection\":[\"PP de Galicia\"],\"inLanguage\":\"es\",\"potentialAction\":[{\"@type\":\"CommentAction\",\"name\":\"Comment\",\"target\":[\"https:\\\/\\\/ppdegalicia.com\\\/es\\\/o-parlamento-insta-ao-goberno-do-estado-a-que-retire-a-modificacion-do-regulamento-da-lei-de-costas\\\/#respond\"]}]},{\"@type\":\"WebPage\",\"@id\":\"https:\\\/\\\/ppdegalicia.com\\\/es\\\/o-parlamento-insta-ao-goberno-do-estado-a-que-retire-a-modificacion-do-regulamento-da-lei-de-costas\\\/\",\"url\":\"https:\\\/\\\/ppdegalicia.com\\\/es\\\/o-parlamento-insta-ao-goberno-do-estado-a-que-retire-a-modificacion-do-regulamento-da-lei-de-costas\\\/\",\"name\":\"O Parlamento insta ao Goberno do Estado a que retire a modificaci\u00f3n do regulamento da Lei de Costas - PP de Galicia\",\"isPartOf\":{\"@id\":\"https:\\\/\\\/ppdegalicia.com\\\/es\\\/#website\"},\"datePublished\":\"2019-04-30T12:42:08+00:00\",\"breadcrumb\":{\"@id\":\"https:\\\/\\\/ppdegalicia.com\\\/es\\\/o-parlamento-insta-ao-goberno-do-estado-a-que-retire-a-modificacion-do-regulamento-da-lei-de-costas\\\/#breadcrumb\"},\"inLanguage\":\"es\",\"potentialAction\":[{\"@type\":\"ReadAction\",\"target\":[\"https:\\\/\\\/ppdegalicia.com\\\/es\\\/o-parlamento-insta-ao-goberno-do-estado-a-que-retire-a-modificacion-do-regulamento-da-lei-de-costas\\\/\"]}]},{\"@type\":\"BreadcrumbList\",\"@id\":\"https:\\\/\\\/ppdegalicia.com\\\/es\\\/o-parlamento-insta-ao-goberno-do-estado-a-que-retire-a-modificacion-do-regulamento-da-lei-de-costas\\\/#breadcrumb\",\"itemListElement\":[{\"@type\":\"ListItem\",\"position\":1,\"name\":\"Portada\",\"item\":\"https:\\\/\\\/ppdegalicia.com\\\/es\\\/\"},{\"@type\":\"ListItem\",\"position\":2,\"name\":\"O Parlamento insta ao Goberno do Estado a que retire a modificaci\u00f3n do regulamento da Lei de Costas\"}]},{\"@type\":\"WebSite\",\"@id\":\"https:\\\/\\\/ppdegalicia.com\\\/es\\\/#website\",\"url\":\"https:\\\/\\\/ppdegalicia.com\\\/es\\\/\",\"name\":\"Partido Popular de Galicia\",\"description\":\"Partido Popular de Galicia\",\"publisher\":{\"@id\":\"https:\\\/\\\/ppdegalicia.com\\\/es\\\/#organization\"},\"alternateName\":\"PP de Galicia\",\"potentialAction\":[{\"@type\":\"SearchAction\",\"target\":{\"@type\":\"EntryPoint\",\"urlTemplate\":\"https:\\\/\\\/ppdegalicia.com\\\/es\\\/?s={search_term_string}\"},\"query-input\":{\"@type\":\"PropertyValueSpecification\",\"valueRequired\":true,\"valueName\":\"search_term_string\"}}],\"inLanguage\":\"es\"},{\"@type\":\"Organization\",\"@id\":\"https:\\\/\\\/ppdegalicia.com\\\/es\\\/#organization\",\"name\":\"Partido Popular de Galicia\",\"alternateName\":\"PP de Galicia\",\"url\":\"https:\\\/\\\/ppdegalicia.com\\\/es\\\/\",\"logo\":{\"@type\":\"ImageObject\",\"inLanguage\":\"es\",\"@id\":\"https:\\\/\\\/ppdegalicia.com\\\/es\\\/#\\\/schema\\\/logo\\\/image\\\/\",\"url\":\"https:\\\/\\\/ppdegalicia.com\\\/wp-content\\\/uploads\\\/2023\\\/04\\\/logoPP512.png\",\"contentUrl\":\"https:\\\/\\\/ppdegalicia.com\\\/wp-content\\\/uploads\\\/2023\\\/04\\\/logoPP512.png\",\"width\":512,\"height\":512,\"caption\":\"Partido Popular de Galicia\"},\"image\":{\"@id\":\"https:\\\/\\\/ppdegalicia.com\\\/es\\\/#\\\/schema\\\/logo\\\/image\\\/\"},\"sameAs\":[\"https:\\\/\\\/www.instagram.com\\\/ppdegalicia\\\/\",\"https:\\\/\\\/x.com\\\/ppdegalicia\",\"https:\\\/\\\/www.tiktok.com\\\/@ppdegalicia\",\"https:\\\/\\\/www.youtube.com\\\/user\\\/ppdegalicia\"]},{\"@type\":\"Person\",\"@id\":\"https:\\\/\\\/ppdegalicia.com\\\/es\\\/#\\\/schema\\\/person\\\/d0f013b8388c980665d44009ab762960\",\"name\":\"Super User\",\"image\":{\"@type\":\"ImageObject\",\"inLanguage\":\"es\",\"@id\":\"https:\\\/\\\/secure.gravatar.com\\\/avatar\\\/1db852625ef4948f58d2739bfbc51e4b9bd5c93b8fa340b59fdb594ca0845645?s=96&d=mm&r=g\",\"url\":\"https:\\\/\\\/secure.gravatar.com\\\/avatar\\\/1db852625ef4948f58d2739bfbc51e4b9bd5c93b8fa340b59fdb594ca0845645?s=96&d=mm&r=g\",\"contentUrl\":\"https:\\\/\\\/secure.gravatar.com\\\/avatar\\\/1db852625ef4948f58d2739bfbc51e4b9bd5c93b8fa340b59fdb594ca0845645?s=96&d=mm&r=g\",\"caption\":\"Super User\"},\"url\":\"https:\\\/\\\/ppdegalicia.com\\\/es\\\/author\\\/ppdegaliciagestion\\\/\"}]}<\/script>\n<!-- \/ Yoast SEO plugin. -->","yoast_head_json":{"title":"O Parlamento insta ao Goberno do Estado a que retire a modificaci\u00f3n do regulamento da Lei de Costas - PP de Galicia","robots":{"index":"index","follow":"follow","max-snippet":"max-snippet:-1","max-image-preview":"max-image-preview:large","max-video-preview":"max-video-preview:-1"},"canonical":"https:\/\/ppdegalicia.com\/es\/o-parlamento-insta-ao-goberno-do-estado-a-que-retire-a-modificacion-do-regulamento-da-lei-de-costas\/","og_locale":"es_ES","og_type":"article","og_title":"O Parlamento insta ao Goberno do Estado a que retire a modificaci\u00f3n do regulamento da Lei de Costas - PP de Galicia","og_description":"Santiago, 30 de abril de 2019.- O Parlamento de Galicia aprobou hoxe a proposici\u00f3n non de lei do Grupo Popular a trav\u00e9s da que se insta ao Goberno do Estado a que retire a redacci\u00f3n actual da modificaci\u00f3n do regulamento da Lei de Costas por non axustarse \u00e1 normativa vixente e que na nova tramitaci\u00f3n [&hellip;]","og_url":"https:\/\/ppdegalicia.com\/es\/o-parlamento-insta-ao-goberno-do-estado-a-que-retire-a-modificacion-do-regulamento-da-lei-de-costas\/","og_site_name":"PP de Galicia","article_publisher":"https:\/\/www.instagram.com\/ppdegalicia\/","article_published_time":"2019-04-30T12:42:08+00:00","author":"Super User","twitter_card":"summary_large_image","twitter_creator":"@ppdegalicia","twitter_site":"@ppdegalicia","twitter_misc":{"Escrito por":"Super User","Tiempo de lectura":"3 minutos"},"schema":{"@context":"https:\/\/schema.org","@graph":[{"@type":"Article","@id":"https:\/\/ppdegalicia.com\/es\/o-parlamento-insta-ao-goberno-do-estado-a-que-retire-a-modificacion-do-regulamento-da-lei-de-costas\/#article","isPartOf":{"@id":"https:\/\/ppdegalicia.com\/es\/o-parlamento-insta-ao-goberno-do-estado-a-que-retire-a-modificacion-do-regulamento-da-lei-de-costas\/"},"author":{"name":"Super User","@id":"https:\/\/ppdegalicia.com\/es\/#\/schema\/person\/d0f013b8388c980665d44009ab762960"},"headline":"O Parlamento insta ao Goberno do Estado a que retire a modificaci\u00f3n do regulamento da Lei de Costas","datePublished":"2019-04-30T12:42:08+00:00","mainEntityOfPage":{"@id":"https:\/\/ppdegalicia.com\/es\/o-parlamento-insta-ao-goberno-do-estado-a-que-retire-a-modificacion-do-regulamento-da-lei-de-costas\/"},"wordCount":523,"commentCount":0,"publisher":{"@id":"https:\/\/ppdegalicia.com\/es\/#organization"},"articleSection":["PP de Galicia"],"inLanguage":"es","potentialAction":[{"@type":"CommentAction","name":"Comment","target":["https:\/\/ppdegalicia.com\/es\/o-parlamento-insta-ao-goberno-do-estado-a-que-retire-a-modificacion-do-regulamento-da-lei-de-costas\/#respond"]}]},{"@type":"WebPage","@id":"https:\/\/ppdegalicia.com\/es\/o-parlamento-insta-ao-goberno-do-estado-a-que-retire-a-modificacion-do-regulamento-da-lei-de-costas\/","url":"https:\/\/ppdegalicia.com\/es\/o-parlamento-insta-ao-goberno-do-estado-a-que-retire-a-modificacion-do-regulamento-da-lei-de-costas\/","name":"O Parlamento insta ao Goberno do Estado a que retire a modificaci\u00f3n do regulamento da Lei de Costas - PP de Galicia","isPartOf":{"@id":"https:\/\/ppdegalicia.com\/es\/#website"},"datePublished":"2019-04-30T12:42:08+00:00","breadcrumb":{"@id":"https:\/\/ppdegalicia.com\/es\/o-parlamento-insta-ao-goberno-do-estado-a-que-retire-a-modificacion-do-regulamento-da-lei-de-costas\/#breadcrumb"},"inLanguage":"es","potentialAction":[{"@type":"ReadAction","target":["https:\/\/ppdegalicia.com\/es\/o-parlamento-insta-ao-goberno-do-estado-a-que-retire-a-modificacion-do-regulamento-da-lei-de-costas\/"]}]},{"@type":"BreadcrumbList","@id":"https:\/\/ppdegalicia.com\/es\/o-parlamento-insta-ao-goberno-do-estado-a-que-retire-a-modificacion-do-regulamento-da-lei-de-costas\/#breadcrumb","itemListElement":[{"@type":"ListItem","position":1,"name":"Portada","item":"https:\/\/ppdegalicia.com\/es\/"},{"@type":"ListItem","position":2,"name":"O Parlamento insta ao Goberno do Estado a que retire a modificaci\u00f3n do regulamento da Lei de Costas"}]},{"@type":"WebSite","@id":"https:\/\/ppdegalicia.com\/es\/#website","url":"https:\/\/ppdegalicia.com\/es\/","name":"Partido Popular de Galicia","description":"Partido Popular de Galicia","publisher":{"@id":"https:\/\/ppdegalicia.com\/es\/#organization"},"alternateName":"PP de Galicia","potentialAction":[{"@type":"SearchAction","target":{"@type":"EntryPoint","urlTemplate":"https:\/\/ppdegalicia.com\/es\/?s={search_term_string}"},"query-input":{"@type":"PropertyValueSpecification","valueRequired":true,"valueName":"search_term_string"}}],"inLanguage":"es"},{"@type":"Organization","@id":"https:\/\/ppdegalicia.com\/es\/#organization","name":"Partido Popular de Galicia","alternateName":"PP de Galicia","url":"https:\/\/ppdegalicia.com\/es\/","logo":{"@type":"ImageObject","inLanguage":"es","@id":"https:\/\/ppdegalicia.com\/es\/#\/schema\/logo\/image\/","url":"https:\/\/ppdegalicia.com\/wp-content\/uploads\/2023\/04\/logoPP512.png","contentUrl":"https:\/\/ppdegalicia.com\/wp-content\/uploads\/2023\/04\/logoPP512.png","width":512,"height":512,"caption":"Partido Popular de Galicia"},"image":{"@id":"https:\/\/ppdegalicia.com\/es\/#\/schema\/logo\/image\/"},"sameAs":["https:\/\/www.instagram.com\/ppdegalicia\/","https:\/\/x.com\/ppdegalicia","https:\/\/www.tiktok.com\/@ppdegalicia","https:\/\/www.youtube.com\/user\/ppdegalicia"]},{"@type":"Person","@id":"https:\/\/ppdegalicia.com\/es\/#\/schema\/person\/d0f013b8388c980665d44009ab762960","name":"Super User","image":{"@type":"ImageObject","inLanguage":"es","@id":"https:\/\/secure.gravatar.com\/avatar\/1db852625ef4948f58d2739bfbc51e4b9bd5c93b8fa340b59fdb594ca0845645?s=96&d=mm&r=g","url":"https:\/\/secure.gravatar.com\/avatar\/1db852625ef4948f58d2739bfbc51e4b9bd5c93b8fa340b59fdb594ca0845645?s=96&d=mm&r=g","contentUrl":"https:\/\/secure.gravatar.com\/avatar\/1db852625ef4948f58d2739bfbc51e4b9bd5c93b8fa340b59fdb594ca0845645?s=96&d=mm&r=g","caption":"Super User"},"url":"https:\/\/ppdegalicia.com\/es\/author\/ppdegaliciagestion\/"}]}},"_links":{"self":[{"href":"https:\/\/ppdegalicia.com\/es\/wp-json\/wp\/v2\/posts\/52680","targetHints":{"allow":["GET"]}}],"collection":[{"href":"https:\/\/ppdegalicia.com\/es\/wp-json\/wp\/v2\/posts"}],"about":[{"href":"https:\/\/ppdegalicia.com\/es\/wp-json\/wp\/v2\/types\/post"}],"author":[{"embeddable":true,"href":"https:\/\/ppdegalicia.com\/es\/wp-json\/wp\/v2\/users\/37"}],"replies":[{"embeddable":true,"href":"https:\/\/ppdegalicia.com\/es\/wp-json\/wp\/v2\/comments?post=52680"}],"version-history":[{"count":0,"href":"https:\/\/ppdegalicia.com\/es\/wp-json\/wp\/v2\/posts\/52680\/revisions"}],"wp:attachment":[{"href":"https:\/\/ppdegalicia.com\/es\/wp-json\/wp\/v2\/media?parent=52680"}],"wp:term":[{"taxonomy":"category","embeddable":true,"href":"https:\/\/ppdegalicia.com\/es\/wp-json\/wp\/v2\/categories?post=52680"},{"taxonomy":"post_tag","embeddable":true,"href":"https:\/\/ppdegalicia.com\/es\/wp-json\/wp\/v2\/tags?post=52680"}],"curies":[{"name":"wp","href":"https:\/\/api.w.org\/{rel}","templated":true}]}}