{"id":52721,"date":"2018-04-16T08:05:12","date_gmt":"2018-04-16T06:05:12","guid":{"rendered":"https:\/\/ppdegalicia.com\/puy-avoga-porque-a-folga-da-xustiza-remate-canto-antes-nun-acordo-e-afirma-que-a-xunta-leva-negociacion-coas-persoas-indicadas-e-que-conecen-o-sector\/"},"modified":"2018-04-16T08:05:12","modified_gmt":"2018-04-16T06:05:12","slug":"puy-avoga-porque-a-folga-da-xustiza-remate-canto-antes-nun-acordo-e-afirma-que-a-xunta-leva-negociacion-coas-persoas-indicadas-e-que-conecen-o-sector","status":"publish","type":"post","link":"https:\/\/ppdegalicia.com\/es\/puy-avoga-porque-a-folga-da-xustiza-remate-canto-antes-nun-acordo-e-afirma-que-a-xunta-leva-negociacion-coas-persoas-indicadas-e-que-conecen-o-sector\/","title":{"rendered":"Puy avoga porque a folga da Xustiza \u00abremate canto antes nun acordo\u00bb e  afirma que \u00aba Xunta leva  negociaci\u00f3n coas persoas indicadas e que co\u00f1ecen o sector\u00bb"},"content":{"rendered":"<p>Santiago, 16 de abril de 2018.- O portavoz do Grupo Popular, Pedro Puy, avogou hoxe porque a folga do persoal da Xustiza en Galicia \u201cremate cando antes nun acordo\u201d. Neste sentido, afirmou que \u201ca Xunta est\u00e1 levando a negociaci\u00f3n coas persoas indicadas e que co\u00f1ecen o sector\u201d e apuntou que \u201cest\u00e1n defendendo o interese xeral da Comunidade aut\u00f3noma fronte a quen representan un interese sectorial\u201d.<\/p>\n<p><!--more--><\/p>\n<p>&nbsp;<\/p>\n<p>&nbsp;<\/p>\n<p>A preguntas dos xornalistas, Pedro Puy salientou \u201ca Xunta ten negociado\u201d e lembrou que \u201cten celebrado 15 reuni\u00f3ns con representantes sindicais, ten feito oito ofertas econ\u00f3micas \u00e1 alza e ten dado cumprimento \u00e1 proposici\u00f3n non de lei que votamos todos os grupos no Pleno pola que a parte retributiva do complemento auton\u00f3mico estar\u00eda por enriba do resto das CCAA\u201d.<\/p>\n<p>&nbsp;<\/p>\n<p>\u201cDe acordo con iso, confiamos que se resolvan os puntos m\u00e1is concretos que quedan pendentes, porque se est\u00e1 xa a xerar un problema con esa duraci\u00f3n tan prolongada e pouco frecuente\u201d, sinalou.<\/p>\n<p>&nbsp;<\/p>\n<p>Deste xeito, lembrou que a Xunta ten anunciado que esta semana convocar\u00e1 aos sindicatos para pechar a negociaci\u00f3n e amosou a s\u00faa esperanza de que esta reuni\u00f3n culmine con \u00e9xito.<\/p>\n<p>&nbsp;<\/p>\n<p><strong>PONENCIAS<\/strong><\/p>\n<p>&nbsp;<\/p>\n<p>O portavoz popular informou, ademais que o Grupo Popular nomeou \u00e1 portavoz de Igualdade, Mari\u00e1n Garc\u00eda, e \u00e1 viceportavoz, Paula Prado, como representantes na ponencia que elaborar\u00e1 as conclusi\u00f3ns da comisi\u00f3n de estudo para a igualdade e os dereitos das mulleres. Esta comisi\u00f3n contou coa presenza de m\u00e1is de 80 comparecentes, entre a pasada lexislatura e a presente.<\/p>\n<p>&nbsp;<\/p>\n<p>As\u00ed mesmo, dixo que nos vindeiros d\u00edas constituirase a ponencia da Comisi\u00f3n de Estudo para a reforma da pol\u00edtica forestal, na que o Grupo Popular estar\u00e1 representado polo portavoz do Medio Rural, que estar\u00e1 acompa\u00f1ado polo portavoz de Montes, Silvestre Jos\u00e9 Balseiros.<\/p>\n","protected":false},"excerpt":{"rendered":"<p>Santiago, 16 de abril de 2018.- O portavoz do Grupo Popular, Pedro Puy, avogou hoxe porque a folga do persoal da Xustiza en Galicia \u201cremate cando antes nun acordo\u201d. Neste sentido, afirmou que \u201ca Xunta est\u00e1 levando a negociaci\u00f3n coas persoas indicadas e que co\u00f1ecen o sector\u201d e apuntou que \u201cest\u00e1n defendendo o interese xeral [&hellip;]<\/p>\n","protected":false},"author":37,"featured_media":0,"comment_status":"open","ping_status":"open","sticky":false,"template":"","format":"standard","meta":{"_acf_changed":false,"footnotes":""},"categories":[1],"tags":[],"class_list":["post-52721","post","type-post","status-publish","format-standard","hentry","category-pp-de-galicia"],"acf":[],"yoast_head":"<!-- This site is optimized with the Yoast SEO plugin v27.3 - https:\/\/yoast.com\/product\/yoast-seo-wordpress\/ -->\n<title>Puy avoga porque a folga da Xustiza &quot;remate canto antes nun acordo&quot; e afirma que &quot;a Xunta leva negociaci\u00f3n coas persoas indicadas e que co\u00f1ecen o sector&quot; - PP de Galicia<\/title>\n<meta name=\"robots\" content=\"index, follow, max-snippet:-1, max-image-preview:large, max-video-preview:-1\" \/>\n<link rel=\"canonical\" href=\"https:\/\/ppdegalicia.com\/es\/puy-avoga-porque-a-folga-da-xustiza-remate-canto-antes-nun-acordo-e-afirma-que-a-xunta-leva-negociacion-coas-persoas-indicadas-e-que-conecen-o-sector\/\" \/>\n<meta property=\"og:locale\" content=\"es_ES\" \/>\n<meta property=\"og:type\" content=\"article\" \/>\n<meta property=\"og:title\" content=\"Puy avoga porque a folga da Xustiza &quot;remate canto antes nun acordo&quot; e afirma que &quot;a Xunta leva negociaci\u00f3n coas persoas indicadas e que co\u00f1ecen o sector&quot; - PP de Galicia\" \/>\n<meta property=\"og:description\" content=\"Santiago, 16 de abril de 2018.- O portavoz do Grupo Popular, Pedro Puy, avogou hoxe porque a folga do persoal da Xustiza en Galicia \u201cremate cando antes nun acordo\u201d. Neste sentido, afirmou que \u201ca Xunta est\u00e1 levando a negociaci\u00f3n coas persoas indicadas e que co\u00f1ecen o sector\u201d e apuntou que \u201cest\u00e1n defendendo o interese xeral [&hellip;]\" \/>\n<meta property=\"og:url\" content=\"https:\/\/ppdegalicia.com\/es\/puy-avoga-porque-a-folga-da-xustiza-remate-canto-antes-nun-acordo-e-afirma-que-a-xunta-leva-negociacion-coas-persoas-indicadas-e-que-conecen-o-sector\/\" \/>\n<meta property=\"og:site_name\" content=\"PP de Galicia\" \/>\n<meta property=\"article:publisher\" content=\"https:\/\/www.instagram.com\/ppdegalicia\/\" \/>\n<meta property=\"article:published_time\" content=\"2018-04-16T06:05:12+00:00\" \/>\n<meta name=\"author\" content=\"Super User\" \/>\n<meta name=\"twitter:card\" content=\"summary_large_image\" \/>\n<meta name=\"twitter:creator\" content=\"@ppdegalicia\" \/>\n<meta name=\"twitter:site\" content=\"@ppdegalicia\" \/>\n<meta name=\"twitter:label1\" content=\"Escrito por\" \/>\n\t<meta name=\"twitter:data1\" content=\"Super User\" \/>\n\t<meta name=\"twitter:label2\" content=\"Tiempo de lectura\" \/>\n\t<meta name=\"twitter:data2\" content=\"2 minutos\" \/>\n<script type=\"application\/ld+json\" class=\"yoast-schema-graph\">{\"@context\":\"https:\\\/\\\/schema.org\",\"@graph\":[{\"@type\":\"Article\",\"@id\":\"https:\\\/\\\/ppdegalicia.com\\\/es\\\/puy-avoga-porque-a-folga-da-xustiza-remate-canto-antes-nun-acordo-e-afirma-que-a-xunta-leva-negociacion-coas-persoas-indicadas-e-que-conecen-o-sector\\\/#article\",\"isPartOf\":{\"@id\":\"https:\\\/\\\/ppdegalicia.com\\\/es\\\/puy-avoga-porque-a-folga-da-xustiza-remate-canto-antes-nun-acordo-e-afirma-que-a-xunta-leva-negociacion-coas-persoas-indicadas-e-que-conecen-o-sector\\\/\"},\"author\":{\"name\":\"Super User\",\"@id\":\"https:\\\/\\\/ppdegalicia.com\\\/es\\\/#\\\/schema\\\/person\\\/d0f013b8388c980665d44009ab762960\"},\"headline\":\"Puy avoga porque a folga da Xustiza \u00abremate canto antes nun acordo\u00bb e afirma que \u00aba Xunta leva negociaci\u00f3n coas persoas indicadas e que co\u00f1ecen o sector\u00bb\",\"datePublished\":\"2018-04-16T06:05:12+00:00\",\"mainEntityOfPage\":{\"@id\":\"https:\\\/\\\/ppdegalicia.com\\\/es\\\/puy-avoga-porque-a-folga-da-xustiza-remate-canto-antes-nun-acordo-e-afirma-que-a-xunta-leva-negociacion-coas-persoas-indicadas-e-que-conecen-o-sector\\\/\"},\"wordCount\":340,\"commentCount\":0,\"publisher\":{\"@id\":\"https:\\\/\\\/ppdegalicia.com\\\/es\\\/#organization\"},\"articleSection\":[\"PP de Galicia\"],\"inLanguage\":\"es\",\"potentialAction\":[{\"@type\":\"CommentAction\",\"name\":\"Comment\",\"target\":[\"https:\\\/\\\/ppdegalicia.com\\\/es\\\/puy-avoga-porque-a-folga-da-xustiza-remate-canto-antes-nun-acordo-e-afirma-que-a-xunta-leva-negociacion-coas-persoas-indicadas-e-que-conecen-o-sector\\\/#respond\"]}]},{\"@type\":\"WebPage\",\"@id\":\"https:\\\/\\\/ppdegalicia.com\\\/es\\\/puy-avoga-porque-a-folga-da-xustiza-remate-canto-antes-nun-acordo-e-afirma-que-a-xunta-leva-negociacion-coas-persoas-indicadas-e-que-conecen-o-sector\\\/\",\"url\":\"https:\\\/\\\/ppdegalicia.com\\\/es\\\/puy-avoga-porque-a-folga-da-xustiza-remate-canto-antes-nun-acordo-e-afirma-que-a-xunta-leva-negociacion-coas-persoas-indicadas-e-que-conecen-o-sector\\\/\",\"name\":\"Puy avoga porque a folga da Xustiza \\\"remate canto antes nun acordo\\\" e afirma que \\\"a Xunta leva negociaci\u00f3n coas persoas indicadas e que co\u00f1ecen o sector\\\" - PP de Galicia\",\"isPartOf\":{\"@id\":\"https:\\\/\\\/ppdegalicia.com\\\/es\\\/#website\"},\"datePublished\":\"2018-04-16T06:05:12+00:00\",\"breadcrumb\":{\"@id\":\"https:\\\/\\\/ppdegalicia.com\\\/es\\\/puy-avoga-porque-a-folga-da-xustiza-remate-canto-antes-nun-acordo-e-afirma-que-a-xunta-leva-negociacion-coas-persoas-indicadas-e-que-conecen-o-sector\\\/#breadcrumb\"},\"inLanguage\":\"es\",\"potentialAction\":[{\"@type\":\"ReadAction\",\"target\":[\"https:\\\/\\\/ppdegalicia.com\\\/es\\\/puy-avoga-porque-a-folga-da-xustiza-remate-canto-antes-nun-acordo-e-afirma-que-a-xunta-leva-negociacion-coas-persoas-indicadas-e-que-conecen-o-sector\\\/\"]}]},{\"@type\":\"BreadcrumbList\",\"@id\":\"https:\\\/\\\/ppdegalicia.com\\\/es\\\/puy-avoga-porque-a-folga-da-xustiza-remate-canto-antes-nun-acordo-e-afirma-que-a-xunta-leva-negociacion-coas-persoas-indicadas-e-que-conecen-o-sector\\\/#breadcrumb\",\"itemListElement\":[{\"@type\":\"ListItem\",\"position\":1,\"name\":\"Portada\",\"item\":\"https:\\\/\\\/ppdegalicia.com\\\/es\\\/\"},{\"@type\":\"ListItem\",\"position\":2,\"name\":\"Puy avoga porque a folga da Xustiza &#8220;remate canto antes nun acordo&#8221; e afirma que &#8220;a Xunta leva negociaci\u00f3n coas persoas indicadas e que co\u00f1ecen o sector&#8221;\"}]},{\"@type\":\"WebSite\",\"@id\":\"https:\\\/\\\/ppdegalicia.com\\\/es\\\/#website\",\"url\":\"https:\\\/\\\/ppdegalicia.com\\\/es\\\/\",\"name\":\"Partido Popular de Galicia\",\"description\":\"Partido Popular de Galicia\",\"publisher\":{\"@id\":\"https:\\\/\\\/ppdegalicia.com\\\/es\\\/#organization\"},\"alternateName\":\"PP de Galicia\",\"potentialAction\":[{\"@type\":\"SearchAction\",\"target\":{\"@type\":\"EntryPoint\",\"urlTemplate\":\"https:\\\/\\\/ppdegalicia.com\\\/es\\\/?s={search_term_string}\"},\"query-input\":{\"@type\":\"PropertyValueSpecification\",\"valueRequired\":true,\"valueName\":\"search_term_string\"}}],\"inLanguage\":\"es\"},{\"@type\":\"Organization\",\"@id\":\"https:\\\/\\\/ppdegalicia.com\\\/es\\\/#organization\",\"name\":\"Partido Popular de Galicia\",\"alternateName\":\"PP de Galicia\",\"url\":\"https:\\\/\\\/ppdegalicia.com\\\/es\\\/\",\"logo\":{\"@type\":\"ImageObject\",\"inLanguage\":\"es\",\"@id\":\"https:\\\/\\\/ppdegalicia.com\\\/es\\\/#\\\/schema\\\/logo\\\/image\\\/\",\"url\":\"https:\\\/\\\/ppdegalicia.com\\\/wp-content\\\/uploads\\\/2023\\\/04\\\/logoPP512.png\",\"contentUrl\":\"https:\\\/\\\/ppdegalicia.com\\\/wp-content\\\/uploads\\\/2023\\\/04\\\/logoPP512.png\",\"width\":512,\"height\":512,\"caption\":\"Partido Popular de Galicia\"},\"image\":{\"@id\":\"https:\\\/\\\/ppdegalicia.com\\\/es\\\/#\\\/schema\\\/logo\\\/image\\\/\"},\"sameAs\":[\"https:\\\/\\\/www.instagram.com\\\/ppdegalicia\\\/\",\"https:\\\/\\\/x.com\\\/ppdegalicia\",\"https:\\\/\\\/www.tiktok.com\\\/@ppdegalicia\",\"https:\\\/\\\/www.youtube.com\\\/user\\\/ppdegalicia\"]},{\"@type\":\"Person\",\"@id\":\"https:\\\/\\\/ppdegalicia.com\\\/es\\\/#\\\/schema\\\/person\\\/d0f013b8388c980665d44009ab762960\",\"name\":\"Super User\",\"image\":{\"@type\":\"ImageObject\",\"inLanguage\":\"es\",\"@id\":\"https:\\\/\\\/secure.gravatar.com\\\/avatar\\\/1db852625ef4948f58d2739bfbc51e4b9bd5c93b8fa340b59fdb594ca0845645?s=96&d=mm&r=g\",\"url\":\"https:\\\/\\\/secure.gravatar.com\\\/avatar\\\/1db852625ef4948f58d2739bfbc51e4b9bd5c93b8fa340b59fdb594ca0845645?s=96&d=mm&r=g\",\"contentUrl\":\"https:\\\/\\\/secure.gravatar.com\\\/avatar\\\/1db852625ef4948f58d2739bfbc51e4b9bd5c93b8fa340b59fdb594ca0845645?s=96&d=mm&r=g\",\"caption\":\"Super User\"},\"url\":\"https:\\\/\\\/ppdegalicia.com\\\/es\\\/author\\\/ppdegaliciagestion\\\/\"}]}<\/script>\n<!-- \/ Yoast SEO plugin. -->","yoast_head_json":{"title":"Puy avoga porque a folga da Xustiza \"remate canto antes nun acordo\" e afirma que \"a Xunta leva negociaci\u00f3n coas persoas indicadas e que co\u00f1ecen o sector\" - PP de Galicia","robots":{"index":"index","follow":"follow","max-snippet":"max-snippet:-1","max-image-preview":"max-image-preview:large","max-video-preview":"max-video-preview:-1"},"canonical":"https:\/\/ppdegalicia.com\/es\/puy-avoga-porque-a-folga-da-xustiza-remate-canto-antes-nun-acordo-e-afirma-que-a-xunta-leva-negociacion-coas-persoas-indicadas-e-que-conecen-o-sector\/","og_locale":"es_ES","og_type":"article","og_title":"Puy avoga porque a folga da Xustiza \"remate canto antes nun acordo\" e afirma que \"a Xunta leva negociaci\u00f3n coas persoas indicadas e que co\u00f1ecen o sector\" - PP de Galicia","og_description":"Santiago, 16 de abril de 2018.- O portavoz do Grupo Popular, Pedro Puy, avogou hoxe porque a folga do persoal da Xustiza en Galicia \u201cremate cando antes nun acordo\u201d. Neste sentido, afirmou que \u201ca Xunta est\u00e1 levando a negociaci\u00f3n coas persoas indicadas e que co\u00f1ecen o sector\u201d e apuntou que \u201cest\u00e1n defendendo o interese xeral [&hellip;]","og_url":"https:\/\/ppdegalicia.com\/es\/puy-avoga-porque-a-folga-da-xustiza-remate-canto-antes-nun-acordo-e-afirma-que-a-xunta-leva-negociacion-coas-persoas-indicadas-e-que-conecen-o-sector\/","og_site_name":"PP de Galicia","article_publisher":"https:\/\/www.instagram.com\/ppdegalicia\/","article_published_time":"2018-04-16T06:05:12+00:00","author":"Super User","twitter_card":"summary_large_image","twitter_creator":"@ppdegalicia","twitter_site":"@ppdegalicia","twitter_misc":{"Escrito por":"Super User","Tiempo de lectura":"2 minutos"},"schema":{"@context":"https:\/\/schema.org","@graph":[{"@type":"Article","@id":"https:\/\/ppdegalicia.com\/es\/puy-avoga-porque-a-folga-da-xustiza-remate-canto-antes-nun-acordo-e-afirma-que-a-xunta-leva-negociacion-coas-persoas-indicadas-e-que-conecen-o-sector\/#article","isPartOf":{"@id":"https:\/\/ppdegalicia.com\/es\/puy-avoga-porque-a-folga-da-xustiza-remate-canto-antes-nun-acordo-e-afirma-que-a-xunta-leva-negociacion-coas-persoas-indicadas-e-que-conecen-o-sector\/"},"author":{"name":"Super User","@id":"https:\/\/ppdegalicia.com\/es\/#\/schema\/person\/d0f013b8388c980665d44009ab762960"},"headline":"Puy avoga porque a folga da Xustiza \u00abremate canto antes nun acordo\u00bb e afirma que \u00aba Xunta leva negociaci\u00f3n coas persoas indicadas e que co\u00f1ecen o sector\u00bb","datePublished":"2018-04-16T06:05:12+00:00","mainEntityOfPage":{"@id":"https:\/\/ppdegalicia.com\/es\/puy-avoga-porque-a-folga-da-xustiza-remate-canto-antes-nun-acordo-e-afirma-que-a-xunta-leva-negociacion-coas-persoas-indicadas-e-que-conecen-o-sector\/"},"wordCount":340,"commentCount":0,"publisher":{"@id":"https:\/\/ppdegalicia.com\/es\/#organization"},"articleSection":["PP de Galicia"],"inLanguage":"es","potentialAction":[{"@type":"CommentAction","name":"Comment","target":["https:\/\/ppdegalicia.com\/es\/puy-avoga-porque-a-folga-da-xustiza-remate-canto-antes-nun-acordo-e-afirma-que-a-xunta-leva-negociacion-coas-persoas-indicadas-e-que-conecen-o-sector\/#respond"]}]},{"@type":"WebPage","@id":"https:\/\/ppdegalicia.com\/es\/puy-avoga-porque-a-folga-da-xustiza-remate-canto-antes-nun-acordo-e-afirma-que-a-xunta-leva-negociacion-coas-persoas-indicadas-e-que-conecen-o-sector\/","url":"https:\/\/ppdegalicia.com\/es\/puy-avoga-porque-a-folga-da-xustiza-remate-canto-antes-nun-acordo-e-afirma-que-a-xunta-leva-negociacion-coas-persoas-indicadas-e-que-conecen-o-sector\/","name":"Puy avoga porque a folga da Xustiza \"remate canto antes nun acordo\" e afirma que \"a Xunta leva negociaci\u00f3n coas persoas indicadas e que co\u00f1ecen o sector\" - PP de Galicia","isPartOf":{"@id":"https:\/\/ppdegalicia.com\/es\/#website"},"datePublished":"2018-04-16T06:05:12+00:00","breadcrumb":{"@id":"https:\/\/ppdegalicia.com\/es\/puy-avoga-porque-a-folga-da-xustiza-remate-canto-antes-nun-acordo-e-afirma-que-a-xunta-leva-negociacion-coas-persoas-indicadas-e-que-conecen-o-sector\/#breadcrumb"},"inLanguage":"es","potentialAction":[{"@type":"ReadAction","target":["https:\/\/ppdegalicia.com\/es\/puy-avoga-porque-a-folga-da-xustiza-remate-canto-antes-nun-acordo-e-afirma-que-a-xunta-leva-negociacion-coas-persoas-indicadas-e-que-conecen-o-sector\/"]}]},{"@type":"BreadcrumbList","@id":"https:\/\/ppdegalicia.com\/es\/puy-avoga-porque-a-folga-da-xustiza-remate-canto-antes-nun-acordo-e-afirma-que-a-xunta-leva-negociacion-coas-persoas-indicadas-e-que-conecen-o-sector\/#breadcrumb","itemListElement":[{"@type":"ListItem","position":1,"name":"Portada","item":"https:\/\/ppdegalicia.com\/es\/"},{"@type":"ListItem","position":2,"name":"Puy avoga porque a folga da Xustiza &#8220;remate canto antes nun acordo&#8221; e afirma que &#8220;a Xunta leva negociaci\u00f3n coas persoas indicadas e que co\u00f1ecen o sector&#8221;"}]},{"@type":"WebSite","@id":"https:\/\/ppdegalicia.com\/es\/#website","url":"https:\/\/ppdegalicia.com\/es\/","name":"Partido Popular de Galicia","description":"Partido Popular de Galicia","publisher":{"@id":"https:\/\/ppdegalicia.com\/es\/#organization"},"alternateName":"PP de Galicia","potentialAction":[{"@type":"SearchAction","target":{"@type":"EntryPoint","urlTemplate":"https:\/\/ppdegalicia.com\/es\/?s={search_term_string}"},"query-input":{"@type":"PropertyValueSpecification","valueRequired":true,"valueName":"search_term_string"}}],"inLanguage":"es"},{"@type":"Organization","@id":"https:\/\/ppdegalicia.com\/es\/#organization","name":"Partido Popular de Galicia","alternateName":"PP de Galicia","url":"https:\/\/ppdegalicia.com\/es\/","logo":{"@type":"ImageObject","inLanguage":"es","@id":"https:\/\/ppdegalicia.com\/es\/#\/schema\/logo\/image\/","url":"https:\/\/ppdegalicia.com\/wp-content\/uploads\/2023\/04\/logoPP512.png","contentUrl":"https:\/\/ppdegalicia.com\/wp-content\/uploads\/2023\/04\/logoPP512.png","width":512,"height":512,"caption":"Partido Popular de Galicia"},"image":{"@id":"https:\/\/ppdegalicia.com\/es\/#\/schema\/logo\/image\/"},"sameAs":["https:\/\/www.instagram.com\/ppdegalicia\/","https:\/\/x.com\/ppdegalicia","https:\/\/www.tiktok.com\/@ppdegalicia","https:\/\/www.youtube.com\/user\/ppdegalicia"]},{"@type":"Person","@id":"https:\/\/ppdegalicia.com\/es\/#\/schema\/person\/d0f013b8388c980665d44009ab762960","name":"Super User","image":{"@type":"ImageObject","inLanguage":"es","@id":"https:\/\/secure.gravatar.com\/avatar\/1db852625ef4948f58d2739bfbc51e4b9bd5c93b8fa340b59fdb594ca0845645?s=96&d=mm&r=g","url":"https:\/\/secure.gravatar.com\/avatar\/1db852625ef4948f58d2739bfbc51e4b9bd5c93b8fa340b59fdb594ca0845645?s=96&d=mm&r=g","contentUrl":"https:\/\/secure.gravatar.com\/avatar\/1db852625ef4948f58d2739bfbc51e4b9bd5c93b8fa340b59fdb594ca0845645?s=96&d=mm&r=g","caption":"Super User"},"url":"https:\/\/ppdegalicia.com\/es\/author\/ppdegaliciagestion\/"}]}},"_links":{"self":[{"href":"https:\/\/ppdegalicia.com\/es\/wp-json\/wp\/v2\/posts\/52721","targetHints":{"allow":["GET"]}}],"collection":[{"href":"https:\/\/ppdegalicia.com\/es\/wp-json\/wp\/v2\/posts"}],"about":[{"href":"https:\/\/ppdegalicia.com\/es\/wp-json\/wp\/v2\/types\/post"}],"author":[{"embeddable":true,"href":"https:\/\/ppdegalicia.com\/es\/wp-json\/wp\/v2\/users\/37"}],"replies":[{"embeddable":true,"href":"https:\/\/ppdegalicia.com\/es\/wp-json\/wp\/v2\/comments?post=52721"}],"version-history":[{"count":0,"href":"https:\/\/ppdegalicia.com\/es\/wp-json\/wp\/v2\/posts\/52721\/revisions"}],"wp:attachment":[{"href":"https:\/\/ppdegalicia.com\/es\/wp-json\/wp\/v2\/media?parent=52721"}],"wp:term":[{"taxonomy":"category","embeddable":true,"href":"https:\/\/ppdegalicia.com\/es\/wp-json\/wp\/v2\/categories?post=52721"},{"taxonomy":"post_tag","embeddable":true,"href":"https:\/\/ppdegalicia.com\/es\/wp-json\/wp\/v2\/tags?post=52721"}],"curies":[{"name":"wp","href":"https:\/\/api.w.org\/{rel}","templated":true}]}}