{"id":52764,"date":"2018-05-08T15:51:07","date_gmt":"2018-05-08T13:51:07","guid":{"rendered":"https:\/\/ppdegalicia.com\/o-ppdeg-critica-que-en-marea-intente-crear-unha-realidade-paralela-respecto-do-acordo-sobre-os-terreos-portuarios-de-a-coruna\/"},"modified":"2018-05-08T15:51:07","modified_gmt":"2018-05-08T13:51:07","slug":"o-ppdeg-critica-que-en-marea-intente-crear-unha-realidade-paralela-respecto-do-acordo-sobre-os-terreos-portuarios-de-a-coruna","status":"publish","type":"post","link":"https:\/\/ppdegalicia.com\/es\/o-ppdeg-critica-que-en-marea-intente-crear-unha-realidade-paralela-respecto-do-acordo-sobre-os-terreos-portuarios-de-a-coruna\/","title":{"rendered":"O PPdeG critica que En Marea \u201cintente crear unha realidade paralela\u201d respecto do acordo sobre os terreos portuarios de A Coru\u00f1a"},"content":{"rendered":"<p>Santiago, 8 de maio de 2018. O portavoz de Infraestruturas do Grupo Popular, Mart\u00edn Fern\u00e1ndez Prado, acusou hoxe no Parlamento a En Marea de \u201cintentar crear unha realidade paralela\u201d respecto do acordo asinado entre a Xunta e o Ministerio de Fomento sobre os terreos do porto de A Coru\u00f1a. Neste sentido, reiterou a solicitude para que o Concello \u201cse sume ao protocolo e non quede \u00e1 marxe da cidade\u201d e asegurou que \u201ccalquera alcalde estar\u00eda contento de que a Xunta po\u00f1a 20 mill\u00f3ns de euros no seu concello para o porto, que neste caso non son 20 sen\u00f3n 40 mill\u00f3ns porque tampouco queren os 10 mill\u00f3ns da intermodal, nin os 5,5 para vivendas sociais no Ofim\u00e1tico ou outros 5 mill\u00f3ns para o centro de sa\u00fade de Santa Luc\u00eda\u201d.<\/p>\n<p><!--more--><\/p>\n<p>&nbsp;<\/p>\n<p>Mart\u00edn Fern\u00e1ndez afirmou que o acordo asinado polo Presidente da Xunta e o Ministro de Fomento \u201cresponde ao que se pediu o Pleno municipal de A Coru\u00f1a nunha moci\u00f3n aprobada\u201d. En concreto, explicou que este acordo \u201cevita a poxa da Solana, Bater\u00eda e Calvo Sotelo; c\u00e9ntrase s\u00f3 en garantir que o solo queda de titularidade p\u00fablica; e non fala para nada de usos nin se mete en competencias do Concello\u201d.<\/p>\n<p>&nbsp;<\/p>\n<p>Neste sentido, matizou que \u201co que se asinou foi un protocolo ao que se lle anexar\u00e1 un convenio, que a\u00ednda non est\u00e1 pechado e para o que o Presidente da Xunta tendeulle a man tanto ao Concello como \u00e1 Deputaci\u00f3n Provincial\u201d.<\/p>\n<p>&nbsp;<\/p>\n<p><strong>0 99% DOS CORU\u00d1ESES, CONTENTOS CO ACORDO<\/strong><\/p>\n<p>&nbsp;<\/p>\n<p>\u201cO 99 por cento dos cidad\u00e1ns de A Coru\u00f1a est\u00e1n contentos con este acordo sobre os terreos do porto porque da soluci\u00f3n un problema que o alcalde Ferreiro non soubo arranxar\u201d, asegurou o portavoz popular, quen puxo de manifesto que \u201chai dous modelos de xesti\u00f3n: o de Feij\u00f3o, con soluci\u00f3ns, acci\u00f3ns, di\u00e1logo, defensa do interese xeral e cartos sobre a mesa; e o de Ferreiro, de palabrer\u00eda, inmobilismo, confrontaci\u00f3n e partidismo\u201d.<\/p>\n<p>&nbsp;<\/p>\n<p>Por \u00faltimo, Fern\u00e1ndez Prado criticou que En Marea pida no Parlamento que \u201cse anule un acordo no que o Ministerio de Fomento se compromete a pagar 140 mill\u00f3ns de euros para financiar a totalidade do acceso ferroviario ao porto exterior de Punta Langosteira, sen que a Autoridade Portuaria de A Coru\u00f1a te\u00f1a que po\u00f1er un s\u00f3 euro, co compromiso de que este investimento se licite no primeiro semestre de 2019\u201d.<\/p>\n","protected":false},"excerpt":{"rendered":"<p>Santiago, 8 de maio de 2018. O portavoz de Infraestruturas do Grupo Popular, Mart\u00edn Fern\u00e1ndez Prado, acusou hoxe no Parlamento a En Marea de \u201cintentar crear unha realidade paralela\u201d respecto do acordo asinado entre a Xunta e o Ministerio de Fomento sobre os terreos do porto de A Coru\u00f1a. Neste sentido, reiterou a solicitude para [&hellip;]<\/p>\n","protected":false},"author":37,"featured_media":0,"comment_status":"open","ping_status":"open","sticky":false,"template":"","format":"standard","meta":{"_acf_changed":false,"footnotes":""},"categories":[1],"tags":[],"class_list":["post-52764","post","type-post","status-publish","format-standard","hentry","category-pp-de-galicia"],"acf":[],"yoast_head":"<!-- This site is optimized with the Yoast SEO plugin v27.3 - https:\/\/yoast.com\/product\/yoast-seo-wordpress\/ -->\n<title>O PPdeG critica que En Marea \u201cintente crear unha realidade paralela\u201d respecto do acordo sobre os terreos portuarios de A Coru\u00f1a - PP de Galicia<\/title>\n<meta name=\"robots\" content=\"index, follow, max-snippet:-1, max-image-preview:large, max-video-preview:-1\" \/>\n<link rel=\"canonical\" href=\"https:\/\/ppdegalicia.com\/es\/o-ppdeg-critica-que-en-marea-intente-crear-unha-realidade-paralela-respecto-do-acordo-sobre-os-terreos-portuarios-de-a-coruna\/\" \/>\n<meta property=\"og:locale\" content=\"es_ES\" \/>\n<meta property=\"og:type\" content=\"article\" \/>\n<meta property=\"og:title\" content=\"O PPdeG critica que En Marea \u201cintente crear unha realidade paralela\u201d respecto do acordo sobre os terreos portuarios de A Coru\u00f1a - PP de Galicia\" \/>\n<meta property=\"og:description\" content=\"Santiago, 8 de maio de 2018. O portavoz de Infraestruturas do Grupo Popular, Mart\u00edn Fern\u00e1ndez Prado, acusou hoxe no Parlamento a En Marea de \u201cintentar crear unha realidade paralela\u201d respecto do acordo asinado entre a Xunta e o Ministerio de Fomento sobre os terreos do porto de A Coru\u00f1a. Neste sentido, reiterou a solicitude para [&hellip;]\" \/>\n<meta property=\"og:url\" content=\"https:\/\/ppdegalicia.com\/es\/o-ppdeg-critica-que-en-marea-intente-crear-unha-realidade-paralela-respecto-do-acordo-sobre-os-terreos-portuarios-de-a-coruna\/\" \/>\n<meta property=\"og:site_name\" content=\"PP de Galicia\" \/>\n<meta property=\"article:publisher\" content=\"https:\/\/www.instagram.com\/ppdegalicia\/\" \/>\n<meta property=\"article:published_time\" content=\"2018-05-08T13:51:07+00:00\" \/>\n<meta name=\"author\" content=\"Super User\" \/>\n<meta name=\"twitter:card\" content=\"summary_large_image\" \/>\n<meta name=\"twitter:creator\" content=\"@ppdegalicia\" \/>\n<meta name=\"twitter:site\" content=\"@ppdegalicia\" \/>\n<meta name=\"twitter:label1\" content=\"Escrito por\" \/>\n\t<meta name=\"twitter:data1\" content=\"Super User\" \/>\n\t<meta name=\"twitter:label2\" content=\"Tiempo de lectura\" \/>\n\t<meta name=\"twitter:data2\" content=\"2 minutos\" \/>\n<script type=\"application\/ld+json\" class=\"yoast-schema-graph\">{\"@context\":\"https:\\\/\\\/schema.org\",\"@graph\":[{\"@type\":\"Article\",\"@id\":\"https:\\\/\\\/ppdegalicia.com\\\/es\\\/o-ppdeg-critica-que-en-marea-intente-crear-unha-realidade-paralela-respecto-do-acordo-sobre-os-terreos-portuarios-de-a-coruna\\\/#article\",\"isPartOf\":{\"@id\":\"https:\\\/\\\/ppdegalicia.com\\\/es\\\/o-ppdeg-critica-que-en-marea-intente-crear-unha-realidade-paralela-respecto-do-acordo-sobre-os-terreos-portuarios-de-a-coruna\\\/\"},\"author\":{\"name\":\"Super User\",\"@id\":\"https:\\\/\\\/ppdegalicia.com\\\/es\\\/#\\\/schema\\\/person\\\/d0f013b8388c980665d44009ab762960\"},\"headline\":\"O PPdeG critica que En Marea \u201cintente crear unha realidade paralela\u201d respecto do acordo sobre os terreos portuarios de A Coru\u00f1a\",\"datePublished\":\"2018-05-08T13:51:07+00:00\",\"mainEntityOfPage\":{\"@id\":\"https:\\\/\\\/ppdegalicia.com\\\/es\\\/o-ppdeg-critica-que-en-marea-intente-crear-unha-realidade-paralela-respecto-do-acordo-sobre-os-terreos-portuarios-de-a-coruna\\\/\"},\"wordCount\":438,\"commentCount\":0,\"publisher\":{\"@id\":\"https:\\\/\\\/ppdegalicia.com\\\/es\\\/#organization\"},\"articleSection\":[\"PP de Galicia\"],\"inLanguage\":\"es\",\"potentialAction\":[{\"@type\":\"CommentAction\",\"name\":\"Comment\",\"target\":[\"https:\\\/\\\/ppdegalicia.com\\\/es\\\/o-ppdeg-critica-que-en-marea-intente-crear-unha-realidade-paralela-respecto-do-acordo-sobre-os-terreos-portuarios-de-a-coruna\\\/#respond\"]}]},{\"@type\":\"WebPage\",\"@id\":\"https:\\\/\\\/ppdegalicia.com\\\/es\\\/o-ppdeg-critica-que-en-marea-intente-crear-unha-realidade-paralela-respecto-do-acordo-sobre-os-terreos-portuarios-de-a-coruna\\\/\",\"url\":\"https:\\\/\\\/ppdegalicia.com\\\/es\\\/o-ppdeg-critica-que-en-marea-intente-crear-unha-realidade-paralela-respecto-do-acordo-sobre-os-terreos-portuarios-de-a-coruna\\\/\",\"name\":\"O PPdeG critica que En Marea \u201cintente crear unha realidade paralela\u201d respecto do acordo sobre os terreos portuarios de A Coru\u00f1a - PP de Galicia\",\"isPartOf\":{\"@id\":\"https:\\\/\\\/ppdegalicia.com\\\/es\\\/#website\"},\"datePublished\":\"2018-05-08T13:51:07+00:00\",\"breadcrumb\":{\"@id\":\"https:\\\/\\\/ppdegalicia.com\\\/es\\\/o-ppdeg-critica-que-en-marea-intente-crear-unha-realidade-paralela-respecto-do-acordo-sobre-os-terreos-portuarios-de-a-coruna\\\/#breadcrumb\"},\"inLanguage\":\"es\",\"potentialAction\":[{\"@type\":\"ReadAction\",\"target\":[\"https:\\\/\\\/ppdegalicia.com\\\/es\\\/o-ppdeg-critica-que-en-marea-intente-crear-unha-realidade-paralela-respecto-do-acordo-sobre-os-terreos-portuarios-de-a-coruna\\\/\"]}]},{\"@type\":\"BreadcrumbList\",\"@id\":\"https:\\\/\\\/ppdegalicia.com\\\/es\\\/o-ppdeg-critica-que-en-marea-intente-crear-unha-realidade-paralela-respecto-do-acordo-sobre-os-terreos-portuarios-de-a-coruna\\\/#breadcrumb\",\"itemListElement\":[{\"@type\":\"ListItem\",\"position\":1,\"name\":\"Portada\",\"item\":\"https:\\\/\\\/ppdegalicia.com\\\/es\\\/\"},{\"@type\":\"ListItem\",\"position\":2,\"name\":\"O PPdeG critica que En Marea \u201cintente crear unha realidade paralela\u201d respecto do acordo sobre os terreos portuarios de A Coru\u00f1a\"}]},{\"@type\":\"WebSite\",\"@id\":\"https:\\\/\\\/ppdegalicia.com\\\/es\\\/#website\",\"url\":\"https:\\\/\\\/ppdegalicia.com\\\/es\\\/\",\"name\":\"Partido Popular de Galicia\",\"description\":\"Partido Popular de Galicia\",\"publisher\":{\"@id\":\"https:\\\/\\\/ppdegalicia.com\\\/es\\\/#organization\"},\"alternateName\":\"PP de Galicia\",\"potentialAction\":[{\"@type\":\"SearchAction\",\"target\":{\"@type\":\"EntryPoint\",\"urlTemplate\":\"https:\\\/\\\/ppdegalicia.com\\\/es\\\/?s={search_term_string}\"},\"query-input\":{\"@type\":\"PropertyValueSpecification\",\"valueRequired\":true,\"valueName\":\"search_term_string\"}}],\"inLanguage\":\"es\"},{\"@type\":\"Organization\",\"@id\":\"https:\\\/\\\/ppdegalicia.com\\\/es\\\/#organization\",\"name\":\"Partido Popular de Galicia\",\"alternateName\":\"PP de Galicia\",\"url\":\"https:\\\/\\\/ppdegalicia.com\\\/es\\\/\",\"logo\":{\"@type\":\"ImageObject\",\"inLanguage\":\"es\",\"@id\":\"https:\\\/\\\/ppdegalicia.com\\\/es\\\/#\\\/schema\\\/logo\\\/image\\\/\",\"url\":\"https:\\\/\\\/ppdegalicia.com\\\/wp-content\\\/uploads\\\/2023\\\/04\\\/logoPP512.png\",\"contentUrl\":\"https:\\\/\\\/ppdegalicia.com\\\/wp-content\\\/uploads\\\/2023\\\/04\\\/logoPP512.png\",\"width\":512,\"height\":512,\"caption\":\"Partido Popular de Galicia\"},\"image\":{\"@id\":\"https:\\\/\\\/ppdegalicia.com\\\/es\\\/#\\\/schema\\\/logo\\\/image\\\/\"},\"sameAs\":[\"https:\\\/\\\/www.instagram.com\\\/ppdegalicia\\\/\",\"https:\\\/\\\/x.com\\\/ppdegalicia\",\"https:\\\/\\\/www.tiktok.com\\\/@ppdegalicia\",\"https:\\\/\\\/www.youtube.com\\\/user\\\/ppdegalicia\"]},{\"@type\":\"Person\",\"@id\":\"https:\\\/\\\/ppdegalicia.com\\\/es\\\/#\\\/schema\\\/person\\\/d0f013b8388c980665d44009ab762960\",\"name\":\"Super User\",\"image\":{\"@type\":\"ImageObject\",\"inLanguage\":\"es\",\"@id\":\"https:\\\/\\\/secure.gravatar.com\\\/avatar\\\/1db852625ef4948f58d2739bfbc51e4b9bd5c93b8fa340b59fdb594ca0845645?s=96&d=mm&r=g\",\"url\":\"https:\\\/\\\/secure.gravatar.com\\\/avatar\\\/1db852625ef4948f58d2739bfbc51e4b9bd5c93b8fa340b59fdb594ca0845645?s=96&d=mm&r=g\",\"contentUrl\":\"https:\\\/\\\/secure.gravatar.com\\\/avatar\\\/1db852625ef4948f58d2739bfbc51e4b9bd5c93b8fa340b59fdb594ca0845645?s=96&d=mm&r=g\",\"caption\":\"Super User\"},\"url\":\"https:\\\/\\\/ppdegalicia.com\\\/es\\\/author\\\/ppdegaliciagestion\\\/\"}]}<\/script>\n<!-- \/ Yoast SEO plugin. -->","yoast_head_json":{"title":"O PPdeG critica que En Marea \u201cintente crear unha realidade paralela\u201d respecto do acordo sobre os terreos portuarios de A Coru\u00f1a - PP de Galicia","robots":{"index":"index","follow":"follow","max-snippet":"max-snippet:-1","max-image-preview":"max-image-preview:large","max-video-preview":"max-video-preview:-1"},"canonical":"https:\/\/ppdegalicia.com\/es\/o-ppdeg-critica-que-en-marea-intente-crear-unha-realidade-paralela-respecto-do-acordo-sobre-os-terreos-portuarios-de-a-coruna\/","og_locale":"es_ES","og_type":"article","og_title":"O PPdeG critica que En Marea \u201cintente crear unha realidade paralela\u201d respecto do acordo sobre os terreos portuarios de A Coru\u00f1a - PP de Galicia","og_description":"Santiago, 8 de maio de 2018. O portavoz de Infraestruturas do Grupo Popular, Mart\u00edn Fern\u00e1ndez Prado, acusou hoxe no Parlamento a En Marea de \u201cintentar crear unha realidade paralela\u201d respecto do acordo asinado entre a Xunta e o Ministerio de Fomento sobre os terreos do porto de A Coru\u00f1a. Neste sentido, reiterou a solicitude para [&hellip;]","og_url":"https:\/\/ppdegalicia.com\/es\/o-ppdeg-critica-que-en-marea-intente-crear-unha-realidade-paralela-respecto-do-acordo-sobre-os-terreos-portuarios-de-a-coruna\/","og_site_name":"PP de Galicia","article_publisher":"https:\/\/www.instagram.com\/ppdegalicia\/","article_published_time":"2018-05-08T13:51:07+00:00","author":"Super User","twitter_card":"summary_large_image","twitter_creator":"@ppdegalicia","twitter_site":"@ppdegalicia","twitter_misc":{"Escrito por":"Super User","Tiempo de lectura":"2 minutos"},"schema":{"@context":"https:\/\/schema.org","@graph":[{"@type":"Article","@id":"https:\/\/ppdegalicia.com\/es\/o-ppdeg-critica-que-en-marea-intente-crear-unha-realidade-paralela-respecto-do-acordo-sobre-os-terreos-portuarios-de-a-coruna\/#article","isPartOf":{"@id":"https:\/\/ppdegalicia.com\/es\/o-ppdeg-critica-que-en-marea-intente-crear-unha-realidade-paralela-respecto-do-acordo-sobre-os-terreos-portuarios-de-a-coruna\/"},"author":{"name":"Super User","@id":"https:\/\/ppdegalicia.com\/es\/#\/schema\/person\/d0f013b8388c980665d44009ab762960"},"headline":"O PPdeG critica que En Marea \u201cintente crear unha realidade paralela\u201d respecto do acordo sobre os terreos portuarios de A Coru\u00f1a","datePublished":"2018-05-08T13:51:07+00:00","mainEntityOfPage":{"@id":"https:\/\/ppdegalicia.com\/es\/o-ppdeg-critica-que-en-marea-intente-crear-unha-realidade-paralela-respecto-do-acordo-sobre-os-terreos-portuarios-de-a-coruna\/"},"wordCount":438,"commentCount":0,"publisher":{"@id":"https:\/\/ppdegalicia.com\/es\/#organization"},"articleSection":["PP de Galicia"],"inLanguage":"es","potentialAction":[{"@type":"CommentAction","name":"Comment","target":["https:\/\/ppdegalicia.com\/es\/o-ppdeg-critica-que-en-marea-intente-crear-unha-realidade-paralela-respecto-do-acordo-sobre-os-terreos-portuarios-de-a-coruna\/#respond"]}]},{"@type":"WebPage","@id":"https:\/\/ppdegalicia.com\/es\/o-ppdeg-critica-que-en-marea-intente-crear-unha-realidade-paralela-respecto-do-acordo-sobre-os-terreos-portuarios-de-a-coruna\/","url":"https:\/\/ppdegalicia.com\/es\/o-ppdeg-critica-que-en-marea-intente-crear-unha-realidade-paralela-respecto-do-acordo-sobre-os-terreos-portuarios-de-a-coruna\/","name":"O PPdeG critica que En Marea \u201cintente crear unha realidade paralela\u201d respecto do acordo sobre os terreos portuarios de A Coru\u00f1a - PP de Galicia","isPartOf":{"@id":"https:\/\/ppdegalicia.com\/es\/#website"},"datePublished":"2018-05-08T13:51:07+00:00","breadcrumb":{"@id":"https:\/\/ppdegalicia.com\/es\/o-ppdeg-critica-que-en-marea-intente-crear-unha-realidade-paralela-respecto-do-acordo-sobre-os-terreos-portuarios-de-a-coruna\/#breadcrumb"},"inLanguage":"es","potentialAction":[{"@type":"ReadAction","target":["https:\/\/ppdegalicia.com\/es\/o-ppdeg-critica-que-en-marea-intente-crear-unha-realidade-paralela-respecto-do-acordo-sobre-os-terreos-portuarios-de-a-coruna\/"]}]},{"@type":"BreadcrumbList","@id":"https:\/\/ppdegalicia.com\/es\/o-ppdeg-critica-que-en-marea-intente-crear-unha-realidade-paralela-respecto-do-acordo-sobre-os-terreos-portuarios-de-a-coruna\/#breadcrumb","itemListElement":[{"@type":"ListItem","position":1,"name":"Portada","item":"https:\/\/ppdegalicia.com\/es\/"},{"@type":"ListItem","position":2,"name":"O PPdeG critica que En Marea \u201cintente crear unha realidade paralela\u201d respecto do acordo sobre os terreos portuarios de A Coru\u00f1a"}]},{"@type":"WebSite","@id":"https:\/\/ppdegalicia.com\/es\/#website","url":"https:\/\/ppdegalicia.com\/es\/","name":"Partido Popular de Galicia","description":"Partido Popular de Galicia","publisher":{"@id":"https:\/\/ppdegalicia.com\/es\/#organization"},"alternateName":"PP de Galicia","potentialAction":[{"@type":"SearchAction","target":{"@type":"EntryPoint","urlTemplate":"https:\/\/ppdegalicia.com\/es\/?s={search_term_string}"},"query-input":{"@type":"PropertyValueSpecification","valueRequired":true,"valueName":"search_term_string"}}],"inLanguage":"es"},{"@type":"Organization","@id":"https:\/\/ppdegalicia.com\/es\/#organization","name":"Partido Popular de Galicia","alternateName":"PP de Galicia","url":"https:\/\/ppdegalicia.com\/es\/","logo":{"@type":"ImageObject","inLanguage":"es","@id":"https:\/\/ppdegalicia.com\/es\/#\/schema\/logo\/image\/","url":"https:\/\/ppdegalicia.com\/wp-content\/uploads\/2023\/04\/logoPP512.png","contentUrl":"https:\/\/ppdegalicia.com\/wp-content\/uploads\/2023\/04\/logoPP512.png","width":512,"height":512,"caption":"Partido Popular de Galicia"},"image":{"@id":"https:\/\/ppdegalicia.com\/es\/#\/schema\/logo\/image\/"},"sameAs":["https:\/\/www.instagram.com\/ppdegalicia\/","https:\/\/x.com\/ppdegalicia","https:\/\/www.tiktok.com\/@ppdegalicia","https:\/\/www.youtube.com\/user\/ppdegalicia"]},{"@type":"Person","@id":"https:\/\/ppdegalicia.com\/es\/#\/schema\/person\/d0f013b8388c980665d44009ab762960","name":"Super User","image":{"@type":"ImageObject","inLanguage":"es","@id":"https:\/\/secure.gravatar.com\/avatar\/1db852625ef4948f58d2739bfbc51e4b9bd5c93b8fa340b59fdb594ca0845645?s=96&d=mm&r=g","url":"https:\/\/secure.gravatar.com\/avatar\/1db852625ef4948f58d2739bfbc51e4b9bd5c93b8fa340b59fdb594ca0845645?s=96&d=mm&r=g","contentUrl":"https:\/\/secure.gravatar.com\/avatar\/1db852625ef4948f58d2739bfbc51e4b9bd5c93b8fa340b59fdb594ca0845645?s=96&d=mm&r=g","caption":"Super User"},"url":"https:\/\/ppdegalicia.com\/es\/author\/ppdegaliciagestion\/"}]}},"_links":{"self":[{"href":"https:\/\/ppdegalicia.com\/es\/wp-json\/wp\/v2\/posts\/52764","targetHints":{"allow":["GET"]}}],"collection":[{"href":"https:\/\/ppdegalicia.com\/es\/wp-json\/wp\/v2\/posts"}],"about":[{"href":"https:\/\/ppdegalicia.com\/es\/wp-json\/wp\/v2\/types\/post"}],"author":[{"embeddable":true,"href":"https:\/\/ppdegalicia.com\/es\/wp-json\/wp\/v2\/users\/37"}],"replies":[{"embeddable":true,"href":"https:\/\/ppdegalicia.com\/es\/wp-json\/wp\/v2\/comments?post=52764"}],"version-history":[{"count":0,"href":"https:\/\/ppdegalicia.com\/es\/wp-json\/wp\/v2\/posts\/52764\/revisions"}],"wp:attachment":[{"href":"https:\/\/ppdegalicia.com\/es\/wp-json\/wp\/v2\/media?parent=52764"}],"wp:term":[{"taxonomy":"category","embeddable":true,"href":"https:\/\/ppdegalicia.com\/es\/wp-json\/wp\/v2\/categories?post=52764"},{"taxonomy":"post_tag","embeddable":true,"href":"https:\/\/ppdegalicia.com\/es\/wp-json\/wp\/v2\/tags?post=52764"}],"curies":[{"name":"wp","href":"https:\/\/api.w.org\/{rel}","templated":true}]}}