{"id":52783,"date":"2018-05-23T11:47:08","date_gmt":"2018-05-23T09:47:08","guid":{"rendered":"https:\/\/ppdegalicia.com\/o-ppdeg-rexeita-asociar-o-galego-a-unha-formacion-politica-porque-estariase-ligando-o-futuro-da-lingua-ao-desa-organizacion\/"},"modified":"2018-05-23T11:47:08","modified_gmt":"2018-05-23T09:47:08","slug":"o-ppdeg-rexeita-asociar-o-galego-a-unha-formacion-politica-porque-estariase-ligando-o-futuro-da-lingua-ao-desa-organizacion","status":"publish","type":"post","link":"https:\/\/ppdegalicia.com\/es\/o-ppdeg-rexeita-asociar-o-galego-a-unha-formacion-politica-porque-estariase-ligando-o-futuro-da-lingua-ao-desa-organizacion\/","title":{"rendered":"O PPdeG rexeita asociar o galego a unha formaci\u00f3n pol\u00edtica, porque estar\u00edase ligando o futuro da lingua ao desa organizaci\u00f3n"},"content":{"rendered":"<div>Santiago, 23 de maio de 2018. O portavoz de Educaci\u00f3n do Grupo Popular, C\u00e9sar Fern\u00e1ndez Gil, rexeitou hoxe \u201casociar o galego a unha formaci\u00f3n pol\u00edtica concreta, porque deste xeito estar\u00edamos ligando o futuro da nosa lingua ao desa formaci\u00f3n\u201d. \u201cN\u00f3s defendemos que a lingua \u00e9 un ben e un patrimonio de todos, e ningu\u00e9n debe intentar apropiarse dela\u201d, concretou.<br \/>\n<!--more-->\n<\/div>\n<div>&nbsp;<\/div>\n<div>&nbsp;<\/div>\n<p>&nbsp;<\/p>\n<div>C\u00e9sar Fern\u00e1ndez manifestou en concreto que \u201ca actitude do BNG respecto do idioma galego ten provocado perda de falantes en Galicia, do mesmo xeito que o apoio dos galegos a esta formaci\u00f3n pol\u00edtica foi minguando elecci\u00f3n tras elecci\u00f3n\u201d.<\/div>\n<div>&nbsp;<\/div>\n<div>&nbsp;<\/div>\n<p>&nbsp;<\/p>\n<div><strong>POL\u00cdTICA LING\u00dc\u00cdSTICA AVALADA POLA SOCIEDADE<\/strong><\/div>\n<div>&nbsp;<\/div>\n<div>&nbsp;<\/div>\n<p>&nbsp;<\/p>\n<div>Por\u00e9n, asegurou que \u201ca pol\u00edtica ling\u00fc\u00edstica que est\u00e1 a desenvolver o actual Goberno galego est\u00e1 avalada pola sociedade galega, fundamentada en defender que o galego \u00e9 \u00fatil pero sen impo\u00f1elo\u201d. \u201cOs cidad\u00e1ns entenderon no pasado e entenden no presente que a defensa do galego non a exerce ning\u00fan partido pol\u00edtico, sen\u00f3n o conxunto da sociedade galega d\u00eda a d\u00eda\u201d, indicou.<\/div>\n<div>&nbsp;<\/div>\n<div>&nbsp;<\/div>\n<p>\u201cA pol\u00edtica ling\u00fc\u00edstica da Xunta seguir\u00e1 afondando na idea de que a lingua galega \u00e9 \u00fatil en calquera \u00e1mbito e para todas as funci\u00f3ns, creando actitudes positivas cara a lingua propia de Galicia e renovando o compromiso de ampliaci\u00f3n dos usos do galego na sociedade\u201d, manifestou.<\/p>\n","protected":false},"excerpt":{"rendered":"<p>Santiago, 23 de maio de 2018. O portavoz de Educaci\u00f3n do Grupo Popular, C\u00e9sar Fern\u00e1ndez Gil, rexeitou hoxe \u201casociar o galego a unha formaci\u00f3n pol\u00edtica concreta, porque deste xeito estar\u00edamos ligando o futuro da nosa lingua ao desa formaci\u00f3n\u201d. \u201cN\u00f3s defendemos que a lingua \u00e9 un ben e un patrimonio de todos, e ningu\u00e9n debe [&hellip;]<\/p>\n","protected":false},"author":37,"featured_media":0,"comment_status":"open","ping_status":"open","sticky":false,"template":"","format":"standard","meta":{"_acf_changed":false,"footnotes":""},"categories":[1],"tags":[],"class_list":["post-52783","post","type-post","status-publish","format-standard","hentry","category-pp-de-galicia"],"acf":[],"yoast_head":"<!-- This site is optimized with the Yoast SEO plugin v27.3 - https:\/\/yoast.com\/product\/yoast-seo-wordpress\/ -->\n<title>O PPdeG rexeita asociar o galego a unha formaci\u00f3n pol\u00edtica, porque estar\u00edase ligando o futuro da lingua ao desa organizaci\u00f3n - PP de Galicia<\/title>\n<meta name=\"robots\" content=\"index, follow, max-snippet:-1, max-image-preview:large, max-video-preview:-1\" \/>\n<link rel=\"canonical\" href=\"https:\/\/ppdegalicia.com\/es\/o-ppdeg-rexeita-asociar-o-galego-a-unha-formacion-politica-porque-estariase-ligando-o-futuro-da-lingua-ao-desa-organizacion\/\" \/>\n<meta property=\"og:locale\" content=\"es_ES\" \/>\n<meta property=\"og:type\" content=\"article\" \/>\n<meta property=\"og:title\" content=\"O PPdeG rexeita asociar o galego a unha formaci\u00f3n pol\u00edtica, porque estar\u00edase ligando o futuro da lingua ao desa organizaci\u00f3n - PP de Galicia\" \/>\n<meta property=\"og:description\" content=\"Santiago, 23 de maio de 2018. O portavoz de Educaci\u00f3n do Grupo Popular, C\u00e9sar Fern\u00e1ndez Gil, rexeitou hoxe \u201casociar o galego a unha formaci\u00f3n pol\u00edtica concreta, porque deste xeito estar\u00edamos ligando o futuro da nosa lingua ao desa formaci\u00f3n\u201d. \u201cN\u00f3s defendemos que a lingua \u00e9 un ben e un patrimonio de todos, e ningu\u00e9n debe [&hellip;]\" \/>\n<meta property=\"og:url\" content=\"https:\/\/ppdegalicia.com\/es\/o-ppdeg-rexeita-asociar-o-galego-a-unha-formacion-politica-porque-estariase-ligando-o-futuro-da-lingua-ao-desa-organizacion\/\" \/>\n<meta property=\"og:site_name\" content=\"PP de Galicia\" \/>\n<meta property=\"article:publisher\" content=\"https:\/\/www.instagram.com\/ppdegalicia\/\" \/>\n<meta property=\"article:published_time\" content=\"2018-05-23T09:47:08+00:00\" \/>\n<meta name=\"author\" content=\"Super User\" \/>\n<meta name=\"twitter:card\" content=\"summary_large_image\" \/>\n<meta name=\"twitter:creator\" content=\"@ppdegalicia\" \/>\n<meta name=\"twitter:site\" content=\"@ppdegalicia\" \/>\n<meta name=\"twitter:label1\" content=\"Escrito por\" \/>\n\t<meta name=\"twitter:data1\" content=\"Super User\" \/>\n\t<meta name=\"twitter:label2\" content=\"Tiempo de lectura\" \/>\n\t<meta name=\"twitter:data2\" content=\"1 minuto\" \/>\n<script type=\"application\/ld+json\" class=\"yoast-schema-graph\">{\"@context\":\"https:\\\/\\\/schema.org\",\"@graph\":[{\"@type\":\"Article\",\"@id\":\"https:\\\/\\\/ppdegalicia.com\\\/es\\\/o-ppdeg-rexeita-asociar-o-galego-a-unha-formacion-politica-porque-estariase-ligando-o-futuro-da-lingua-ao-desa-organizacion\\\/#article\",\"isPartOf\":{\"@id\":\"https:\\\/\\\/ppdegalicia.com\\\/es\\\/o-ppdeg-rexeita-asociar-o-galego-a-unha-formacion-politica-porque-estariase-ligando-o-futuro-da-lingua-ao-desa-organizacion\\\/\"},\"author\":{\"name\":\"Super User\",\"@id\":\"https:\\\/\\\/ppdegalicia.com\\\/es\\\/#\\\/schema\\\/person\\\/d0f013b8388c980665d44009ab762960\"},\"headline\":\"O PPdeG rexeita asociar o galego a unha formaci\u00f3n pol\u00edtica, porque estar\u00edase ligando o futuro da lingua ao desa organizaci\u00f3n\",\"datePublished\":\"2018-05-23T09:47:08+00:00\",\"mainEntityOfPage\":{\"@id\":\"https:\\\/\\\/ppdegalicia.com\\\/es\\\/o-ppdeg-rexeita-asociar-o-galego-a-unha-formacion-politica-porque-estariase-ligando-o-futuro-da-lingua-ao-desa-organizacion\\\/\"},\"wordCount\":269,\"commentCount\":0,\"publisher\":{\"@id\":\"https:\\\/\\\/ppdegalicia.com\\\/es\\\/#organization\"},\"articleSection\":[\"PP de Galicia\"],\"inLanguage\":\"es\",\"potentialAction\":[{\"@type\":\"CommentAction\",\"name\":\"Comment\",\"target\":[\"https:\\\/\\\/ppdegalicia.com\\\/es\\\/o-ppdeg-rexeita-asociar-o-galego-a-unha-formacion-politica-porque-estariase-ligando-o-futuro-da-lingua-ao-desa-organizacion\\\/#respond\"]}]},{\"@type\":\"WebPage\",\"@id\":\"https:\\\/\\\/ppdegalicia.com\\\/es\\\/o-ppdeg-rexeita-asociar-o-galego-a-unha-formacion-politica-porque-estariase-ligando-o-futuro-da-lingua-ao-desa-organizacion\\\/\",\"url\":\"https:\\\/\\\/ppdegalicia.com\\\/es\\\/o-ppdeg-rexeita-asociar-o-galego-a-unha-formacion-politica-porque-estariase-ligando-o-futuro-da-lingua-ao-desa-organizacion\\\/\",\"name\":\"O PPdeG rexeita asociar o galego a unha formaci\u00f3n pol\u00edtica, porque estar\u00edase ligando o futuro da lingua ao desa organizaci\u00f3n - PP de Galicia\",\"isPartOf\":{\"@id\":\"https:\\\/\\\/ppdegalicia.com\\\/es\\\/#website\"},\"datePublished\":\"2018-05-23T09:47:08+00:00\",\"breadcrumb\":{\"@id\":\"https:\\\/\\\/ppdegalicia.com\\\/es\\\/o-ppdeg-rexeita-asociar-o-galego-a-unha-formacion-politica-porque-estariase-ligando-o-futuro-da-lingua-ao-desa-organizacion\\\/#breadcrumb\"},\"inLanguage\":\"es\",\"potentialAction\":[{\"@type\":\"ReadAction\",\"target\":[\"https:\\\/\\\/ppdegalicia.com\\\/es\\\/o-ppdeg-rexeita-asociar-o-galego-a-unha-formacion-politica-porque-estariase-ligando-o-futuro-da-lingua-ao-desa-organizacion\\\/\"]}]},{\"@type\":\"BreadcrumbList\",\"@id\":\"https:\\\/\\\/ppdegalicia.com\\\/es\\\/o-ppdeg-rexeita-asociar-o-galego-a-unha-formacion-politica-porque-estariase-ligando-o-futuro-da-lingua-ao-desa-organizacion\\\/#breadcrumb\",\"itemListElement\":[{\"@type\":\"ListItem\",\"position\":1,\"name\":\"Portada\",\"item\":\"https:\\\/\\\/ppdegalicia.com\\\/es\\\/\"},{\"@type\":\"ListItem\",\"position\":2,\"name\":\"O PPdeG rexeita asociar o galego a unha formaci\u00f3n pol\u00edtica, porque estar\u00edase ligando o futuro da lingua ao desa organizaci\u00f3n\"}]},{\"@type\":\"WebSite\",\"@id\":\"https:\\\/\\\/ppdegalicia.com\\\/es\\\/#website\",\"url\":\"https:\\\/\\\/ppdegalicia.com\\\/es\\\/\",\"name\":\"Partido Popular de Galicia\",\"description\":\"Partido Popular de Galicia\",\"publisher\":{\"@id\":\"https:\\\/\\\/ppdegalicia.com\\\/es\\\/#organization\"},\"alternateName\":\"PP de Galicia\",\"potentialAction\":[{\"@type\":\"SearchAction\",\"target\":{\"@type\":\"EntryPoint\",\"urlTemplate\":\"https:\\\/\\\/ppdegalicia.com\\\/es\\\/?s={search_term_string}\"},\"query-input\":{\"@type\":\"PropertyValueSpecification\",\"valueRequired\":true,\"valueName\":\"search_term_string\"}}],\"inLanguage\":\"es\"},{\"@type\":\"Organization\",\"@id\":\"https:\\\/\\\/ppdegalicia.com\\\/es\\\/#organization\",\"name\":\"Partido Popular de Galicia\",\"alternateName\":\"PP de Galicia\",\"url\":\"https:\\\/\\\/ppdegalicia.com\\\/es\\\/\",\"logo\":{\"@type\":\"ImageObject\",\"inLanguage\":\"es\",\"@id\":\"https:\\\/\\\/ppdegalicia.com\\\/es\\\/#\\\/schema\\\/logo\\\/image\\\/\",\"url\":\"https:\\\/\\\/ppdegalicia.com\\\/wp-content\\\/uploads\\\/2023\\\/04\\\/logoPP512.png\",\"contentUrl\":\"https:\\\/\\\/ppdegalicia.com\\\/wp-content\\\/uploads\\\/2023\\\/04\\\/logoPP512.png\",\"width\":512,\"height\":512,\"caption\":\"Partido Popular de Galicia\"},\"image\":{\"@id\":\"https:\\\/\\\/ppdegalicia.com\\\/es\\\/#\\\/schema\\\/logo\\\/image\\\/\"},\"sameAs\":[\"https:\\\/\\\/www.instagram.com\\\/ppdegalicia\\\/\",\"https:\\\/\\\/x.com\\\/ppdegalicia\",\"https:\\\/\\\/www.tiktok.com\\\/@ppdegalicia\",\"https:\\\/\\\/www.youtube.com\\\/user\\\/ppdegalicia\"]},{\"@type\":\"Person\",\"@id\":\"https:\\\/\\\/ppdegalicia.com\\\/es\\\/#\\\/schema\\\/person\\\/d0f013b8388c980665d44009ab762960\",\"name\":\"Super User\",\"image\":{\"@type\":\"ImageObject\",\"inLanguage\":\"es\",\"@id\":\"https:\\\/\\\/secure.gravatar.com\\\/avatar\\\/1db852625ef4948f58d2739bfbc51e4b9bd5c93b8fa340b59fdb594ca0845645?s=96&d=mm&r=g\",\"url\":\"https:\\\/\\\/secure.gravatar.com\\\/avatar\\\/1db852625ef4948f58d2739bfbc51e4b9bd5c93b8fa340b59fdb594ca0845645?s=96&d=mm&r=g\",\"contentUrl\":\"https:\\\/\\\/secure.gravatar.com\\\/avatar\\\/1db852625ef4948f58d2739bfbc51e4b9bd5c93b8fa340b59fdb594ca0845645?s=96&d=mm&r=g\",\"caption\":\"Super User\"},\"url\":\"https:\\\/\\\/ppdegalicia.com\\\/es\\\/author\\\/ppdegaliciagestion\\\/\"}]}<\/script>\n<!-- \/ Yoast SEO plugin. -->","yoast_head_json":{"title":"O PPdeG rexeita asociar o galego a unha formaci\u00f3n pol\u00edtica, porque estar\u00edase ligando o futuro da lingua ao desa organizaci\u00f3n - PP de Galicia","robots":{"index":"index","follow":"follow","max-snippet":"max-snippet:-1","max-image-preview":"max-image-preview:large","max-video-preview":"max-video-preview:-1"},"canonical":"https:\/\/ppdegalicia.com\/es\/o-ppdeg-rexeita-asociar-o-galego-a-unha-formacion-politica-porque-estariase-ligando-o-futuro-da-lingua-ao-desa-organizacion\/","og_locale":"es_ES","og_type":"article","og_title":"O PPdeG rexeita asociar o galego a unha formaci\u00f3n pol\u00edtica, porque estar\u00edase ligando o futuro da lingua ao desa organizaci\u00f3n - PP de Galicia","og_description":"Santiago, 23 de maio de 2018. O portavoz de Educaci\u00f3n do Grupo Popular, C\u00e9sar Fern\u00e1ndez Gil, rexeitou hoxe \u201casociar o galego a unha formaci\u00f3n pol\u00edtica concreta, porque deste xeito estar\u00edamos ligando o futuro da nosa lingua ao desa formaci\u00f3n\u201d. \u201cN\u00f3s defendemos que a lingua \u00e9 un ben e un patrimonio de todos, e ningu\u00e9n debe [&hellip;]","og_url":"https:\/\/ppdegalicia.com\/es\/o-ppdeg-rexeita-asociar-o-galego-a-unha-formacion-politica-porque-estariase-ligando-o-futuro-da-lingua-ao-desa-organizacion\/","og_site_name":"PP de Galicia","article_publisher":"https:\/\/www.instagram.com\/ppdegalicia\/","article_published_time":"2018-05-23T09:47:08+00:00","author":"Super User","twitter_card":"summary_large_image","twitter_creator":"@ppdegalicia","twitter_site":"@ppdegalicia","twitter_misc":{"Escrito por":"Super User","Tiempo de lectura":"1 minuto"},"schema":{"@context":"https:\/\/schema.org","@graph":[{"@type":"Article","@id":"https:\/\/ppdegalicia.com\/es\/o-ppdeg-rexeita-asociar-o-galego-a-unha-formacion-politica-porque-estariase-ligando-o-futuro-da-lingua-ao-desa-organizacion\/#article","isPartOf":{"@id":"https:\/\/ppdegalicia.com\/es\/o-ppdeg-rexeita-asociar-o-galego-a-unha-formacion-politica-porque-estariase-ligando-o-futuro-da-lingua-ao-desa-organizacion\/"},"author":{"name":"Super User","@id":"https:\/\/ppdegalicia.com\/es\/#\/schema\/person\/d0f013b8388c980665d44009ab762960"},"headline":"O PPdeG rexeita asociar o galego a unha formaci\u00f3n pol\u00edtica, porque estar\u00edase ligando o futuro da lingua ao desa organizaci\u00f3n","datePublished":"2018-05-23T09:47:08+00:00","mainEntityOfPage":{"@id":"https:\/\/ppdegalicia.com\/es\/o-ppdeg-rexeita-asociar-o-galego-a-unha-formacion-politica-porque-estariase-ligando-o-futuro-da-lingua-ao-desa-organizacion\/"},"wordCount":269,"commentCount":0,"publisher":{"@id":"https:\/\/ppdegalicia.com\/es\/#organization"},"articleSection":["PP de Galicia"],"inLanguage":"es","potentialAction":[{"@type":"CommentAction","name":"Comment","target":["https:\/\/ppdegalicia.com\/es\/o-ppdeg-rexeita-asociar-o-galego-a-unha-formacion-politica-porque-estariase-ligando-o-futuro-da-lingua-ao-desa-organizacion\/#respond"]}]},{"@type":"WebPage","@id":"https:\/\/ppdegalicia.com\/es\/o-ppdeg-rexeita-asociar-o-galego-a-unha-formacion-politica-porque-estariase-ligando-o-futuro-da-lingua-ao-desa-organizacion\/","url":"https:\/\/ppdegalicia.com\/es\/o-ppdeg-rexeita-asociar-o-galego-a-unha-formacion-politica-porque-estariase-ligando-o-futuro-da-lingua-ao-desa-organizacion\/","name":"O PPdeG rexeita asociar o galego a unha formaci\u00f3n pol\u00edtica, porque estar\u00edase ligando o futuro da lingua ao desa organizaci\u00f3n - PP de Galicia","isPartOf":{"@id":"https:\/\/ppdegalicia.com\/es\/#website"},"datePublished":"2018-05-23T09:47:08+00:00","breadcrumb":{"@id":"https:\/\/ppdegalicia.com\/es\/o-ppdeg-rexeita-asociar-o-galego-a-unha-formacion-politica-porque-estariase-ligando-o-futuro-da-lingua-ao-desa-organizacion\/#breadcrumb"},"inLanguage":"es","potentialAction":[{"@type":"ReadAction","target":["https:\/\/ppdegalicia.com\/es\/o-ppdeg-rexeita-asociar-o-galego-a-unha-formacion-politica-porque-estariase-ligando-o-futuro-da-lingua-ao-desa-organizacion\/"]}]},{"@type":"BreadcrumbList","@id":"https:\/\/ppdegalicia.com\/es\/o-ppdeg-rexeita-asociar-o-galego-a-unha-formacion-politica-porque-estariase-ligando-o-futuro-da-lingua-ao-desa-organizacion\/#breadcrumb","itemListElement":[{"@type":"ListItem","position":1,"name":"Portada","item":"https:\/\/ppdegalicia.com\/es\/"},{"@type":"ListItem","position":2,"name":"O PPdeG rexeita asociar o galego a unha formaci\u00f3n pol\u00edtica, porque estar\u00edase ligando o futuro da lingua ao desa organizaci\u00f3n"}]},{"@type":"WebSite","@id":"https:\/\/ppdegalicia.com\/es\/#website","url":"https:\/\/ppdegalicia.com\/es\/","name":"Partido Popular de Galicia","description":"Partido Popular de Galicia","publisher":{"@id":"https:\/\/ppdegalicia.com\/es\/#organization"},"alternateName":"PP de Galicia","potentialAction":[{"@type":"SearchAction","target":{"@type":"EntryPoint","urlTemplate":"https:\/\/ppdegalicia.com\/es\/?s={search_term_string}"},"query-input":{"@type":"PropertyValueSpecification","valueRequired":true,"valueName":"search_term_string"}}],"inLanguage":"es"},{"@type":"Organization","@id":"https:\/\/ppdegalicia.com\/es\/#organization","name":"Partido Popular de Galicia","alternateName":"PP de Galicia","url":"https:\/\/ppdegalicia.com\/es\/","logo":{"@type":"ImageObject","inLanguage":"es","@id":"https:\/\/ppdegalicia.com\/es\/#\/schema\/logo\/image\/","url":"https:\/\/ppdegalicia.com\/wp-content\/uploads\/2023\/04\/logoPP512.png","contentUrl":"https:\/\/ppdegalicia.com\/wp-content\/uploads\/2023\/04\/logoPP512.png","width":512,"height":512,"caption":"Partido Popular de Galicia"},"image":{"@id":"https:\/\/ppdegalicia.com\/es\/#\/schema\/logo\/image\/"},"sameAs":["https:\/\/www.instagram.com\/ppdegalicia\/","https:\/\/x.com\/ppdegalicia","https:\/\/www.tiktok.com\/@ppdegalicia","https:\/\/www.youtube.com\/user\/ppdegalicia"]},{"@type":"Person","@id":"https:\/\/ppdegalicia.com\/es\/#\/schema\/person\/d0f013b8388c980665d44009ab762960","name":"Super User","image":{"@type":"ImageObject","inLanguage":"es","@id":"https:\/\/secure.gravatar.com\/avatar\/1db852625ef4948f58d2739bfbc51e4b9bd5c93b8fa340b59fdb594ca0845645?s=96&d=mm&r=g","url":"https:\/\/secure.gravatar.com\/avatar\/1db852625ef4948f58d2739bfbc51e4b9bd5c93b8fa340b59fdb594ca0845645?s=96&d=mm&r=g","contentUrl":"https:\/\/secure.gravatar.com\/avatar\/1db852625ef4948f58d2739bfbc51e4b9bd5c93b8fa340b59fdb594ca0845645?s=96&d=mm&r=g","caption":"Super User"},"url":"https:\/\/ppdegalicia.com\/es\/author\/ppdegaliciagestion\/"}]}},"_links":{"self":[{"href":"https:\/\/ppdegalicia.com\/es\/wp-json\/wp\/v2\/posts\/52783","targetHints":{"allow":["GET"]}}],"collection":[{"href":"https:\/\/ppdegalicia.com\/es\/wp-json\/wp\/v2\/posts"}],"about":[{"href":"https:\/\/ppdegalicia.com\/es\/wp-json\/wp\/v2\/types\/post"}],"author":[{"embeddable":true,"href":"https:\/\/ppdegalicia.com\/es\/wp-json\/wp\/v2\/users\/37"}],"replies":[{"embeddable":true,"href":"https:\/\/ppdegalicia.com\/es\/wp-json\/wp\/v2\/comments?post=52783"}],"version-history":[{"count":0,"href":"https:\/\/ppdegalicia.com\/es\/wp-json\/wp\/v2\/posts\/52783\/revisions"}],"wp:attachment":[{"href":"https:\/\/ppdegalicia.com\/es\/wp-json\/wp\/v2\/media?parent=52783"}],"wp:term":[{"taxonomy":"category","embeddable":true,"href":"https:\/\/ppdegalicia.com\/es\/wp-json\/wp\/v2\/categories?post=52783"},{"taxonomy":"post_tag","embeddable":true,"href":"https:\/\/ppdegalicia.com\/es\/wp-json\/wp\/v2\/tags?post=52783"}],"curies":[{"name":"wp","href":"https:\/\/api.w.org\/{rel}","templated":true}]}}