{"id":52795,"date":"2018-05-31T12:24:26","date_gmt":"2018-05-31T10:24:26","guid":{"rendered":"https:\/\/ppdegalicia.com\/o-grupo-popular-demanda-a-creacion-dun-rexistro-de-familias-monoparentais\/"},"modified":"2018-05-31T12:24:26","modified_gmt":"2018-05-31T10:24:26","slug":"o-grupo-popular-demanda-a-creacion-dun-rexistro-de-familias-monoparentais","status":"publish","type":"post","link":"https:\/\/ppdegalicia.com\/es\/o-grupo-popular-demanda-a-creacion-dun-rexistro-de-familias-monoparentais\/","title":{"rendered":"O Grupo Popular demanda a creaci\u00f3n dun rexistro de familias monoparentais"},"content":{"rendered":"<p><span style=\"text-decoration: underline;\">Santiago, 31 de maio de 2018.<\/span> O deputado do Grupo Popular Jos\u00e9 Gonz\u00e1lez V\u00e1zquez demandou hoxe a creaci\u00f3n dun rexistro de familias monoparentais para, a partir de a\u00ed, desenvolver un programa de axudas espec\u00edfico para estas familias no que se integren e fagan visibles as actuaci\u00f3ns e beneficios que existen ou se vaian programar desde os distintos departamentos das administraci\u00f3ns p\u00fablicas\u201d.<\/p>\n<p><!--more--><\/p>\n<p>&nbsp;<\/p>\n<p>Jos\u00e9 Gonz\u00e1lez subli\u00f1ou que \u201ctanto desde o PPdeG como o Goberno galego defendemos e escoitamos \u00e1s familias monoparentais\u201d e mostra disto \u00e9 que na propia Lei 3\/2011 de apoio \u00e1 familia e \u00e1 convivencia de Galicia xa se reco\u00f1ece \u00e1s familias monoparentais como familias de especial consideraci\u00f3n.<\/p>\n<p>&nbsp;<\/p>\n<p><strong><span style=\"text-decoration: underline;\">NUMEROSOS BENEFICIOS<\/span><\/strong><\/p>\n<p>Na s\u00faa intervenci\u00f3n, o deputado popular fixo un repaso polos numerosos beneficios que gozan as familias monoparentais, tanto a nivel auton\u00f3mico como estatal, nos \u00e1mbitos de pol\u00edtica social, educaci\u00f3n, emprego, vivenda, igualdade, prestaci\u00f3ns da Seguridade Social, deduci\u00f3ns no imposto sobre a renda ou protecci\u00f3n por desemprego.<\/p>\n<p>&nbsp;<\/p>\n<p>O deputado popular lembrou o compromiso da&nbsp; Xunta, atendendo o aprobado no Parlamento o pasado 24 de xaneiro de 2017, para o establecemento dun rexistro de familias monoparentais que determine os requisitos que deben cumprir para o acceso a estes beneficios das administraci\u00f3ns.<\/p>\n<p>&nbsp;<\/p>\n<p>\u201cTr\u00e1tase de familias que presentan unha problem\u00e1tica particular que obriga a introducir medidas correctivas para que os seus membros non queden en situaci\u00f3n de desvantaxe no que se refire ao acceso aos bens econ\u00f3micos, sociais e culturais\u201d, engadiu.<\/p>\n","protected":false},"excerpt":{"rendered":"<p>Santiago, 31 de maio de 2018. O deputado do Grupo Popular Jos\u00e9 Gonz\u00e1lez V\u00e1zquez demandou hoxe a creaci\u00f3n dun rexistro de familias monoparentais para, a partir de a\u00ed, desenvolver un programa de axudas espec\u00edfico para estas familias no que se integren e fagan visibles as actuaci\u00f3ns e beneficios que existen ou se vaian programar desde [&hellip;]<\/p>\n","protected":false},"author":37,"featured_media":0,"comment_status":"open","ping_status":"open","sticky":false,"template":"","format":"standard","meta":{"_acf_changed":false,"footnotes":""},"categories":[1],"tags":[],"class_list":["post-52795","post","type-post","status-publish","format-standard","hentry","category-pp-de-galicia"],"acf":[],"yoast_head":"<!-- This site is optimized with the Yoast SEO plugin v27.3 - https:\/\/yoast.com\/product\/yoast-seo-wordpress\/ -->\n<title>O Grupo Popular demanda a creaci\u00f3n dun rexistro de familias monoparentais - PP de Galicia<\/title>\n<meta name=\"robots\" content=\"index, follow, max-snippet:-1, max-image-preview:large, max-video-preview:-1\" \/>\n<link rel=\"canonical\" href=\"https:\/\/ppdegalicia.com\/es\/o-grupo-popular-demanda-a-creacion-dun-rexistro-de-familias-monoparentais\/\" \/>\n<meta property=\"og:locale\" content=\"es_ES\" \/>\n<meta property=\"og:type\" content=\"article\" \/>\n<meta property=\"og:title\" content=\"O Grupo Popular demanda a creaci\u00f3n dun rexistro de familias monoparentais - PP de Galicia\" \/>\n<meta property=\"og:description\" content=\"Santiago, 31 de maio de 2018. O deputado do Grupo Popular Jos\u00e9 Gonz\u00e1lez V\u00e1zquez demandou hoxe a creaci\u00f3n dun rexistro de familias monoparentais para, a partir de a\u00ed, desenvolver un programa de axudas espec\u00edfico para estas familias no que se integren e fagan visibles as actuaci\u00f3ns e beneficios que existen ou se vaian programar desde [&hellip;]\" \/>\n<meta property=\"og:url\" content=\"https:\/\/ppdegalicia.com\/es\/o-grupo-popular-demanda-a-creacion-dun-rexistro-de-familias-monoparentais\/\" \/>\n<meta property=\"og:site_name\" content=\"PP de Galicia\" \/>\n<meta property=\"article:publisher\" content=\"https:\/\/www.instagram.com\/ppdegalicia\/\" \/>\n<meta property=\"article:published_time\" content=\"2018-05-31T10:24:26+00:00\" \/>\n<meta name=\"author\" content=\"Super User\" \/>\n<meta name=\"twitter:card\" content=\"summary_large_image\" \/>\n<meta name=\"twitter:creator\" content=\"@ppdegalicia\" \/>\n<meta name=\"twitter:site\" content=\"@ppdegalicia\" \/>\n<meta name=\"twitter:label1\" content=\"Escrito por\" \/>\n\t<meta name=\"twitter:data1\" content=\"Super User\" \/>\n\t<meta name=\"twitter:label2\" content=\"Tiempo de lectura\" \/>\n\t<meta name=\"twitter:data2\" content=\"1 minuto\" \/>\n<script type=\"application\/ld+json\" class=\"yoast-schema-graph\">{\"@context\":\"https:\\\/\\\/schema.org\",\"@graph\":[{\"@type\":\"Article\",\"@id\":\"https:\\\/\\\/ppdegalicia.com\\\/es\\\/o-grupo-popular-demanda-a-creacion-dun-rexistro-de-familias-monoparentais\\\/#article\",\"isPartOf\":{\"@id\":\"https:\\\/\\\/ppdegalicia.com\\\/es\\\/o-grupo-popular-demanda-a-creacion-dun-rexistro-de-familias-monoparentais\\\/\"},\"author\":{\"name\":\"Super User\",\"@id\":\"https:\\\/\\\/ppdegalicia.com\\\/es\\\/#\\\/schema\\\/person\\\/d0f013b8388c980665d44009ab762960\"},\"headline\":\"O Grupo Popular demanda a creaci\u00f3n dun rexistro de familias monoparentais\",\"datePublished\":\"2018-05-31T10:24:26+00:00\",\"mainEntityOfPage\":{\"@id\":\"https:\\\/\\\/ppdegalicia.com\\\/es\\\/o-grupo-popular-demanda-a-creacion-dun-rexistro-de-familias-monoparentais\\\/\"},\"wordCount\":270,\"commentCount\":0,\"publisher\":{\"@id\":\"https:\\\/\\\/ppdegalicia.com\\\/es\\\/#organization\"},\"articleSection\":[\"PP de Galicia\"],\"inLanguage\":\"es\",\"potentialAction\":[{\"@type\":\"CommentAction\",\"name\":\"Comment\",\"target\":[\"https:\\\/\\\/ppdegalicia.com\\\/es\\\/o-grupo-popular-demanda-a-creacion-dun-rexistro-de-familias-monoparentais\\\/#respond\"]}]},{\"@type\":\"WebPage\",\"@id\":\"https:\\\/\\\/ppdegalicia.com\\\/es\\\/o-grupo-popular-demanda-a-creacion-dun-rexistro-de-familias-monoparentais\\\/\",\"url\":\"https:\\\/\\\/ppdegalicia.com\\\/es\\\/o-grupo-popular-demanda-a-creacion-dun-rexistro-de-familias-monoparentais\\\/\",\"name\":\"O Grupo Popular demanda a creaci\u00f3n dun rexistro de familias monoparentais - PP de Galicia\",\"isPartOf\":{\"@id\":\"https:\\\/\\\/ppdegalicia.com\\\/es\\\/#website\"},\"datePublished\":\"2018-05-31T10:24:26+00:00\",\"breadcrumb\":{\"@id\":\"https:\\\/\\\/ppdegalicia.com\\\/es\\\/o-grupo-popular-demanda-a-creacion-dun-rexistro-de-familias-monoparentais\\\/#breadcrumb\"},\"inLanguage\":\"es\",\"potentialAction\":[{\"@type\":\"ReadAction\",\"target\":[\"https:\\\/\\\/ppdegalicia.com\\\/es\\\/o-grupo-popular-demanda-a-creacion-dun-rexistro-de-familias-monoparentais\\\/\"]}]},{\"@type\":\"BreadcrumbList\",\"@id\":\"https:\\\/\\\/ppdegalicia.com\\\/es\\\/o-grupo-popular-demanda-a-creacion-dun-rexistro-de-familias-monoparentais\\\/#breadcrumb\",\"itemListElement\":[{\"@type\":\"ListItem\",\"position\":1,\"name\":\"Portada\",\"item\":\"https:\\\/\\\/ppdegalicia.com\\\/es\\\/\"},{\"@type\":\"ListItem\",\"position\":2,\"name\":\"O Grupo Popular demanda a creaci\u00f3n dun rexistro de familias monoparentais\"}]},{\"@type\":\"WebSite\",\"@id\":\"https:\\\/\\\/ppdegalicia.com\\\/es\\\/#website\",\"url\":\"https:\\\/\\\/ppdegalicia.com\\\/es\\\/\",\"name\":\"Partido Popular de Galicia\",\"description\":\"Partido Popular de Galicia\",\"publisher\":{\"@id\":\"https:\\\/\\\/ppdegalicia.com\\\/es\\\/#organization\"},\"alternateName\":\"PP de Galicia\",\"potentialAction\":[{\"@type\":\"SearchAction\",\"target\":{\"@type\":\"EntryPoint\",\"urlTemplate\":\"https:\\\/\\\/ppdegalicia.com\\\/es\\\/?s={search_term_string}\"},\"query-input\":{\"@type\":\"PropertyValueSpecification\",\"valueRequired\":true,\"valueName\":\"search_term_string\"}}],\"inLanguage\":\"es\"},{\"@type\":\"Organization\",\"@id\":\"https:\\\/\\\/ppdegalicia.com\\\/es\\\/#organization\",\"name\":\"Partido Popular de Galicia\",\"alternateName\":\"PP de Galicia\",\"url\":\"https:\\\/\\\/ppdegalicia.com\\\/es\\\/\",\"logo\":{\"@type\":\"ImageObject\",\"inLanguage\":\"es\",\"@id\":\"https:\\\/\\\/ppdegalicia.com\\\/es\\\/#\\\/schema\\\/logo\\\/image\\\/\",\"url\":\"https:\\\/\\\/ppdegalicia.com\\\/wp-content\\\/uploads\\\/2023\\\/04\\\/logoPP512.png\",\"contentUrl\":\"https:\\\/\\\/ppdegalicia.com\\\/wp-content\\\/uploads\\\/2023\\\/04\\\/logoPP512.png\",\"width\":512,\"height\":512,\"caption\":\"Partido Popular de Galicia\"},\"image\":{\"@id\":\"https:\\\/\\\/ppdegalicia.com\\\/es\\\/#\\\/schema\\\/logo\\\/image\\\/\"},\"sameAs\":[\"https:\\\/\\\/www.instagram.com\\\/ppdegalicia\\\/\",\"https:\\\/\\\/x.com\\\/ppdegalicia\",\"https:\\\/\\\/www.tiktok.com\\\/@ppdegalicia\",\"https:\\\/\\\/www.youtube.com\\\/user\\\/ppdegalicia\"]},{\"@type\":\"Person\",\"@id\":\"https:\\\/\\\/ppdegalicia.com\\\/es\\\/#\\\/schema\\\/person\\\/d0f013b8388c980665d44009ab762960\",\"name\":\"Super User\",\"image\":{\"@type\":\"ImageObject\",\"inLanguage\":\"es\",\"@id\":\"https:\\\/\\\/secure.gravatar.com\\\/avatar\\\/1db852625ef4948f58d2739bfbc51e4b9bd5c93b8fa340b59fdb594ca0845645?s=96&d=mm&r=g\",\"url\":\"https:\\\/\\\/secure.gravatar.com\\\/avatar\\\/1db852625ef4948f58d2739bfbc51e4b9bd5c93b8fa340b59fdb594ca0845645?s=96&d=mm&r=g\",\"contentUrl\":\"https:\\\/\\\/secure.gravatar.com\\\/avatar\\\/1db852625ef4948f58d2739bfbc51e4b9bd5c93b8fa340b59fdb594ca0845645?s=96&d=mm&r=g\",\"caption\":\"Super User\"},\"url\":\"https:\\\/\\\/ppdegalicia.com\\\/es\\\/author\\\/ppdegaliciagestion\\\/\"}]}<\/script>\n<!-- \/ Yoast SEO plugin. -->","yoast_head_json":{"title":"O Grupo Popular demanda a creaci\u00f3n dun rexistro de familias monoparentais - PP de Galicia","robots":{"index":"index","follow":"follow","max-snippet":"max-snippet:-1","max-image-preview":"max-image-preview:large","max-video-preview":"max-video-preview:-1"},"canonical":"https:\/\/ppdegalicia.com\/es\/o-grupo-popular-demanda-a-creacion-dun-rexistro-de-familias-monoparentais\/","og_locale":"es_ES","og_type":"article","og_title":"O Grupo Popular demanda a creaci\u00f3n dun rexistro de familias monoparentais - PP de Galicia","og_description":"Santiago, 31 de maio de 2018. O deputado do Grupo Popular Jos\u00e9 Gonz\u00e1lez V\u00e1zquez demandou hoxe a creaci\u00f3n dun rexistro de familias monoparentais para, a partir de a\u00ed, desenvolver un programa de axudas espec\u00edfico para estas familias no que se integren e fagan visibles as actuaci\u00f3ns e beneficios que existen ou se vaian programar desde [&hellip;]","og_url":"https:\/\/ppdegalicia.com\/es\/o-grupo-popular-demanda-a-creacion-dun-rexistro-de-familias-monoparentais\/","og_site_name":"PP de Galicia","article_publisher":"https:\/\/www.instagram.com\/ppdegalicia\/","article_published_time":"2018-05-31T10:24:26+00:00","author":"Super User","twitter_card":"summary_large_image","twitter_creator":"@ppdegalicia","twitter_site":"@ppdegalicia","twitter_misc":{"Escrito por":"Super User","Tiempo de lectura":"1 minuto"},"schema":{"@context":"https:\/\/schema.org","@graph":[{"@type":"Article","@id":"https:\/\/ppdegalicia.com\/es\/o-grupo-popular-demanda-a-creacion-dun-rexistro-de-familias-monoparentais\/#article","isPartOf":{"@id":"https:\/\/ppdegalicia.com\/es\/o-grupo-popular-demanda-a-creacion-dun-rexistro-de-familias-monoparentais\/"},"author":{"name":"Super User","@id":"https:\/\/ppdegalicia.com\/es\/#\/schema\/person\/d0f013b8388c980665d44009ab762960"},"headline":"O Grupo Popular demanda a creaci\u00f3n dun rexistro de familias monoparentais","datePublished":"2018-05-31T10:24:26+00:00","mainEntityOfPage":{"@id":"https:\/\/ppdegalicia.com\/es\/o-grupo-popular-demanda-a-creacion-dun-rexistro-de-familias-monoparentais\/"},"wordCount":270,"commentCount":0,"publisher":{"@id":"https:\/\/ppdegalicia.com\/es\/#organization"},"articleSection":["PP de Galicia"],"inLanguage":"es","potentialAction":[{"@type":"CommentAction","name":"Comment","target":["https:\/\/ppdegalicia.com\/es\/o-grupo-popular-demanda-a-creacion-dun-rexistro-de-familias-monoparentais\/#respond"]}]},{"@type":"WebPage","@id":"https:\/\/ppdegalicia.com\/es\/o-grupo-popular-demanda-a-creacion-dun-rexistro-de-familias-monoparentais\/","url":"https:\/\/ppdegalicia.com\/es\/o-grupo-popular-demanda-a-creacion-dun-rexistro-de-familias-monoparentais\/","name":"O Grupo Popular demanda a creaci\u00f3n dun rexistro de familias monoparentais - PP de Galicia","isPartOf":{"@id":"https:\/\/ppdegalicia.com\/es\/#website"},"datePublished":"2018-05-31T10:24:26+00:00","breadcrumb":{"@id":"https:\/\/ppdegalicia.com\/es\/o-grupo-popular-demanda-a-creacion-dun-rexistro-de-familias-monoparentais\/#breadcrumb"},"inLanguage":"es","potentialAction":[{"@type":"ReadAction","target":["https:\/\/ppdegalicia.com\/es\/o-grupo-popular-demanda-a-creacion-dun-rexistro-de-familias-monoparentais\/"]}]},{"@type":"BreadcrumbList","@id":"https:\/\/ppdegalicia.com\/es\/o-grupo-popular-demanda-a-creacion-dun-rexistro-de-familias-monoparentais\/#breadcrumb","itemListElement":[{"@type":"ListItem","position":1,"name":"Portada","item":"https:\/\/ppdegalicia.com\/es\/"},{"@type":"ListItem","position":2,"name":"O Grupo Popular demanda a creaci\u00f3n dun rexistro de familias monoparentais"}]},{"@type":"WebSite","@id":"https:\/\/ppdegalicia.com\/es\/#website","url":"https:\/\/ppdegalicia.com\/es\/","name":"Partido Popular de Galicia","description":"Partido Popular de Galicia","publisher":{"@id":"https:\/\/ppdegalicia.com\/es\/#organization"},"alternateName":"PP de Galicia","potentialAction":[{"@type":"SearchAction","target":{"@type":"EntryPoint","urlTemplate":"https:\/\/ppdegalicia.com\/es\/?s={search_term_string}"},"query-input":{"@type":"PropertyValueSpecification","valueRequired":true,"valueName":"search_term_string"}}],"inLanguage":"es"},{"@type":"Organization","@id":"https:\/\/ppdegalicia.com\/es\/#organization","name":"Partido Popular de Galicia","alternateName":"PP de Galicia","url":"https:\/\/ppdegalicia.com\/es\/","logo":{"@type":"ImageObject","inLanguage":"es","@id":"https:\/\/ppdegalicia.com\/es\/#\/schema\/logo\/image\/","url":"https:\/\/ppdegalicia.com\/wp-content\/uploads\/2023\/04\/logoPP512.png","contentUrl":"https:\/\/ppdegalicia.com\/wp-content\/uploads\/2023\/04\/logoPP512.png","width":512,"height":512,"caption":"Partido Popular de Galicia"},"image":{"@id":"https:\/\/ppdegalicia.com\/es\/#\/schema\/logo\/image\/"},"sameAs":["https:\/\/www.instagram.com\/ppdegalicia\/","https:\/\/x.com\/ppdegalicia","https:\/\/www.tiktok.com\/@ppdegalicia","https:\/\/www.youtube.com\/user\/ppdegalicia"]},{"@type":"Person","@id":"https:\/\/ppdegalicia.com\/es\/#\/schema\/person\/d0f013b8388c980665d44009ab762960","name":"Super User","image":{"@type":"ImageObject","inLanguage":"es","@id":"https:\/\/secure.gravatar.com\/avatar\/1db852625ef4948f58d2739bfbc51e4b9bd5c93b8fa340b59fdb594ca0845645?s=96&d=mm&r=g","url":"https:\/\/secure.gravatar.com\/avatar\/1db852625ef4948f58d2739bfbc51e4b9bd5c93b8fa340b59fdb594ca0845645?s=96&d=mm&r=g","contentUrl":"https:\/\/secure.gravatar.com\/avatar\/1db852625ef4948f58d2739bfbc51e4b9bd5c93b8fa340b59fdb594ca0845645?s=96&d=mm&r=g","caption":"Super User"},"url":"https:\/\/ppdegalicia.com\/es\/author\/ppdegaliciagestion\/"}]}},"_links":{"self":[{"href":"https:\/\/ppdegalicia.com\/es\/wp-json\/wp\/v2\/posts\/52795","targetHints":{"allow":["GET"]}}],"collection":[{"href":"https:\/\/ppdegalicia.com\/es\/wp-json\/wp\/v2\/posts"}],"about":[{"href":"https:\/\/ppdegalicia.com\/es\/wp-json\/wp\/v2\/types\/post"}],"author":[{"embeddable":true,"href":"https:\/\/ppdegalicia.com\/es\/wp-json\/wp\/v2\/users\/37"}],"replies":[{"embeddable":true,"href":"https:\/\/ppdegalicia.com\/es\/wp-json\/wp\/v2\/comments?post=52795"}],"version-history":[{"count":0,"href":"https:\/\/ppdegalicia.com\/es\/wp-json\/wp\/v2\/posts\/52795\/revisions"}],"wp:attachment":[{"href":"https:\/\/ppdegalicia.com\/es\/wp-json\/wp\/v2\/media?parent=52795"}],"wp:term":[{"taxonomy":"category","embeddable":true,"href":"https:\/\/ppdegalicia.com\/es\/wp-json\/wp\/v2\/categories?post=52795"},{"taxonomy":"post_tag","embeddable":true,"href":"https:\/\/ppdegalicia.com\/es\/wp-json\/wp\/v2\/tags?post=52795"}],"curies":[{"name":"wp","href":"https:\/\/api.w.org\/{rel}","templated":true}]}}