{"id":52804,"date":"2018-06-05T17:37:57","date_gmt":"2018-06-05T15:37:57","guid":{"rendered":"https:\/\/ppdegalicia.com\/o-grupo-popular-apoia-solicitar-ao-goberno-de-espana-medidas-para-paliar-o-bloqueo-das-pensions-aos-retornados-de-venezuela\/"},"modified":"2018-06-05T17:37:57","modified_gmt":"2018-06-05T15:37:57","slug":"o-grupo-popular-apoia-solicitar-ao-goberno-de-espana-medidas-para-paliar-o-bloqueo-das-pensions-aos-retornados-de-venezuela","status":"publish","type":"post","link":"https:\/\/ppdegalicia.com\/es\/o-grupo-popular-apoia-solicitar-ao-goberno-de-espana-medidas-para-paliar-o-bloqueo-das-pensions-aos-retornados-de-venezuela\/","title":{"rendered":"O Grupo Popular apoia solicitar ao Goberno de Espa\u00f1a medidas para paliar o bloqueo das pensi\u00f3ns aos retornados de Venezuela"},"content":{"rendered":"<p style=\"text-align: justify;\"><span style=\"text-decoration: underline;\">Santiago, 05 de xu\u00f1o de 2018.<\/span> O Grupo Popular apoiou esta tarde no Pleno do Parlamento a aprobaci\u00f3n dunha moci\u00f3n dirixida a buscar soluci\u00f3ns para os emigrantes galegos retornados procedentes de Venezuela que levan dous anos e medio sen percibir as s\u00faas pensi\u00f3ns, e que lle corresponde aboar ao Goberno venezolano.<\/p>\n<p><!--more--><\/p>\n<p style=\"text-align: justify;\">A portavoz de Emigraci\u00f3n, Raquel Arias, manifestou a s\u00faa preocupaci\u00f3n polos galegos de Venezuela, \u201ctantos os que volveron a Galicia como os que a\u00ednda residen al\u00ed, destinando a este colectivo neste 2018 un total de 2,2 mill\u00f3ns de euros\u201d.<\/p>\n<p style=\"text-align: justify;\">Neste sentido, salientou que \u201co Goberno da Xunta est\u00e1 centrando os seus esforzos no pa\u00eds venezolano e, de feito, o 80 por cento dos beneficiarios das axudas extraordinarias ao emigrante retornado concedidas no 2017 foron para galegos da di\u00e1spora chegados de Venezuela\u201d. &nbsp;<\/p>\n<p style=\"text-align: justify;\"><strong><span style=\"text-decoration: underline;\">INGRESOS PERCIBIDOS, NON RECO\u00d1ECIDOS<\/span><\/strong><\/p>\n<p style=\"text-align: justify;\">Co voto a favor do Grupo Popular, o Parlamento galego aprobou solicitar ao Goberno de Espa\u00f1a que interve\u00f1a contra o bloqueo das pensi\u00f3ns aos emigrantes galegos &nbsp;retornados que cotizaron en Venezuela.<\/p>\n<p style=\"text-align: justify;\">As\u00ed mesmo, engadiuse unha transacci\u00f3n entre o Grupo Popular e o Socialista para que, mentres se mante\u00f1a a falta de pagamentos das pensi\u00f3ns, o <em>Imserso<\/em> modifique os criterios para a concesi\u00f3n das pensi\u00f3ns non contributivas, tendo en conta os ingresos reais que percibe o solicitante, e non os dereitos reco\u00f1ecidos, que son os que se aval\u00edan na actualidade independentemente de que se fagan ou non efectivos. Unha f\u00f3rmula que prexudica aos galegos de Venezuela.<\/p>\n<p style=\"text-align: justify;\"><strong><span style=\"text-decoration: underline;\">TRASLADO AO IMSERSO<\/span><\/strong><\/p>\n<p style=\"text-align: justify;\">A Xunta xa ten dado traslado ao Imserso da situaci\u00f3n que atravesa este colectivo a trav\u00e9s de comunicaci\u00f3ns oficiais e reuni\u00f3ns de traballo, incidindo na necesidade de cambiar eses criterios.<\/p>\n<p style=\"text-align: justify;\">O Goberno galego modificara no 2016 os criterios para acceder \u00e1s axudas de inclusi\u00f3n social, coas que atende as necesidades primarias, de xeito que se axustan \u00e1 falta de pagos que sofren os retornados de Venezuela ao ter en conta os cartos que ingresan e non os que deber\u00edan ingresar.&nbsp; &nbsp;&nbsp;&nbsp;<\/p>\n<p style=\"text-align: justify;\">Arias lembrou tam\u00e9n que xa na sesi\u00f3n plenaria do pasado 24 de maio o Grupo Popular manifestouse a favor de facerlle requirimentos ao Goberno central en favor dos pensionados venezolanos. \u201cN\u00f3s seguimos pensando igual que antes\u201d, explicaba Arias, e pregunt\u00e1base se a d\u00eda de hoxe o presidente do Goberno, Pedro S\u00e1nchez, \u201cmanter\u00eda aquela afirmaci\u00f3n na que aseguraba que o v\u00ednculo de Podemos con Venezuela era unha das s\u00faas raz\u00f3ns para non pactar co partido de Pablo Iglesias\u201d.<\/p>\n<p style=\"text-align: justify;\">A deputada popular lamentou que os grupos de En Marea e BNG non aprobasen a moci\u00f3n ao completo ao realizarse unha votaci\u00f3n por puntos. \u201cSeguen preferindo apoiar as pol\u00edticas de Maduro na contra de preocuparse polos galegos e galegas que pasan necesidades\u201d.<\/p>\n","protected":false},"excerpt":{"rendered":"<p>Santiago, 05 de xu\u00f1o de 2018. O Grupo Popular apoiou esta tarde no Pleno do Parlamento a aprobaci\u00f3n dunha moci\u00f3n dirixida a buscar soluci\u00f3ns para os emigrantes galegos retornados procedentes de Venezuela que levan dous anos e medio sen percibir as s\u00faas pensi\u00f3ns, e que lle corresponde aboar ao Goberno venezolano.<\/p>\n","protected":false},"author":37,"featured_media":0,"comment_status":"open","ping_status":"open","sticky":false,"template":"","format":"standard","meta":{"_acf_changed":false,"footnotes":""},"categories":[1],"tags":[],"class_list":["post-52804","post","type-post","status-publish","format-standard","hentry","category-pp-de-galicia"],"acf":[],"yoast_head":"<!-- This site is optimized with the Yoast SEO plugin v27.3 - https:\/\/yoast.com\/product\/yoast-seo-wordpress\/ -->\n<title>O Grupo Popular apoia solicitar ao Goberno de Espa\u00f1a medidas para paliar o bloqueo das pensi\u00f3ns aos retornados de Venezuela - PP de Galicia<\/title>\n<meta name=\"robots\" content=\"index, follow, max-snippet:-1, max-image-preview:large, max-video-preview:-1\" \/>\n<link rel=\"canonical\" href=\"https:\/\/ppdegalicia.com\/es\/o-grupo-popular-apoia-solicitar-ao-goberno-de-espana-medidas-para-paliar-o-bloqueo-das-pensions-aos-retornados-de-venezuela\/\" \/>\n<meta property=\"og:locale\" content=\"es_ES\" \/>\n<meta property=\"og:type\" content=\"article\" \/>\n<meta property=\"og:title\" content=\"O Grupo Popular apoia solicitar ao Goberno de Espa\u00f1a medidas para paliar o bloqueo das pensi\u00f3ns aos retornados de Venezuela - PP de Galicia\" \/>\n<meta property=\"og:description\" content=\"Santiago, 05 de xu\u00f1o de 2018. O Grupo Popular apoiou esta tarde no Pleno do Parlamento a aprobaci\u00f3n dunha moci\u00f3n dirixida a buscar soluci\u00f3ns para os emigrantes galegos retornados procedentes de Venezuela que levan dous anos e medio sen percibir as s\u00faas pensi\u00f3ns, e que lle corresponde aboar ao Goberno venezolano.\" \/>\n<meta property=\"og:url\" content=\"https:\/\/ppdegalicia.com\/es\/o-grupo-popular-apoia-solicitar-ao-goberno-de-espana-medidas-para-paliar-o-bloqueo-das-pensions-aos-retornados-de-venezuela\/\" \/>\n<meta property=\"og:site_name\" content=\"PP de Galicia\" \/>\n<meta property=\"article:publisher\" content=\"https:\/\/www.instagram.com\/ppdegalicia\/\" \/>\n<meta property=\"article:published_time\" content=\"2018-06-05T15:37:57+00:00\" \/>\n<meta name=\"author\" content=\"Super User\" \/>\n<meta name=\"twitter:card\" content=\"summary_large_image\" \/>\n<meta name=\"twitter:creator\" content=\"@ppdegalicia\" \/>\n<meta name=\"twitter:site\" content=\"@ppdegalicia\" \/>\n<meta name=\"twitter:label1\" content=\"Escrito por\" \/>\n\t<meta name=\"twitter:data1\" content=\"Super User\" \/>\n\t<meta name=\"twitter:label2\" content=\"Tiempo de lectura\" \/>\n\t<meta name=\"twitter:data2\" content=\"2 minutos\" \/>\n<script type=\"application\/ld+json\" class=\"yoast-schema-graph\">{\"@context\":\"https:\\\/\\\/schema.org\",\"@graph\":[{\"@type\":\"Article\",\"@id\":\"https:\\\/\\\/ppdegalicia.com\\\/es\\\/o-grupo-popular-apoia-solicitar-ao-goberno-de-espana-medidas-para-paliar-o-bloqueo-das-pensions-aos-retornados-de-venezuela\\\/#article\",\"isPartOf\":{\"@id\":\"https:\\\/\\\/ppdegalicia.com\\\/es\\\/o-grupo-popular-apoia-solicitar-ao-goberno-de-espana-medidas-para-paliar-o-bloqueo-das-pensions-aos-retornados-de-venezuela\\\/\"},\"author\":{\"name\":\"Super User\",\"@id\":\"https:\\\/\\\/ppdegalicia.com\\\/es\\\/#\\\/schema\\\/person\\\/d0f013b8388c980665d44009ab762960\"},\"headline\":\"O Grupo Popular apoia solicitar ao Goberno de Espa\u00f1a medidas para paliar o bloqueo das pensi\u00f3ns aos retornados de Venezuela\",\"datePublished\":\"2018-06-05T15:37:57+00:00\",\"mainEntityOfPage\":{\"@id\":\"https:\\\/\\\/ppdegalicia.com\\\/es\\\/o-grupo-popular-apoia-solicitar-ao-goberno-de-espana-medidas-para-paliar-o-bloqueo-das-pensions-aos-retornados-de-venezuela\\\/\"},\"wordCount\":507,\"commentCount\":0,\"publisher\":{\"@id\":\"https:\\\/\\\/ppdegalicia.com\\\/es\\\/#organization\"},\"articleSection\":[\"PP de Galicia\"],\"inLanguage\":\"es\",\"potentialAction\":[{\"@type\":\"CommentAction\",\"name\":\"Comment\",\"target\":[\"https:\\\/\\\/ppdegalicia.com\\\/es\\\/o-grupo-popular-apoia-solicitar-ao-goberno-de-espana-medidas-para-paliar-o-bloqueo-das-pensions-aos-retornados-de-venezuela\\\/#respond\"]}]},{\"@type\":\"WebPage\",\"@id\":\"https:\\\/\\\/ppdegalicia.com\\\/es\\\/o-grupo-popular-apoia-solicitar-ao-goberno-de-espana-medidas-para-paliar-o-bloqueo-das-pensions-aos-retornados-de-venezuela\\\/\",\"url\":\"https:\\\/\\\/ppdegalicia.com\\\/es\\\/o-grupo-popular-apoia-solicitar-ao-goberno-de-espana-medidas-para-paliar-o-bloqueo-das-pensions-aos-retornados-de-venezuela\\\/\",\"name\":\"O Grupo Popular apoia solicitar ao Goberno de Espa\u00f1a medidas para paliar o bloqueo das pensi\u00f3ns aos retornados de Venezuela - PP de Galicia\",\"isPartOf\":{\"@id\":\"https:\\\/\\\/ppdegalicia.com\\\/es\\\/#website\"},\"datePublished\":\"2018-06-05T15:37:57+00:00\",\"breadcrumb\":{\"@id\":\"https:\\\/\\\/ppdegalicia.com\\\/es\\\/o-grupo-popular-apoia-solicitar-ao-goberno-de-espana-medidas-para-paliar-o-bloqueo-das-pensions-aos-retornados-de-venezuela\\\/#breadcrumb\"},\"inLanguage\":\"es\",\"potentialAction\":[{\"@type\":\"ReadAction\",\"target\":[\"https:\\\/\\\/ppdegalicia.com\\\/es\\\/o-grupo-popular-apoia-solicitar-ao-goberno-de-espana-medidas-para-paliar-o-bloqueo-das-pensions-aos-retornados-de-venezuela\\\/\"]}]},{\"@type\":\"BreadcrumbList\",\"@id\":\"https:\\\/\\\/ppdegalicia.com\\\/es\\\/o-grupo-popular-apoia-solicitar-ao-goberno-de-espana-medidas-para-paliar-o-bloqueo-das-pensions-aos-retornados-de-venezuela\\\/#breadcrumb\",\"itemListElement\":[{\"@type\":\"ListItem\",\"position\":1,\"name\":\"Portada\",\"item\":\"https:\\\/\\\/ppdegalicia.com\\\/es\\\/\"},{\"@type\":\"ListItem\",\"position\":2,\"name\":\"O Grupo Popular apoia solicitar ao Goberno de Espa\u00f1a medidas para paliar o bloqueo das pensi\u00f3ns aos retornados de Venezuela\"}]},{\"@type\":\"WebSite\",\"@id\":\"https:\\\/\\\/ppdegalicia.com\\\/es\\\/#website\",\"url\":\"https:\\\/\\\/ppdegalicia.com\\\/es\\\/\",\"name\":\"Partido Popular de Galicia\",\"description\":\"Partido Popular de Galicia\",\"publisher\":{\"@id\":\"https:\\\/\\\/ppdegalicia.com\\\/es\\\/#organization\"},\"alternateName\":\"PP de Galicia\",\"potentialAction\":[{\"@type\":\"SearchAction\",\"target\":{\"@type\":\"EntryPoint\",\"urlTemplate\":\"https:\\\/\\\/ppdegalicia.com\\\/es\\\/?s={search_term_string}\"},\"query-input\":{\"@type\":\"PropertyValueSpecification\",\"valueRequired\":true,\"valueName\":\"search_term_string\"}}],\"inLanguage\":\"es\"},{\"@type\":\"Organization\",\"@id\":\"https:\\\/\\\/ppdegalicia.com\\\/es\\\/#organization\",\"name\":\"Partido Popular de Galicia\",\"alternateName\":\"PP de Galicia\",\"url\":\"https:\\\/\\\/ppdegalicia.com\\\/es\\\/\",\"logo\":{\"@type\":\"ImageObject\",\"inLanguage\":\"es\",\"@id\":\"https:\\\/\\\/ppdegalicia.com\\\/es\\\/#\\\/schema\\\/logo\\\/image\\\/\",\"url\":\"https:\\\/\\\/ppdegalicia.com\\\/wp-content\\\/uploads\\\/2023\\\/04\\\/logoPP512.png\",\"contentUrl\":\"https:\\\/\\\/ppdegalicia.com\\\/wp-content\\\/uploads\\\/2023\\\/04\\\/logoPP512.png\",\"width\":512,\"height\":512,\"caption\":\"Partido Popular de Galicia\"},\"image\":{\"@id\":\"https:\\\/\\\/ppdegalicia.com\\\/es\\\/#\\\/schema\\\/logo\\\/image\\\/\"},\"sameAs\":[\"https:\\\/\\\/www.instagram.com\\\/ppdegalicia\\\/\",\"https:\\\/\\\/x.com\\\/ppdegalicia\",\"https:\\\/\\\/www.tiktok.com\\\/@ppdegalicia\",\"https:\\\/\\\/www.youtube.com\\\/user\\\/ppdegalicia\"]},{\"@type\":\"Person\",\"@id\":\"https:\\\/\\\/ppdegalicia.com\\\/es\\\/#\\\/schema\\\/person\\\/d0f013b8388c980665d44009ab762960\",\"name\":\"Super User\",\"image\":{\"@type\":\"ImageObject\",\"inLanguage\":\"es\",\"@id\":\"https:\\\/\\\/secure.gravatar.com\\\/avatar\\\/1db852625ef4948f58d2739bfbc51e4b9bd5c93b8fa340b59fdb594ca0845645?s=96&d=mm&r=g\",\"url\":\"https:\\\/\\\/secure.gravatar.com\\\/avatar\\\/1db852625ef4948f58d2739bfbc51e4b9bd5c93b8fa340b59fdb594ca0845645?s=96&d=mm&r=g\",\"contentUrl\":\"https:\\\/\\\/secure.gravatar.com\\\/avatar\\\/1db852625ef4948f58d2739bfbc51e4b9bd5c93b8fa340b59fdb594ca0845645?s=96&d=mm&r=g\",\"caption\":\"Super User\"},\"url\":\"https:\\\/\\\/ppdegalicia.com\\\/es\\\/author\\\/ppdegaliciagestion\\\/\"}]}<\/script>\n<!-- \/ Yoast SEO plugin. -->","yoast_head_json":{"title":"O Grupo Popular apoia solicitar ao Goberno de Espa\u00f1a medidas para paliar o bloqueo das pensi\u00f3ns aos retornados de Venezuela - PP de Galicia","robots":{"index":"index","follow":"follow","max-snippet":"max-snippet:-1","max-image-preview":"max-image-preview:large","max-video-preview":"max-video-preview:-1"},"canonical":"https:\/\/ppdegalicia.com\/es\/o-grupo-popular-apoia-solicitar-ao-goberno-de-espana-medidas-para-paliar-o-bloqueo-das-pensions-aos-retornados-de-venezuela\/","og_locale":"es_ES","og_type":"article","og_title":"O Grupo Popular apoia solicitar ao Goberno de Espa\u00f1a medidas para paliar o bloqueo das pensi\u00f3ns aos retornados de Venezuela - PP de Galicia","og_description":"Santiago, 05 de xu\u00f1o de 2018. O Grupo Popular apoiou esta tarde no Pleno do Parlamento a aprobaci\u00f3n dunha moci\u00f3n dirixida a buscar soluci\u00f3ns para os emigrantes galegos retornados procedentes de Venezuela que levan dous anos e medio sen percibir as s\u00faas pensi\u00f3ns, e que lle corresponde aboar ao Goberno venezolano.","og_url":"https:\/\/ppdegalicia.com\/es\/o-grupo-popular-apoia-solicitar-ao-goberno-de-espana-medidas-para-paliar-o-bloqueo-das-pensions-aos-retornados-de-venezuela\/","og_site_name":"PP de Galicia","article_publisher":"https:\/\/www.instagram.com\/ppdegalicia\/","article_published_time":"2018-06-05T15:37:57+00:00","author":"Super User","twitter_card":"summary_large_image","twitter_creator":"@ppdegalicia","twitter_site":"@ppdegalicia","twitter_misc":{"Escrito por":"Super User","Tiempo de lectura":"2 minutos"},"schema":{"@context":"https:\/\/schema.org","@graph":[{"@type":"Article","@id":"https:\/\/ppdegalicia.com\/es\/o-grupo-popular-apoia-solicitar-ao-goberno-de-espana-medidas-para-paliar-o-bloqueo-das-pensions-aos-retornados-de-venezuela\/#article","isPartOf":{"@id":"https:\/\/ppdegalicia.com\/es\/o-grupo-popular-apoia-solicitar-ao-goberno-de-espana-medidas-para-paliar-o-bloqueo-das-pensions-aos-retornados-de-venezuela\/"},"author":{"name":"Super User","@id":"https:\/\/ppdegalicia.com\/es\/#\/schema\/person\/d0f013b8388c980665d44009ab762960"},"headline":"O Grupo Popular apoia solicitar ao Goberno de Espa\u00f1a medidas para paliar o bloqueo das pensi\u00f3ns aos retornados de Venezuela","datePublished":"2018-06-05T15:37:57+00:00","mainEntityOfPage":{"@id":"https:\/\/ppdegalicia.com\/es\/o-grupo-popular-apoia-solicitar-ao-goberno-de-espana-medidas-para-paliar-o-bloqueo-das-pensions-aos-retornados-de-venezuela\/"},"wordCount":507,"commentCount":0,"publisher":{"@id":"https:\/\/ppdegalicia.com\/es\/#organization"},"articleSection":["PP de Galicia"],"inLanguage":"es","potentialAction":[{"@type":"CommentAction","name":"Comment","target":["https:\/\/ppdegalicia.com\/es\/o-grupo-popular-apoia-solicitar-ao-goberno-de-espana-medidas-para-paliar-o-bloqueo-das-pensions-aos-retornados-de-venezuela\/#respond"]}]},{"@type":"WebPage","@id":"https:\/\/ppdegalicia.com\/es\/o-grupo-popular-apoia-solicitar-ao-goberno-de-espana-medidas-para-paliar-o-bloqueo-das-pensions-aos-retornados-de-venezuela\/","url":"https:\/\/ppdegalicia.com\/es\/o-grupo-popular-apoia-solicitar-ao-goberno-de-espana-medidas-para-paliar-o-bloqueo-das-pensions-aos-retornados-de-venezuela\/","name":"O Grupo Popular apoia solicitar ao Goberno de Espa\u00f1a medidas para paliar o bloqueo das pensi\u00f3ns aos retornados de Venezuela - PP de Galicia","isPartOf":{"@id":"https:\/\/ppdegalicia.com\/es\/#website"},"datePublished":"2018-06-05T15:37:57+00:00","breadcrumb":{"@id":"https:\/\/ppdegalicia.com\/es\/o-grupo-popular-apoia-solicitar-ao-goberno-de-espana-medidas-para-paliar-o-bloqueo-das-pensions-aos-retornados-de-venezuela\/#breadcrumb"},"inLanguage":"es","potentialAction":[{"@type":"ReadAction","target":["https:\/\/ppdegalicia.com\/es\/o-grupo-popular-apoia-solicitar-ao-goberno-de-espana-medidas-para-paliar-o-bloqueo-das-pensions-aos-retornados-de-venezuela\/"]}]},{"@type":"BreadcrumbList","@id":"https:\/\/ppdegalicia.com\/es\/o-grupo-popular-apoia-solicitar-ao-goberno-de-espana-medidas-para-paliar-o-bloqueo-das-pensions-aos-retornados-de-venezuela\/#breadcrumb","itemListElement":[{"@type":"ListItem","position":1,"name":"Portada","item":"https:\/\/ppdegalicia.com\/es\/"},{"@type":"ListItem","position":2,"name":"O Grupo Popular apoia solicitar ao Goberno de Espa\u00f1a medidas para paliar o bloqueo das pensi\u00f3ns aos retornados de Venezuela"}]},{"@type":"WebSite","@id":"https:\/\/ppdegalicia.com\/es\/#website","url":"https:\/\/ppdegalicia.com\/es\/","name":"Partido Popular de Galicia","description":"Partido Popular de Galicia","publisher":{"@id":"https:\/\/ppdegalicia.com\/es\/#organization"},"alternateName":"PP de Galicia","potentialAction":[{"@type":"SearchAction","target":{"@type":"EntryPoint","urlTemplate":"https:\/\/ppdegalicia.com\/es\/?s={search_term_string}"},"query-input":{"@type":"PropertyValueSpecification","valueRequired":true,"valueName":"search_term_string"}}],"inLanguage":"es"},{"@type":"Organization","@id":"https:\/\/ppdegalicia.com\/es\/#organization","name":"Partido Popular de Galicia","alternateName":"PP de Galicia","url":"https:\/\/ppdegalicia.com\/es\/","logo":{"@type":"ImageObject","inLanguage":"es","@id":"https:\/\/ppdegalicia.com\/es\/#\/schema\/logo\/image\/","url":"https:\/\/ppdegalicia.com\/wp-content\/uploads\/2023\/04\/logoPP512.png","contentUrl":"https:\/\/ppdegalicia.com\/wp-content\/uploads\/2023\/04\/logoPP512.png","width":512,"height":512,"caption":"Partido Popular de Galicia"},"image":{"@id":"https:\/\/ppdegalicia.com\/es\/#\/schema\/logo\/image\/"},"sameAs":["https:\/\/www.instagram.com\/ppdegalicia\/","https:\/\/x.com\/ppdegalicia","https:\/\/www.tiktok.com\/@ppdegalicia","https:\/\/www.youtube.com\/user\/ppdegalicia"]},{"@type":"Person","@id":"https:\/\/ppdegalicia.com\/es\/#\/schema\/person\/d0f013b8388c980665d44009ab762960","name":"Super User","image":{"@type":"ImageObject","inLanguage":"es","@id":"https:\/\/secure.gravatar.com\/avatar\/1db852625ef4948f58d2739bfbc51e4b9bd5c93b8fa340b59fdb594ca0845645?s=96&d=mm&r=g","url":"https:\/\/secure.gravatar.com\/avatar\/1db852625ef4948f58d2739bfbc51e4b9bd5c93b8fa340b59fdb594ca0845645?s=96&d=mm&r=g","contentUrl":"https:\/\/secure.gravatar.com\/avatar\/1db852625ef4948f58d2739bfbc51e4b9bd5c93b8fa340b59fdb594ca0845645?s=96&d=mm&r=g","caption":"Super User"},"url":"https:\/\/ppdegalicia.com\/es\/author\/ppdegaliciagestion\/"}]}},"_links":{"self":[{"href":"https:\/\/ppdegalicia.com\/es\/wp-json\/wp\/v2\/posts\/52804","targetHints":{"allow":["GET"]}}],"collection":[{"href":"https:\/\/ppdegalicia.com\/es\/wp-json\/wp\/v2\/posts"}],"about":[{"href":"https:\/\/ppdegalicia.com\/es\/wp-json\/wp\/v2\/types\/post"}],"author":[{"embeddable":true,"href":"https:\/\/ppdegalicia.com\/es\/wp-json\/wp\/v2\/users\/37"}],"replies":[{"embeddable":true,"href":"https:\/\/ppdegalicia.com\/es\/wp-json\/wp\/v2\/comments?post=52804"}],"version-history":[{"count":0,"href":"https:\/\/ppdegalicia.com\/es\/wp-json\/wp\/v2\/posts\/52804\/revisions"}],"wp:attachment":[{"href":"https:\/\/ppdegalicia.com\/es\/wp-json\/wp\/v2\/media?parent=52804"}],"wp:term":[{"taxonomy":"category","embeddable":true,"href":"https:\/\/ppdegalicia.com\/es\/wp-json\/wp\/v2\/categories?post=52804"},{"taxonomy":"post_tag","embeddable":true,"href":"https:\/\/ppdegalicia.com\/es\/wp-json\/wp\/v2\/tags?post=52804"}],"curies":[{"name":"wp","href":"https:\/\/api.w.org\/{rel}","templated":true}]}}