{"id":52806,"date":"2018-06-05T18:43:44","date_gmt":"2018-06-05T16:43:44","guid":{"rendered":"https:\/\/ppdegalicia.com\/o-grupo-popular-defende-a-necesidade-de-reformular-o-transito-profesional-entre-a-xustiza-e-a-politica\/"},"modified":"2018-06-05T18:43:44","modified_gmt":"2018-06-05T16:43:44","slug":"o-grupo-popular-defende-a-necesidade-de-reformular-o-transito-profesional-entre-a-xustiza-e-a-politica","status":"publish","type":"post","link":"https:\/\/ppdegalicia.com\/es\/o-grupo-popular-defende-a-necesidade-de-reformular-o-transito-profesional-entre-a-xustiza-e-a-politica\/","title":{"rendered":"O Grupo Popular defende a necesidade de reformular o tr\u00e1nsito profesional entre a xustiza e a pol\u00edtica"},"content":{"rendered":"<p style=\"text-align: justify;\"><span style=\"text-decoration: underline;\">Santiago, 5 de xu\u00f1o de 2018.<\/span> A viceportavoz do Grupo Popular, Paula Prado, defendeu hoxe no Parlamento \u201ca necesidade de reformular as condici\u00f3ns de tr\u00e1nsito profesional entre a xustiza e a pol\u00edtica para evitar as portas xiratorias pol\u00edtica-xustiza, a fin de fortalecer a percepci\u00f3n da independencia xudicial sen menoscabo do dereito a ocupar cargos p\u00fablicos\u201d. Neste sentido, ofreceu esta tarde unha transacci\u00f3n ao portavoz de En Marea co fin de inclu\u00edr esta medida na s\u00faa proposici\u00f3n non de lei, que ser\u00e1 votada na sesi\u00f3n plenaria de ma\u00f1\u00e1, m\u00e9rcores.<\/p>\n<p><!--more--><\/p>\n<p style=\"text-align: justify;\">Paula Prado lembrou que o Grupo Popular no Congreso elevou \u00e1 Subcomisi\u00f3n que traballaba no Pacto para a Xustiza un total de 97 propostas, entre as que figuraban medidas dirixidas ao fortalecemento da independencia xudicial, o cambio de elecci\u00f3n dos vogais do Consello Xeral do Poder Xudicial, limitar o aforamento para os xu\u00edces e fiscais, e despolitizar os tribunais superiores de Xustiza.<\/p>\n<p style=\"text-align: justify;\">\u201cAs\u00ed mesmo, propuxemos reformular as condici\u00f3ns do tr\u00e1nsito profesional entre pol\u00edtica e xustiza, dotar ao Ministerio Fiscal dun novo estatuto org\u00e1nico e reformar o r\u00e9xime de acceso de avogados e procuradores\u201d, apuntou.<\/p>\n<p>&nbsp;<\/p>\n<p style=\"text-align: justify;\"><strong><span style=\"text-decoration: underline;\">GARANTIR A INDEPENDENCIA XUDICIAL<\/span><\/strong><\/p>\n<p style=\"text-align: justify;\">Por\u00e9n, lamentou que Podemos abandonara a Subcomisi\u00f3n \u201cporque dic\u00eda que s\u00f3 se trataba de propostas est\u00e9ticas, do mesmo xeito que o PSOE, alegando que coas 130 propostas consensuadas s\u00f3 se chegara a un acordo de m\u00ednimos\u201d.<\/p>\n<p style=\"text-align: justify;\">\u201cN\u00f3s seguimos pensando que \u00e9 fundamental garantir a independencia xudicial, e nesa li\u00f1a vai a nosa emenda \u00e1 proposici\u00f3n non de lei de En Marea para cambiar o sistema de elecci\u00f3n das vogais de procedencia xudicial, para que sexa escollidos por xu\u00edces e xu\u00edzas; e reformular as condici\u00f3ns de tr\u00e1nsito profesional entre a xustiza e a pol\u00edtica, con especial atenci\u00f3n \u00e1s condici\u00f3ns de reingreso\u201d, concretou.<\/p>\n","protected":false},"excerpt":{"rendered":"<p>Santiago, 5 de xu\u00f1o de 2018. A viceportavoz do Grupo Popular, Paula Prado, defendeu hoxe no Parlamento \u201ca necesidade de reformular as condici\u00f3ns de tr\u00e1nsito profesional entre a xustiza e a pol\u00edtica para evitar as portas xiratorias pol\u00edtica-xustiza, a fin de fortalecer a percepci\u00f3n da independencia xudicial sen menoscabo do dereito a ocupar cargos p\u00fablicos\u201d. [&hellip;]<\/p>\n","protected":false},"author":37,"featured_media":0,"comment_status":"open","ping_status":"open","sticky":false,"template":"","format":"standard","meta":{"_acf_changed":false,"footnotes":""},"categories":[1],"tags":[],"class_list":["post-52806","post","type-post","status-publish","format-standard","hentry","category-pp-de-galicia"],"acf":[],"yoast_head":"<!-- This site is optimized with the Yoast SEO plugin v27.3 - https:\/\/yoast.com\/product\/yoast-seo-wordpress\/ -->\n<title>O Grupo Popular defende a necesidade de reformular o tr\u00e1nsito profesional entre a xustiza e a pol\u00edtica - PP de Galicia<\/title>\n<meta name=\"robots\" content=\"index, follow, max-snippet:-1, max-image-preview:large, max-video-preview:-1\" \/>\n<link rel=\"canonical\" href=\"https:\/\/ppdegalicia.com\/es\/o-grupo-popular-defende-a-necesidade-de-reformular-o-transito-profesional-entre-a-xustiza-e-a-politica\/\" \/>\n<meta property=\"og:locale\" content=\"es_ES\" \/>\n<meta property=\"og:type\" content=\"article\" \/>\n<meta property=\"og:title\" content=\"O Grupo Popular defende a necesidade de reformular o tr\u00e1nsito profesional entre a xustiza e a pol\u00edtica - PP de Galicia\" \/>\n<meta property=\"og:description\" content=\"Santiago, 5 de xu\u00f1o de 2018. A viceportavoz do Grupo Popular, Paula Prado, defendeu hoxe no Parlamento \u201ca necesidade de reformular as condici\u00f3ns de tr\u00e1nsito profesional entre a xustiza e a pol\u00edtica para evitar as portas xiratorias pol\u00edtica-xustiza, a fin de fortalecer a percepci\u00f3n da independencia xudicial sen menoscabo do dereito a ocupar cargos p\u00fablicos\u201d. [&hellip;]\" \/>\n<meta property=\"og:url\" content=\"https:\/\/ppdegalicia.com\/es\/o-grupo-popular-defende-a-necesidade-de-reformular-o-transito-profesional-entre-a-xustiza-e-a-politica\/\" \/>\n<meta property=\"og:site_name\" content=\"PP de Galicia\" \/>\n<meta property=\"article:publisher\" content=\"https:\/\/www.instagram.com\/ppdegalicia\/\" \/>\n<meta property=\"article:published_time\" content=\"2018-06-05T16:43:44+00:00\" \/>\n<meta name=\"author\" content=\"Super User\" \/>\n<meta name=\"twitter:card\" content=\"summary_large_image\" \/>\n<meta name=\"twitter:creator\" content=\"@ppdegalicia\" \/>\n<meta name=\"twitter:site\" content=\"@ppdegalicia\" \/>\n<meta name=\"twitter:label1\" content=\"Escrito por\" \/>\n\t<meta name=\"twitter:data1\" content=\"Super User\" \/>\n\t<meta name=\"twitter:label2\" content=\"Tiempo de lectura\" \/>\n\t<meta name=\"twitter:data2\" content=\"2 minutos\" \/>\n<script type=\"application\/ld+json\" class=\"yoast-schema-graph\">{\"@context\":\"https:\\\/\\\/schema.org\",\"@graph\":[{\"@type\":\"Article\",\"@id\":\"https:\\\/\\\/ppdegalicia.com\\\/es\\\/o-grupo-popular-defende-a-necesidade-de-reformular-o-transito-profesional-entre-a-xustiza-e-a-politica\\\/#article\",\"isPartOf\":{\"@id\":\"https:\\\/\\\/ppdegalicia.com\\\/es\\\/o-grupo-popular-defende-a-necesidade-de-reformular-o-transito-profesional-entre-a-xustiza-e-a-politica\\\/\"},\"author\":{\"name\":\"Super User\",\"@id\":\"https:\\\/\\\/ppdegalicia.com\\\/es\\\/#\\\/schema\\\/person\\\/d0f013b8388c980665d44009ab762960\"},\"headline\":\"O Grupo Popular defende a necesidade de reformular o tr\u00e1nsito profesional entre a xustiza e a pol\u00edtica\",\"datePublished\":\"2018-06-05T16:43:44+00:00\",\"mainEntityOfPage\":{\"@id\":\"https:\\\/\\\/ppdegalicia.com\\\/es\\\/o-grupo-popular-defende-a-necesidade-de-reformular-o-transito-profesional-entre-a-xustiza-e-a-politica\\\/\"},\"wordCount\":337,\"commentCount\":0,\"publisher\":{\"@id\":\"https:\\\/\\\/ppdegalicia.com\\\/es\\\/#organization\"},\"articleSection\":[\"PP de Galicia\"],\"inLanguage\":\"es\",\"potentialAction\":[{\"@type\":\"CommentAction\",\"name\":\"Comment\",\"target\":[\"https:\\\/\\\/ppdegalicia.com\\\/es\\\/o-grupo-popular-defende-a-necesidade-de-reformular-o-transito-profesional-entre-a-xustiza-e-a-politica\\\/#respond\"]}]},{\"@type\":\"WebPage\",\"@id\":\"https:\\\/\\\/ppdegalicia.com\\\/es\\\/o-grupo-popular-defende-a-necesidade-de-reformular-o-transito-profesional-entre-a-xustiza-e-a-politica\\\/\",\"url\":\"https:\\\/\\\/ppdegalicia.com\\\/es\\\/o-grupo-popular-defende-a-necesidade-de-reformular-o-transito-profesional-entre-a-xustiza-e-a-politica\\\/\",\"name\":\"O Grupo Popular defende a necesidade de reformular o tr\u00e1nsito profesional entre a xustiza e a pol\u00edtica - PP de Galicia\",\"isPartOf\":{\"@id\":\"https:\\\/\\\/ppdegalicia.com\\\/es\\\/#website\"},\"datePublished\":\"2018-06-05T16:43:44+00:00\",\"breadcrumb\":{\"@id\":\"https:\\\/\\\/ppdegalicia.com\\\/es\\\/o-grupo-popular-defende-a-necesidade-de-reformular-o-transito-profesional-entre-a-xustiza-e-a-politica\\\/#breadcrumb\"},\"inLanguage\":\"es\",\"potentialAction\":[{\"@type\":\"ReadAction\",\"target\":[\"https:\\\/\\\/ppdegalicia.com\\\/es\\\/o-grupo-popular-defende-a-necesidade-de-reformular-o-transito-profesional-entre-a-xustiza-e-a-politica\\\/\"]}]},{\"@type\":\"BreadcrumbList\",\"@id\":\"https:\\\/\\\/ppdegalicia.com\\\/es\\\/o-grupo-popular-defende-a-necesidade-de-reformular-o-transito-profesional-entre-a-xustiza-e-a-politica\\\/#breadcrumb\",\"itemListElement\":[{\"@type\":\"ListItem\",\"position\":1,\"name\":\"Portada\",\"item\":\"https:\\\/\\\/ppdegalicia.com\\\/es\\\/\"},{\"@type\":\"ListItem\",\"position\":2,\"name\":\"O Grupo Popular defende a necesidade de reformular o tr\u00e1nsito profesional entre a xustiza e a pol\u00edtica\"}]},{\"@type\":\"WebSite\",\"@id\":\"https:\\\/\\\/ppdegalicia.com\\\/es\\\/#website\",\"url\":\"https:\\\/\\\/ppdegalicia.com\\\/es\\\/\",\"name\":\"Partido Popular de Galicia\",\"description\":\"Partido Popular de Galicia\",\"publisher\":{\"@id\":\"https:\\\/\\\/ppdegalicia.com\\\/es\\\/#organization\"},\"alternateName\":\"PP de Galicia\",\"potentialAction\":[{\"@type\":\"SearchAction\",\"target\":{\"@type\":\"EntryPoint\",\"urlTemplate\":\"https:\\\/\\\/ppdegalicia.com\\\/es\\\/?s={search_term_string}\"},\"query-input\":{\"@type\":\"PropertyValueSpecification\",\"valueRequired\":true,\"valueName\":\"search_term_string\"}}],\"inLanguage\":\"es\"},{\"@type\":\"Organization\",\"@id\":\"https:\\\/\\\/ppdegalicia.com\\\/es\\\/#organization\",\"name\":\"Partido Popular de Galicia\",\"alternateName\":\"PP de Galicia\",\"url\":\"https:\\\/\\\/ppdegalicia.com\\\/es\\\/\",\"logo\":{\"@type\":\"ImageObject\",\"inLanguage\":\"es\",\"@id\":\"https:\\\/\\\/ppdegalicia.com\\\/es\\\/#\\\/schema\\\/logo\\\/image\\\/\",\"url\":\"https:\\\/\\\/ppdegalicia.com\\\/wp-content\\\/uploads\\\/2023\\\/04\\\/logoPP512.png\",\"contentUrl\":\"https:\\\/\\\/ppdegalicia.com\\\/wp-content\\\/uploads\\\/2023\\\/04\\\/logoPP512.png\",\"width\":512,\"height\":512,\"caption\":\"Partido Popular de Galicia\"},\"image\":{\"@id\":\"https:\\\/\\\/ppdegalicia.com\\\/es\\\/#\\\/schema\\\/logo\\\/image\\\/\"},\"sameAs\":[\"https:\\\/\\\/www.instagram.com\\\/ppdegalicia\\\/\",\"https:\\\/\\\/x.com\\\/ppdegalicia\",\"https:\\\/\\\/www.tiktok.com\\\/@ppdegalicia\",\"https:\\\/\\\/www.youtube.com\\\/user\\\/ppdegalicia\"]},{\"@type\":\"Person\",\"@id\":\"https:\\\/\\\/ppdegalicia.com\\\/es\\\/#\\\/schema\\\/person\\\/d0f013b8388c980665d44009ab762960\",\"name\":\"Super User\",\"image\":{\"@type\":\"ImageObject\",\"inLanguage\":\"es\",\"@id\":\"https:\\\/\\\/secure.gravatar.com\\\/avatar\\\/1db852625ef4948f58d2739bfbc51e4b9bd5c93b8fa340b59fdb594ca0845645?s=96&d=mm&r=g\",\"url\":\"https:\\\/\\\/secure.gravatar.com\\\/avatar\\\/1db852625ef4948f58d2739bfbc51e4b9bd5c93b8fa340b59fdb594ca0845645?s=96&d=mm&r=g\",\"contentUrl\":\"https:\\\/\\\/secure.gravatar.com\\\/avatar\\\/1db852625ef4948f58d2739bfbc51e4b9bd5c93b8fa340b59fdb594ca0845645?s=96&d=mm&r=g\",\"caption\":\"Super User\"},\"url\":\"https:\\\/\\\/ppdegalicia.com\\\/es\\\/author\\\/ppdegaliciagestion\\\/\"}]}<\/script>\n<!-- \/ Yoast SEO plugin. -->","yoast_head_json":{"title":"O Grupo Popular defende a necesidade de reformular o tr\u00e1nsito profesional entre a xustiza e a pol\u00edtica - PP de Galicia","robots":{"index":"index","follow":"follow","max-snippet":"max-snippet:-1","max-image-preview":"max-image-preview:large","max-video-preview":"max-video-preview:-1"},"canonical":"https:\/\/ppdegalicia.com\/es\/o-grupo-popular-defende-a-necesidade-de-reformular-o-transito-profesional-entre-a-xustiza-e-a-politica\/","og_locale":"es_ES","og_type":"article","og_title":"O Grupo Popular defende a necesidade de reformular o tr\u00e1nsito profesional entre a xustiza e a pol\u00edtica - PP de Galicia","og_description":"Santiago, 5 de xu\u00f1o de 2018. A viceportavoz do Grupo Popular, Paula Prado, defendeu hoxe no Parlamento \u201ca necesidade de reformular as condici\u00f3ns de tr\u00e1nsito profesional entre a xustiza e a pol\u00edtica para evitar as portas xiratorias pol\u00edtica-xustiza, a fin de fortalecer a percepci\u00f3n da independencia xudicial sen menoscabo do dereito a ocupar cargos p\u00fablicos\u201d. [&hellip;]","og_url":"https:\/\/ppdegalicia.com\/es\/o-grupo-popular-defende-a-necesidade-de-reformular-o-transito-profesional-entre-a-xustiza-e-a-politica\/","og_site_name":"PP de Galicia","article_publisher":"https:\/\/www.instagram.com\/ppdegalicia\/","article_published_time":"2018-06-05T16:43:44+00:00","author":"Super User","twitter_card":"summary_large_image","twitter_creator":"@ppdegalicia","twitter_site":"@ppdegalicia","twitter_misc":{"Escrito por":"Super User","Tiempo de lectura":"2 minutos"},"schema":{"@context":"https:\/\/schema.org","@graph":[{"@type":"Article","@id":"https:\/\/ppdegalicia.com\/es\/o-grupo-popular-defende-a-necesidade-de-reformular-o-transito-profesional-entre-a-xustiza-e-a-politica\/#article","isPartOf":{"@id":"https:\/\/ppdegalicia.com\/es\/o-grupo-popular-defende-a-necesidade-de-reformular-o-transito-profesional-entre-a-xustiza-e-a-politica\/"},"author":{"name":"Super User","@id":"https:\/\/ppdegalicia.com\/es\/#\/schema\/person\/d0f013b8388c980665d44009ab762960"},"headline":"O Grupo Popular defende a necesidade de reformular o tr\u00e1nsito profesional entre a xustiza e a pol\u00edtica","datePublished":"2018-06-05T16:43:44+00:00","mainEntityOfPage":{"@id":"https:\/\/ppdegalicia.com\/es\/o-grupo-popular-defende-a-necesidade-de-reformular-o-transito-profesional-entre-a-xustiza-e-a-politica\/"},"wordCount":337,"commentCount":0,"publisher":{"@id":"https:\/\/ppdegalicia.com\/es\/#organization"},"articleSection":["PP de Galicia"],"inLanguage":"es","potentialAction":[{"@type":"CommentAction","name":"Comment","target":["https:\/\/ppdegalicia.com\/es\/o-grupo-popular-defende-a-necesidade-de-reformular-o-transito-profesional-entre-a-xustiza-e-a-politica\/#respond"]}]},{"@type":"WebPage","@id":"https:\/\/ppdegalicia.com\/es\/o-grupo-popular-defende-a-necesidade-de-reformular-o-transito-profesional-entre-a-xustiza-e-a-politica\/","url":"https:\/\/ppdegalicia.com\/es\/o-grupo-popular-defende-a-necesidade-de-reformular-o-transito-profesional-entre-a-xustiza-e-a-politica\/","name":"O Grupo Popular defende a necesidade de reformular o tr\u00e1nsito profesional entre a xustiza e a pol\u00edtica - PP de Galicia","isPartOf":{"@id":"https:\/\/ppdegalicia.com\/es\/#website"},"datePublished":"2018-06-05T16:43:44+00:00","breadcrumb":{"@id":"https:\/\/ppdegalicia.com\/es\/o-grupo-popular-defende-a-necesidade-de-reformular-o-transito-profesional-entre-a-xustiza-e-a-politica\/#breadcrumb"},"inLanguage":"es","potentialAction":[{"@type":"ReadAction","target":["https:\/\/ppdegalicia.com\/es\/o-grupo-popular-defende-a-necesidade-de-reformular-o-transito-profesional-entre-a-xustiza-e-a-politica\/"]}]},{"@type":"BreadcrumbList","@id":"https:\/\/ppdegalicia.com\/es\/o-grupo-popular-defende-a-necesidade-de-reformular-o-transito-profesional-entre-a-xustiza-e-a-politica\/#breadcrumb","itemListElement":[{"@type":"ListItem","position":1,"name":"Portada","item":"https:\/\/ppdegalicia.com\/es\/"},{"@type":"ListItem","position":2,"name":"O Grupo Popular defende a necesidade de reformular o tr\u00e1nsito profesional entre a xustiza e a pol\u00edtica"}]},{"@type":"WebSite","@id":"https:\/\/ppdegalicia.com\/es\/#website","url":"https:\/\/ppdegalicia.com\/es\/","name":"Partido Popular de Galicia","description":"Partido Popular de Galicia","publisher":{"@id":"https:\/\/ppdegalicia.com\/es\/#organization"},"alternateName":"PP de Galicia","potentialAction":[{"@type":"SearchAction","target":{"@type":"EntryPoint","urlTemplate":"https:\/\/ppdegalicia.com\/es\/?s={search_term_string}"},"query-input":{"@type":"PropertyValueSpecification","valueRequired":true,"valueName":"search_term_string"}}],"inLanguage":"es"},{"@type":"Organization","@id":"https:\/\/ppdegalicia.com\/es\/#organization","name":"Partido Popular de Galicia","alternateName":"PP de Galicia","url":"https:\/\/ppdegalicia.com\/es\/","logo":{"@type":"ImageObject","inLanguage":"es","@id":"https:\/\/ppdegalicia.com\/es\/#\/schema\/logo\/image\/","url":"https:\/\/ppdegalicia.com\/wp-content\/uploads\/2023\/04\/logoPP512.png","contentUrl":"https:\/\/ppdegalicia.com\/wp-content\/uploads\/2023\/04\/logoPP512.png","width":512,"height":512,"caption":"Partido Popular de Galicia"},"image":{"@id":"https:\/\/ppdegalicia.com\/es\/#\/schema\/logo\/image\/"},"sameAs":["https:\/\/www.instagram.com\/ppdegalicia\/","https:\/\/x.com\/ppdegalicia","https:\/\/www.tiktok.com\/@ppdegalicia","https:\/\/www.youtube.com\/user\/ppdegalicia"]},{"@type":"Person","@id":"https:\/\/ppdegalicia.com\/es\/#\/schema\/person\/d0f013b8388c980665d44009ab762960","name":"Super User","image":{"@type":"ImageObject","inLanguage":"es","@id":"https:\/\/secure.gravatar.com\/avatar\/1db852625ef4948f58d2739bfbc51e4b9bd5c93b8fa340b59fdb594ca0845645?s=96&d=mm&r=g","url":"https:\/\/secure.gravatar.com\/avatar\/1db852625ef4948f58d2739bfbc51e4b9bd5c93b8fa340b59fdb594ca0845645?s=96&d=mm&r=g","contentUrl":"https:\/\/secure.gravatar.com\/avatar\/1db852625ef4948f58d2739bfbc51e4b9bd5c93b8fa340b59fdb594ca0845645?s=96&d=mm&r=g","caption":"Super User"},"url":"https:\/\/ppdegalicia.com\/es\/author\/ppdegaliciagestion\/"}]}},"_links":{"self":[{"href":"https:\/\/ppdegalicia.com\/es\/wp-json\/wp\/v2\/posts\/52806","targetHints":{"allow":["GET"]}}],"collection":[{"href":"https:\/\/ppdegalicia.com\/es\/wp-json\/wp\/v2\/posts"}],"about":[{"href":"https:\/\/ppdegalicia.com\/es\/wp-json\/wp\/v2\/types\/post"}],"author":[{"embeddable":true,"href":"https:\/\/ppdegalicia.com\/es\/wp-json\/wp\/v2\/users\/37"}],"replies":[{"embeddable":true,"href":"https:\/\/ppdegalicia.com\/es\/wp-json\/wp\/v2\/comments?post=52806"}],"version-history":[{"count":0,"href":"https:\/\/ppdegalicia.com\/es\/wp-json\/wp\/v2\/posts\/52806\/revisions"}],"wp:attachment":[{"href":"https:\/\/ppdegalicia.com\/es\/wp-json\/wp\/v2\/media?parent=52806"}],"wp:term":[{"taxonomy":"category","embeddable":true,"href":"https:\/\/ppdegalicia.com\/es\/wp-json\/wp\/v2\/categories?post=52806"},{"taxonomy":"post_tag","embeddable":true,"href":"https:\/\/ppdegalicia.com\/es\/wp-json\/wp\/v2\/tags?post=52806"}],"curies":[{"name":"wp","href":"https:\/\/api.w.org\/{rel}","templated":true}]}}