{"id":52829,"date":"2018-06-15T11:33:33","date_gmt":"2018-06-15T09:33:33","guid":{"rendered":"https:\/\/ppdegalicia.com\/o-grupo-popular-reitera-que-as-cousas-vanse-seguir-facendo-con-esixencia-maxima-respecto-do-proxecto-da-mina-de-touro-o-pino\/"},"modified":"2018-06-15T11:33:33","modified_gmt":"2018-06-15T09:33:33","slug":"o-grupo-popular-reitera-que-as-cousas-vanse-seguir-facendo-con-esixencia-maxima-respecto-do-proxecto-da-mina-de-touro-o-pino","status":"publish","type":"post","link":"https:\/\/ppdegalicia.com\/es\/o-grupo-popular-reitera-que-as-cousas-vanse-seguir-facendo-con-esixencia-maxima-respecto-do-proxecto-da-mina-de-touro-o-pino\/","title":{"rendered":"O Grupo Popular reitera que \u201cas cousas vanse seguir facendo con esixencia m\u00e1xima\u201d respecto do proxecto da mina de Touro-O Pino"},"content":{"rendered":"<p style=\"text-align: justify;\"><span style=\"text-decoration: underline;\">Santiago, 15 de xu\u00f1o de 2018.-<\/span> O deputado do Grupo Popular Mart\u00edn Fern\u00e1ndez Prado trasladou hoxe \u201ca seguridade \u00e1 cidadan\u00eda de que as cousas se van seguir facendo con esixencia m\u00e1xima, tanto na tramitaci\u00f3n como nos controis das augas\u201d respecto ao proxecto da mina de Touro e O Pino. Neste sentido, lamentou que os grupos da oposici\u00f3n \u201cestean xa en campa\u00f1a electoral, creando medo e alarmismo entre a xente na busca de r\u00e9ditos electorais\u201d.<\/p>\n<p><!--more--><\/p>\n<p style=\"text-align: justify;\">Mart\u00edn Fern\u00e1ndez lembrou que a normativa pola que se est\u00e1 a tramitar este proxecto mineiro \u201c\u00e9 a aprobada por socialistas e nacionalistas na s\u00faa etapa de Goberno bipartito na Xunta\u201d e subli\u00f1ou que \u201cestase demostrando que o actual Goberno galego ten un compromiso de m\u00e1xima esixencia, transparencia e rigor administrativo e legal\u201d.<\/p>\n<p>&nbsp;<\/p>\n<p style=\"text-align: justify;\"><strong><span style=\"text-decoration: underline;\">INFORMES T\u00c9CNICOS<\/span><\/strong><\/p>\n<p style=\"text-align: justify;\">\u201cN\u00f3s respectamos e confiamos no que digan os t\u00e9cnicos, polo que non lle imos pedir a un goberno que faga algo sen ter o aval dos funcionarios\u201d, sinalou.<\/p>\n<p>&nbsp;<\/p>\n<p style=\"text-align: justify;\">Respecto do control da calidade das augas do r\u00edo Ulla e da posible afecci\u00f3n \u00e1 r\u00eda de Arousa, Mart\u00edn Fern\u00e1ndez reco\u00f1eceu que \u201co sector poida estar preocupado, pero estase a aportar toda a informaci\u00f3n que necesiten desde a Administraci\u00f3n galega\u201d. Neste sentido, indicou que xa se celebraron reuni\u00f3ns co sector para darlle traslado de toda a informaci\u00f3n, ao tempo que existe o compromiso da Xunta de redobrar o sistema de control dos vertidos da mina mediante un plan conxunto entre Augas de Galicia, Laboratorio de Medio Ambiente e INTECMAR.<\/p>\n","protected":false},"excerpt":{"rendered":"<p>Santiago, 15 de xu\u00f1o de 2018.- O deputado do Grupo Popular Mart\u00edn Fern\u00e1ndez Prado trasladou hoxe \u201ca seguridade \u00e1 cidadan\u00eda de que as cousas se van seguir facendo con esixencia m\u00e1xima, tanto na tramitaci\u00f3n como nos controis das augas\u201d respecto ao proxecto da mina de Touro e O Pino. Neste sentido, lamentou que os grupos [&hellip;]<\/p>\n","protected":false},"author":37,"featured_media":0,"comment_status":"open","ping_status":"open","sticky":false,"template":"","format":"standard","meta":{"_acf_changed":false,"footnotes":""},"categories":[1],"tags":[],"class_list":["post-52829","post","type-post","status-publish","format-standard","hentry","category-pp-de-galicia"],"acf":[],"yoast_head":"<!-- This site is optimized with the Yoast SEO plugin v27.3 - https:\/\/yoast.com\/product\/yoast-seo-wordpress\/ -->\n<title>O Grupo Popular reitera que \u201cas cousas vanse seguir facendo con esixencia m\u00e1xima\u201d respecto do proxecto da mina de Touro-O Pino - PP de Galicia<\/title>\n<meta name=\"robots\" content=\"index, follow, max-snippet:-1, max-image-preview:large, max-video-preview:-1\" \/>\n<link rel=\"canonical\" href=\"https:\/\/ppdegalicia.com\/es\/o-grupo-popular-reitera-que-as-cousas-vanse-seguir-facendo-con-esixencia-maxima-respecto-do-proxecto-da-mina-de-touro-o-pino\/\" \/>\n<meta property=\"og:locale\" content=\"es_ES\" \/>\n<meta property=\"og:type\" content=\"article\" \/>\n<meta property=\"og:title\" content=\"O Grupo Popular reitera que \u201cas cousas vanse seguir facendo con esixencia m\u00e1xima\u201d respecto do proxecto da mina de Touro-O Pino - PP de Galicia\" \/>\n<meta property=\"og:description\" content=\"Santiago, 15 de xu\u00f1o de 2018.- O deputado do Grupo Popular Mart\u00edn Fern\u00e1ndez Prado trasladou hoxe \u201ca seguridade \u00e1 cidadan\u00eda de que as cousas se van seguir facendo con esixencia m\u00e1xima, tanto na tramitaci\u00f3n como nos controis das augas\u201d respecto ao proxecto da mina de Touro e O Pino. Neste sentido, lamentou que os grupos [&hellip;]\" \/>\n<meta property=\"og:url\" content=\"https:\/\/ppdegalicia.com\/es\/o-grupo-popular-reitera-que-as-cousas-vanse-seguir-facendo-con-esixencia-maxima-respecto-do-proxecto-da-mina-de-touro-o-pino\/\" \/>\n<meta property=\"og:site_name\" content=\"PP de Galicia\" \/>\n<meta property=\"article:publisher\" content=\"https:\/\/www.instagram.com\/ppdegalicia\/\" \/>\n<meta property=\"article:published_time\" content=\"2018-06-15T09:33:33+00:00\" \/>\n<meta name=\"author\" content=\"Super User\" \/>\n<meta name=\"twitter:card\" content=\"summary_large_image\" \/>\n<meta name=\"twitter:creator\" content=\"@ppdegalicia\" \/>\n<meta name=\"twitter:site\" content=\"@ppdegalicia\" \/>\n<meta name=\"twitter:label1\" content=\"Escrito por\" \/>\n\t<meta name=\"twitter:data1\" content=\"Super User\" \/>\n\t<meta name=\"twitter:label2\" content=\"Tiempo de lectura\" \/>\n\t<meta name=\"twitter:data2\" content=\"1 minuto\" \/>\n<script type=\"application\/ld+json\" class=\"yoast-schema-graph\">{\"@context\":\"https:\\\/\\\/schema.org\",\"@graph\":[{\"@type\":\"Article\",\"@id\":\"https:\\\/\\\/ppdegalicia.com\\\/es\\\/o-grupo-popular-reitera-que-as-cousas-vanse-seguir-facendo-con-esixencia-maxima-respecto-do-proxecto-da-mina-de-touro-o-pino\\\/#article\",\"isPartOf\":{\"@id\":\"https:\\\/\\\/ppdegalicia.com\\\/es\\\/o-grupo-popular-reitera-que-as-cousas-vanse-seguir-facendo-con-esixencia-maxima-respecto-do-proxecto-da-mina-de-touro-o-pino\\\/\"},\"author\":{\"name\":\"Super User\",\"@id\":\"https:\\\/\\\/ppdegalicia.com\\\/es\\\/#\\\/schema\\\/person\\\/d0f013b8388c980665d44009ab762960\"},\"headline\":\"O Grupo Popular reitera que \u201cas cousas vanse seguir facendo con esixencia m\u00e1xima\u201d respecto do proxecto da mina de Touro-O Pino\",\"datePublished\":\"2018-06-15T09:33:33+00:00\",\"mainEntityOfPage\":{\"@id\":\"https:\\\/\\\/ppdegalicia.com\\\/es\\\/o-grupo-popular-reitera-que-as-cousas-vanse-seguir-facendo-con-esixencia-maxima-respecto-do-proxecto-da-mina-de-touro-o-pino\\\/\"},\"wordCount\":292,\"commentCount\":0,\"publisher\":{\"@id\":\"https:\\\/\\\/ppdegalicia.com\\\/es\\\/#organization\"},\"articleSection\":[\"PP de Galicia\"],\"inLanguage\":\"es\",\"potentialAction\":[{\"@type\":\"CommentAction\",\"name\":\"Comment\",\"target\":[\"https:\\\/\\\/ppdegalicia.com\\\/es\\\/o-grupo-popular-reitera-que-as-cousas-vanse-seguir-facendo-con-esixencia-maxima-respecto-do-proxecto-da-mina-de-touro-o-pino\\\/#respond\"]}]},{\"@type\":\"WebPage\",\"@id\":\"https:\\\/\\\/ppdegalicia.com\\\/es\\\/o-grupo-popular-reitera-que-as-cousas-vanse-seguir-facendo-con-esixencia-maxima-respecto-do-proxecto-da-mina-de-touro-o-pino\\\/\",\"url\":\"https:\\\/\\\/ppdegalicia.com\\\/es\\\/o-grupo-popular-reitera-que-as-cousas-vanse-seguir-facendo-con-esixencia-maxima-respecto-do-proxecto-da-mina-de-touro-o-pino\\\/\",\"name\":\"O Grupo Popular reitera que \u201cas cousas vanse seguir facendo con esixencia m\u00e1xima\u201d respecto do proxecto da mina de Touro-O Pino - PP de Galicia\",\"isPartOf\":{\"@id\":\"https:\\\/\\\/ppdegalicia.com\\\/es\\\/#website\"},\"datePublished\":\"2018-06-15T09:33:33+00:00\",\"breadcrumb\":{\"@id\":\"https:\\\/\\\/ppdegalicia.com\\\/es\\\/o-grupo-popular-reitera-que-as-cousas-vanse-seguir-facendo-con-esixencia-maxima-respecto-do-proxecto-da-mina-de-touro-o-pino\\\/#breadcrumb\"},\"inLanguage\":\"es\",\"potentialAction\":[{\"@type\":\"ReadAction\",\"target\":[\"https:\\\/\\\/ppdegalicia.com\\\/es\\\/o-grupo-popular-reitera-que-as-cousas-vanse-seguir-facendo-con-esixencia-maxima-respecto-do-proxecto-da-mina-de-touro-o-pino\\\/\"]}]},{\"@type\":\"BreadcrumbList\",\"@id\":\"https:\\\/\\\/ppdegalicia.com\\\/es\\\/o-grupo-popular-reitera-que-as-cousas-vanse-seguir-facendo-con-esixencia-maxima-respecto-do-proxecto-da-mina-de-touro-o-pino\\\/#breadcrumb\",\"itemListElement\":[{\"@type\":\"ListItem\",\"position\":1,\"name\":\"Portada\",\"item\":\"https:\\\/\\\/ppdegalicia.com\\\/es\\\/\"},{\"@type\":\"ListItem\",\"position\":2,\"name\":\"O Grupo Popular reitera que \u201cas cousas vanse seguir facendo con esixencia m\u00e1xima\u201d respecto do proxecto da mina de Touro-O Pino\"}]},{\"@type\":\"WebSite\",\"@id\":\"https:\\\/\\\/ppdegalicia.com\\\/es\\\/#website\",\"url\":\"https:\\\/\\\/ppdegalicia.com\\\/es\\\/\",\"name\":\"Partido Popular de Galicia\",\"description\":\"Partido Popular de Galicia\",\"publisher\":{\"@id\":\"https:\\\/\\\/ppdegalicia.com\\\/es\\\/#organization\"},\"alternateName\":\"PP de Galicia\",\"potentialAction\":[{\"@type\":\"SearchAction\",\"target\":{\"@type\":\"EntryPoint\",\"urlTemplate\":\"https:\\\/\\\/ppdegalicia.com\\\/es\\\/?s={search_term_string}\"},\"query-input\":{\"@type\":\"PropertyValueSpecification\",\"valueRequired\":true,\"valueName\":\"search_term_string\"}}],\"inLanguage\":\"es\"},{\"@type\":\"Organization\",\"@id\":\"https:\\\/\\\/ppdegalicia.com\\\/es\\\/#organization\",\"name\":\"Partido Popular de Galicia\",\"alternateName\":\"PP de Galicia\",\"url\":\"https:\\\/\\\/ppdegalicia.com\\\/es\\\/\",\"logo\":{\"@type\":\"ImageObject\",\"inLanguage\":\"es\",\"@id\":\"https:\\\/\\\/ppdegalicia.com\\\/es\\\/#\\\/schema\\\/logo\\\/image\\\/\",\"url\":\"https:\\\/\\\/ppdegalicia.com\\\/wp-content\\\/uploads\\\/2023\\\/04\\\/logoPP512.png\",\"contentUrl\":\"https:\\\/\\\/ppdegalicia.com\\\/wp-content\\\/uploads\\\/2023\\\/04\\\/logoPP512.png\",\"width\":512,\"height\":512,\"caption\":\"Partido Popular de Galicia\"},\"image\":{\"@id\":\"https:\\\/\\\/ppdegalicia.com\\\/es\\\/#\\\/schema\\\/logo\\\/image\\\/\"},\"sameAs\":[\"https:\\\/\\\/www.instagram.com\\\/ppdegalicia\\\/\",\"https:\\\/\\\/x.com\\\/ppdegalicia\",\"https:\\\/\\\/www.tiktok.com\\\/@ppdegalicia\",\"https:\\\/\\\/www.youtube.com\\\/user\\\/ppdegalicia\"]},{\"@type\":\"Person\",\"@id\":\"https:\\\/\\\/ppdegalicia.com\\\/es\\\/#\\\/schema\\\/person\\\/d0f013b8388c980665d44009ab762960\",\"name\":\"Super User\",\"image\":{\"@type\":\"ImageObject\",\"inLanguage\":\"es\",\"@id\":\"https:\\\/\\\/secure.gravatar.com\\\/avatar\\\/1db852625ef4948f58d2739bfbc51e4b9bd5c93b8fa340b59fdb594ca0845645?s=96&d=mm&r=g\",\"url\":\"https:\\\/\\\/secure.gravatar.com\\\/avatar\\\/1db852625ef4948f58d2739bfbc51e4b9bd5c93b8fa340b59fdb594ca0845645?s=96&d=mm&r=g\",\"contentUrl\":\"https:\\\/\\\/secure.gravatar.com\\\/avatar\\\/1db852625ef4948f58d2739bfbc51e4b9bd5c93b8fa340b59fdb594ca0845645?s=96&d=mm&r=g\",\"caption\":\"Super User\"},\"url\":\"https:\\\/\\\/ppdegalicia.com\\\/es\\\/author\\\/ppdegaliciagestion\\\/\"}]}<\/script>\n<!-- \/ Yoast SEO plugin. -->","yoast_head_json":{"title":"O Grupo Popular reitera que \u201cas cousas vanse seguir facendo con esixencia m\u00e1xima\u201d respecto do proxecto da mina de Touro-O Pino - PP de Galicia","robots":{"index":"index","follow":"follow","max-snippet":"max-snippet:-1","max-image-preview":"max-image-preview:large","max-video-preview":"max-video-preview:-1"},"canonical":"https:\/\/ppdegalicia.com\/es\/o-grupo-popular-reitera-que-as-cousas-vanse-seguir-facendo-con-esixencia-maxima-respecto-do-proxecto-da-mina-de-touro-o-pino\/","og_locale":"es_ES","og_type":"article","og_title":"O Grupo Popular reitera que \u201cas cousas vanse seguir facendo con esixencia m\u00e1xima\u201d respecto do proxecto da mina de Touro-O Pino - PP de Galicia","og_description":"Santiago, 15 de xu\u00f1o de 2018.- O deputado do Grupo Popular Mart\u00edn Fern\u00e1ndez Prado trasladou hoxe \u201ca seguridade \u00e1 cidadan\u00eda de que as cousas se van seguir facendo con esixencia m\u00e1xima, tanto na tramitaci\u00f3n como nos controis das augas\u201d respecto ao proxecto da mina de Touro e O Pino. Neste sentido, lamentou que os grupos [&hellip;]","og_url":"https:\/\/ppdegalicia.com\/es\/o-grupo-popular-reitera-que-as-cousas-vanse-seguir-facendo-con-esixencia-maxima-respecto-do-proxecto-da-mina-de-touro-o-pino\/","og_site_name":"PP de Galicia","article_publisher":"https:\/\/www.instagram.com\/ppdegalicia\/","article_published_time":"2018-06-15T09:33:33+00:00","author":"Super User","twitter_card":"summary_large_image","twitter_creator":"@ppdegalicia","twitter_site":"@ppdegalicia","twitter_misc":{"Escrito por":"Super User","Tiempo de lectura":"1 minuto"},"schema":{"@context":"https:\/\/schema.org","@graph":[{"@type":"Article","@id":"https:\/\/ppdegalicia.com\/es\/o-grupo-popular-reitera-que-as-cousas-vanse-seguir-facendo-con-esixencia-maxima-respecto-do-proxecto-da-mina-de-touro-o-pino\/#article","isPartOf":{"@id":"https:\/\/ppdegalicia.com\/es\/o-grupo-popular-reitera-que-as-cousas-vanse-seguir-facendo-con-esixencia-maxima-respecto-do-proxecto-da-mina-de-touro-o-pino\/"},"author":{"name":"Super User","@id":"https:\/\/ppdegalicia.com\/es\/#\/schema\/person\/d0f013b8388c980665d44009ab762960"},"headline":"O Grupo Popular reitera que \u201cas cousas vanse seguir facendo con esixencia m\u00e1xima\u201d respecto do proxecto da mina de Touro-O Pino","datePublished":"2018-06-15T09:33:33+00:00","mainEntityOfPage":{"@id":"https:\/\/ppdegalicia.com\/es\/o-grupo-popular-reitera-que-as-cousas-vanse-seguir-facendo-con-esixencia-maxima-respecto-do-proxecto-da-mina-de-touro-o-pino\/"},"wordCount":292,"commentCount":0,"publisher":{"@id":"https:\/\/ppdegalicia.com\/es\/#organization"},"articleSection":["PP de Galicia"],"inLanguage":"es","potentialAction":[{"@type":"CommentAction","name":"Comment","target":["https:\/\/ppdegalicia.com\/es\/o-grupo-popular-reitera-que-as-cousas-vanse-seguir-facendo-con-esixencia-maxima-respecto-do-proxecto-da-mina-de-touro-o-pino\/#respond"]}]},{"@type":"WebPage","@id":"https:\/\/ppdegalicia.com\/es\/o-grupo-popular-reitera-que-as-cousas-vanse-seguir-facendo-con-esixencia-maxima-respecto-do-proxecto-da-mina-de-touro-o-pino\/","url":"https:\/\/ppdegalicia.com\/es\/o-grupo-popular-reitera-que-as-cousas-vanse-seguir-facendo-con-esixencia-maxima-respecto-do-proxecto-da-mina-de-touro-o-pino\/","name":"O Grupo Popular reitera que \u201cas cousas vanse seguir facendo con esixencia m\u00e1xima\u201d respecto do proxecto da mina de Touro-O Pino - PP de Galicia","isPartOf":{"@id":"https:\/\/ppdegalicia.com\/es\/#website"},"datePublished":"2018-06-15T09:33:33+00:00","breadcrumb":{"@id":"https:\/\/ppdegalicia.com\/es\/o-grupo-popular-reitera-que-as-cousas-vanse-seguir-facendo-con-esixencia-maxima-respecto-do-proxecto-da-mina-de-touro-o-pino\/#breadcrumb"},"inLanguage":"es","potentialAction":[{"@type":"ReadAction","target":["https:\/\/ppdegalicia.com\/es\/o-grupo-popular-reitera-que-as-cousas-vanse-seguir-facendo-con-esixencia-maxima-respecto-do-proxecto-da-mina-de-touro-o-pino\/"]}]},{"@type":"BreadcrumbList","@id":"https:\/\/ppdegalicia.com\/es\/o-grupo-popular-reitera-que-as-cousas-vanse-seguir-facendo-con-esixencia-maxima-respecto-do-proxecto-da-mina-de-touro-o-pino\/#breadcrumb","itemListElement":[{"@type":"ListItem","position":1,"name":"Portada","item":"https:\/\/ppdegalicia.com\/es\/"},{"@type":"ListItem","position":2,"name":"O Grupo Popular reitera que \u201cas cousas vanse seguir facendo con esixencia m\u00e1xima\u201d respecto do proxecto da mina de Touro-O Pino"}]},{"@type":"WebSite","@id":"https:\/\/ppdegalicia.com\/es\/#website","url":"https:\/\/ppdegalicia.com\/es\/","name":"Partido Popular de Galicia","description":"Partido Popular de Galicia","publisher":{"@id":"https:\/\/ppdegalicia.com\/es\/#organization"},"alternateName":"PP de Galicia","potentialAction":[{"@type":"SearchAction","target":{"@type":"EntryPoint","urlTemplate":"https:\/\/ppdegalicia.com\/es\/?s={search_term_string}"},"query-input":{"@type":"PropertyValueSpecification","valueRequired":true,"valueName":"search_term_string"}}],"inLanguage":"es"},{"@type":"Organization","@id":"https:\/\/ppdegalicia.com\/es\/#organization","name":"Partido Popular de Galicia","alternateName":"PP de Galicia","url":"https:\/\/ppdegalicia.com\/es\/","logo":{"@type":"ImageObject","inLanguage":"es","@id":"https:\/\/ppdegalicia.com\/es\/#\/schema\/logo\/image\/","url":"https:\/\/ppdegalicia.com\/wp-content\/uploads\/2023\/04\/logoPP512.png","contentUrl":"https:\/\/ppdegalicia.com\/wp-content\/uploads\/2023\/04\/logoPP512.png","width":512,"height":512,"caption":"Partido Popular de Galicia"},"image":{"@id":"https:\/\/ppdegalicia.com\/es\/#\/schema\/logo\/image\/"},"sameAs":["https:\/\/www.instagram.com\/ppdegalicia\/","https:\/\/x.com\/ppdegalicia","https:\/\/www.tiktok.com\/@ppdegalicia","https:\/\/www.youtube.com\/user\/ppdegalicia"]},{"@type":"Person","@id":"https:\/\/ppdegalicia.com\/es\/#\/schema\/person\/d0f013b8388c980665d44009ab762960","name":"Super User","image":{"@type":"ImageObject","inLanguage":"es","@id":"https:\/\/secure.gravatar.com\/avatar\/1db852625ef4948f58d2739bfbc51e4b9bd5c93b8fa340b59fdb594ca0845645?s=96&d=mm&r=g","url":"https:\/\/secure.gravatar.com\/avatar\/1db852625ef4948f58d2739bfbc51e4b9bd5c93b8fa340b59fdb594ca0845645?s=96&d=mm&r=g","contentUrl":"https:\/\/secure.gravatar.com\/avatar\/1db852625ef4948f58d2739bfbc51e4b9bd5c93b8fa340b59fdb594ca0845645?s=96&d=mm&r=g","caption":"Super User"},"url":"https:\/\/ppdegalicia.com\/es\/author\/ppdegaliciagestion\/"}]}},"_links":{"self":[{"href":"https:\/\/ppdegalicia.com\/es\/wp-json\/wp\/v2\/posts\/52829","targetHints":{"allow":["GET"]}}],"collection":[{"href":"https:\/\/ppdegalicia.com\/es\/wp-json\/wp\/v2\/posts"}],"about":[{"href":"https:\/\/ppdegalicia.com\/es\/wp-json\/wp\/v2\/types\/post"}],"author":[{"embeddable":true,"href":"https:\/\/ppdegalicia.com\/es\/wp-json\/wp\/v2\/users\/37"}],"replies":[{"embeddable":true,"href":"https:\/\/ppdegalicia.com\/es\/wp-json\/wp\/v2\/comments?post=52829"}],"version-history":[{"count":0,"href":"https:\/\/ppdegalicia.com\/es\/wp-json\/wp\/v2\/posts\/52829\/revisions"}],"wp:attachment":[{"href":"https:\/\/ppdegalicia.com\/es\/wp-json\/wp\/v2\/media?parent=52829"}],"wp:term":[{"taxonomy":"category","embeddable":true,"href":"https:\/\/ppdegalicia.com\/es\/wp-json\/wp\/v2\/categories?post=52829"},{"taxonomy":"post_tag","embeddable":true,"href":"https:\/\/ppdegalicia.com\/es\/wp-json\/wp\/v2\/tags?post=52829"}],"curies":[{"name":"wp","href":"https:\/\/api.w.org\/{rel}","templated":true}]}}