{"id":52850,"date":"2018-06-27T15:22:53","date_gmt":"2018-06-27T13:22:53","guid":{"rendered":"https:\/\/ppdegalicia.com\/o-ppdeg-afirma-que-sanidade-dotara-ao-centro-de-saude-de-navia-dunha-nova-praza-de-pediatra-e-enfermeria-para-asumir-os-nenos-atendidos-en-coruxo\/"},"modified":"2018-06-27T15:22:53","modified_gmt":"2018-06-27T13:22:53","slug":"o-ppdeg-afirma-que-sanidade-dotara-ao-centro-de-saude-de-navia-dunha-nova-praza-de-pediatra-e-enfermeria-para-asumir-os-nenos-atendidos-en-coruxo","status":"publish","type":"post","link":"https:\/\/ppdegalicia.com\/es\/o-ppdeg-afirma-que-sanidade-dotara-ao-centro-de-saude-de-navia-dunha-nova-praza-de-pediatra-e-enfermeria-para-asumir-os-nenos-atendidos-en-coruxo\/","title":{"rendered":"O PPdeG afirma que Sanidade dotar\u00e1 ao centro de sa\u00fade de Navia dunha nova praza de pediatra e enfermer\u00eda para asumir os nenos atendidos en Coruxo"},"content":{"rendered":"<p style=\"text-align: justify;\"><span style=\"text-decoration: underline;\">Santiago, 27 de xu\u00f1o de 2018.-<\/span> A deputada do Grupo Popular Encarna Amigo afirmou hoxe no Parlamento que a Conseller\u00eda de Sanidade ten previsto dotar ao centro de sa\u00fade de Navia cunha nova praza de pediatra e enfermer\u00eda para asumir aos nenos que actualmente son atendidos no centro de sa\u00fade de Coruxo.<\/p>\n<p><!--more--><\/p>\n<p style=\"text-align: justify;\">Encarna Amigo lembrou que Coruxo \u201cdista apenas tres quil\u00f3metros do centro de sa\u00fade de Navia, polo que non afectar\u00eda practicamente en nada aos seus usuarios e, ademais, gozar\u00edan de vantaxes como liberdade de elecci\u00f3n entre os catro pediatras que ter\u00e1 o centro de sa\u00fade de Navia; a ampliaci\u00f3n da franxa horaria ao horario de ma\u00f1\u00e1 e tarde; a posibilidade de facer unha atenci\u00f3n en equipo nos casos complexos; e unha garant\u00eda de continuidade na atenci\u00f3n pedi\u00e1trica todos os d\u00edas do ano\u201d.<\/p>\n<p>&nbsp;<\/p>\n<p style=\"text-align: justify;\">As\u00ed mesmo, a deputada popular negou que o centro de sa\u00fade de Navia \u201cestea masificado, porque existe espazo e consultas libres, incluso na \u00e1rea de pediatr\u00eda\u201d.<\/p>\n<p>&nbsp;<\/p>\n<p style=\"text-align: justify;\">Amigo criticou \u201ca demagoxia que utiliza a oposici\u00f3n cun problema tan serio como \u00e9 a sanidade\u201d, polo que considerou \u201cimportante facer pedagox\u00eda, con campa\u00f1as informativas \u00e1 poboaci\u00f3n e non campa\u00f1as de desinfirmaci\u00f3n e alarmando \u00e1 poboaci\u00f3n\u201d.<\/p>\n","protected":false},"excerpt":{"rendered":"<p>Santiago, 27 de xu\u00f1o de 2018.- A deputada do Grupo Popular Encarna Amigo afirmou hoxe no Parlamento que a Conseller\u00eda de Sanidade ten previsto dotar ao centro de sa\u00fade de Navia cunha nova praza de pediatra e enfermer\u00eda para asumir aos nenos que actualmente son atendidos no centro de sa\u00fade de Coruxo.<\/p>\n","protected":false},"author":37,"featured_media":0,"comment_status":"open","ping_status":"open","sticky":false,"template":"","format":"standard","meta":{"_acf_changed":false,"footnotes":""},"categories":[1],"tags":[],"class_list":["post-52850","post","type-post","status-publish","format-standard","hentry","category-pp-de-galicia"],"acf":[],"yoast_head":"<!-- This site is optimized with the Yoast SEO plugin v27.3 - https:\/\/yoast.com\/product\/yoast-seo-wordpress\/ -->\n<title>O PPdeG afirma que Sanidade dotar\u00e1 ao centro de sa\u00fade de Navia dunha nova praza de pediatra e enfermer\u00eda para asumir os nenos atendidos en Coruxo - PP de Galicia<\/title>\n<meta name=\"robots\" content=\"index, follow, max-snippet:-1, max-image-preview:large, max-video-preview:-1\" \/>\n<link rel=\"canonical\" href=\"https:\/\/ppdegalicia.com\/es\/o-ppdeg-afirma-que-sanidade-dotara-ao-centro-de-saude-de-navia-dunha-nova-praza-de-pediatra-e-enfermeria-para-asumir-os-nenos-atendidos-en-coruxo\/\" \/>\n<meta property=\"og:locale\" content=\"es_ES\" \/>\n<meta property=\"og:type\" content=\"article\" \/>\n<meta property=\"og:title\" content=\"O PPdeG afirma que Sanidade dotar\u00e1 ao centro de sa\u00fade de Navia dunha nova praza de pediatra e enfermer\u00eda para asumir os nenos atendidos en Coruxo - PP de Galicia\" \/>\n<meta property=\"og:description\" content=\"Santiago, 27 de xu\u00f1o de 2018.- A deputada do Grupo Popular Encarna Amigo afirmou hoxe no Parlamento que a Conseller\u00eda de Sanidade ten previsto dotar ao centro de sa\u00fade de Navia cunha nova praza de pediatra e enfermer\u00eda para asumir aos nenos que actualmente son atendidos no centro de sa\u00fade de Coruxo.\" \/>\n<meta property=\"og:url\" content=\"https:\/\/ppdegalicia.com\/es\/o-ppdeg-afirma-que-sanidade-dotara-ao-centro-de-saude-de-navia-dunha-nova-praza-de-pediatra-e-enfermeria-para-asumir-os-nenos-atendidos-en-coruxo\/\" \/>\n<meta property=\"og:site_name\" content=\"PP de Galicia\" \/>\n<meta property=\"article:publisher\" content=\"https:\/\/www.instagram.com\/ppdegalicia\/\" \/>\n<meta property=\"article:published_time\" content=\"2018-06-27T13:22:53+00:00\" \/>\n<meta name=\"author\" content=\"Super User\" \/>\n<meta name=\"twitter:card\" content=\"summary_large_image\" \/>\n<meta name=\"twitter:creator\" content=\"@ppdegalicia\" \/>\n<meta name=\"twitter:site\" content=\"@ppdegalicia\" \/>\n<meta name=\"twitter:label1\" content=\"Escrito por\" \/>\n\t<meta name=\"twitter:data1\" content=\"Super User\" \/>\n\t<meta name=\"twitter:label2\" content=\"Tiempo de lectura\" \/>\n\t<meta name=\"twitter:data2\" content=\"1 minuto\" \/>\n<script type=\"application\/ld+json\" class=\"yoast-schema-graph\">{\"@context\":\"https:\\\/\\\/schema.org\",\"@graph\":[{\"@type\":\"Article\",\"@id\":\"https:\\\/\\\/ppdegalicia.com\\\/es\\\/o-ppdeg-afirma-que-sanidade-dotara-ao-centro-de-saude-de-navia-dunha-nova-praza-de-pediatra-e-enfermeria-para-asumir-os-nenos-atendidos-en-coruxo\\\/#article\",\"isPartOf\":{\"@id\":\"https:\\\/\\\/ppdegalicia.com\\\/es\\\/o-ppdeg-afirma-que-sanidade-dotara-ao-centro-de-saude-de-navia-dunha-nova-praza-de-pediatra-e-enfermeria-para-asumir-os-nenos-atendidos-en-coruxo\\\/\"},\"author\":{\"name\":\"Super User\",\"@id\":\"https:\\\/\\\/ppdegalicia.com\\\/es\\\/#\\\/schema\\\/person\\\/d0f013b8388c980665d44009ab762960\"},\"headline\":\"O PPdeG afirma que Sanidade dotar\u00e1 ao centro de sa\u00fade de Navia dunha nova praza de pediatra e enfermer\u00eda para asumir os nenos atendidos en Coruxo\",\"datePublished\":\"2018-06-27T13:22:53+00:00\",\"mainEntityOfPage\":{\"@id\":\"https:\\\/\\\/ppdegalicia.com\\\/es\\\/o-ppdeg-afirma-que-sanidade-dotara-ao-centro-de-saude-de-navia-dunha-nova-praza-de-pediatra-e-enfermeria-para-asumir-os-nenos-atendidos-en-coruxo\\\/\"},\"wordCount\":247,\"commentCount\":0,\"publisher\":{\"@id\":\"https:\\\/\\\/ppdegalicia.com\\\/es\\\/#organization\"},\"articleSection\":[\"PP de Galicia\"],\"inLanguage\":\"es\",\"potentialAction\":[{\"@type\":\"CommentAction\",\"name\":\"Comment\",\"target\":[\"https:\\\/\\\/ppdegalicia.com\\\/es\\\/o-ppdeg-afirma-que-sanidade-dotara-ao-centro-de-saude-de-navia-dunha-nova-praza-de-pediatra-e-enfermeria-para-asumir-os-nenos-atendidos-en-coruxo\\\/#respond\"]}]},{\"@type\":\"WebPage\",\"@id\":\"https:\\\/\\\/ppdegalicia.com\\\/es\\\/o-ppdeg-afirma-que-sanidade-dotara-ao-centro-de-saude-de-navia-dunha-nova-praza-de-pediatra-e-enfermeria-para-asumir-os-nenos-atendidos-en-coruxo\\\/\",\"url\":\"https:\\\/\\\/ppdegalicia.com\\\/es\\\/o-ppdeg-afirma-que-sanidade-dotara-ao-centro-de-saude-de-navia-dunha-nova-praza-de-pediatra-e-enfermeria-para-asumir-os-nenos-atendidos-en-coruxo\\\/\",\"name\":\"O PPdeG afirma que Sanidade dotar\u00e1 ao centro de sa\u00fade de Navia dunha nova praza de pediatra e enfermer\u00eda para asumir os nenos atendidos en Coruxo - PP de Galicia\",\"isPartOf\":{\"@id\":\"https:\\\/\\\/ppdegalicia.com\\\/es\\\/#website\"},\"datePublished\":\"2018-06-27T13:22:53+00:00\",\"breadcrumb\":{\"@id\":\"https:\\\/\\\/ppdegalicia.com\\\/es\\\/o-ppdeg-afirma-que-sanidade-dotara-ao-centro-de-saude-de-navia-dunha-nova-praza-de-pediatra-e-enfermeria-para-asumir-os-nenos-atendidos-en-coruxo\\\/#breadcrumb\"},\"inLanguage\":\"es\",\"potentialAction\":[{\"@type\":\"ReadAction\",\"target\":[\"https:\\\/\\\/ppdegalicia.com\\\/es\\\/o-ppdeg-afirma-que-sanidade-dotara-ao-centro-de-saude-de-navia-dunha-nova-praza-de-pediatra-e-enfermeria-para-asumir-os-nenos-atendidos-en-coruxo\\\/\"]}]},{\"@type\":\"BreadcrumbList\",\"@id\":\"https:\\\/\\\/ppdegalicia.com\\\/es\\\/o-ppdeg-afirma-que-sanidade-dotara-ao-centro-de-saude-de-navia-dunha-nova-praza-de-pediatra-e-enfermeria-para-asumir-os-nenos-atendidos-en-coruxo\\\/#breadcrumb\",\"itemListElement\":[{\"@type\":\"ListItem\",\"position\":1,\"name\":\"Portada\",\"item\":\"https:\\\/\\\/ppdegalicia.com\\\/es\\\/\"},{\"@type\":\"ListItem\",\"position\":2,\"name\":\"O PPdeG afirma que Sanidade dotar\u00e1 ao centro de sa\u00fade de Navia dunha nova praza de pediatra e enfermer\u00eda para asumir os nenos atendidos en Coruxo\"}]},{\"@type\":\"WebSite\",\"@id\":\"https:\\\/\\\/ppdegalicia.com\\\/es\\\/#website\",\"url\":\"https:\\\/\\\/ppdegalicia.com\\\/es\\\/\",\"name\":\"Partido Popular de Galicia\",\"description\":\"Partido Popular de Galicia\",\"publisher\":{\"@id\":\"https:\\\/\\\/ppdegalicia.com\\\/es\\\/#organization\"},\"alternateName\":\"PP de Galicia\",\"potentialAction\":[{\"@type\":\"SearchAction\",\"target\":{\"@type\":\"EntryPoint\",\"urlTemplate\":\"https:\\\/\\\/ppdegalicia.com\\\/es\\\/?s={search_term_string}\"},\"query-input\":{\"@type\":\"PropertyValueSpecification\",\"valueRequired\":true,\"valueName\":\"search_term_string\"}}],\"inLanguage\":\"es\"},{\"@type\":\"Organization\",\"@id\":\"https:\\\/\\\/ppdegalicia.com\\\/es\\\/#organization\",\"name\":\"Partido Popular de Galicia\",\"alternateName\":\"PP de Galicia\",\"url\":\"https:\\\/\\\/ppdegalicia.com\\\/es\\\/\",\"logo\":{\"@type\":\"ImageObject\",\"inLanguage\":\"es\",\"@id\":\"https:\\\/\\\/ppdegalicia.com\\\/es\\\/#\\\/schema\\\/logo\\\/image\\\/\",\"url\":\"https:\\\/\\\/ppdegalicia.com\\\/wp-content\\\/uploads\\\/2023\\\/04\\\/logoPP512.png\",\"contentUrl\":\"https:\\\/\\\/ppdegalicia.com\\\/wp-content\\\/uploads\\\/2023\\\/04\\\/logoPP512.png\",\"width\":512,\"height\":512,\"caption\":\"Partido Popular de Galicia\"},\"image\":{\"@id\":\"https:\\\/\\\/ppdegalicia.com\\\/es\\\/#\\\/schema\\\/logo\\\/image\\\/\"},\"sameAs\":[\"https:\\\/\\\/www.instagram.com\\\/ppdegalicia\\\/\",\"https:\\\/\\\/x.com\\\/ppdegalicia\",\"https:\\\/\\\/www.tiktok.com\\\/@ppdegalicia\",\"https:\\\/\\\/www.youtube.com\\\/user\\\/ppdegalicia\"]},{\"@type\":\"Person\",\"@id\":\"https:\\\/\\\/ppdegalicia.com\\\/es\\\/#\\\/schema\\\/person\\\/d0f013b8388c980665d44009ab762960\",\"name\":\"Super User\",\"image\":{\"@type\":\"ImageObject\",\"inLanguage\":\"es\",\"@id\":\"https:\\\/\\\/secure.gravatar.com\\\/avatar\\\/1db852625ef4948f58d2739bfbc51e4b9bd5c93b8fa340b59fdb594ca0845645?s=96&d=mm&r=g\",\"url\":\"https:\\\/\\\/secure.gravatar.com\\\/avatar\\\/1db852625ef4948f58d2739bfbc51e4b9bd5c93b8fa340b59fdb594ca0845645?s=96&d=mm&r=g\",\"contentUrl\":\"https:\\\/\\\/secure.gravatar.com\\\/avatar\\\/1db852625ef4948f58d2739bfbc51e4b9bd5c93b8fa340b59fdb594ca0845645?s=96&d=mm&r=g\",\"caption\":\"Super User\"},\"url\":\"https:\\\/\\\/ppdegalicia.com\\\/es\\\/author\\\/ppdegaliciagestion\\\/\"}]}<\/script>\n<!-- \/ Yoast SEO plugin. -->","yoast_head_json":{"title":"O PPdeG afirma que Sanidade dotar\u00e1 ao centro de sa\u00fade de Navia dunha nova praza de pediatra e enfermer\u00eda para asumir os nenos atendidos en Coruxo - PP de Galicia","robots":{"index":"index","follow":"follow","max-snippet":"max-snippet:-1","max-image-preview":"max-image-preview:large","max-video-preview":"max-video-preview:-1"},"canonical":"https:\/\/ppdegalicia.com\/es\/o-ppdeg-afirma-que-sanidade-dotara-ao-centro-de-saude-de-navia-dunha-nova-praza-de-pediatra-e-enfermeria-para-asumir-os-nenos-atendidos-en-coruxo\/","og_locale":"es_ES","og_type":"article","og_title":"O PPdeG afirma que Sanidade dotar\u00e1 ao centro de sa\u00fade de Navia dunha nova praza de pediatra e enfermer\u00eda para asumir os nenos atendidos en Coruxo - PP de Galicia","og_description":"Santiago, 27 de xu\u00f1o de 2018.- A deputada do Grupo Popular Encarna Amigo afirmou hoxe no Parlamento que a Conseller\u00eda de Sanidade ten previsto dotar ao centro de sa\u00fade de Navia cunha nova praza de pediatra e enfermer\u00eda para asumir aos nenos que actualmente son atendidos no centro de sa\u00fade de Coruxo.","og_url":"https:\/\/ppdegalicia.com\/es\/o-ppdeg-afirma-que-sanidade-dotara-ao-centro-de-saude-de-navia-dunha-nova-praza-de-pediatra-e-enfermeria-para-asumir-os-nenos-atendidos-en-coruxo\/","og_site_name":"PP de Galicia","article_publisher":"https:\/\/www.instagram.com\/ppdegalicia\/","article_published_time":"2018-06-27T13:22:53+00:00","author":"Super User","twitter_card":"summary_large_image","twitter_creator":"@ppdegalicia","twitter_site":"@ppdegalicia","twitter_misc":{"Escrito por":"Super User","Tiempo de lectura":"1 minuto"},"schema":{"@context":"https:\/\/schema.org","@graph":[{"@type":"Article","@id":"https:\/\/ppdegalicia.com\/es\/o-ppdeg-afirma-que-sanidade-dotara-ao-centro-de-saude-de-navia-dunha-nova-praza-de-pediatra-e-enfermeria-para-asumir-os-nenos-atendidos-en-coruxo\/#article","isPartOf":{"@id":"https:\/\/ppdegalicia.com\/es\/o-ppdeg-afirma-que-sanidade-dotara-ao-centro-de-saude-de-navia-dunha-nova-praza-de-pediatra-e-enfermeria-para-asumir-os-nenos-atendidos-en-coruxo\/"},"author":{"name":"Super User","@id":"https:\/\/ppdegalicia.com\/es\/#\/schema\/person\/d0f013b8388c980665d44009ab762960"},"headline":"O PPdeG afirma que Sanidade dotar\u00e1 ao centro de sa\u00fade de Navia dunha nova praza de pediatra e enfermer\u00eda para asumir os nenos atendidos en Coruxo","datePublished":"2018-06-27T13:22:53+00:00","mainEntityOfPage":{"@id":"https:\/\/ppdegalicia.com\/es\/o-ppdeg-afirma-que-sanidade-dotara-ao-centro-de-saude-de-navia-dunha-nova-praza-de-pediatra-e-enfermeria-para-asumir-os-nenos-atendidos-en-coruxo\/"},"wordCount":247,"commentCount":0,"publisher":{"@id":"https:\/\/ppdegalicia.com\/es\/#organization"},"articleSection":["PP de Galicia"],"inLanguage":"es","potentialAction":[{"@type":"CommentAction","name":"Comment","target":["https:\/\/ppdegalicia.com\/es\/o-ppdeg-afirma-que-sanidade-dotara-ao-centro-de-saude-de-navia-dunha-nova-praza-de-pediatra-e-enfermeria-para-asumir-os-nenos-atendidos-en-coruxo\/#respond"]}]},{"@type":"WebPage","@id":"https:\/\/ppdegalicia.com\/es\/o-ppdeg-afirma-que-sanidade-dotara-ao-centro-de-saude-de-navia-dunha-nova-praza-de-pediatra-e-enfermeria-para-asumir-os-nenos-atendidos-en-coruxo\/","url":"https:\/\/ppdegalicia.com\/es\/o-ppdeg-afirma-que-sanidade-dotara-ao-centro-de-saude-de-navia-dunha-nova-praza-de-pediatra-e-enfermeria-para-asumir-os-nenos-atendidos-en-coruxo\/","name":"O PPdeG afirma que Sanidade dotar\u00e1 ao centro de sa\u00fade de Navia dunha nova praza de pediatra e enfermer\u00eda para asumir os nenos atendidos en Coruxo - PP de Galicia","isPartOf":{"@id":"https:\/\/ppdegalicia.com\/es\/#website"},"datePublished":"2018-06-27T13:22:53+00:00","breadcrumb":{"@id":"https:\/\/ppdegalicia.com\/es\/o-ppdeg-afirma-que-sanidade-dotara-ao-centro-de-saude-de-navia-dunha-nova-praza-de-pediatra-e-enfermeria-para-asumir-os-nenos-atendidos-en-coruxo\/#breadcrumb"},"inLanguage":"es","potentialAction":[{"@type":"ReadAction","target":["https:\/\/ppdegalicia.com\/es\/o-ppdeg-afirma-que-sanidade-dotara-ao-centro-de-saude-de-navia-dunha-nova-praza-de-pediatra-e-enfermeria-para-asumir-os-nenos-atendidos-en-coruxo\/"]}]},{"@type":"BreadcrumbList","@id":"https:\/\/ppdegalicia.com\/es\/o-ppdeg-afirma-que-sanidade-dotara-ao-centro-de-saude-de-navia-dunha-nova-praza-de-pediatra-e-enfermeria-para-asumir-os-nenos-atendidos-en-coruxo\/#breadcrumb","itemListElement":[{"@type":"ListItem","position":1,"name":"Portada","item":"https:\/\/ppdegalicia.com\/es\/"},{"@type":"ListItem","position":2,"name":"O PPdeG afirma que Sanidade dotar\u00e1 ao centro de sa\u00fade de Navia dunha nova praza de pediatra e enfermer\u00eda para asumir os nenos atendidos en Coruxo"}]},{"@type":"WebSite","@id":"https:\/\/ppdegalicia.com\/es\/#website","url":"https:\/\/ppdegalicia.com\/es\/","name":"Partido Popular de Galicia","description":"Partido Popular de Galicia","publisher":{"@id":"https:\/\/ppdegalicia.com\/es\/#organization"},"alternateName":"PP de Galicia","potentialAction":[{"@type":"SearchAction","target":{"@type":"EntryPoint","urlTemplate":"https:\/\/ppdegalicia.com\/es\/?s={search_term_string}"},"query-input":{"@type":"PropertyValueSpecification","valueRequired":true,"valueName":"search_term_string"}}],"inLanguage":"es"},{"@type":"Organization","@id":"https:\/\/ppdegalicia.com\/es\/#organization","name":"Partido Popular de Galicia","alternateName":"PP de Galicia","url":"https:\/\/ppdegalicia.com\/es\/","logo":{"@type":"ImageObject","inLanguage":"es","@id":"https:\/\/ppdegalicia.com\/es\/#\/schema\/logo\/image\/","url":"https:\/\/ppdegalicia.com\/wp-content\/uploads\/2023\/04\/logoPP512.png","contentUrl":"https:\/\/ppdegalicia.com\/wp-content\/uploads\/2023\/04\/logoPP512.png","width":512,"height":512,"caption":"Partido Popular de Galicia"},"image":{"@id":"https:\/\/ppdegalicia.com\/es\/#\/schema\/logo\/image\/"},"sameAs":["https:\/\/www.instagram.com\/ppdegalicia\/","https:\/\/x.com\/ppdegalicia","https:\/\/www.tiktok.com\/@ppdegalicia","https:\/\/www.youtube.com\/user\/ppdegalicia"]},{"@type":"Person","@id":"https:\/\/ppdegalicia.com\/es\/#\/schema\/person\/d0f013b8388c980665d44009ab762960","name":"Super User","image":{"@type":"ImageObject","inLanguage":"es","@id":"https:\/\/secure.gravatar.com\/avatar\/1db852625ef4948f58d2739bfbc51e4b9bd5c93b8fa340b59fdb594ca0845645?s=96&d=mm&r=g","url":"https:\/\/secure.gravatar.com\/avatar\/1db852625ef4948f58d2739bfbc51e4b9bd5c93b8fa340b59fdb594ca0845645?s=96&d=mm&r=g","contentUrl":"https:\/\/secure.gravatar.com\/avatar\/1db852625ef4948f58d2739bfbc51e4b9bd5c93b8fa340b59fdb594ca0845645?s=96&d=mm&r=g","caption":"Super User"},"url":"https:\/\/ppdegalicia.com\/es\/author\/ppdegaliciagestion\/"}]}},"_links":{"self":[{"href":"https:\/\/ppdegalicia.com\/es\/wp-json\/wp\/v2\/posts\/52850","targetHints":{"allow":["GET"]}}],"collection":[{"href":"https:\/\/ppdegalicia.com\/es\/wp-json\/wp\/v2\/posts"}],"about":[{"href":"https:\/\/ppdegalicia.com\/es\/wp-json\/wp\/v2\/types\/post"}],"author":[{"embeddable":true,"href":"https:\/\/ppdegalicia.com\/es\/wp-json\/wp\/v2\/users\/37"}],"replies":[{"embeddable":true,"href":"https:\/\/ppdegalicia.com\/es\/wp-json\/wp\/v2\/comments?post=52850"}],"version-history":[{"count":0,"href":"https:\/\/ppdegalicia.com\/es\/wp-json\/wp\/v2\/posts\/52850\/revisions"}],"wp:attachment":[{"href":"https:\/\/ppdegalicia.com\/es\/wp-json\/wp\/v2\/media?parent=52850"}],"wp:term":[{"taxonomy":"category","embeddable":true,"href":"https:\/\/ppdegalicia.com\/es\/wp-json\/wp\/v2\/categories?post=52850"},{"taxonomy":"post_tag","embeddable":true,"href":"https:\/\/ppdegalicia.com\/es\/wp-json\/wp\/v2\/tags?post=52850"}],"curies":[{"name":"wp","href":"https:\/\/api.w.org\/{rel}","templated":true}]}}