{"id":52852,"date":"2018-06-27T17:10:32","date_gmt":"2018-06-27T15:10:32","guid":{"rendered":"https:\/\/ppdegalicia.com\/o-ppdeg-demanda-ao-estado-que-realice-as-accions-legais-recomendadas-pola-comision-de-expertos-para-reintegrar-o-pazo-de-meiras-ao-dominio-publico\/"},"modified":"2018-06-27T17:10:32","modified_gmt":"2018-06-27T15:10:32","slug":"o-ppdeg-demanda-ao-estado-que-realice-as-accions-legais-recomendadas-pola-comision-de-expertos-para-reintegrar-o-pazo-de-meiras-ao-dominio-publico","status":"publish","type":"post","link":"https:\/\/ppdegalicia.com\/es\/o-ppdeg-demanda-ao-estado-que-realice-as-accions-legais-recomendadas-pola-comision-de-expertos-para-reintegrar-o-pazo-de-meiras-ao-dominio-publico\/","title":{"rendered":"O PPdeG demanda ao Estado que realice as acci\u00f3ns legais recomendadas pola Comisi\u00f3n de Expertos para reintegrar o Pazo de Meir\u00e1s ao dominio p\u00fablico"},"content":{"rendered":"<p style=\"text-align: justify;\"><span style=\"text-decoration: underline;\">Santiago, 27 de xu\u00f1o de 2018.-<\/span> O Grupo Popular v\u00e9n de rexistrar esta tarde unha proposici\u00f3n non de lei, co obxectivo de que sexa debatida no vindeiro Pleno do Parlamento, a trav\u00e9s da que insta \u00e1 Xunta a remitir urxentemente \u00e1 Administraci\u00f3n Xeral do Estado o informe elaborado pola Comisi\u00f3n de Expertos sobre as posibilidades de incorporar ao patrimonio p\u00fablico o Pazo de Meir\u00e1s, de xeito que se realicen as acci\u00f3ns legais que este documento recomenda para recuperar este ben para o dominio p\u00fablico.<\/p>\n<p><!--more--><\/p>\n<p style=\"text-align: justify;\">Esta proposici\u00f3n non de lei, asinada polos 41 deputados do Grupo Popular, recolle que a Comisi\u00f3n de Expertos concl\u00fae no seu informe, por unanimidade dos seus integrantes, \u201cque \u00e9 posible defender en Dereito a adquisici\u00f3n por usucapi\u00f3n da condici\u00f3n de ben de dominio p\u00fablico das <em>Torres de Meir\u00e1s<\/em> e a aplicaci\u00f3n a este inmoble do r\u00e9xime xur\u00eddico propio dos bens desta natureza, o que, pola s\u00faa vez, determina que, en uso da s\u00faa lexitimaci\u00f3n activa e logo da investigaci\u00f3n patrimonial para o efecto e valoraci\u00f3n dos datos e documentaci\u00f3n mencionados neste informe, a Administraci\u00f3n Xeral do Estado poida, no seu caso, exercitar a acci\u00f3n dirixida a reivindicar o ben como demanial e a obter a restituci\u00f3n da s\u00faa posesi\u00f3n\u201d.<\/p>\n<p>&nbsp;<\/p>\n<p style=\"text-align: justify;\">Neste sentido, lembra que o Parlamento galego aprobou no pleno do pasado 26 de setembro de 2017 unha proposici\u00f3n non de lei, impulsada polo Grupo Popular, a trav\u00e9s da que se instaba \u00e1 Xunta \u201ca realizar un estudo xur\u00eddico, en colaboraci\u00f3n coas Universidades galegas, para analizar a posibilidade e mecanismos que, respectando a legalidade vixente, permitisen incorporar ao Patrimonio P\u00fablico a propiedade das <em>Torres de Meir\u00e1s<\/em>, tam\u00e9n co\u00f1ecidas como Pazo de Meir\u00e1s, actualmente en mans dos herdeiros legais de Francisco Franco, xefe do Estado Espa\u00f1ol durante os 40 anos da Ditadura, e sen que a dita incorporaci\u00f3n ao Patrimonio P\u00fablico implique un novo custo para o pobo de Galicia, que xa o asumiu no ano 1938\u201d.<\/p>\n<p>&nbsp;<\/p>\n<p style=\"text-align: justify;\"><strong><span style=\"text-decoration: underline;\">GRUPO AMPLO, PLURAL E CUALIFICADO<\/span><\/strong><\/p>\n<p style=\"text-align: justify;\">A Xunta de Galicia, en cumprimento deste mandato parlamentario, constitu\u00edu \u201cun grupo amplo, plural e cualificado en materias xur\u00eddicas e hist\u00f3ricas\u201d, presidido polo catedr\u00e1tico de Historia Contempor\u00e1nea da Universidade de Santiago, Xos\u00e9 Manoel N\u00fa\u00f1ez Seixas e con representantes das tres universidades galegas; os colexios oficiais de rexistradores da propiedade e de notarios; a Asesor\u00eda Xur\u00eddica Xeral e a Direcci\u00f3n Xeral do Patrimonio Cultural da Xunta de Galicia; a Deputaci\u00f3n de A Coru\u00f1a e o Concello de Sada.<\/p>\n<p>&nbsp;<\/p>\n<p style=\"text-align: justify;\">O Grupo Popular xustificaba aquela proposici\u00f3n non de lei que solicitaba a constituci\u00f3n deste Comit\u00e9 de Expertos para a elaboraci\u00f3n dun estudo para reincorporar o Pazo de Meir\u00e1s ao dominio p\u00fablico en tres motivos principais. En primeiro lugar, nos traballos de investigaci\u00f3n hist\u00f3rica que demostraron documentalmente ao longo do tempo que a versi\u00f3n dada pola autoridades franquistas durante a guerra civil e os posteriores 40 anos a falsidade da versi\u00f3n de que o Pazo de Meir\u00e1s fora unha \u201cofrenda-doaz\u00f3n\u201d realizada voluntariamente polos galegos a quen en 1938 xa se proclamara Xefe do Estado \u00e1 marxe da legalidade vixente.<\/p>\n<p>&nbsp;<\/p>\n<p style=\"text-align: justify;\"><strong><span style=\"text-decoration: underline;\">PREOCUPACI\u00d3N SOCIAL E OFENSA \u00c1S V\u00cdTIMAS<\/span><\/strong><\/p>\n<p style=\"text-align: justify;\">En segundo lugar, pola preocupaci\u00f3n social que provocou nos \u00faltimos tempos o uso que os herdeiros do ditador lle ve\u00f1en dando ao Pazo de Meir\u00e1s (mesmo infrinxindo as obrigas legais que lle corresponde a un inmoble declarado ben de interese cultural), os anuncios do que pretend\u00edan facer con esta propiedade no futuro (como espazo para \u201cmostrar ao gran p\u00fablico a grandeza da figura de Francisco Franco\u201d), ou, incluso, a s\u00faa posible venda.<\/p>\n<p>&nbsp;<\/p>\n<p style=\"text-align: justify;\">E, en terceiro lugar, porque os feitos historicamente comprobados e as declaraci\u00f3ns dos actuais posuidores do Pazo e de membros destacados da Fundaci\u00f3n Francisco Franco constit\u00faen unha innecesaria ofensa \u00e1s v\u00edtimas da ditadura, aos seus familiares, e ao conxunto da sociedade galega. \u201cUnha sociedade que de xeito moi maioritario considera que o vixente per\u00edodo democr\u00e1tico constit\u00fae unha feliz e pactada superaci\u00f3n dunha etapa da nosa historia que nunca m\u00e1is se deber\u00eda repetir: a guerra civil e a subseguinte longa e opresiva ditadura\u201d, salienta a proposici\u00f3n non de lei.<\/p>\n","protected":false},"excerpt":{"rendered":"<p>Santiago, 27 de xu\u00f1o de 2018.- O Grupo Popular v\u00e9n de rexistrar esta tarde unha proposici\u00f3n non de lei, co obxectivo de que sexa debatida no vindeiro Pleno do Parlamento, a trav\u00e9s da que insta \u00e1 Xunta a remitir urxentemente \u00e1 Administraci\u00f3n Xeral do Estado o informe elaborado pola Comisi\u00f3n de Expertos sobre as posibilidades [&hellip;]<\/p>\n","protected":false},"author":37,"featured_media":0,"comment_status":"open","ping_status":"open","sticky":false,"template":"","format":"standard","meta":{"_acf_changed":false,"footnotes":""},"categories":[1],"tags":[],"class_list":["post-52852","post","type-post","status-publish","format-standard","hentry","category-pp-de-galicia"],"acf":[],"yoast_head":"<!-- This site is optimized with the Yoast SEO plugin v27.3 - https:\/\/yoast.com\/product\/yoast-seo-wordpress\/ -->\n<title>O PPdeG demanda ao Estado que realice as acci\u00f3ns legais recomendadas pola Comisi\u00f3n de Expertos para reintegrar o Pazo de Meir\u00e1s ao dominio p\u00fablico - PP de Galicia<\/title>\n<meta name=\"robots\" content=\"index, follow, max-snippet:-1, max-image-preview:large, max-video-preview:-1\" \/>\n<link rel=\"canonical\" href=\"https:\/\/ppdegalicia.com\/es\/o-ppdeg-demanda-ao-estado-que-realice-as-accions-legais-recomendadas-pola-comision-de-expertos-para-reintegrar-o-pazo-de-meiras-ao-dominio-publico\/\" \/>\n<meta property=\"og:locale\" content=\"es_ES\" \/>\n<meta property=\"og:type\" content=\"article\" \/>\n<meta property=\"og:title\" content=\"O PPdeG demanda ao Estado que realice as acci\u00f3ns legais recomendadas pola Comisi\u00f3n de Expertos para reintegrar o Pazo de Meir\u00e1s ao dominio p\u00fablico - PP de Galicia\" \/>\n<meta property=\"og:description\" content=\"Santiago, 27 de xu\u00f1o de 2018.- O Grupo Popular v\u00e9n de rexistrar esta tarde unha proposici\u00f3n non de lei, co obxectivo de que sexa debatida no vindeiro Pleno do Parlamento, a trav\u00e9s da que insta \u00e1 Xunta a remitir urxentemente \u00e1 Administraci\u00f3n Xeral do Estado o informe elaborado pola Comisi\u00f3n de Expertos sobre as posibilidades [&hellip;]\" \/>\n<meta property=\"og:url\" content=\"https:\/\/ppdegalicia.com\/es\/o-ppdeg-demanda-ao-estado-que-realice-as-accions-legais-recomendadas-pola-comision-de-expertos-para-reintegrar-o-pazo-de-meiras-ao-dominio-publico\/\" \/>\n<meta property=\"og:site_name\" content=\"PP de Galicia\" \/>\n<meta property=\"article:publisher\" content=\"https:\/\/www.instagram.com\/ppdegalicia\/\" \/>\n<meta property=\"article:published_time\" content=\"2018-06-27T15:10:32+00:00\" \/>\n<meta name=\"author\" content=\"Super User\" \/>\n<meta name=\"twitter:card\" content=\"summary_large_image\" \/>\n<meta name=\"twitter:creator\" content=\"@ppdegalicia\" \/>\n<meta name=\"twitter:site\" content=\"@ppdegalicia\" \/>\n<meta name=\"twitter:label1\" content=\"Escrito por\" \/>\n\t<meta name=\"twitter:data1\" content=\"Super User\" \/>\n\t<meta name=\"twitter:label2\" content=\"Tiempo de lectura\" \/>\n\t<meta name=\"twitter:data2\" content=\"4 minutos\" \/>\n<script type=\"application\/ld+json\" class=\"yoast-schema-graph\">{\"@context\":\"https:\\\/\\\/schema.org\",\"@graph\":[{\"@type\":\"Article\",\"@id\":\"https:\\\/\\\/ppdegalicia.com\\\/es\\\/o-ppdeg-demanda-ao-estado-que-realice-as-accions-legais-recomendadas-pola-comision-de-expertos-para-reintegrar-o-pazo-de-meiras-ao-dominio-publico\\\/#article\",\"isPartOf\":{\"@id\":\"https:\\\/\\\/ppdegalicia.com\\\/es\\\/o-ppdeg-demanda-ao-estado-que-realice-as-accions-legais-recomendadas-pola-comision-de-expertos-para-reintegrar-o-pazo-de-meiras-ao-dominio-publico\\\/\"},\"author\":{\"name\":\"Super User\",\"@id\":\"https:\\\/\\\/ppdegalicia.com\\\/es\\\/#\\\/schema\\\/person\\\/d0f013b8388c980665d44009ab762960\"},\"headline\":\"O PPdeG demanda ao Estado que realice as acci\u00f3ns legais recomendadas pola Comisi\u00f3n de Expertos para reintegrar o Pazo de Meir\u00e1s ao dominio p\u00fablico\",\"datePublished\":\"2018-06-27T15:10:32+00:00\",\"mainEntityOfPage\":{\"@id\":\"https:\\\/\\\/ppdegalicia.com\\\/es\\\/o-ppdeg-demanda-ao-estado-que-realice-as-accions-legais-recomendadas-pola-comision-de-expertos-para-reintegrar-o-pazo-de-meiras-ao-dominio-publico\\\/\"},\"wordCount\":770,\"commentCount\":0,\"publisher\":{\"@id\":\"https:\\\/\\\/ppdegalicia.com\\\/es\\\/#organization\"},\"articleSection\":[\"PP de Galicia\"],\"inLanguage\":\"es\",\"potentialAction\":[{\"@type\":\"CommentAction\",\"name\":\"Comment\",\"target\":[\"https:\\\/\\\/ppdegalicia.com\\\/es\\\/o-ppdeg-demanda-ao-estado-que-realice-as-accions-legais-recomendadas-pola-comision-de-expertos-para-reintegrar-o-pazo-de-meiras-ao-dominio-publico\\\/#respond\"]}]},{\"@type\":\"WebPage\",\"@id\":\"https:\\\/\\\/ppdegalicia.com\\\/es\\\/o-ppdeg-demanda-ao-estado-que-realice-as-accions-legais-recomendadas-pola-comision-de-expertos-para-reintegrar-o-pazo-de-meiras-ao-dominio-publico\\\/\",\"url\":\"https:\\\/\\\/ppdegalicia.com\\\/es\\\/o-ppdeg-demanda-ao-estado-que-realice-as-accions-legais-recomendadas-pola-comision-de-expertos-para-reintegrar-o-pazo-de-meiras-ao-dominio-publico\\\/\",\"name\":\"O PPdeG demanda ao Estado que realice as acci\u00f3ns legais recomendadas pola Comisi\u00f3n de Expertos para reintegrar o Pazo de Meir\u00e1s ao dominio p\u00fablico - PP de Galicia\",\"isPartOf\":{\"@id\":\"https:\\\/\\\/ppdegalicia.com\\\/es\\\/#website\"},\"datePublished\":\"2018-06-27T15:10:32+00:00\",\"breadcrumb\":{\"@id\":\"https:\\\/\\\/ppdegalicia.com\\\/es\\\/o-ppdeg-demanda-ao-estado-que-realice-as-accions-legais-recomendadas-pola-comision-de-expertos-para-reintegrar-o-pazo-de-meiras-ao-dominio-publico\\\/#breadcrumb\"},\"inLanguage\":\"es\",\"potentialAction\":[{\"@type\":\"ReadAction\",\"target\":[\"https:\\\/\\\/ppdegalicia.com\\\/es\\\/o-ppdeg-demanda-ao-estado-que-realice-as-accions-legais-recomendadas-pola-comision-de-expertos-para-reintegrar-o-pazo-de-meiras-ao-dominio-publico\\\/\"]}]},{\"@type\":\"BreadcrumbList\",\"@id\":\"https:\\\/\\\/ppdegalicia.com\\\/es\\\/o-ppdeg-demanda-ao-estado-que-realice-as-accions-legais-recomendadas-pola-comision-de-expertos-para-reintegrar-o-pazo-de-meiras-ao-dominio-publico\\\/#breadcrumb\",\"itemListElement\":[{\"@type\":\"ListItem\",\"position\":1,\"name\":\"Portada\",\"item\":\"https:\\\/\\\/ppdegalicia.com\\\/es\\\/\"},{\"@type\":\"ListItem\",\"position\":2,\"name\":\"O PPdeG demanda ao Estado que realice as acci\u00f3ns legais recomendadas pola Comisi\u00f3n de Expertos para reintegrar o Pazo de Meir\u00e1s ao dominio p\u00fablico\"}]},{\"@type\":\"WebSite\",\"@id\":\"https:\\\/\\\/ppdegalicia.com\\\/es\\\/#website\",\"url\":\"https:\\\/\\\/ppdegalicia.com\\\/es\\\/\",\"name\":\"Partido Popular de Galicia\",\"description\":\"Partido Popular de Galicia\",\"publisher\":{\"@id\":\"https:\\\/\\\/ppdegalicia.com\\\/es\\\/#organization\"},\"alternateName\":\"PP de Galicia\",\"potentialAction\":[{\"@type\":\"SearchAction\",\"target\":{\"@type\":\"EntryPoint\",\"urlTemplate\":\"https:\\\/\\\/ppdegalicia.com\\\/es\\\/?s={search_term_string}\"},\"query-input\":{\"@type\":\"PropertyValueSpecification\",\"valueRequired\":true,\"valueName\":\"search_term_string\"}}],\"inLanguage\":\"es\"},{\"@type\":\"Organization\",\"@id\":\"https:\\\/\\\/ppdegalicia.com\\\/es\\\/#organization\",\"name\":\"Partido Popular de Galicia\",\"alternateName\":\"PP de Galicia\",\"url\":\"https:\\\/\\\/ppdegalicia.com\\\/es\\\/\",\"logo\":{\"@type\":\"ImageObject\",\"inLanguage\":\"es\",\"@id\":\"https:\\\/\\\/ppdegalicia.com\\\/es\\\/#\\\/schema\\\/logo\\\/image\\\/\",\"url\":\"https:\\\/\\\/ppdegalicia.com\\\/wp-content\\\/uploads\\\/2023\\\/04\\\/logoPP512.png\",\"contentUrl\":\"https:\\\/\\\/ppdegalicia.com\\\/wp-content\\\/uploads\\\/2023\\\/04\\\/logoPP512.png\",\"width\":512,\"height\":512,\"caption\":\"Partido Popular de Galicia\"},\"image\":{\"@id\":\"https:\\\/\\\/ppdegalicia.com\\\/es\\\/#\\\/schema\\\/logo\\\/image\\\/\"},\"sameAs\":[\"https:\\\/\\\/www.instagram.com\\\/ppdegalicia\\\/\",\"https:\\\/\\\/x.com\\\/ppdegalicia\",\"https:\\\/\\\/www.tiktok.com\\\/@ppdegalicia\",\"https:\\\/\\\/www.youtube.com\\\/user\\\/ppdegalicia\"]},{\"@type\":\"Person\",\"@id\":\"https:\\\/\\\/ppdegalicia.com\\\/es\\\/#\\\/schema\\\/person\\\/d0f013b8388c980665d44009ab762960\",\"name\":\"Super User\",\"image\":{\"@type\":\"ImageObject\",\"inLanguage\":\"es\",\"@id\":\"https:\\\/\\\/secure.gravatar.com\\\/avatar\\\/1db852625ef4948f58d2739bfbc51e4b9bd5c93b8fa340b59fdb594ca0845645?s=96&d=mm&r=g\",\"url\":\"https:\\\/\\\/secure.gravatar.com\\\/avatar\\\/1db852625ef4948f58d2739bfbc51e4b9bd5c93b8fa340b59fdb594ca0845645?s=96&d=mm&r=g\",\"contentUrl\":\"https:\\\/\\\/secure.gravatar.com\\\/avatar\\\/1db852625ef4948f58d2739bfbc51e4b9bd5c93b8fa340b59fdb594ca0845645?s=96&d=mm&r=g\",\"caption\":\"Super User\"},\"url\":\"https:\\\/\\\/ppdegalicia.com\\\/es\\\/author\\\/ppdegaliciagestion\\\/\"}]}<\/script>\n<!-- \/ Yoast SEO plugin. -->","yoast_head_json":{"title":"O PPdeG demanda ao Estado que realice as acci\u00f3ns legais recomendadas pola Comisi\u00f3n de Expertos para reintegrar o Pazo de Meir\u00e1s ao dominio p\u00fablico - PP de Galicia","robots":{"index":"index","follow":"follow","max-snippet":"max-snippet:-1","max-image-preview":"max-image-preview:large","max-video-preview":"max-video-preview:-1"},"canonical":"https:\/\/ppdegalicia.com\/es\/o-ppdeg-demanda-ao-estado-que-realice-as-accions-legais-recomendadas-pola-comision-de-expertos-para-reintegrar-o-pazo-de-meiras-ao-dominio-publico\/","og_locale":"es_ES","og_type":"article","og_title":"O PPdeG demanda ao Estado que realice as acci\u00f3ns legais recomendadas pola Comisi\u00f3n de Expertos para reintegrar o Pazo de Meir\u00e1s ao dominio p\u00fablico - PP de Galicia","og_description":"Santiago, 27 de xu\u00f1o de 2018.- O Grupo Popular v\u00e9n de rexistrar esta tarde unha proposici\u00f3n non de lei, co obxectivo de que sexa debatida no vindeiro Pleno do Parlamento, a trav\u00e9s da que insta \u00e1 Xunta a remitir urxentemente \u00e1 Administraci\u00f3n Xeral do Estado o informe elaborado pola Comisi\u00f3n de Expertos sobre as posibilidades [&hellip;]","og_url":"https:\/\/ppdegalicia.com\/es\/o-ppdeg-demanda-ao-estado-que-realice-as-accions-legais-recomendadas-pola-comision-de-expertos-para-reintegrar-o-pazo-de-meiras-ao-dominio-publico\/","og_site_name":"PP de Galicia","article_publisher":"https:\/\/www.instagram.com\/ppdegalicia\/","article_published_time":"2018-06-27T15:10:32+00:00","author":"Super User","twitter_card":"summary_large_image","twitter_creator":"@ppdegalicia","twitter_site":"@ppdegalicia","twitter_misc":{"Escrito por":"Super User","Tiempo de lectura":"4 minutos"},"schema":{"@context":"https:\/\/schema.org","@graph":[{"@type":"Article","@id":"https:\/\/ppdegalicia.com\/es\/o-ppdeg-demanda-ao-estado-que-realice-as-accions-legais-recomendadas-pola-comision-de-expertos-para-reintegrar-o-pazo-de-meiras-ao-dominio-publico\/#article","isPartOf":{"@id":"https:\/\/ppdegalicia.com\/es\/o-ppdeg-demanda-ao-estado-que-realice-as-accions-legais-recomendadas-pola-comision-de-expertos-para-reintegrar-o-pazo-de-meiras-ao-dominio-publico\/"},"author":{"name":"Super User","@id":"https:\/\/ppdegalicia.com\/es\/#\/schema\/person\/d0f013b8388c980665d44009ab762960"},"headline":"O PPdeG demanda ao Estado que realice as acci\u00f3ns legais recomendadas pola Comisi\u00f3n de Expertos para reintegrar o Pazo de Meir\u00e1s ao dominio p\u00fablico","datePublished":"2018-06-27T15:10:32+00:00","mainEntityOfPage":{"@id":"https:\/\/ppdegalicia.com\/es\/o-ppdeg-demanda-ao-estado-que-realice-as-accions-legais-recomendadas-pola-comision-de-expertos-para-reintegrar-o-pazo-de-meiras-ao-dominio-publico\/"},"wordCount":770,"commentCount":0,"publisher":{"@id":"https:\/\/ppdegalicia.com\/es\/#organization"},"articleSection":["PP de Galicia"],"inLanguage":"es","potentialAction":[{"@type":"CommentAction","name":"Comment","target":["https:\/\/ppdegalicia.com\/es\/o-ppdeg-demanda-ao-estado-que-realice-as-accions-legais-recomendadas-pola-comision-de-expertos-para-reintegrar-o-pazo-de-meiras-ao-dominio-publico\/#respond"]}]},{"@type":"WebPage","@id":"https:\/\/ppdegalicia.com\/es\/o-ppdeg-demanda-ao-estado-que-realice-as-accions-legais-recomendadas-pola-comision-de-expertos-para-reintegrar-o-pazo-de-meiras-ao-dominio-publico\/","url":"https:\/\/ppdegalicia.com\/es\/o-ppdeg-demanda-ao-estado-que-realice-as-accions-legais-recomendadas-pola-comision-de-expertos-para-reintegrar-o-pazo-de-meiras-ao-dominio-publico\/","name":"O PPdeG demanda ao Estado que realice as acci\u00f3ns legais recomendadas pola Comisi\u00f3n de Expertos para reintegrar o Pazo de Meir\u00e1s ao dominio p\u00fablico - PP de Galicia","isPartOf":{"@id":"https:\/\/ppdegalicia.com\/es\/#website"},"datePublished":"2018-06-27T15:10:32+00:00","breadcrumb":{"@id":"https:\/\/ppdegalicia.com\/es\/o-ppdeg-demanda-ao-estado-que-realice-as-accions-legais-recomendadas-pola-comision-de-expertos-para-reintegrar-o-pazo-de-meiras-ao-dominio-publico\/#breadcrumb"},"inLanguage":"es","potentialAction":[{"@type":"ReadAction","target":["https:\/\/ppdegalicia.com\/es\/o-ppdeg-demanda-ao-estado-que-realice-as-accions-legais-recomendadas-pola-comision-de-expertos-para-reintegrar-o-pazo-de-meiras-ao-dominio-publico\/"]}]},{"@type":"BreadcrumbList","@id":"https:\/\/ppdegalicia.com\/es\/o-ppdeg-demanda-ao-estado-que-realice-as-accions-legais-recomendadas-pola-comision-de-expertos-para-reintegrar-o-pazo-de-meiras-ao-dominio-publico\/#breadcrumb","itemListElement":[{"@type":"ListItem","position":1,"name":"Portada","item":"https:\/\/ppdegalicia.com\/es\/"},{"@type":"ListItem","position":2,"name":"O PPdeG demanda ao Estado que realice as acci\u00f3ns legais recomendadas pola Comisi\u00f3n de Expertos para reintegrar o Pazo de Meir\u00e1s ao dominio p\u00fablico"}]},{"@type":"WebSite","@id":"https:\/\/ppdegalicia.com\/es\/#website","url":"https:\/\/ppdegalicia.com\/es\/","name":"Partido Popular de Galicia","description":"Partido Popular de Galicia","publisher":{"@id":"https:\/\/ppdegalicia.com\/es\/#organization"},"alternateName":"PP de Galicia","potentialAction":[{"@type":"SearchAction","target":{"@type":"EntryPoint","urlTemplate":"https:\/\/ppdegalicia.com\/es\/?s={search_term_string}"},"query-input":{"@type":"PropertyValueSpecification","valueRequired":true,"valueName":"search_term_string"}}],"inLanguage":"es"},{"@type":"Organization","@id":"https:\/\/ppdegalicia.com\/es\/#organization","name":"Partido Popular de Galicia","alternateName":"PP de Galicia","url":"https:\/\/ppdegalicia.com\/es\/","logo":{"@type":"ImageObject","inLanguage":"es","@id":"https:\/\/ppdegalicia.com\/es\/#\/schema\/logo\/image\/","url":"https:\/\/ppdegalicia.com\/wp-content\/uploads\/2023\/04\/logoPP512.png","contentUrl":"https:\/\/ppdegalicia.com\/wp-content\/uploads\/2023\/04\/logoPP512.png","width":512,"height":512,"caption":"Partido Popular de Galicia"},"image":{"@id":"https:\/\/ppdegalicia.com\/es\/#\/schema\/logo\/image\/"},"sameAs":["https:\/\/www.instagram.com\/ppdegalicia\/","https:\/\/x.com\/ppdegalicia","https:\/\/www.tiktok.com\/@ppdegalicia","https:\/\/www.youtube.com\/user\/ppdegalicia"]},{"@type":"Person","@id":"https:\/\/ppdegalicia.com\/es\/#\/schema\/person\/d0f013b8388c980665d44009ab762960","name":"Super User","image":{"@type":"ImageObject","inLanguage":"es","@id":"https:\/\/secure.gravatar.com\/avatar\/1db852625ef4948f58d2739bfbc51e4b9bd5c93b8fa340b59fdb594ca0845645?s=96&d=mm&r=g","url":"https:\/\/secure.gravatar.com\/avatar\/1db852625ef4948f58d2739bfbc51e4b9bd5c93b8fa340b59fdb594ca0845645?s=96&d=mm&r=g","contentUrl":"https:\/\/secure.gravatar.com\/avatar\/1db852625ef4948f58d2739bfbc51e4b9bd5c93b8fa340b59fdb594ca0845645?s=96&d=mm&r=g","caption":"Super User"},"url":"https:\/\/ppdegalicia.com\/es\/author\/ppdegaliciagestion\/"}]}},"_links":{"self":[{"href":"https:\/\/ppdegalicia.com\/es\/wp-json\/wp\/v2\/posts\/52852","targetHints":{"allow":["GET"]}}],"collection":[{"href":"https:\/\/ppdegalicia.com\/es\/wp-json\/wp\/v2\/posts"}],"about":[{"href":"https:\/\/ppdegalicia.com\/es\/wp-json\/wp\/v2\/types\/post"}],"author":[{"embeddable":true,"href":"https:\/\/ppdegalicia.com\/es\/wp-json\/wp\/v2\/users\/37"}],"replies":[{"embeddable":true,"href":"https:\/\/ppdegalicia.com\/es\/wp-json\/wp\/v2\/comments?post=52852"}],"version-history":[{"count":0,"href":"https:\/\/ppdegalicia.com\/es\/wp-json\/wp\/v2\/posts\/52852\/revisions"}],"wp:attachment":[{"href":"https:\/\/ppdegalicia.com\/es\/wp-json\/wp\/v2\/media?parent=52852"}],"wp:term":[{"taxonomy":"category","embeddable":true,"href":"https:\/\/ppdegalicia.com\/es\/wp-json\/wp\/v2\/categories?post=52852"},{"taxonomy":"post_tag","embeddable":true,"href":"https:\/\/ppdegalicia.com\/es\/wp-json\/wp\/v2\/tags?post=52852"}],"curies":[{"name":"wp","href":"https:\/\/api.w.org\/{rel}","templated":true}]}}