{"id":52876,"date":"2018-07-10T14:33:32","date_gmt":"2018-07-10T12:33:32","guid":{"rendered":"https:\/\/ppdegalicia.com\/o-parlamento-galego-volve-aprobar-a-proposicion-de-lei-para-que-o-goberno-central-transfira-a-ap-9-a-xunta\/"},"modified":"2018-07-10T14:33:32","modified_gmt":"2018-07-10T12:33:32","slug":"o-parlamento-galego-volve-aprobar-a-proposicion-de-lei-para-que-o-goberno-central-transfira-a-ap-9-a-xunta","status":"publish","type":"post","link":"https:\/\/ppdegalicia.com\/es\/o-parlamento-galego-volve-aprobar-a-proposicion-de-lei-para-que-o-goberno-central-transfira-a-ap-9-a-xunta\/","title":{"rendered":"O Parlamento galego volve aprobar a proposici\u00f3n de lei para que o Goberno central transfira a AP-9 \u00e1 Xunta"},"content":{"rendered":"<p style=\"text-align: justify;\"><span style=\"text-decoration: underline;\">Santiago, 10 de xullo de 2018.-<\/span> O Grupo Popular apoiou hoxe no Parlamento de Galicia a aprobaci\u00f3n da proposici\u00f3n de lei, para remitir ao Congreso, para a transferencia da titularidade e competencias da AP-9 \u00e1 Xunta. \u201cImos seguir mantendo a mesma postura: por un lado, demandando un mellor servizo nesta autoestrada e, por suposto, a petici\u00f3n de traspaso da s\u00faa titularidade\u201d, asegurou o portavoz de Infraestruturas, Mart\u00edn Fern\u00e1ndez Prado.<\/p>\n<p><!--more--><\/p>\n<p style=\"text-align: justify;\">Na s\u00faa intervenci\u00f3n, Fern\u00e1ndez Prado asegurou que \u201co mellor xeito de velar pola calidade do servizo \u00e9 que a AP-9 sexa de titularidade auton\u00f3mica, porque deste xeito poder\u00edamos analizar a planificar as peaxes e as obras na autoestrada conforme a criterios propios\u201d.<\/p>\n<p>&nbsp;<\/p>\n<p style=\"text-align: justify;\"><strong><span style=\"text-decoration: underline;\">NON IMOS ENGANAR \u00c1 CIDADAN\u00cdA<\/span><\/strong><\/p>\n<p style=\"text-align: justify;\">\u201cPero non imos enganar \u00e1 cidadan\u00eda como pretende facer a oposici\u00f3n, porque o traspaso das competencias e da xesti\u00f3n da AP-9 \u00e1 Xunta non sup\u00f3n a eliminaci\u00f3n total das peaxes\u201d, concretou. Neste sentido, explicou que a liberalizaci\u00f3n da peaxe na AP-9 \u201crequire destinar inxentes cantidades de recursos p\u00fablicos a unha empresa privada, entre outros motivos porque o Goberno socialista deixou blindado un negocio redondo para Audasa a conta das obras de ampliaci\u00f3n da autoestrada en Santiago e Vigo\u201d.<\/p>\n<p>&nbsp;<\/p>\n<p style=\"text-align: justify;\">Mart\u00edn Fern\u00e1ndez avogou porque o actual Goberno socialista \u201cnon contin\u00fae coa li\u00f1a dos anteriores gobernos socialistas coa AP-9, permitindo que as peaxes da autoestrada poidan subir un 1 por cento acumulativo anual durante 20 anos para pagar unhas obras na autoestrada a un interese fixo do 8 por cento, a d\u00eda de hoxe impensable\u201d.<\/p>\n<p>&nbsp;<\/p>\n<p style=\"text-align: justify;\"><strong><span style=\"text-decoration: underline;\">UNANIMIDADE FUNDAMENTAL<\/span><\/strong><\/p>\n<p style=\"text-align: justify;\">O portavoz popular lembrou que o Parlamento galego xa aprobou d\u00faas proposici\u00f3ns de lei en relaci\u00f3n coa transferencia da AP-9, pero \u201cagora a sentenza do Tribunal Constitucional ofrece m\u00e1is posibilidades de defender o que desde a Xunta e o Grupo Popular vimos reclamando desde hai moito tempo\u201d.<\/p>\n<p>&nbsp;<\/p>\n<p style=\"text-align: justify;\">Finalmente, e logo de que se abstiveran na votaci\u00f3n do ditame en Comisi\u00f3n, En Marea e BNG apoiaron a aprobaci\u00f3n desta proposici\u00f3n de lei. Deste xeito, Mart\u00edn Fern\u00e1ndez considerou \u201cfundamental esta unanimidade e volver ao texto de consenso pactado e acordado anteriormente por todos os grupos neste Parlamento, tendo en conta que a sentenza do Tribunal Constitucional ofrece m\u00e1is posibilidades de \u00e9xito\u201d.<\/p>\n","protected":false},"excerpt":{"rendered":"<p>Santiago, 10 de xullo de 2018.- O Grupo Popular apoiou hoxe no Parlamento de Galicia a aprobaci\u00f3n da proposici\u00f3n de lei, para remitir ao Congreso, para a transferencia da titularidade e competencias da AP-9 \u00e1 Xunta. \u201cImos seguir mantendo a mesma postura: por un lado, demandando un mellor servizo nesta autoestrada e, por suposto, a [&hellip;]<\/p>\n","protected":false},"author":37,"featured_media":0,"comment_status":"open","ping_status":"open","sticky":false,"template":"","format":"standard","meta":{"_acf_changed":false,"footnotes":""},"categories":[1],"tags":[],"class_list":["post-52876","post","type-post","status-publish","format-standard","hentry","category-pp-de-galicia"],"acf":[],"yoast_head":"<!-- This site is optimized with the Yoast SEO plugin v27.3 - https:\/\/yoast.com\/product\/yoast-seo-wordpress\/ -->\n<title>O Parlamento galego volve aprobar a proposici\u00f3n de lei para que o Goberno central transfira a AP-9 \u00e1 Xunta - PP de Galicia<\/title>\n<meta name=\"robots\" content=\"index, follow, max-snippet:-1, max-image-preview:large, max-video-preview:-1\" \/>\n<link rel=\"canonical\" href=\"https:\/\/ppdegalicia.com\/es\/o-parlamento-galego-volve-aprobar-a-proposicion-de-lei-para-que-o-goberno-central-transfira-a-ap-9-a-xunta\/\" \/>\n<meta property=\"og:locale\" content=\"es_ES\" \/>\n<meta property=\"og:type\" content=\"article\" \/>\n<meta property=\"og:title\" content=\"O Parlamento galego volve aprobar a proposici\u00f3n de lei para que o Goberno central transfira a AP-9 \u00e1 Xunta - PP de Galicia\" \/>\n<meta property=\"og:description\" content=\"Santiago, 10 de xullo de 2018.- O Grupo Popular apoiou hoxe no Parlamento de Galicia a aprobaci\u00f3n da proposici\u00f3n de lei, para remitir ao Congreso, para a transferencia da titularidade e competencias da AP-9 \u00e1 Xunta. \u201cImos seguir mantendo a mesma postura: por un lado, demandando un mellor servizo nesta autoestrada e, por suposto, a [&hellip;]\" \/>\n<meta property=\"og:url\" content=\"https:\/\/ppdegalicia.com\/es\/o-parlamento-galego-volve-aprobar-a-proposicion-de-lei-para-que-o-goberno-central-transfira-a-ap-9-a-xunta\/\" \/>\n<meta property=\"og:site_name\" content=\"PP de Galicia\" \/>\n<meta property=\"article:publisher\" content=\"https:\/\/www.instagram.com\/ppdegalicia\/\" \/>\n<meta property=\"article:published_time\" content=\"2018-07-10T12:33:32+00:00\" \/>\n<meta name=\"author\" content=\"Super User\" \/>\n<meta name=\"twitter:card\" content=\"summary_large_image\" \/>\n<meta name=\"twitter:creator\" content=\"@ppdegalicia\" \/>\n<meta name=\"twitter:site\" content=\"@ppdegalicia\" \/>\n<meta name=\"twitter:label1\" content=\"Escrito por\" \/>\n\t<meta name=\"twitter:data1\" content=\"Super User\" \/>\n\t<meta name=\"twitter:label2\" content=\"Tiempo de lectura\" \/>\n\t<meta name=\"twitter:data2\" content=\"2 minutos\" \/>\n<script type=\"application\/ld+json\" class=\"yoast-schema-graph\">{\"@context\":\"https:\\\/\\\/schema.org\",\"@graph\":[{\"@type\":\"Article\",\"@id\":\"https:\\\/\\\/ppdegalicia.com\\\/es\\\/o-parlamento-galego-volve-aprobar-a-proposicion-de-lei-para-que-o-goberno-central-transfira-a-ap-9-a-xunta\\\/#article\",\"isPartOf\":{\"@id\":\"https:\\\/\\\/ppdegalicia.com\\\/es\\\/o-parlamento-galego-volve-aprobar-a-proposicion-de-lei-para-que-o-goberno-central-transfira-a-ap-9-a-xunta\\\/\"},\"author\":{\"name\":\"Super User\",\"@id\":\"https:\\\/\\\/ppdegalicia.com\\\/es\\\/#\\\/schema\\\/person\\\/d0f013b8388c980665d44009ab762960\"},\"headline\":\"O Parlamento galego volve aprobar a proposici\u00f3n de lei para que o Goberno central transfira a AP-9 \u00e1 Xunta\",\"datePublished\":\"2018-07-10T12:33:32+00:00\",\"mainEntityOfPage\":{\"@id\":\"https:\\\/\\\/ppdegalicia.com\\\/es\\\/o-parlamento-galego-volve-aprobar-a-proposicion-de-lei-para-que-o-goberno-central-transfira-a-ap-9-a-xunta\\\/\"},\"wordCount\":409,\"commentCount\":0,\"publisher\":{\"@id\":\"https:\\\/\\\/ppdegalicia.com\\\/es\\\/#organization\"},\"articleSection\":[\"PP de Galicia\"],\"inLanguage\":\"es\",\"potentialAction\":[{\"@type\":\"CommentAction\",\"name\":\"Comment\",\"target\":[\"https:\\\/\\\/ppdegalicia.com\\\/es\\\/o-parlamento-galego-volve-aprobar-a-proposicion-de-lei-para-que-o-goberno-central-transfira-a-ap-9-a-xunta\\\/#respond\"]}]},{\"@type\":\"WebPage\",\"@id\":\"https:\\\/\\\/ppdegalicia.com\\\/es\\\/o-parlamento-galego-volve-aprobar-a-proposicion-de-lei-para-que-o-goberno-central-transfira-a-ap-9-a-xunta\\\/\",\"url\":\"https:\\\/\\\/ppdegalicia.com\\\/es\\\/o-parlamento-galego-volve-aprobar-a-proposicion-de-lei-para-que-o-goberno-central-transfira-a-ap-9-a-xunta\\\/\",\"name\":\"O Parlamento galego volve aprobar a proposici\u00f3n de lei para que o Goberno central transfira a AP-9 \u00e1 Xunta - PP de Galicia\",\"isPartOf\":{\"@id\":\"https:\\\/\\\/ppdegalicia.com\\\/es\\\/#website\"},\"datePublished\":\"2018-07-10T12:33:32+00:00\",\"breadcrumb\":{\"@id\":\"https:\\\/\\\/ppdegalicia.com\\\/es\\\/o-parlamento-galego-volve-aprobar-a-proposicion-de-lei-para-que-o-goberno-central-transfira-a-ap-9-a-xunta\\\/#breadcrumb\"},\"inLanguage\":\"es\",\"potentialAction\":[{\"@type\":\"ReadAction\",\"target\":[\"https:\\\/\\\/ppdegalicia.com\\\/es\\\/o-parlamento-galego-volve-aprobar-a-proposicion-de-lei-para-que-o-goberno-central-transfira-a-ap-9-a-xunta\\\/\"]}]},{\"@type\":\"BreadcrumbList\",\"@id\":\"https:\\\/\\\/ppdegalicia.com\\\/es\\\/o-parlamento-galego-volve-aprobar-a-proposicion-de-lei-para-que-o-goberno-central-transfira-a-ap-9-a-xunta\\\/#breadcrumb\",\"itemListElement\":[{\"@type\":\"ListItem\",\"position\":1,\"name\":\"Portada\",\"item\":\"https:\\\/\\\/ppdegalicia.com\\\/es\\\/\"},{\"@type\":\"ListItem\",\"position\":2,\"name\":\"O Parlamento galego volve aprobar a proposici\u00f3n de lei para que o Goberno central transfira a AP-9 \u00e1 Xunta\"}]},{\"@type\":\"WebSite\",\"@id\":\"https:\\\/\\\/ppdegalicia.com\\\/es\\\/#website\",\"url\":\"https:\\\/\\\/ppdegalicia.com\\\/es\\\/\",\"name\":\"Partido Popular de Galicia\",\"description\":\"Partido Popular de Galicia\",\"publisher\":{\"@id\":\"https:\\\/\\\/ppdegalicia.com\\\/es\\\/#organization\"},\"alternateName\":\"PP de Galicia\",\"potentialAction\":[{\"@type\":\"SearchAction\",\"target\":{\"@type\":\"EntryPoint\",\"urlTemplate\":\"https:\\\/\\\/ppdegalicia.com\\\/es\\\/?s={search_term_string}\"},\"query-input\":{\"@type\":\"PropertyValueSpecification\",\"valueRequired\":true,\"valueName\":\"search_term_string\"}}],\"inLanguage\":\"es\"},{\"@type\":\"Organization\",\"@id\":\"https:\\\/\\\/ppdegalicia.com\\\/es\\\/#organization\",\"name\":\"Partido Popular de Galicia\",\"alternateName\":\"PP de Galicia\",\"url\":\"https:\\\/\\\/ppdegalicia.com\\\/es\\\/\",\"logo\":{\"@type\":\"ImageObject\",\"inLanguage\":\"es\",\"@id\":\"https:\\\/\\\/ppdegalicia.com\\\/es\\\/#\\\/schema\\\/logo\\\/image\\\/\",\"url\":\"https:\\\/\\\/ppdegalicia.com\\\/wp-content\\\/uploads\\\/2023\\\/04\\\/logoPP512.png\",\"contentUrl\":\"https:\\\/\\\/ppdegalicia.com\\\/wp-content\\\/uploads\\\/2023\\\/04\\\/logoPP512.png\",\"width\":512,\"height\":512,\"caption\":\"Partido Popular de Galicia\"},\"image\":{\"@id\":\"https:\\\/\\\/ppdegalicia.com\\\/es\\\/#\\\/schema\\\/logo\\\/image\\\/\"},\"sameAs\":[\"https:\\\/\\\/www.instagram.com\\\/ppdegalicia\\\/\",\"https:\\\/\\\/x.com\\\/ppdegalicia\",\"https:\\\/\\\/www.tiktok.com\\\/@ppdegalicia\",\"https:\\\/\\\/www.youtube.com\\\/user\\\/ppdegalicia\"]},{\"@type\":\"Person\",\"@id\":\"https:\\\/\\\/ppdegalicia.com\\\/es\\\/#\\\/schema\\\/person\\\/d0f013b8388c980665d44009ab762960\",\"name\":\"Super User\",\"image\":{\"@type\":\"ImageObject\",\"inLanguage\":\"es\",\"@id\":\"https:\\\/\\\/secure.gravatar.com\\\/avatar\\\/1db852625ef4948f58d2739bfbc51e4b9bd5c93b8fa340b59fdb594ca0845645?s=96&d=mm&r=g\",\"url\":\"https:\\\/\\\/secure.gravatar.com\\\/avatar\\\/1db852625ef4948f58d2739bfbc51e4b9bd5c93b8fa340b59fdb594ca0845645?s=96&d=mm&r=g\",\"contentUrl\":\"https:\\\/\\\/secure.gravatar.com\\\/avatar\\\/1db852625ef4948f58d2739bfbc51e4b9bd5c93b8fa340b59fdb594ca0845645?s=96&d=mm&r=g\",\"caption\":\"Super User\"},\"url\":\"https:\\\/\\\/ppdegalicia.com\\\/es\\\/author\\\/ppdegaliciagestion\\\/\"}]}<\/script>\n<!-- \/ Yoast SEO plugin. -->","yoast_head_json":{"title":"O Parlamento galego volve aprobar a proposici\u00f3n de lei para que o Goberno central transfira a AP-9 \u00e1 Xunta - PP de Galicia","robots":{"index":"index","follow":"follow","max-snippet":"max-snippet:-1","max-image-preview":"max-image-preview:large","max-video-preview":"max-video-preview:-1"},"canonical":"https:\/\/ppdegalicia.com\/es\/o-parlamento-galego-volve-aprobar-a-proposicion-de-lei-para-que-o-goberno-central-transfira-a-ap-9-a-xunta\/","og_locale":"es_ES","og_type":"article","og_title":"O Parlamento galego volve aprobar a proposici\u00f3n de lei para que o Goberno central transfira a AP-9 \u00e1 Xunta - PP de Galicia","og_description":"Santiago, 10 de xullo de 2018.- O Grupo Popular apoiou hoxe no Parlamento de Galicia a aprobaci\u00f3n da proposici\u00f3n de lei, para remitir ao Congreso, para a transferencia da titularidade e competencias da AP-9 \u00e1 Xunta. \u201cImos seguir mantendo a mesma postura: por un lado, demandando un mellor servizo nesta autoestrada e, por suposto, a [&hellip;]","og_url":"https:\/\/ppdegalicia.com\/es\/o-parlamento-galego-volve-aprobar-a-proposicion-de-lei-para-que-o-goberno-central-transfira-a-ap-9-a-xunta\/","og_site_name":"PP de Galicia","article_publisher":"https:\/\/www.instagram.com\/ppdegalicia\/","article_published_time":"2018-07-10T12:33:32+00:00","author":"Super User","twitter_card":"summary_large_image","twitter_creator":"@ppdegalicia","twitter_site":"@ppdegalicia","twitter_misc":{"Escrito por":"Super User","Tiempo de lectura":"2 minutos"},"schema":{"@context":"https:\/\/schema.org","@graph":[{"@type":"Article","@id":"https:\/\/ppdegalicia.com\/es\/o-parlamento-galego-volve-aprobar-a-proposicion-de-lei-para-que-o-goberno-central-transfira-a-ap-9-a-xunta\/#article","isPartOf":{"@id":"https:\/\/ppdegalicia.com\/es\/o-parlamento-galego-volve-aprobar-a-proposicion-de-lei-para-que-o-goberno-central-transfira-a-ap-9-a-xunta\/"},"author":{"name":"Super User","@id":"https:\/\/ppdegalicia.com\/es\/#\/schema\/person\/d0f013b8388c980665d44009ab762960"},"headline":"O Parlamento galego volve aprobar a proposici\u00f3n de lei para que o Goberno central transfira a AP-9 \u00e1 Xunta","datePublished":"2018-07-10T12:33:32+00:00","mainEntityOfPage":{"@id":"https:\/\/ppdegalicia.com\/es\/o-parlamento-galego-volve-aprobar-a-proposicion-de-lei-para-que-o-goberno-central-transfira-a-ap-9-a-xunta\/"},"wordCount":409,"commentCount":0,"publisher":{"@id":"https:\/\/ppdegalicia.com\/es\/#organization"},"articleSection":["PP de Galicia"],"inLanguage":"es","potentialAction":[{"@type":"CommentAction","name":"Comment","target":["https:\/\/ppdegalicia.com\/es\/o-parlamento-galego-volve-aprobar-a-proposicion-de-lei-para-que-o-goberno-central-transfira-a-ap-9-a-xunta\/#respond"]}]},{"@type":"WebPage","@id":"https:\/\/ppdegalicia.com\/es\/o-parlamento-galego-volve-aprobar-a-proposicion-de-lei-para-que-o-goberno-central-transfira-a-ap-9-a-xunta\/","url":"https:\/\/ppdegalicia.com\/es\/o-parlamento-galego-volve-aprobar-a-proposicion-de-lei-para-que-o-goberno-central-transfira-a-ap-9-a-xunta\/","name":"O Parlamento galego volve aprobar a proposici\u00f3n de lei para que o Goberno central transfira a AP-9 \u00e1 Xunta - PP de Galicia","isPartOf":{"@id":"https:\/\/ppdegalicia.com\/es\/#website"},"datePublished":"2018-07-10T12:33:32+00:00","breadcrumb":{"@id":"https:\/\/ppdegalicia.com\/es\/o-parlamento-galego-volve-aprobar-a-proposicion-de-lei-para-que-o-goberno-central-transfira-a-ap-9-a-xunta\/#breadcrumb"},"inLanguage":"es","potentialAction":[{"@type":"ReadAction","target":["https:\/\/ppdegalicia.com\/es\/o-parlamento-galego-volve-aprobar-a-proposicion-de-lei-para-que-o-goberno-central-transfira-a-ap-9-a-xunta\/"]}]},{"@type":"BreadcrumbList","@id":"https:\/\/ppdegalicia.com\/es\/o-parlamento-galego-volve-aprobar-a-proposicion-de-lei-para-que-o-goberno-central-transfira-a-ap-9-a-xunta\/#breadcrumb","itemListElement":[{"@type":"ListItem","position":1,"name":"Portada","item":"https:\/\/ppdegalicia.com\/es\/"},{"@type":"ListItem","position":2,"name":"O Parlamento galego volve aprobar a proposici\u00f3n de lei para que o Goberno central transfira a AP-9 \u00e1 Xunta"}]},{"@type":"WebSite","@id":"https:\/\/ppdegalicia.com\/es\/#website","url":"https:\/\/ppdegalicia.com\/es\/","name":"Partido Popular de Galicia","description":"Partido Popular de Galicia","publisher":{"@id":"https:\/\/ppdegalicia.com\/es\/#organization"},"alternateName":"PP de Galicia","potentialAction":[{"@type":"SearchAction","target":{"@type":"EntryPoint","urlTemplate":"https:\/\/ppdegalicia.com\/es\/?s={search_term_string}"},"query-input":{"@type":"PropertyValueSpecification","valueRequired":true,"valueName":"search_term_string"}}],"inLanguage":"es"},{"@type":"Organization","@id":"https:\/\/ppdegalicia.com\/es\/#organization","name":"Partido Popular de Galicia","alternateName":"PP de Galicia","url":"https:\/\/ppdegalicia.com\/es\/","logo":{"@type":"ImageObject","inLanguage":"es","@id":"https:\/\/ppdegalicia.com\/es\/#\/schema\/logo\/image\/","url":"https:\/\/ppdegalicia.com\/wp-content\/uploads\/2023\/04\/logoPP512.png","contentUrl":"https:\/\/ppdegalicia.com\/wp-content\/uploads\/2023\/04\/logoPP512.png","width":512,"height":512,"caption":"Partido Popular de Galicia"},"image":{"@id":"https:\/\/ppdegalicia.com\/es\/#\/schema\/logo\/image\/"},"sameAs":["https:\/\/www.instagram.com\/ppdegalicia\/","https:\/\/x.com\/ppdegalicia","https:\/\/www.tiktok.com\/@ppdegalicia","https:\/\/www.youtube.com\/user\/ppdegalicia"]},{"@type":"Person","@id":"https:\/\/ppdegalicia.com\/es\/#\/schema\/person\/d0f013b8388c980665d44009ab762960","name":"Super User","image":{"@type":"ImageObject","inLanguage":"es","@id":"https:\/\/secure.gravatar.com\/avatar\/1db852625ef4948f58d2739bfbc51e4b9bd5c93b8fa340b59fdb594ca0845645?s=96&d=mm&r=g","url":"https:\/\/secure.gravatar.com\/avatar\/1db852625ef4948f58d2739bfbc51e4b9bd5c93b8fa340b59fdb594ca0845645?s=96&d=mm&r=g","contentUrl":"https:\/\/secure.gravatar.com\/avatar\/1db852625ef4948f58d2739bfbc51e4b9bd5c93b8fa340b59fdb594ca0845645?s=96&d=mm&r=g","caption":"Super User"},"url":"https:\/\/ppdegalicia.com\/es\/author\/ppdegaliciagestion\/"}]}},"_links":{"self":[{"href":"https:\/\/ppdegalicia.com\/es\/wp-json\/wp\/v2\/posts\/52876","targetHints":{"allow":["GET"]}}],"collection":[{"href":"https:\/\/ppdegalicia.com\/es\/wp-json\/wp\/v2\/posts"}],"about":[{"href":"https:\/\/ppdegalicia.com\/es\/wp-json\/wp\/v2\/types\/post"}],"author":[{"embeddable":true,"href":"https:\/\/ppdegalicia.com\/es\/wp-json\/wp\/v2\/users\/37"}],"replies":[{"embeddable":true,"href":"https:\/\/ppdegalicia.com\/es\/wp-json\/wp\/v2\/comments?post=52876"}],"version-history":[{"count":0,"href":"https:\/\/ppdegalicia.com\/es\/wp-json\/wp\/v2\/posts\/52876\/revisions"}],"wp:attachment":[{"href":"https:\/\/ppdegalicia.com\/es\/wp-json\/wp\/v2\/media?parent=52876"}],"wp:term":[{"taxonomy":"category","embeddable":true,"href":"https:\/\/ppdegalicia.com\/es\/wp-json\/wp\/v2\/categories?post=52876"},{"taxonomy":"post_tag","embeddable":true,"href":"https:\/\/ppdegalicia.com\/es\/wp-json\/wp\/v2\/tags?post=52876"}],"curies":[{"name":"wp","href":"https:\/\/api.w.org\/{rel}","templated":true}]}}