{"id":52883,"date":"2018-07-11T15:22:23","date_gmt":"2018-07-11T13:22:23","guid":{"rendered":"https:\/\/ppdegalicia.com\/o-grupo-popular-insiste-en-que-a-axenda-de-galicia-e-a-mesma-co-goberno-de-sanchez-que-co-de-rajoy\/"},"modified":"2018-07-11T15:22:23","modified_gmt":"2018-07-11T13:22:23","slug":"o-grupo-popular-insiste-en-que-a-axenda-de-galicia-e-a-mesma-co-goberno-de-sanchez-que-co-de-rajoy","status":"publish","type":"post","link":"https:\/\/ppdegalicia.com\/es\/o-grupo-popular-insiste-en-que-a-axenda-de-galicia-e-a-mesma-co-goberno-de-sanchez-que-co-de-rajoy\/","title":{"rendered":"O Grupo Popular insiste en que a axenda de Galicia \u201c\u00e9 a mesma co goberno de S\u00e1nchez que co de Rajoy\u201d"},"content":{"rendered":"<p style=\"text-align: justify;\"><span style=\"text-decoration: underline;\">Santiago, 11 de xullo de 2018.<\/span> O viceportavoz do Grupo Popular, Miguel Tellado, insistiu este m\u00e9rcores no Pleno en que a axenda de Galicia ante o Goberno Central \u201c\u00e9 exactamente a mesma\u201d con Pedro S\u00e1nchez do que era diante do Executivo presidido por Mariano Rajoy, polo que as reivindicaci\u00f3ns son id\u00e9nticas.<\/p>\n<p><!--more--><\/p>\n<p style=\"text-align: justify;\">Neste senso, quixo recordar que historicamente as demandas do BNG diferiron bastante en base ao partido que ostentase o Goberno en cada momento. \u201cCando goberna o PP, esixen a transferencia da AP-9; cando gobernaba o PSOE en 2007, votaban en contra da mesma\u201d. Do mesmo xeito, insistiu en que no mandato dos PP non valoraron o aforro de 400 mill\u00f3ns de euros en peaxes na AP-9, mentres que apoiaban ao goberno de Zapatero que decidiu que Galicia pagara peaxes dunha autopista da que non ti\u00f1a a titularidade.<\/p>\n<p>&nbsp;<\/p>\n<p style=\"text-align: justify;\">En canto aos investimentos, Tellado afeoulle aos nacionalistas que \u201co 11 por cento dos orzamentos que consignaban os populares parec\u00edalles pouco, pero cando os socialistas consignaban un 8% parec\u00edalles unha cooperaci\u00f3n intelixente\u201d. Do mesmo xeito, lembrou que o BNG criticou os retrasos recentes do AVE, pero \u201caplaud\u00eda a aqueles que ment\u00edan sobre a chegada da Alta Velocidade en 2010\u201d.<\/p>\n<p>&nbsp;<\/p>\n<p style=\"text-align: justify;\">Sobre o anuncio do actual ministro de Fomento, o socialista Jos\u00e9 Luis \u00c1balos, dun eventual novo retraso na posta en funcionamento do AVE a Galicia, Tellado lamentou que o PSdeG vaia ser \u201ccolaborador necesario\u201d dun novo desprezo \u00e1 nosa Comunidade. \u201cA fotograf\u00eda do se\u00f1or Leiceaga xunto ao ministro \u00c1balos para buscar escusas \u00e9 a imaxe da traiz\u00f3n a Galicia\u201d, sentenciou.<\/p>\n","protected":false},"excerpt":{"rendered":"<p>Santiago, 11 de xullo de 2018. O viceportavoz do Grupo Popular, Miguel Tellado, insistiu este m\u00e9rcores no Pleno en que a axenda de Galicia ante o Goberno Central \u201c\u00e9 exactamente a mesma\u201d con Pedro S\u00e1nchez do que era diante do Executivo presidido por Mariano Rajoy, polo que as reivindicaci\u00f3ns son id\u00e9nticas.<\/p>\n","protected":false},"author":37,"featured_media":0,"comment_status":"open","ping_status":"open","sticky":false,"template":"","format":"standard","meta":{"_acf_changed":false,"footnotes":""},"categories":[1],"tags":[],"class_list":["post-52883","post","type-post","status-publish","format-standard","hentry","category-pp-de-galicia"],"acf":[],"yoast_head":"<!-- This site is optimized with the Yoast SEO plugin v27.3 - https:\/\/yoast.com\/product\/yoast-seo-wordpress\/ -->\n<title>O Grupo Popular insiste en que a axenda de Galicia \u201c\u00e9 a mesma co goberno de S\u00e1nchez que co de Rajoy\u201d - PP de Galicia<\/title>\n<meta name=\"robots\" content=\"index, follow, max-snippet:-1, max-image-preview:large, max-video-preview:-1\" \/>\n<link rel=\"canonical\" href=\"https:\/\/ppdegalicia.com\/es\/o-grupo-popular-insiste-en-que-a-axenda-de-galicia-e-a-mesma-co-goberno-de-sanchez-que-co-de-rajoy\/\" \/>\n<meta property=\"og:locale\" content=\"es_ES\" \/>\n<meta property=\"og:type\" content=\"article\" \/>\n<meta property=\"og:title\" content=\"O Grupo Popular insiste en que a axenda de Galicia \u201c\u00e9 a mesma co goberno de S\u00e1nchez que co de Rajoy\u201d - PP de Galicia\" \/>\n<meta property=\"og:description\" content=\"Santiago, 11 de xullo de 2018. O viceportavoz do Grupo Popular, Miguel Tellado, insistiu este m\u00e9rcores no Pleno en que a axenda de Galicia ante o Goberno Central \u201c\u00e9 exactamente a mesma\u201d con Pedro S\u00e1nchez do que era diante do Executivo presidido por Mariano Rajoy, polo que as reivindicaci\u00f3ns son id\u00e9nticas.\" \/>\n<meta property=\"og:url\" content=\"https:\/\/ppdegalicia.com\/es\/o-grupo-popular-insiste-en-que-a-axenda-de-galicia-e-a-mesma-co-goberno-de-sanchez-que-co-de-rajoy\/\" \/>\n<meta property=\"og:site_name\" content=\"PP de Galicia\" \/>\n<meta property=\"article:publisher\" content=\"https:\/\/www.instagram.com\/ppdegalicia\/\" \/>\n<meta property=\"article:published_time\" content=\"2018-07-11T13:22:23+00:00\" \/>\n<meta name=\"author\" content=\"Super User\" \/>\n<meta name=\"twitter:card\" content=\"summary_large_image\" \/>\n<meta name=\"twitter:creator\" content=\"@ppdegalicia\" \/>\n<meta name=\"twitter:site\" content=\"@ppdegalicia\" \/>\n<meta name=\"twitter:label1\" content=\"Escrito por\" \/>\n\t<meta name=\"twitter:data1\" content=\"Super User\" \/>\n\t<meta name=\"twitter:label2\" content=\"Tiempo de lectura\" \/>\n\t<meta name=\"twitter:data2\" content=\"1 minuto\" \/>\n<script type=\"application\/ld+json\" class=\"yoast-schema-graph\">{\"@context\":\"https:\\\/\\\/schema.org\",\"@graph\":[{\"@type\":\"Article\",\"@id\":\"https:\\\/\\\/ppdegalicia.com\\\/es\\\/o-grupo-popular-insiste-en-que-a-axenda-de-galicia-e-a-mesma-co-goberno-de-sanchez-que-co-de-rajoy\\\/#article\",\"isPartOf\":{\"@id\":\"https:\\\/\\\/ppdegalicia.com\\\/es\\\/o-grupo-popular-insiste-en-que-a-axenda-de-galicia-e-a-mesma-co-goberno-de-sanchez-que-co-de-rajoy\\\/\"},\"author\":{\"name\":\"Super User\",\"@id\":\"https:\\\/\\\/ppdegalicia.com\\\/es\\\/#\\\/schema\\\/person\\\/d0f013b8388c980665d44009ab762960\"},\"headline\":\"O Grupo Popular insiste en que a axenda de Galicia \u201c\u00e9 a mesma co goberno de S\u00e1nchez que co de Rajoy\u201d\",\"datePublished\":\"2018-07-11T13:22:23+00:00\",\"mainEntityOfPage\":{\"@id\":\"https:\\\/\\\/ppdegalicia.com\\\/es\\\/o-grupo-popular-insiste-en-que-a-axenda-de-galicia-e-a-mesma-co-goberno-de-sanchez-que-co-de-rajoy\\\/\"},\"wordCount\":284,\"commentCount\":0,\"publisher\":{\"@id\":\"https:\\\/\\\/ppdegalicia.com\\\/es\\\/#organization\"},\"articleSection\":[\"PP de Galicia\"],\"inLanguage\":\"es\",\"potentialAction\":[{\"@type\":\"CommentAction\",\"name\":\"Comment\",\"target\":[\"https:\\\/\\\/ppdegalicia.com\\\/es\\\/o-grupo-popular-insiste-en-que-a-axenda-de-galicia-e-a-mesma-co-goberno-de-sanchez-que-co-de-rajoy\\\/#respond\"]}]},{\"@type\":\"WebPage\",\"@id\":\"https:\\\/\\\/ppdegalicia.com\\\/es\\\/o-grupo-popular-insiste-en-que-a-axenda-de-galicia-e-a-mesma-co-goberno-de-sanchez-que-co-de-rajoy\\\/\",\"url\":\"https:\\\/\\\/ppdegalicia.com\\\/es\\\/o-grupo-popular-insiste-en-que-a-axenda-de-galicia-e-a-mesma-co-goberno-de-sanchez-que-co-de-rajoy\\\/\",\"name\":\"O Grupo Popular insiste en que a axenda de Galicia \u201c\u00e9 a mesma co goberno de S\u00e1nchez que co de Rajoy\u201d - PP de Galicia\",\"isPartOf\":{\"@id\":\"https:\\\/\\\/ppdegalicia.com\\\/es\\\/#website\"},\"datePublished\":\"2018-07-11T13:22:23+00:00\",\"breadcrumb\":{\"@id\":\"https:\\\/\\\/ppdegalicia.com\\\/es\\\/o-grupo-popular-insiste-en-que-a-axenda-de-galicia-e-a-mesma-co-goberno-de-sanchez-que-co-de-rajoy\\\/#breadcrumb\"},\"inLanguage\":\"es\",\"potentialAction\":[{\"@type\":\"ReadAction\",\"target\":[\"https:\\\/\\\/ppdegalicia.com\\\/es\\\/o-grupo-popular-insiste-en-que-a-axenda-de-galicia-e-a-mesma-co-goberno-de-sanchez-que-co-de-rajoy\\\/\"]}]},{\"@type\":\"BreadcrumbList\",\"@id\":\"https:\\\/\\\/ppdegalicia.com\\\/es\\\/o-grupo-popular-insiste-en-que-a-axenda-de-galicia-e-a-mesma-co-goberno-de-sanchez-que-co-de-rajoy\\\/#breadcrumb\",\"itemListElement\":[{\"@type\":\"ListItem\",\"position\":1,\"name\":\"Portada\",\"item\":\"https:\\\/\\\/ppdegalicia.com\\\/es\\\/\"},{\"@type\":\"ListItem\",\"position\":2,\"name\":\"O Grupo Popular insiste en que a axenda de Galicia \u201c\u00e9 a mesma co goberno de S\u00e1nchez que co de Rajoy\u201d\"}]},{\"@type\":\"WebSite\",\"@id\":\"https:\\\/\\\/ppdegalicia.com\\\/es\\\/#website\",\"url\":\"https:\\\/\\\/ppdegalicia.com\\\/es\\\/\",\"name\":\"Partido Popular de Galicia\",\"description\":\"Partido Popular de Galicia\",\"publisher\":{\"@id\":\"https:\\\/\\\/ppdegalicia.com\\\/es\\\/#organization\"},\"alternateName\":\"PP de Galicia\",\"potentialAction\":[{\"@type\":\"SearchAction\",\"target\":{\"@type\":\"EntryPoint\",\"urlTemplate\":\"https:\\\/\\\/ppdegalicia.com\\\/es\\\/?s={search_term_string}\"},\"query-input\":{\"@type\":\"PropertyValueSpecification\",\"valueRequired\":true,\"valueName\":\"search_term_string\"}}],\"inLanguage\":\"es\"},{\"@type\":\"Organization\",\"@id\":\"https:\\\/\\\/ppdegalicia.com\\\/es\\\/#organization\",\"name\":\"Partido Popular de Galicia\",\"alternateName\":\"PP de Galicia\",\"url\":\"https:\\\/\\\/ppdegalicia.com\\\/es\\\/\",\"logo\":{\"@type\":\"ImageObject\",\"inLanguage\":\"es\",\"@id\":\"https:\\\/\\\/ppdegalicia.com\\\/es\\\/#\\\/schema\\\/logo\\\/image\\\/\",\"url\":\"https:\\\/\\\/ppdegalicia.com\\\/wp-content\\\/uploads\\\/2023\\\/04\\\/logoPP512.png\",\"contentUrl\":\"https:\\\/\\\/ppdegalicia.com\\\/wp-content\\\/uploads\\\/2023\\\/04\\\/logoPP512.png\",\"width\":512,\"height\":512,\"caption\":\"Partido Popular de Galicia\"},\"image\":{\"@id\":\"https:\\\/\\\/ppdegalicia.com\\\/es\\\/#\\\/schema\\\/logo\\\/image\\\/\"},\"sameAs\":[\"https:\\\/\\\/www.instagram.com\\\/ppdegalicia\\\/\",\"https:\\\/\\\/x.com\\\/ppdegalicia\",\"https:\\\/\\\/www.tiktok.com\\\/@ppdegalicia\",\"https:\\\/\\\/www.youtube.com\\\/user\\\/ppdegalicia\"]},{\"@type\":\"Person\",\"@id\":\"https:\\\/\\\/ppdegalicia.com\\\/es\\\/#\\\/schema\\\/person\\\/d0f013b8388c980665d44009ab762960\",\"name\":\"Super User\",\"image\":{\"@type\":\"ImageObject\",\"inLanguage\":\"es\",\"@id\":\"https:\\\/\\\/secure.gravatar.com\\\/avatar\\\/1db852625ef4948f58d2739bfbc51e4b9bd5c93b8fa340b59fdb594ca0845645?s=96&d=mm&r=g\",\"url\":\"https:\\\/\\\/secure.gravatar.com\\\/avatar\\\/1db852625ef4948f58d2739bfbc51e4b9bd5c93b8fa340b59fdb594ca0845645?s=96&d=mm&r=g\",\"contentUrl\":\"https:\\\/\\\/secure.gravatar.com\\\/avatar\\\/1db852625ef4948f58d2739bfbc51e4b9bd5c93b8fa340b59fdb594ca0845645?s=96&d=mm&r=g\",\"caption\":\"Super User\"},\"url\":\"https:\\\/\\\/ppdegalicia.com\\\/es\\\/author\\\/ppdegaliciagestion\\\/\"}]}<\/script>\n<!-- \/ Yoast SEO plugin. -->","yoast_head_json":{"title":"O Grupo Popular insiste en que a axenda de Galicia \u201c\u00e9 a mesma co goberno de S\u00e1nchez que co de Rajoy\u201d - PP de Galicia","robots":{"index":"index","follow":"follow","max-snippet":"max-snippet:-1","max-image-preview":"max-image-preview:large","max-video-preview":"max-video-preview:-1"},"canonical":"https:\/\/ppdegalicia.com\/es\/o-grupo-popular-insiste-en-que-a-axenda-de-galicia-e-a-mesma-co-goberno-de-sanchez-que-co-de-rajoy\/","og_locale":"es_ES","og_type":"article","og_title":"O Grupo Popular insiste en que a axenda de Galicia \u201c\u00e9 a mesma co goberno de S\u00e1nchez que co de Rajoy\u201d - PP de Galicia","og_description":"Santiago, 11 de xullo de 2018. O viceportavoz do Grupo Popular, Miguel Tellado, insistiu este m\u00e9rcores no Pleno en que a axenda de Galicia ante o Goberno Central \u201c\u00e9 exactamente a mesma\u201d con Pedro S\u00e1nchez do que era diante do Executivo presidido por Mariano Rajoy, polo que as reivindicaci\u00f3ns son id\u00e9nticas.","og_url":"https:\/\/ppdegalicia.com\/es\/o-grupo-popular-insiste-en-que-a-axenda-de-galicia-e-a-mesma-co-goberno-de-sanchez-que-co-de-rajoy\/","og_site_name":"PP de Galicia","article_publisher":"https:\/\/www.instagram.com\/ppdegalicia\/","article_published_time":"2018-07-11T13:22:23+00:00","author":"Super User","twitter_card":"summary_large_image","twitter_creator":"@ppdegalicia","twitter_site":"@ppdegalicia","twitter_misc":{"Escrito por":"Super User","Tiempo de lectura":"1 minuto"},"schema":{"@context":"https:\/\/schema.org","@graph":[{"@type":"Article","@id":"https:\/\/ppdegalicia.com\/es\/o-grupo-popular-insiste-en-que-a-axenda-de-galicia-e-a-mesma-co-goberno-de-sanchez-que-co-de-rajoy\/#article","isPartOf":{"@id":"https:\/\/ppdegalicia.com\/es\/o-grupo-popular-insiste-en-que-a-axenda-de-galicia-e-a-mesma-co-goberno-de-sanchez-que-co-de-rajoy\/"},"author":{"name":"Super User","@id":"https:\/\/ppdegalicia.com\/es\/#\/schema\/person\/d0f013b8388c980665d44009ab762960"},"headline":"O Grupo Popular insiste en que a axenda de Galicia \u201c\u00e9 a mesma co goberno de S\u00e1nchez que co de Rajoy\u201d","datePublished":"2018-07-11T13:22:23+00:00","mainEntityOfPage":{"@id":"https:\/\/ppdegalicia.com\/es\/o-grupo-popular-insiste-en-que-a-axenda-de-galicia-e-a-mesma-co-goberno-de-sanchez-que-co-de-rajoy\/"},"wordCount":284,"commentCount":0,"publisher":{"@id":"https:\/\/ppdegalicia.com\/es\/#organization"},"articleSection":["PP de Galicia"],"inLanguage":"es","potentialAction":[{"@type":"CommentAction","name":"Comment","target":["https:\/\/ppdegalicia.com\/es\/o-grupo-popular-insiste-en-que-a-axenda-de-galicia-e-a-mesma-co-goberno-de-sanchez-que-co-de-rajoy\/#respond"]}]},{"@type":"WebPage","@id":"https:\/\/ppdegalicia.com\/es\/o-grupo-popular-insiste-en-que-a-axenda-de-galicia-e-a-mesma-co-goberno-de-sanchez-que-co-de-rajoy\/","url":"https:\/\/ppdegalicia.com\/es\/o-grupo-popular-insiste-en-que-a-axenda-de-galicia-e-a-mesma-co-goberno-de-sanchez-que-co-de-rajoy\/","name":"O Grupo Popular insiste en que a axenda de Galicia \u201c\u00e9 a mesma co goberno de S\u00e1nchez que co de Rajoy\u201d - PP de Galicia","isPartOf":{"@id":"https:\/\/ppdegalicia.com\/es\/#website"},"datePublished":"2018-07-11T13:22:23+00:00","breadcrumb":{"@id":"https:\/\/ppdegalicia.com\/es\/o-grupo-popular-insiste-en-que-a-axenda-de-galicia-e-a-mesma-co-goberno-de-sanchez-que-co-de-rajoy\/#breadcrumb"},"inLanguage":"es","potentialAction":[{"@type":"ReadAction","target":["https:\/\/ppdegalicia.com\/es\/o-grupo-popular-insiste-en-que-a-axenda-de-galicia-e-a-mesma-co-goberno-de-sanchez-que-co-de-rajoy\/"]}]},{"@type":"BreadcrumbList","@id":"https:\/\/ppdegalicia.com\/es\/o-grupo-popular-insiste-en-que-a-axenda-de-galicia-e-a-mesma-co-goberno-de-sanchez-que-co-de-rajoy\/#breadcrumb","itemListElement":[{"@type":"ListItem","position":1,"name":"Portada","item":"https:\/\/ppdegalicia.com\/es\/"},{"@type":"ListItem","position":2,"name":"O Grupo Popular insiste en que a axenda de Galicia \u201c\u00e9 a mesma co goberno de S\u00e1nchez que co de Rajoy\u201d"}]},{"@type":"WebSite","@id":"https:\/\/ppdegalicia.com\/es\/#website","url":"https:\/\/ppdegalicia.com\/es\/","name":"Partido Popular de Galicia","description":"Partido Popular de Galicia","publisher":{"@id":"https:\/\/ppdegalicia.com\/es\/#organization"},"alternateName":"PP de Galicia","potentialAction":[{"@type":"SearchAction","target":{"@type":"EntryPoint","urlTemplate":"https:\/\/ppdegalicia.com\/es\/?s={search_term_string}"},"query-input":{"@type":"PropertyValueSpecification","valueRequired":true,"valueName":"search_term_string"}}],"inLanguage":"es"},{"@type":"Organization","@id":"https:\/\/ppdegalicia.com\/es\/#organization","name":"Partido Popular de Galicia","alternateName":"PP de Galicia","url":"https:\/\/ppdegalicia.com\/es\/","logo":{"@type":"ImageObject","inLanguage":"es","@id":"https:\/\/ppdegalicia.com\/es\/#\/schema\/logo\/image\/","url":"https:\/\/ppdegalicia.com\/wp-content\/uploads\/2023\/04\/logoPP512.png","contentUrl":"https:\/\/ppdegalicia.com\/wp-content\/uploads\/2023\/04\/logoPP512.png","width":512,"height":512,"caption":"Partido Popular de Galicia"},"image":{"@id":"https:\/\/ppdegalicia.com\/es\/#\/schema\/logo\/image\/"},"sameAs":["https:\/\/www.instagram.com\/ppdegalicia\/","https:\/\/x.com\/ppdegalicia","https:\/\/www.tiktok.com\/@ppdegalicia","https:\/\/www.youtube.com\/user\/ppdegalicia"]},{"@type":"Person","@id":"https:\/\/ppdegalicia.com\/es\/#\/schema\/person\/d0f013b8388c980665d44009ab762960","name":"Super User","image":{"@type":"ImageObject","inLanguage":"es","@id":"https:\/\/secure.gravatar.com\/avatar\/1db852625ef4948f58d2739bfbc51e4b9bd5c93b8fa340b59fdb594ca0845645?s=96&d=mm&r=g","url":"https:\/\/secure.gravatar.com\/avatar\/1db852625ef4948f58d2739bfbc51e4b9bd5c93b8fa340b59fdb594ca0845645?s=96&d=mm&r=g","contentUrl":"https:\/\/secure.gravatar.com\/avatar\/1db852625ef4948f58d2739bfbc51e4b9bd5c93b8fa340b59fdb594ca0845645?s=96&d=mm&r=g","caption":"Super User"},"url":"https:\/\/ppdegalicia.com\/es\/author\/ppdegaliciagestion\/"}]}},"_links":{"self":[{"href":"https:\/\/ppdegalicia.com\/es\/wp-json\/wp\/v2\/posts\/52883","targetHints":{"allow":["GET"]}}],"collection":[{"href":"https:\/\/ppdegalicia.com\/es\/wp-json\/wp\/v2\/posts"}],"about":[{"href":"https:\/\/ppdegalicia.com\/es\/wp-json\/wp\/v2\/types\/post"}],"author":[{"embeddable":true,"href":"https:\/\/ppdegalicia.com\/es\/wp-json\/wp\/v2\/users\/37"}],"replies":[{"embeddable":true,"href":"https:\/\/ppdegalicia.com\/es\/wp-json\/wp\/v2\/comments?post=52883"}],"version-history":[{"count":0,"href":"https:\/\/ppdegalicia.com\/es\/wp-json\/wp\/v2\/posts\/52883\/revisions"}],"wp:attachment":[{"href":"https:\/\/ppdegalicia.com\/es\/wp-json\/wp\/v2\/media?parent=52883"}],"wp:term":[{"taxonomy":"category","embeddable":true,"href":"https:\/\/ppdegalicia.com\/es\/wp-json\/wp\/v2\/categories?post=52883"},{"taxonomy":"post_tag","embeddable":true,"href":"https:\/\/ppdegalicia.com\/es\/wp-json\/wp\/v2\/tags?post=52883"}],"curies":[{"name":"wp","href":"https:\/\/api.w.org\/{rel}","templated":true}]}}