{"id":52884,"date":"2018-07-11T11:07:45","date_gmt":"2018-07-11T09:07:45","guid":{"rendered":"https:\/\/ppdegalicia.com\/o-ppdeg-demanda-que-goberno-central-e-deputacion-de-pontevedra-complementen-as-axudas-da-xunta-para-os-afectados-da-explosion-de-tui\/"},"modified":"2018-07-11T11:07:45","modified_gmt":"2018-07-11T09:07:45","slug":"o-ppdeg-demanda-que-goberno-central-e-deputacion-de-pontevedra-complementen-as-axudas-da-xunta-para-os-afectados-da-explosion-de-tui","status":"publish","type":"post","link":"https:\/\/ppdegalicia.com\/es\/o-ppdeg-demanda-que-goberno-central-e-deputacion-de-pontevedra-complementen-as-axudas-da-xunta-para-os-afectados-da-explosion-de-tui\/","title":{"rendered":"O PPdeG demanda que Goberno central e Deputaci\u00f3n de Pontevedra complementen as axudas da Xunta para os afectados da explosi\u00f3n de Tui"},"content":{"rendered":"<p style=\"text-align: justify;\"><span style=\"text-decoration: underline;\">Santiago, 11 de xullo de 2018.-<\/span> O deputado do Grupo Popular Mois\u00e9s Rodr\u00edguez P\u00e9rez demandou hoxe no Parlamento que o Goberno central e a Deputaci\u00f3n de Pontevedra destinen fondos extraordinarios e adicionais aos xa previstos nos orzamentos vixentes que complementen as axudas postas en marcha pola Xunta de Galicia para paliar os danos causados pola explosi\u00f3n de material pirot\u00e9cnico na parroquia de Paramos do concello de Tui.<\/p>\n<p><!--more--><\/p>\n<p style=\"text-align: justify;\">Mois\u00e9s Rodr\u00edguez salientou que \u201ca Xunta foi a primeira, nun tempo r\u00e9cord, en comprometer axudas por m\u00e1is de sete mill\u00f3ns de euros, unha responsabilidade que deber\u00edan asumir o resto de administraci\u00f3ns p\u00fablicas, especialmente a Deputaci\u00f3n de Pontevedra ou o Goberno central\u201d.<\/p>\n<p>&nbsp;<\/p>\n<p style=\"text-align: justify;\"><strong><span style=\"text-decoration: underline;\">M\u00c1IS AXUDAS<\/span><\/strong><\/p>\n<p style=\"text-align: justify;\">A estas axudas iniciais, sumouse o pasado 5 de xullo outro acordo do Consello da Xunta a trav\u00e9s da que se po\u00f1\u00edan a disposici\u00f3n dos afectados novas axudas para as necesidades dos dous menores que quedaron orfos; para establecementos comerciais, industriais, tur\u00edsticos ou mercant\u00eds; para os titulares de explotaci\u00f3ns agrarias ou gandeiras; para reparaci\u00f3n de bens, maquinarias, equipamento ou medios de produci\u00f3n; para compensar a perda total ou parcial da produci\u00f3n agr\u00edcola; ou para compensar a morte de gando ou perda de colmeas.<\/p>\n<p>&nbsp;<\/p>\n<p style=\"text-align: justify;\">As\u00ed mesmo, lembrou a proposici\u00f3n non de lei do Grupo Popular aprobada por unanimidade o pasado 29 de xu\u00f1o, logo de incorporar emendas dos socialistas e do BNG, a trav\u00e9s da que se ped\u00eda a exenci\u00f3n no IRPF das axudas auton\u00f3micas recibidas polos afectados e do IBI; a reduci\u00f3n do IAE; a exenci\u00f3n das taxas para a baixa de veh\u00edculos en tr\u00e1fico; o establecemento de li\u00f1as de financiamento a favor do Concello de Tui para compensar os gastos; ou demandar ao Goberno central a declaraci\u00f3n de zona gravemente afectada por unha emerxencia de protecci\u00f3n civil.<\/p>\n<p>&nbsp;<\/p>\n<p style=\"text-align: justify;\"><strong><span style=\"text-decoration: underline;\">TRABALLANDO E ESCOITANDO AOS VECI\u00d1OS<\/span><\/strong><\/p>\n<p style=\"text-align: justify;\">\u201cO PPdeG est\u00e1 traballando e seguiremos escoitando aos veci\u00f1os, e te\u00f1an por seguro que seguiremos facendo todo o que estea na nosa man para que os veci\u00f1os superen esta dram\u00e1tica situaci\u00f3n\u201d, asegurou Mois\u00e9s Rodr\u00edguez.<\/p>\n<p>&nbsp;<\/p>\n<p style=\"text-align: justify;\">Por\u00e9n, Mois\u00e9s Rodr\u00edguez sinalou que \u201cseguimos esperando que a Deputaci\u00f3n de Pontevedra e o Goberno central dean unha resposta \u00e1 demanda de axudas que complementen o esforzo orzamentario que a Xunta de Galicia xa est\u00e1 a facer por responsabilidade e pola s\u00faa vontade de asistir \u00e1s persoas afectadas\u201d.<\/p>\n","protected":false},"excerpt":{"rendered":"<p>Santiago, 11 de xullo de 2018.- O deputado do Grupo Popular Mois\u00e9s Rodr\u00edguez P\u00e9rez demandou hoxe no Parlamento que o Goberno central e a Deputaci\u00f3n de Pontevedra destinen fondos extraordinarios e adicionais aos xa previstos nos orzamentos vixentes que complementen as axudas postas en marcha pola Xunta de Galicia para paliar os danos causados pola [&hellip;]<\/p>\n","protected":false},"author":37,"featured_media":0,"comment_status":"open","ping_status":"open","sticky":false,"template":"","format":"standard","meta":{"_acf_changed":false,"footnotes":""},"categories":[1],"tags":[],"class_list":["post-52884","post","type-post","status-publish","format-standard","hentry","category-pp-de-galicia"],"acf":[],"yoast_head":"<!-- This site is optimized with the Yoast SEO plugin v27.3 - https:\/\/yoast.com\/product\/yoast-seo-wordpress\/ -->\n<title>O PPdeG demanda que Goberno central e Deputaci\u00f3n de Pontevedra complementen as axudas da Xunta para os afectados da explosi\u00f3n de Tui - PP de Galicia<\/title>\n<meta name=\"robots\" content=\"index, follow, max-snippet:-1, max-image-preview:large, max-video-preview:-1\" \/>\n<link rel=\"canonical\" href=\"https:\/\/ppdegalicia.com\/es\/o-ppdeg-demanda-que-goberno-central-e-deputacion-de-pontevedra-complementen-as-axudas-da-xunta-para-os-afectados-da-explosion-de-tui\/\" \/>\n<meta property=\"og:locale\" content=\"es_ES\" \/>\n<meta property=\"og:type\" content=\"article\" \/>\n<meta property=\"og:title\" content=\"O PPdeG demanda que Goberno central e Deputaci\u00f3n de Pontevedra complementen as axudas da Xunta para os afectados da explosi\u00f3n de Tui - PP de Galicia\" \/>\n<meta property=\"og:description\" content=\"Santiago, 11 de xullo de 2018.- O deputado do Grupo Popular Mois\u00e9s Rodr\u00edguez P\u00e9rez demandou hoxe no Parlamento que o Goberno central e a Deputaci\u00f3n de Pontevedra destinen fondos extraordinarios e adicionais aos xa previstos nos orzamentos vixentes que complementen as axudas postas en marcha pola Xunta de Galicia para paliar os danos causados pola [&hellip;]\" \/>\n<meta property=\"og:url\" content=\"https:\/\/ppdegalicia.com\/es\/o-ppdeg-demanda-que-goberno-central-e-deputacion-de-pontevedra-complementen-as-axudas-da-xunta-para-os-afectados-da-explosion-de-tui\/\" \/>\n<meta property=\"og:site_name\" content=\"PP de Galicia\" \/>\n<meta property=\"article:publisher\" content=\"https:\/\/www.instagram.com\/ppdegalicia\/\" \/>\n<meta property=\"article:published_time\" content=\"2018-07-11T09:07:45+00:00\" \/>\n<meta name=\"author\" content=\"Super User\" \/>\n<meta name=\"twitter:card\" content=\"summary_large_image\" \/>\n<meta name=\"twitter:creator\" content=\"@ppdegalicia\" \/>\n<meta name=\"twitter:site\" content=\"@ppdegalicia\" \/>\n<meta name=\"twitter:label1\" content=\"Escrito por\" \/>\n\t<meta name=\"twitter:data1\" content=\"Super User\" \/>\n\t<meta name=\"twitter:label2\" content=\"Tiempo de lectura\" \/>\n\t<meta name=\"twitter:data2\" content=\"2 minutos\" \/>\n<script type=\"application\/ld+json\" class=\"yoast-schema-graph\">{\"@context\":\"https:\\\/\\\/schema.org\",\"@graph\":[{\"@type\":\"Article\",\"@id\":\"https:\\\/\\\/ppdegalicia.com\\\/es\\\/o-ppdeg-demanda-que-goberno-central-e-deputacion-de-pontevedra-complementen-as-axudas-da-xunta-para-os-afectados-da-explosion-de-tui\\\/#article\",\"isPartOf\":{\"@id\":\"https:\\\/\\\/ppdegalicia.com\\\/es\\\/o-ppdeg-demanda-que-goberno-central-e-deputacion-de-pontevedra-complementen-as-axudas-da-xunta-para-os-afectados-da-explosion-de-tui\\\/\"},\"author\":{\"name\":\"Super User\",\"@id\":\"https:\\\/\\\/ppdegalicia.com\\\/es\\\/#\\\/schema\\\/person\\\/d0f013b8388c980665d44009ab762960\"},\"headline\":\"O PPdeG demanda que Goberno central e Deputaci\u00f3n de Pontevedra complementen as axudas da Xunta para os afectados da explosi\u00f3n de Tui\",\"datePublished\":\"2018-07-11T09:07:45+00:00\",\"mainEntityOfPage\":{\"@id\":\"https:\\\/\\\/ppdegalicia.com\\\/es\\\/o-ppdeg-demanda-que-goberno-central-e-deputacion-de-pontevedra-complementen-as-axudas-da-xunta-para-os-afectados-da-explosion-de-tui\\\/\"},\"wordCount\":451,\"commentCount\":0,\"publisher\":{\"@id\":\"https:\\\/\\\/ppdegalicia.com\\\/es\\\/#organization\"},\"articleSection\":[\"PP de Galicia\"],\"inLanguage\":\"es\",\"potentialAction\":[{\"@type\":\"CommentAction\",\"name\":\"Comment\",\"target\":[\"https:\\\/\\\/ppdegalicia.com\\\/es\\\/o-ppdeg-demanda-que-goberno-central-e-deputacion-de-pontevedra-complementen-as-axudas-da-xunta-para-os-afectados-da-explosion-de-tui\\\/#respond\"]}]},{\"@type\":\"WebPage\",\"@id\":\"https:\\\/\\\/ppdegalicia.com\\\/es\\\/o-ppdeg-demanda-que-goberno-central-e-deputacion-de-pontevedra-complementen-as-axudas-da-xunta-para-os-afectados-da-explosion-de-tui\\\/\",\"url\":\"https:\\\/\\\/ppdegalicia.com\\\/es\\\/o-ppdeg-demanda-que-goberno-central-e-deputacion-de-pontevedra-complementen-as-axudas-da-xunta-para-os-afectados-da-explosion-de-tui\\\/\",\"name\":\"O PPdeG demanda que Goberno central e Deputaci\u00f3n de Pontevedra complementen as axudas da Xunta para os afectados da explosi\u00f3n de Tui - PP de Galicia\",\"isPartOf\":{\"@id\":\"https:\\\/\\\/ppdegalicia.com\\\/es\\\/#website\"},\"datePublished\":\"2018-07-11T09:07:45+00:00\",\"breadcrumb\":{\"@id\":\"https:\\\/\\\/ppdegalicia.com\\\/es\\\/o-ppdeg-demanda-que-goberno-central-e-deputacion-de-pontevedra-complementen-as-axudas-da-xunta-para-os-afectados-da-explosion-de-tui\\\/#breadcrumb\"},\"inLanguage\":\"es\",\"potentialAction\":[{\"@type\":\"ReadAction\",\"target\":[\"https:\\\/\\\/ppdegalicia.com\\\/es\\\/o-ppdeg-demanda-que-goberno-central-e-deputacion-de-pontevedra-complementen-as-axudas-da-xunta-para-os-afectados-da-explosion-de-tui\\\/\"]}]},{\"@type\":\"BreadcrumbList\",\"@id\":\"https:\\\/\\\/ppdegalicia.com\\\/es\\\/o-ppdeg-demanda-que-goberno-central-e-deputacion-de-pontevedra-complementen-as-axudas-da-xunta-para-os-afectados-da-explosion-de-tui\\\/#breadcrumb\",\"itemListElement\":[{\"@type\":\"ListItem\",\"position\":1,\"name\":\"Portada\",\"item\":\"https:\\\/\\\/ppdegalicia.com\\\/es\\\/\"},{\"@type\":\"ListItem\",\"position\":2,\"name\":\"O PPdeG demanda que Goberno central e Deputaci\u00f3n de Pontevedra complementen as axudas da Xunta para os afectados da explosi\u00f3n de Tui\"}]},{\"@type\":\"WebSite\",\"@id\":\"https:\\\/\\\/ppdegalicia.com\\\/es\\\/#website\",\"url\":\"https:\\\/\\\/ppdegalicia.com\\\/es\\\/\",\"name\":\"Partido Popular de Galicia\",\"description\":\"Partido Popular de Galicia\",\"publisher\":{\"@id\":\"https:\\\/\\\/ppdegalicia.com\\\/es\\\/#organization\"},\"alternateName\":\"PP de Galicia\",\"potentialAction\":[{\"@type\":\"SearchAction\",\"target\":{\"@type\":\"EntryPoint\",\"urlTemplate\":\"https:\\\/\\\/ppdegalicia.com\\\/es\\\/?s={search_term_string}\"},\"query-input\":{\"@type\":\"PropertyValueSpecification\",\"valueRequired\":true,\"valueName\":\"search_term_string\"}}],\"inLanguage\":\"es\"},{\"@type\":\"Organization\",\"@id\":\"https:\\\/\\\/ppdegalicia.com\\\/es\\\/#organization\",\"name\":\"Partido Popular de Galicia\",\"alternateName\":\"PP de Galicia\",\"url\":\"https:\\\/\\\/ppdegalicia.com\\\/es\\\/\",\"logo\":{\"@type\":\"ImageObject\",\"inLanguage\":\"es\",\"@id\":\"https:\\\/\\\/ppdegalicia.com\\\/es\\\/#\\\/schema\\\/logo\\\/image\\\/\",\"url\":\"https:\\\/\\\/ppdegalicia.com\\\/wp-content\\\/uploads\\\/2023\\\/04\\\/logoPP512.png\",\"contentUrl\":\"https:\\\/\\\/ppdegalicia.com\\\/wp-content\\\/uploads\\\/2023\\\/04\\\/logoPP512.png\",\"width\":512,\"height\":512,\"caption\":\"Partido Popular de Galicia\"},\"image\":{\"@id\":\"https:\\\/\\\/ppdegalicia.com\\\/es\\\/#\\\/schema\\\/logo\\\/image\\\/\"},\"sameAs\":[\"https:\\\/\\\/www.instagram.com\\\/ppdegalicia\\\/\",\"https:\\\/\\\/x.com\\\/ppdegalicia\",\"https:\\\/\\\/www.tiktok.com\\\/@ppdegalicia\",\"https:\\\/\\\/www.youtube.com\\\/user\\\/ppdegalicia\"]},{\"@type\":\"Person\",\"@id\":\"https:\\\/\\\/ppdegalicia.com\\\/es\\\/#\\\/schema\\\/person\\\/d0f013b8388c980665d44009ab762960\",\"name\":\"Super User\",\"image\":{\"@type\":\"ImageObject\",\"inLanguage\":\"es\",\"@id\":\"https:\\\/\\\/secure.gravatar.com\\\/avatar\\\/1db852625ef4948f58d2739bfbc51e4b9bd5c93b8fa340b59fdb594ca0845645?s=96&d=mm&r=g\",\"url\":\"https:\\\/\\\/secure.gravatar.com\\\/avatar\\\/1db852625ef4948f58d2739bfbc51e4b9bd5c93b8fa340b59fdb594ca0845645?s=96&d=mm&r=g\",\"contentUrl\":\"https:\\\/\\\/secure.gravatar.com\\\/avatar\\\/1db852625ef4948f58d2739bfbc51e4b9bd5c93b8fa340b59fdb594ca0845645?s=96&d=mm&r=g\",\"caption\":\"Super User\"},\"url\":\"https:\\\/\\\/ppdegalicia.com\\\/es\\\/author\\\/ppdegaliciagestion\\\/\"}]}<\/script>\n<!-- \/ Yoast SEO plugin. -->","yoast_head_json":{"title":"O PPdeG demanda que Goberno central e Deputaci\u00f3n de Pontevedra complementen as axudas da Xunta para os afectados da explosi\u00f3n de Tui - PP de Galicia","robots":{"index":"index","follow":"follow","max-snippet":"max-snippet:-1","max-image-preview":"max-image-preview:large","max-video-preview":"max-video-preview:-1"},"canonical":"https:\/\/ppdegalicia.com\/es\/o-ppdeg-demanda-que-goberno-central-e-deputacion-de-pontevedra-complementen-as-axudas-da-xunta-para-os-afectados-da-explosion-de-tui\/","og_locale":"es_ES","og_type":"article","og_title":"O PPdeG demanda que Goberno central e Deputaci\u00f3n de Pontevedra complementen as axudas da Xunta para os afectados da explosi\u00f3n de Tui - PP de Galicia","og_description":"Santiago, 11 de xullo de 2018.- O deputado do Grupo Popular Mois\u00e9s Rodr\u00edguez P\u00e9rez demandou hoxe no Parlamento que o Goberno central e a Deputaci\u00f3n de Pontevedra destinen fondos extraordinarios e adicionais aos xa previstos nos orzamentos vixentes que complementen as axudas postas en marcha pola Xunta de Galicia para paliar os danos causados pola [&hellip;]","og_url":"https:\/\/ppdegalicia.com\/es\/o-ppdeg-demanda-que-goberno-central-e-deputacion-de-pontevedra-complementen-as-axudas-da-xunta-para-os-afectados-da-explosion-de-tui\/","og_site_name":"PP de Galicia","article_publisher":"https:\/\/www.instagram.com\/ppdegalicia\/","article_published_time":"2018-07-11T09:07:45+00:00","author":"Super User","twitter_card":"summary_large_image","twitter_creator":"@ppdegalicia","twitter_site":"@ppdegalicia","twitter_misc":{"Escrito por":"Super User","Tiempo de lectura":"2 minutos"},"schema":{"@context":"https:\/\/schema.org","@graph":[{"@type":"Article","@id":"https:\/\/ppdegalicia.com\/es\/o-ppdeg-demanda-que-goberno-central-e-deputacion-de-pontevedra-complementen-as-axudas-da-xunta-para-os-afectados-da-explosion-de-tui\/#article","isPartOf":{"@id":"https:\/\/ppdegalicia.com\/es\/o-ppdeg-demanda-que-goberno-central-e-deputacion-de-pontevedra-complementen-as-axudas-da-xunta-para-os-afectados-da-explosion-de-tui\/"},"author":{"name":"Super User","@id":"https:\/\/ppdegalicia.com\/es\/#\/schema\/person\/d0f013b8388c980665d44009ab762960"},"headline":"O PPdeG demanda que Goberno central e Deputaci\u00f3n de Pontevedra complementen as axudas da Xunta para os afectados da explosi\u00f3n de Tui","datePublished":"2018-07-11T09:07:45+00:00","mainEntityOfPage":{"@id":"https:\/\/ppdegalicia.com\/es\/o-ppdeg-demanda-que-goberno-central-e-deputacion-de-pontevedra-complementen-as-axudas-da-xunta-para-os-afectados-da-explosion-de-tui\/"},"wordCount":451,"commentCount":0,"publisher":{"@id":"https:\/\/ppdegalicia.com\/es\/#organization"},"articleSection":["PP de Galicia"],"inLanguage":"es","potentialAction":[{"@type":"CommentAction","name":"Comment","target":["https:\/\/ppdegalicia.com\/es\/o-ppdeg-demanda-que-goberno-central-e-deputacion-de-pontevedra-complementen-as-axudas-da-xunta-para-os-afectados-da-explosion-de-tui\/#respond"]}]},{"@type":"WebPage","@id":"https:\/\/ppdegalicia.com\/es\/o-ppdeg-demanda-que-goberno-central-e-deputacion-de-pontevedra-complementen-as-axudas-da-xunta-para-os-afectados-da-explosion-de-tui\/","url":"https:\/\/ppdegalicia.com\/es\/o-ppdeg-demanda-que-goberno-central-e-deputacion-de-pontevedra-complementen-as-axudas-da-xunta-para-os-afectados-da-explosion-de-tui\/","name":"O PPdeG demanda que Goberno central e Deputaci\u00f3n de Pontevedra complementen as axudas da Xunta para os afectados da explosi\u00f3n de Tui - PP de Galicia","isPartOf":{"@id":"https:\/\/ppdegalicia.com\/es\/#website"},"datePublished":"2018-07-11T09:07:45+00:00","breadcrumb":{"@id":"https:\/\/ppdegalicia.com\/es\/o-ppdeg-demanda-que-goberno-central-e-deputacion-de-pontevedra-complementen-as-axudas-da-xunta-para-os-afectados-da-explosion-de-tui\/#breadcrumb"},"inLanguage":"es","potentialAction":[{"@type":"ReadAction","target":["https:\/\/ppdegalicia.com\/es\/o-ppdeg-demanda-que-goberno-central-e-deputacion-de-pontevedra-complementen-as-axudas-da-xunta-para-os-afectados-da-explosion-de-tui\/"]}]},{"@type":"BreadcrumbList","@id":"https:\/\/ppdegalicia.com\/es\/o-ppdeg-demanda-que-goberno-central-e-deputacion-de-pontevedra-complementen-as-axudas-da-xunta-para-os-afectados-da-explosion-de-tui\/#breadcrumb","itemListElement":[{"@type":"ListItem","position":1,"name":"Portada","item":"https:\/\/ppdegalicia.com\/es\/"},{"@type":"ListItem","position":2,"name":"O PPdeG demanda que Goberno central e Deputaci\u00f3n de Pontevedra complementen as axudas da Xunta para os afectados da explosi\u00f3n de Tui"}]},{"@type":"WebSite","@id":"https:\/\/ppdegalicia.com\/es\/#website","url":"https:\/\/ppdegalicia.com\/es\/","name":"Partido Popular de Galicia","description":"Partido Popular de Galicia","publisher":{"@id":"https:\/\/ppdegalicia.com\/es\/#organization"},"alternateName":"PP de Galicia","potentialAction":[{"@type":"SearchAction","target":{"@type":"EntryPoint","urlTemplate":"https:\/\/ppdegalicia.com\/es\/?s={search_term_string}"},"query-input":{"@type":"PropertyValueSpecification","valueRequired":true,"valueName":"search_term_string"}}],"inLanguage":"es"},{"@type":"Organization","@id":"https:\/\/ppdegalicia.com\/es\/#organization","name":"Partido Popular de Galicia","alternateName":"PP de Galicia","url":"https:\/\/ppdegalicia.com\/es\/","logo":{"@type":"ImageObject","inLanguage":"es","@id":"https:\/\/ppdegalicia.com\/es\/#\/schema\/logo\/image\/","url":"https:\/\/ppdegalicia.com\/wp-content\/uploads\/2023\/04\/logoPP512.png","contentUrl":"https:\/\/ppdegalicia.com\/wp-content\/uploads\/2023\/04\/logoPP512.png","width":512,"height":512,"caption":"Partido Popular de Galicia"},"image":{"@id":"https:\/\/ppdegalicia.com\/es\/#\/schema\/logo\/image\/"},"sameAs":["https:\/\/www.instagram.com\/ppdegalicia\/","https:\/\/x.com\/ppdegalicia","https:\/\/www.tiktok.com\/@ppdegalicia","https:\/\/www.youtube.com\/user\/ppdegalicia"]},{"@type":"Person","@id":"https:\/\/ppdegalicia.com\/es\/#\/schema\/person\/d0f013b8388c980665d44009ab762960","name":"Super User","image":{"@type":"ImageObject","inLanguage":"es","@id":"https:\/\/secure.gravatar.com\/avatar\/1db852625ef4948f58d2739bfbc51e4b9bd5c93b8fa340b59fdb594ca0845645?s=96&d=mm&r=g","url":"https:\/\/secure.gravatar.com\/avatar\/1db852625ef4948f58d2739bfbc51e4b9bd5c93b8fa340b59fdb594ca0845645?s=96&d=mm&r=g","contentUrl":"https:\/\/secure.gravatar.com\/avatar\/1db852625ef4948f58d2739bfbc51e4b9bd5c93b8fa340b59fdb594ca0845645?s=96&d=mm&r=g","caption":"Super User"},"url":"https:\/\/ppdegalicia.com\/es\/author\/ppdegaliciagestion\/"}]}},"_links":{"self":[{"href":"https:\/\/ppdegalicia.com\/es\/wp-json\/wp\/v2\/posts\/52884","targetHints":{"allow":["GET"]}}],"collection":[{"href":"https:\/\/ppdegalicia.com\/es\/wp-json\/wp\/v2\/posts"}],"about":[{"href":"https:\/\/ppdegalicia.com\/es\/wp-json\/wp\/v2\/types\/post"}],"author":[{"embeddable":true,"href":"https:\/\/ppdegalicia.com\/es\/wp-json\/wp\/v2\/users\/37"}],"replies":[{"embeddable":true,"href":"https:\/\/ppdegalicia.com\/es\/wp-json\/wp\/v2\/comments?post=52884"}],"version-history":[{"count":0,"href":"https:\/\/ppdegalicia.com\/es\/wp-json\/wp\/v2\/posts\/52884\/revisions"}],"wp:attachment":[{"href":"https:\/\/ppdegalicia.com\/es\/wp-json\/wp\/v2\/media?parent=52884"}],"wp:term":[{"taxonomy":"category","embeddable":true,"href":"https:\/\/ppdegalicia.com\/es\/wp-json\/wp\/v2\/categories?post=52884"},{"taxonomy":"post_tag","embeddable":true,"href":"https:\/\/ppdegalicia.com\/es\/wp-json\/wp\/v2\/tags?post=52884"}],"curies":[{"name":"wp","href":"https:\/\/api.w.org\/{rel}","templated":true}]}}