{"id":52885,"date":"2018-07-11T11:18:05","date_gmt":"2018-07-11T09:18:05","guid":{"rendered":"https:\/\/ppdegalicia.com\/o-parlamento-galego-pide-ao-goberno-central-que-ratifique-a-chegada-en-probas-do-ave-a-galicia-para-2019\/"},"modified":"2018-07-11T11:18:05","modified_gmt":"2018-07-11T09:18:05","slug":"o-parlamento-galego-pide-ao-goberno-central-que-ratifique-a-chegada-en-probas-do-ave-a-galicia-para-2019","status":"publish","type":"post","link":"https:\/\/ppdegalicia.com\/es\/o-parlamento-galego-pide-ao-goberno-central-que-ratifique-a-chegada-en-probas-do-ave-a-galicia-para-2019\/","title":{"rendered":"O Parlamento galego pide ao Goberno central que ratifique a chegada en probas do AVE a Galicia para 2019"},"content":{"rendered":"<p style=\"text-align: justify;\"><span style=\"text-decoration: underline;\">Santiago, 11 de xullo de 2018.-<\/span> O Parlamento de Galicia aprobou hoxe a proposici\u00f3n non de lei do Grupo Popular, que foi transaccionada co Grupo Socialista, a trav\u00e9s da que se demanda ao Goberno central que ratifique a data comprometida de finalizaci\u00f3n das obras do AVE a Galicia, co obxectivo que estea funcionando en probas no ano 2019, tal e como ti\u00f1a comprometido o anterior Executivo estatal.<\/p>\n<p><!--more--><\/p>\n<p style=\"text-align: justify;\">Ademais, demanda a creaci\u00f3n unha Subcomisi\u00f3n, coa participaci\u00f3n dos responsables de infraestruturas da Administraci\u00f3n central e da Xunta, que se ocupar\u00e1 da avaliaci\u00f3n e impulso das infraestruturas de Galicia e da s\u00faa execuci\u00f3n orzamentaria, que se sumar\u00e1 a que o novo ministro de Fomento mante\u00f1a o compromiso do anterior de efectuar visitas de periodicidade trimestral a Galicia con informaci\u00f3n dos avances das obras.<\/p>\n<p>&nbsp;<\/p>\n<p style=\"text-align: justify;\">A proposici\u00f3n non de lei recolle que a finalizaci\u00f3n da alta velocidade entre Madrid e Galicia no prazo comprometido \u00e9 un obxectivo irrenunciable e prioritario para a nosa Comunidade. Deste xeito, demanda que a Xunta mante\u00f1a, como veu facendo ata o de agora, o seu labor de vixilancia sobre os investimentos estatais e o cronograma previsto para que o remate desta infraestrutura estrat\u00e9xica para Galicia se produza no prazo comprometido.<\/p>\n<p>&nbsp;<\/p>\n<p style=\"text-align: justify;\">Por \u00faltimo, solicita que o novo Goberno socialista realice coa m\u00e1xima dilixencia e sen retrasos inxustificables os tr\u00e1mites necesarios para o inicio das obras das licitaci\u00f3ns pendentes ou en fase previa \u00e1 adxudicaci\u00f3ns.<\/p>\n<p>&nbsp;<\/p>\n<p style=\"text-align: justify;\"><strong><span style=\"text-decoration: underline;\">REFORZAR O COMPROMISO<\/span><\/strong><\/p>\n<p style=\"text-align: justify;\">O portavoz de Infraestruturas, Mart\u00edn Fern\u00e1ndez Prado, salientou que esta proposici\u00f3n non de lei ten como obxectivo \u201creforzar desde o Parlamento galego o compromiso de que unha infraestrutura estrat\u00e9xica para a competitividade de Galicia se remate nos prazos comprometidos, un obxectivo irrenunciable que todos debemos demandar e apoiar\u201d.<\/p>\n<p>&nbsp;<\/p>\n<p style=\"text-align: justify;\">As\u00ed mesmo, apuntou que \u201creforzar\u00e1 ao Goberno da Xunta e ao seu Presidente na reuni\u00f3n que manter\u00e1 o vindeiro 17 de xu\u00f1o co Presidente do Goberno de Espa\u00f1a, dado as incertezas xeradas por algunhas declaraci\u00f3ns feitas por responsables pol\u00edticos do Partido Socialista sobre a chegada do AVE a Galicia\u201d.<\/p>\n<p>&nbsp;<\/p>\n<p style=\"text-align: justify;\">Mart\u00edn Fern\u00e1ndez lembrou que desde o Goberno galego \u201cviuse mantendo unha actitude constante e continua de esixencia e reivindicaci\u00f3n ante o Goberno de Mariano Rajoy, que logrou arrincar do Goberno do Estado varios compromisos sobre o cronograma das obras, o impulso das obras pendentes e un labor de seguimento dos traballos\u201d.<\/p>\n<p>&nbsp;<\/p>\n<p style=\"text-align: justify;\">O portavoz popular referiuse ao informe recentemente presentado polo Goberno galego en relaci\u00f3n \u00e1 situaci\u00f3n actual das obras do AVE entre Galicia e Madrid, no que se confirma que as obras te\u00f1en un grao de execuci\u00f3n por enriba do 80 por cento, o que fai factible que os trens estean funcionando en probas en 2019.<\/p>\n","protected":false},"excerpt":{"rendered":"<p>Santiago, 11 de xullo de 2018.- O Parlamento de Galicia aprobou hoxe a proposici\u00f3n non de lei do Grupo Popular, que foi transaccionada co Grupo Socialista, a trav\u00e9s da que se demanda ao Goberno central que ratifique a data comprometida de finalizaci\u00f3n das obras do AVE a Galicia, co obxectivo que estea funcionando en probas [&hellip;]<\/p>\n","protected":false},"author":37,"featured_media":0,"comment_status":"open","ping_status":"open","sticky":false,"template":"","format":"standard","meta":{"_acf_changed":false,"footnotes":""},"categories":[1],"tags":[],"class_list":["post-52885","post","type-post","status-publish","format-standard","hentry","category-pp-de-galicia"],"acf":[],"yoast_head":"<!-- This site is optimized with the Yoast SEO plugin v27.3 - https:\/\/yoast.com\/product\/yoast-seo-wordpress\/ -->\n<title>O Parlamento galego pide ao Goberno central que ratifique a chegada en probas do AVE a Galicia para 2019 - PP de Galicia<\/title>\n<meta name=\"robots\" content=\"index, follow, max-snippet:-1, max-image-preview:large, max-video-preview:-1\" \/>\n<link rel=\"canonical\" href=\"https:\/\/ppdegalicia.com\/es\/o-parlamento-galego-pide-ao-goberno-central-que-ratifique-a-chegada-en-probas-do-ave-a-galicia-para-2019\/\" \/>\n<meta property=\"og:locale\" content=\"es_ES\" \/>\n<meta property=\"og:type\" content=\"article\" \/>\n<meta property=\"og:title\" content=\"O Parlamento galego pide ao Goberno central que ratifique a chegada en probas do AVE a Galicia para 2019 - PP de Galicia\" \/>\n<meta property=\"og:description\" content=\"Santiago, 11 de xullo de 2018.- O Parlamento de Galicia aprobou hoxe a proposici\u00f3n non de lei do Grupo Popular, que foi transaccionada co Grupo Socialista, a trav\u00e9s da que se demanda ao Goberno central que ratifique a data comprometida de finalizaci\u00f3n das obras do AVE a Galicia, co obxectivo que estea funcionando en probas [&hellip;]\" \/>\n<meta property=\"og:url\" content=\"https:\/\/ppdegalicia.com\/es\/o-parlamento-galego-pide-ao-goberno-central-que-ratifique-a-chegada-en-probas-do-ave-a-galicia-para-2019\/\" \/>\n<meta property=\"og:site_name\" content=\"PP de Galicia\" \/>\n<meta property=\"article:publisher\" content=\"https:\/\/www.instagram.com\/ppdegalicia\/\" \/>\n<meta property=\"article:published_time\" content=\"2018-07-11T09:18:05+00:00\" \/>\n<meta name=\"author\" content=\"Super User\" \/>\n<meta name=\"twitter:card\" content=\"summary_large_image\" \/>\n<meta name=\"twitter:creator\" content=\"@ppdegalicia\" \/>\n<meta name=\"twitter:site\" content=\"@ppdegalicia\" \/>\n<meta name=\"twitter:label1\" content=\"Escrito por\" \/>\n\t<meta name=\"twitter:data1\" content=\"Super User\" \/>\n\t<meta name=\"twitter:label2\" content=\"Tiempo de lectura\" \/>\n\t<meta name=\"twitter:data2\" content=\"2 minutos\" \/>\n<script type=\"application\/ld+json\" class=\"yoast-schema-graph\">{\"@context\":\"https:\\\/\\\/schema.org\",\"@graph\":[{\"@type\":\"Article\",\"@id\":\"https:\\\/\\\/ppdegalicia.com\\\/es\\\/o-parlamento-galego-pide-ao-goberno-central-que-ratifique-a-chegada-en-probas-do-ave-a-galicia-para-2019\\\/#article\",\"isPartOf\":{\"@id\":\"https:\\\/\\\/ppdegalicia.com\\\/es\\\/o-parlamento-galego-pide-ao-goberno-central-que-ratifique-a-chegada-en-probas-do-ave-a-galicia-para-2019\\\/\"},\"author\":{\"name\":\"Super User\",\"@id\":\"https:\\\/\\\/ppdegalicia.com\\\/es\\\/#\\\/schema\\\/person\\\/d0f013b8388c980665d44009ab762960\"},\"headline\":\"O Parlamento galego pide ao Goberno central que ratifique a chegada en probas do AVE a Galicia para 2019\",\"datePublished\":\"2018-07-11T09:18:05+00:00\",\"mainEntityOfPage\":{\"@id\":\"https:\\\/\\\/ppdegalicia.com\\\/es\\\/o-parlamento-galego-pide-ao-goberno-central-que-ratifique-a-chegada-en-probas-do-ave-a-galicia-para-2019\\\/\"},\"wordCount\":492,\"commentCount\":0,\"publisher\":{\"@id\":\"https:\\\/\\\/ppdegalicia.com\\\/es\\\/#organization\"},\"articleSection\":[\"PP de Galicia\"],\"inLanguage\":\"es\",\"potentialAction\":[{\"@type\":\"CommentAction\",\"name\":\"Comment\",\"target\":[\"https:\\\/\\\/ppdegalicia.com\\\/es\\\/o-parlamento-galego-pide-ao-goberno-central-que-ratifique-a-chegada-en-probas-do-ave-a-galicia-para-2019\\\/#respond\"]}]},{\"@type\":\"WebPage\",\"@id\":\"https:\\\/\\\/ppdegalicia.com\\\/es\\\/o-parlamento-galego-pide-ao-goberno-central-que-ratifique-a-chegada-en-probas-do-ave-a-galicia-para-2019\\\/\",\"url\":\"https:\\\/\\\/ppdegalicia.com\\\/es\\\/o-parlamento-galego-pide-ao-goberno-central-que-ratifique-a-chegada-en-probas-do-ave-a-galicia-para-2019\\\/\",\"name\":\"O Parlamento galego pide ao Goberno central que ratifique a chegada en probas do AVE a Galicia para 2019 - PP de Galicia\",\"isPartOf\":{\"@id\":\"https:\\\/\\\/ppdegalicia.com\\\/es\\\/#website\"},\"datePublished\":\"2018-07-11T09:18:05+00:00\",\"breadcrumb\":{\"@id\":\"https:\\\/\\\/ppdegalicia.com\\\/es\\\/o-parlamento-galego-pide-ao-goberno-central-que-ratifique-a-chegada-en-probas-do-ave-a-galicia-para-2019\\\/#breadcrumb\"},\"inLanguage\":\"es\",\"potentialAction\":[{\"@type\":\"ReadAction\",\"target\":[\"https:\\\/\\\/ppdegalicia.com\\\/es\\\/o-parlamento-galego-pide-ao-goberno-central-que-ratifique-a-chegada-en-probas-do-ave-a-galicia-para-2019\\\/\"]}]},{\"@type\":\"BreadcrumbList\",\"@id\":\"https:\\\/\\\/ppdegalicia.com\\\/es\\\/o-parlamento-galego-pide-ao-goberno-central-que-ratifique-a-chegada-en-probas-do-ave-a-galicia-para-2019\\\/#breadcrumb\",\"itemListElement\":[{\"@type\":\"ListItem\",\"position\":1,\"name\":\"Portada\",\"item\":\"https:\\\/\\\/ppdegalicia.com\\\/es\\\/\"},{\"@type\":\"ListItem\",\"position\":2,\"name\":\"O Parlamento galego pide ao Goberno central que ratifique a chegada en probas do AVE a Galicia para 2019\"}]},{\"@type\":\"WebSite\",\"@id\":\"https:\\\/\\\/ppdegalicia.com\\\/es\\\/#website\",\"url\":\"https:\\\/\\\/ppdegalicia.com\\\/es\\\/\",\"name\":\"Partido Popular de Galicia\",\"description\":\"Partido Popular de Galicia\",\"publisher\":{\"@id\":\"https:\\\/\\\/ppdegalicia.com\\\/es\\\/#organization\"},\"alternateName\":\"PP de Galicia\",\"potentialAction\":[{\"@type\":\"SearchAction\",\"target\":{\"@type\":\"EntryPoint\",\"urlTemplate\":\"https:\\\/\\\/ppdegalicia.com\\\/es\\\/?s={search_term_string}\"},\"query-input\":{\"@type\":\"PropertyValueSpecification\",\"valueRequired\":true,\"valueName\":\"search_term_string\"}}],\"inLanguage\":\"es\"},{\"@type\":\"Organization\",\"@id\":\"https:\\\/\\\/ppdegalicia.com\\\/es\\\/#organization\",\"name\":\"Partido Popular de Galicia\",\"alternateName\":\"PP de Galicia\",\"url\":\"https:\\\/\\\/ppdegalicia.com\\\/es\\\/\",\"logo\":{\"@type\":\"ImageObject\",\"inLanguage\":\"es\",\"@id\":\"https:\\\/\\\/ppdegalicia.com\\\/es\\\/#\\\/schema\\\/logo\\\/image\\\/\",\"url\":\"https:\\\/\\\/ppdegalicia.com\\\/wp-content\\\/uploads\\\/2023\\\/04\\\/logoPP512.png\",\"contentUrl\":\"https:\\\/\\\/ppdegalicia.com\\\/wp-content\\\/uploads\\\/2023\\\/04\\\/logoPP512.png\",\"width\":512,\"height\":512,\"caption\":\"Partido Popular de Galicia\"},\"image\":{\"@id\":\"https:\\\/\\\/ppdegalicia.com\\\/es\\\/#\\\/schema\\\/logo\\\/image\\\/\"},\"sameAs\":[\"https:\\\/\\\/www.instagram.com\\\/ppdegalicia\\\/\",\"https:\\\/\\\/x.com\\\/ppdegalicia\",\"https:\\\/\\\/www.tiktok.com\\\/@ppdegalicia\",\"https:\\\/\\\/www.youtube.com\\\/user\\\/ppdegalicia\"]},{\"@type\":\"Person\",\"@id\":\"https:\\\/\\\/ppdegalicia.com\\\/es\\\/#\\\/schema\\\/person\\\/d0f013b8388c980665d44009ab762960\",\"name\":\"Super User\",\"image\":{\"@type\":\"ImageObject\",\"inLanguage\":\"es\",\"@id\":\"https:\\\/\\\/secure.gravatar.com\\\/avatar\\\/1db852625ef4948f58d2739bfbc51e4b9bd5c93b8fa340b59fdb594ca0845645?s=96&d=mm&r=g\",\"url\":\"https:\\\/\\\/secure.gravatar.com\\\/avatar\\\/1db852625ef4948f58d2739bfbc51e4b9bd5c93b8fa340b59fdb594ca0845645?s=96&d=mm&r=g\",\"contentUrl\":\"https:\\\/\\\/secure.gravatar.com\\\/avatar\\\/1db852625ef4948f58d2739bfbc51e4b9bd5c93b8fa340b59fdb594ca0845645?s=96&d=mm&r=g\",\"caption\":\"Super User\"},\"url\":\"https:\\\/\\\/ppdegalicia.com\\\/es\\\/author\\\/ppdegaliciagestion\\\/\"}]}<\/script>\n<!-- \/ Yoast SEO plugin. -->","yoast_head_json":{"title":"O Parlamento galego pide ao Goberno central que ratifique a chegada en probas do AVE a Galicia para 2019 - PP de Galicia","robots":{"index":"index","follow":"follow","max-snippet":"max-snippet:-1","max-image-preview":"max-image-preview:large","max-video-preview":"max-video-preview:-1"},"canonical":"https:\/\/ppdegalicia.com\/es\/o-parlamento-galego-pide-ao-goberno-central-que-ratifique-a-chegada-en-probas-do-ave-a-galicia-para-2019\/","og_locale":"es_ES","og_type":"article","og_title":"O Parlamento galego pide ao Goberno central que ratifique a chegada en probas do AVE a Galicia para 2019 - PP de Galicia","og_description":"Santiago, 11 de xullo de 2018.- O Parlamento de Galicia aprobou hoxe a proposici\u00f3n non de lei do Grupo Popular, que foi transaccionada co Grupo Socialista, a trav\u00e9s da que se demanda ao Goberno central que ratifique a data comprometida de finalizaci\u00f3n das obras do AVE a Galicia, co obxectivo que estea funcionando en probas [&hellip;]","og_url":"https:\/\/ppdegalicia.com\/es\/o-parlamento-galego-pide-ao-goberno-central-que-ratifique-a-chegada-en-probas-do-ave-a-galicia-para-2019\/","og_site_name":"PP de Galicia","article_publisher":"https:\/\/www.instagram.com\/ppdegalicia\/","article_published_time":"2018-07-11T09:18:05+00:00","author":"Super User","twitter_card":"summary_large_image","twitter_creator":"@ppdegalicia","twitter_site":"@ppdegalicia","twitter_misc":{"Escrito por":"Super User","Tiempo de lectura":"2 minutos"},"schema":{"@context":"https:\/\/schema.org","@graph":[{"@type":"Article","@id":"https:\/\/ppdegalicia.com\/es\/o-parlamento-galego-pide-ao-goberno-central-que-ratifique-a-chegada-en-probas-do-ave-a-galicia-para-2019\/#article","isPartOf":{"@id":"https:\/\/ppdegalicia.com\/es\/o-parlamento-galego-pide-ao-goberno-central-que-ratifique-a-chegada-en-probas-do-ave-a-galicia-para-2019\/"},"author":{"name":"Super User","@id":"https:\/\/ppdegalicia.com\/es\/#\/schema\/person\/d0f013b8388c980665d44009ab762960"},"headline":"O Parlamento galego pide ao Goberno central que ratifique a chegada en probas do AVE a Galicia para 2019","datePublished":"2018-07-11T09:18:05+00:00","mainEntityOfPage":{"@id":"https:\/\/ppdegalicia.com\/es\/o-parlamento-galego-pide-ao-goberno-central-que-ratifique-a-chegada-en-probas-do-ave-a-galicia-para-2019\/"},"wordCount":492,"commentCount":0,"publisher":{"@id":"https:\/\/ppdegalicia.com\/es\/#organization"},"articleSection":["PP de Galicia"],"inLanguage":"es","potentialAction":[{"@type":"CommentAction","name":"Comment","target":["https:\/\/ppdegalicia.com\/es\/o-parlamento-galego-pide-ao-goberno-central-que-ratifique-a-chegada-en-probas-do-ave-a-galicia-para-2019\/#respond"]}]},{"@type":"WebPage","@id":"https:\/\/ppdegalicia.com\/es\/o-parlamento-galego-pide-ao-goberno-central-que-ratifique-a-chegada-en-probas-do-ave-a-galicia-para-2019\/","url":"https:\/\/ppdegalicia.com\/es\/o-parlamento-galego-pide-ao-goberno-central-que-ratifique-a-chegada-en-probas-do-ave-a-galicia-para-2019\/","name":"O Parlamento galego pide ao Goberno central que ratifique a chegada en probas do AVE a Galicia para 2019 - PP de Galicia","isPartOf":{"@id":"https:\/\/ppdegalicia.com\/es\/#website"},"datePublished":"2018-07-11T09:18:05+00:00","breadcrumb":{"@id":"https:\/\/ppdegalicia.com\/es\/o-parlamento-galego-pide-ao-goberno-central-que-ratifique-a-chegada-en-probas-do-ave-a-galicia-para-2019\/#breadcrumb"},"inLanguage":"es","potentialAction":[{"@type":"ReadAction","target":["https:\/\/ppdegalicia.com\/es\/o-parlamento-galego-pide-ao-goberno-central-que-ratifique-a-chegada-en-probas-do-ave-a-galicia-para-2019\/"]}]},{"@type":"BreadcrumbList","@id":"https:\/\/ppdegalicia.com\/es\/o-parlamento-galego-pide-ao-goberno-central-que-ratifique-a-chegada-en-probas-do-ave-a-galicia-para-2019\/#breadcrumb","itemListElement":[{"@type":"ListItem","position":1,"name":"Portada","item":"https:\/\/ppdegalicia.com\/es\/"},{"@type":"ListItem","position":2,"name":"O Parlamento galego pide ao Goberno central que ratifique a chegada en probas do AVE a Galicia para 2019"}]},{"@type":"WebSite","@id":"https:\/\/ppdegalicia.com\/es\/#website","url":"https:\/\/ppdegalicia.com\/es\/","name":"Partido Popular de Galicia","description":"Partido Popular de Galicia","publisher":{"@id":"https:\/\/ppdegalicia.com\/es\/#organization"},"alternateName":"PP de Galicia","potentialAction":[{"@type":"SearchAction","target":{"@type":"EntryPoint","urlTemplate":"https:\/\/ppdegalicia.com\/es\/?s={search_term_string}"},"query-input":{"@type":"PropertyValueSpecification","valueRequired":true,"valueName":"search_term_string"}}],"inLanguage":"es"},{"@type":"Organization","@id":"https:\/\/ppdegalicia.com\/es\/#organization","name":"Partido Popular de Galicia","alternateName":"PP de Galicia","url":"https:\/\/ppdegalicia.com\/es\/","logo":{"@type":"ImageObject","inLanguage":"es","@id":"https:\/\/ppdegalicia.com\/es\/#\/schema\/logo\/image\/","url":"https:\/\/ppdegalicia.com\/wp-content\/uploads\/2023\/04\/logoPP512.png","contentUrl":"https:\/\/ppdegalicia.com\/wp-content\/uploads\/2023\/04\/logoPP512.png","width":512,"height":512,"caption":"Partido Popular de Galicia"},"image":{"@id":"https:\/\/ppdegalicia.com\/es\/#\/schema\/logo\/image\/"},"sameAs":["https:\/\/www.instagram.com\/ppdegalicia\/","https:\/\/x.com\/ppdegalicia","https:\/\/www.tiktok.com\/@ppdegalicia","https:\/\/www.youtube.com\/user\/ppdegalicia"]},{"@type":"Person","@id":"https:\/\/ppdegalicia.com\/es\/#\/schema\/person\/d0f013b8388c980665d44009ab762960","name":"Super User","image":{"@type":"ImageObject","inLanguage":"es","@id":"https:\/\/secure.gravatar.com\/avatar\/1db852625ef4948f58d2739bfbc51e4b9bd5c93b8fa340b59fdb594ca0845645?s=96&d=mm&r=g","url":"https:\/\/secure.gravatar.com\/avatar\/1db852625ef4948f58d2739bfbc51e4b9bd5c93b8fa340b59fdb594ca0845645?s=96&d=mm&r=g","contentUrl":"https:\/\/secure.gravatar.com\/avatar\/1db852625ef4948f58d2739bfbc51e4b9bd5c93b8fa340b59fdb594ca0845645?s=96&d=mm&r=g","caption":"Super User"},"url":"https:\/\/ppdegalicia.com\/es\/author\/ppdegaliciagestion\/"}]}},"_links":{"self":[{"href":"https:\/\/ppdegalicia.com\/es\/wp-json\/wp\/v2\/posts\/52885","targetHints":{"allow":["GET"]}}],"collection":[{"href":"https:\/\/ppdegalicia.com\/es\/wp-json\/wp\/v2\/posts"}],"about":[{"href":"https:\/\/ppdegalicia.com\/es\/wp-json\/wp\/v2\/types\/post"}],"author":[{"embeddable":true,"href":"https:\/\/ppdegalicia.com\/es\/wp-json\/wp\/v2\/users\/37"}],"replies":[{"embeddable":true,"href":"https:\/\/ppdegalicia.com\/es\/wp-json\/wp\/v2\/comments?post=52885"}],"version-history":[{"count":0,"href":"https:\/\/ppdegalicia.com\/es\/wp-json\/wp\/v2\/posts\/52885\/revisions"}],"wp:attachment":[{"href":"https:\/\/ppdegalicia.com\/es\/wp-json\/wp\/v2\/media?parent=52885"}],"wp:term":[{"taxonomy":"category","embeddable":true,"href":"https:\/\/ppdegalicia.com\/es\/wp-json\/wp\/v2\/categories?post=52885"},{"taxonomy":"post_tag","embeddable":true,"href":"https:\/\/ppdegalicia.com\/es\/wp-json\/wp\/v2\/tags?post=52885"}],"curies":[{"name":"wp","href":"https:\/\/api.w.org\/{rel}","templated":true}]}}