{"id":52930,"date":"2018-09-11T16:56:20","date_gmt":"2018-09-11T14:56:20","guid":{"rendered":"https:\/\/ppdegalicia.com\/o-grupo-popular-reitera-que-o-proxecto-da-mina-de-touro-non-e-viable-tal-e-como-foi-presentado\/"},"modified":"2018-09-11T16:56:20","modified_gmt":"2018-09-11T14:56:20","slug":"o-grupo-popular-reitera-que-o-proxecto-da-mina-de-touro-non-e-viable-tal-e-como-foi-presentado","status":"publish","type":"post","link":"https:\/\/ppdegalicia.com\/es\/o-grupo-popular-reitera-que-o-proxecto-da-mina-de-touro-non-e-viable-tal-e-como-foi-presentado\/","title":{"rendered":"O Grupo Popular reitera que o proxecto da mina de Touro non \u00e9 viable tal e como foi presentado"},"content":{"rendered":"<div>Santiago, 11 de setembro de 2018.- O deputado do Grupo Popular Mois\u00e9s Blanco reiterou hoxe no Pleno do Parlamento que o proxecto da mina de Touro \u201cnon \u00e9 viable, tal e como foi presentado ante a Conseller\u00eda de Industria\u201d. As\u00ed mesmo, criticou que En Marea \u201cincida en recortar dereitos democr\u00e1ticos e que a Xunta prevarique e non permita que este proxecto mineiro, como outro calquera, se poida tramitar conforme a lei que o Goberno bipartito da Xunta aprobou en 2008\u201d.<br \/>\n<!--more-->\n<\/div>\n<div>&nbsp;<\/div>\n<p>&nbsp;<\/p>\n<div>Mois\u00e9s Blanco avogou porque a Xunta \u201csiga cumprindo a lei e se contin\u00fae coa tramitaci\u00f3n administrativa do proxecto mineiro de Touro como calquera outro\u201d, ao tempo que volveu \u201ctransmitir unha mensaxe de tranquilidade, porque nunca se autorizar\u00e1 este proxecto se non cumpre con todos os requisitos legais, t\u00e9cnicos e medioambientais\u201d.<\/div>\n<div>&nbsp;<\/div>\n<div>&nbsp;<\/div>\n<p>&nbsp;<\/p>\n<div><strong>NEGATIVA CONSTANTE DE EN MAREA E BNG<\/strong><\/div>\n<div>&nbsp;<\/div>\n<div>&nbsp;<\/div>\n<p>&nbsp;<\/p>\n<div>O deputado popular lamentou \u201ca negativa constante tanto de En Marea como do BNG respecto do sector da miner\u00eda\u201d, un sector do que dependen 5.000 postos de traballo directos en 300 empresas e achega m\u00e1is do 1 por cento do PIB galego.<\/div>\n<div>&nbsp;<\/div>\n<div>&nbsp;<\/div>\n<p>&nbsp;<\/p>\n<div>Blanco lembrou que o anterior Goberno bipartito \u201caprobou a Lei de miner\u00eda de Galicia, da que os nacionalistas se sent\u00edan moi orgullosos e a trav\u00e9s da que concederon m\u00e1is de 100 permisos de investigaci\u00f3n e 43 concesi\u00f3ns de explotaci\u00f3n\u201d. \u201cPero unha vez que os galegos os botaron do goberno, comezaron a s\u00faa transici\u00f3n cara a trincheira ideol\u00f3xica e op\u00f3\u00f1ense a todos os proxectos mineiros\u201d, indicou.<\/div>\n<div>&nbsp;<\/div>\n","protected":false},"excerpt":{"rendered":"<p>Santiago, 11 de setembro de 2018.- O deputado do Grupo Popular Mois\u00e9s Blanco reiterou hoxe no Pleno do Parlamento que o proxecto da mina de Touro \u201cnon \u00e9 viable, tal e como foi presentado ante a Conseller\u00eda de Industria\u201d. As\u00ed mesmo, criticou que En Marea \u201cincida en recortar dereitos democr\u00e1ticos e que a Xunta prevarique [&hellip;]<\/p>\n","protected":false},"author":37,"featured_media":0,"comment_status":"open","ping_status":"open","sticky":false,"template":"","format":"standard","meta":{"_acf_changed":false,"footnotes":""},"categories":[1],"tags":[],"class_list":["post-52930","post","type-post","status-publish","format-standard","hentry","category-pp-de-galicia"],"acf":[],"yoast_head":"<!-- This site is optimized with the Yoast SEO plugin v27.3 - https:\/\/yoast.com\/product\/yoast-seo-wordpress\/ -->\n<title>O Grupo Popular reitera que o proxecto da mina de Touro non \u00e9 viable tal e como foi presentado - PP de Galicia<\/title>\n<meta name=\"robots\" content=\"index, follow, max-snippet:-1, max-image-preview:large, max-video-preview:-1\" \/>\n<link rel=\"canonical\" href=\"https:\/\/ppdegalicia.com\/es\/o-grupo-popular-reitera-que-o-proxecto-da-mina-de-touro-non-e-viable-tal-e-como-foi-presentado\/\" \/>\n<meta property=\"og:locale\" content=\"es_ES\" \/>\n<meta property=\"og:type\" content=\"article\" \/>\n<meta property=\"og:title\" content=\"O Grupo Popular reitera que o proxecto da mina de Touro non \u00e9 viable tal e como foi presentado - PP de Galicia\" \/>\n<meta property=\"og:description\" content=\"Santiago, 11 de setembro de 2018.- O deputado do Grupo Popular Mois\u00e9s Blanco reiterou hoxe no Pleno do Parlamento que o proxecto da mina de Touro \u201cnon \u00e9 viable, tal e como foi presentado ante a Conseller\u00eda de Industria\u201d. As\u00ed mesmo, criticou que En Marea \u201cincida en recortar dereitos democr\u00e1ticos e que a Xunta prevarique [&hellip;]\" \/>\n<meta property=\"og:url\" content=\"https:\/\/ppdegalicia.com\/es\/o-grupo-popular-reitera-que-o-proxecto-da-mina-de-touro-non-e-viable-tal-e-como-foi-presentado\/\" \/>\n<meta property=\"og:site_name\" content=\"PP de Galicia\" \/>\n<meta property=\"article:publisher\" content=\"https:\/\/www.instagram.com\/ppdegalicia\/\" \/>\n<meta property=\"article:published_time\" content=\"2018-09-11T14:56:20+00:00\" \/>\n<meta name=\"author\" content=\"Super User\" \/>\n<meta name=\"twitter:card\" content=\"summary_large_image\" \/>\n<meta name=\"twitter:creator\" content=\"@ppdegalicia\" \/>\n<meta name=\"twitter:site\" content=\"@ppdegalicia\" \/>\n<meta name=\"twitter:label1\" content=\"Escrito por\" \/>\n\t<meta name=\"twitter:data1\" content=\"Super User\" \/>\n\t<meta name=\"twitter:label2\" content=\"Tiempo de lectura\" \/>\n\t<meta name=\"twitter:data2\" content=\"1 minuto\" \/>\n<script type=\"application\/ld+json\" class=\"yoast-schema-graph\">{\"@context\":\"https:\\\/\\\/schema.org\",\"@graph\":[{\"@type\":\"Article\",\"@id\":\"https:\\\/\\\/ppdegalicia.com\\\/es\\\/o-grupo-popular-reitera-que-o-proxecto-da-mina-de-touro-non-e-viable-tal-e-como-foi-presentado\\\/#article\",\"isPartOf\":{\"@id\":\"https:\\\/\\\/ppdegalicia.com\\\/es\\\/o-grupo-popular-reitera-que-o-proxecto-da-mina-de-touro-non-e-viable-tal-e-como-foi-presentado\\\/\"},\"author\":{\"name\":\"Super User\",\"@id\":\"https:\\\/\\\/ppdegalicia.com\\\/es\\\/#\\\/schema\\\/person\\\/d0f013b8388c980665d44009ab762960\"},\"headline\":\"O Grupo Popular reitera que o proxecto da mina de Touro non \u00e9 viable tal e como foi presentado\",\"datePublished\":\"2018-09-11T14:56:20+00:00\",\"mainEntityOfPage\":{\"@id\":\"https:\\\/\\\/ppdegalicia.com\\\/es\\\/o-grupo-popular-reitera-que-o-proxecto-da-mina-de-touro-non-e-viable-tal-e-como-foi-presentado\\\/\"},\"wordCount\":286,\"commentCount\":0,\"publisher\":{\"@id\":\"https:\\\/\\\/ppdegalicia.com\\\/es\\\/#organization\"},\"articleSection\":[\"PP de Galicia\"],\"inLanguage\":\"es\",\"potentialAction\":[{\"@type\":\"CommentAction\",\"name\":\"Comment\",\"target\":[\"https:\\\/\\\/ppdegalicia.com\\\/es\\\/o-grupo-popular-reitera-que-o-proxecto-da-mina-de-touro-non-e-viable-tal-e-como-foi-presentado\\\/#respond\"]}]},{\"@type\":\"WebPage\",\"@id\":\"https:\\\/\\\/ppdegalicia.com\\\/es\\\/o-grupo-popular-reitera-que-o-proxecto-da-mina-de-touro-non-e-viable-tal-e-como-foi-presentado\\\/\",\"url\":\"https:\\\/\\\/ppdegalicia.com\\\/es\\\/o-grupo-popular-reitera-que-o-proxecto-da-mina-de-touro-non-e-viable-tal-e-como-foi-presentado\\\/\",\"name\":\"O Grupo Popular reitera que o proxecto da mina de Touro non \u00e9 viable tal e como foi presentado - PP de Galicia\",\"isPartOf\":{\"@id\":\"https:\\\/\\\/ppdegalicia.com\\\/es\\\/#website\"},\"datePublished\":\"2018-09-11T14:56:20+00:00\",\"breadcrumb\":{\"@id\":\"https:\\\/\\\/ppdegalicia.com\\\/es\\\/o-grupo-popular-reitera-que-o-proxecto-da-mina-de-touro-non-e-viable-tal-e-como-foi-presentado\\\/#breadcrumb\"},\"inLanguage\":\"es\",\"potentialAction\":[{\"@type\":\"ReadAction\",\"target\":[\"https:\\\/\\\/ppdegalicia.com\\\/es\\\/o-grupo-popular-reitera-que-o-proxecto-da-mina-de-touro-non-e-viable-tal-e-como-foi-presentado\\\/\"]}]},{\"@type\":\"BreadcrumbList\",\"@id\":\"https:\\\/\\\/ppdegalicia.com\\\/es\\\/o-grupo-popular-reitera-que-o-proxecto-da-mina-de-touro-non-e-viable-tal-e-como-foi-presentado\\\/#breadcrumb\",\"itemListElement\":[{\"@type\":\"ListItem\",\"position\":1,\"name\":\"Portada\",\"item\":\"https:\\\/\\\/ppdegalicia.com\\\/es\\\/\"},{\"@type\":\"ListItem\",\"position\":2,\"name\":\"O Grupo Popular reitera que o proxecto da mina de Touro non \u00e9 viable tal e como foi presentado\"}]},{\"@type\":\"WebSite\",\"@id\":\"https:\\\/\\\/ppdegalicia.com\\\/es\\\/#website\",\"url\":\"https:\\\/\\\/ppdegalicia.com\\\/es\\\/\",\"name\":\"Partido Popular de Galicia\",\"description\":\"Partido Popular de Galicia\",\"publisher\":{\"@id\":\"https:\\\/\\\/ppdegalicia.com\\\/es\\\/#organization\"},\"alternateName\":\"PP de Galicia\",\"potentialAction\":[{\"@type\":\"SearchAction\",\"target\":{\"@type\":\"EntryPoint\",\"urlTemplate\":\"https:\\\/\\\/ppdegalicia.com\\\/es\\\/?s={search_term_string}\"},\"query-input\":{\"@type\":\"PropertyValueSpecification\",\"valueRequired\":true,\"valueName\":\"search_term_string\"}}],\"inLanguage\":\"es\"},{\"@type\":\"Organization\",\"@id\":\"https:\\\/\\\/ppdegalicia.com\\\/es\\\/#organization\",\"name\":\"Partido Popular de Galicia\",\"alternateName\":\"PP de Galicia\",\"url\":\"https:\\\/\\\/ppdegalicia.com\\\/es\\\/\",\"logo\":{\"@type\":\"ImageObject\",\"inLanguage\":\"es\",\"@id\":\"https:\\\/\\\/ppdegalicia.com\\\/es\\\/#\\\/schema\\\/logo\\\/image\\\/\",\"url\":\"https:\\\/\\\/ppdegalicia.com\\\/wp-content\\\/uploads\\\/2023\\\/04\\\/logoPP512.png\",\"contentUrl\":\"https:\\\/\\\/ppdegalicia.com\\\/wp-content\\\/uploads\\\/2023\\\/04\\\/logoPP512.png\",\"width\":512,\"height\":512,\"caption\":\"Partido Popular de Galicia\"},\"image\":{\"@id\":\"https:\\\/\\\/ppdegalicia.com\\\/es\\\/#\\\/schema\\\/logo\\\/image\\\/\"},\"sameAs\":[\"https:\\\/\\\/www.instagram.com\\\/ppdegalicia\\\/\",\"https:\\\/\\\/x.com\\\/ppdegalicia\",\"https:\\\/\\\/www.tiktok.com\\\/@ppdegalicia\",\"https:\\\/\\\/www.youtube.com\\\/user\\\/ppdegalicia\"]},{\"@type\":\"Person\",\"@id\":\"https:\\\/\\\/ppdegalicia.com\\\/es\\\/#\\\/schema\\\/person\\\/d0f013b8388c980665d44009ab762960\",\"name\":\"Super User\",\"image\":{\"@type\":\"ImageObject\",\"inLanguage\":\"es\",\"@id\":\"https:\\\/\\\/secure.gravatar.com\\\/avatar\\\/1db852625ef4948f58d2739bfbc51e4b9bd5c93b8fa340b59fdb594ca0845645?s=96&d=mm&r=g\",\"url\":\"https:\\\/\\\/secure.gravatar.com\\\/avatar\\\/1db852625ef4948f58d2739bfbc51e4b9bd5c93b8fa340b59fdb594ca0845645?s=96&d=mm&r=g\",\"contentUrl\":\"https:\\\/\\\/secure.gravatar.com\\\/avatar\\\/1db852625ef4948f58d2739bfbc51e4b9bd5c93b8fa340b59fdb594ca0845645?s=96&d=mm&r=g\",\"caption\":\"Super User\"},\"url\":\"https:\\\/\\\/ppdegalicia.com\\\/es\\\/author\\\/ppdegaliciagestion\\\/\"}]}<\/script>\n<!-- \/ Yoast SEO plugin. -->","yoast_head_json":{"title":"O Grupo Popular reitera que o proxecto da mina de Touro non \u00e9 viable tal e como foi presentado - PP de Galicia","robots":{"index":"index","follow":"follow","max-snippet":"max-snippet:-1","max-image-preview":"max-image-preview:large","max-video-preview":"max-video-preview:-1"},"canonical":"https:\/\/ppdegalicia.com\/es\/o-grupo-popular-reitera-que-o-proxecto-da-mina-de-touro-non-e-viable-tal-e-como-foi-presentado\/","og_locale":"es_ES","og_type":"article","og_title":"O Grupo Popular reitera que o proxecto da mina de Touro non \u00e9 viable tal e como foi presentado - PP de Galicia","og_description":"Santiago, 11 de setembro de 2018.- O deputado do Grupo Popular Mois\u00e9s Blanco reiterou hoxe no Pleno do Parlamento que o proxecto da mina de Touro \u201cnon \u00e9 viable, tal e como foi presentado ante a Conseller\u00eda de Industria\u201d. As\u00ed mesmo, criticou que En Marea \u201cincida en recortar dereitos democr\u00e1ticos e que a Xunta prevarique [&hellip;]","og_url":"https:\/\/ppdegalicia.com\/es\/o-grupo-popular-reitera-que-o-proxecto-da-mina-de-touro-non-e-viable-tal-e-como-foi-presentado\/","og_site_name":"PP de Galicia","article_publisher":"https:\/\/www.instagram.com\/ppdegalicia\/","article_published_time":"2018-09-11T14:56:20+00:00","author":"Super User","twitter_card":"summary_large_image","twitter_creator":"@ppdegalicia","twitter_site":"@ppdegalicia","twitter_misc":{"Escrito por":"Super User","Tiempo de lectura":"1 minuto"},"schema":{"@context":"https:\/\/schema.org","@graph":[{"@type":"Article","@id":"https:\/\/ppdegalicia.com\/es\/o-grupo-popular-reitera-que-o-proxecto-da-mina-de-touro-non-e-viable-tal-e-como-foi-presentado\/#article","isPartOf":{"@id":"https:\/\/ppdegalicia.com\/es\/o-grupo-popular-reitera-que-o-proxecto-da-mina-de-touro-non-e-viable-tal-e-como-foi-presentado\/"},"author":{"name":"Super User","@id":"https:\/\/ppdegalicia.com\/es\/#\/schema\/person\/d0f013b8388c980665d44009ab762960"},"headline":"O Grupo Popular reitera que o proxecto da mina de Touro non \u00e9 viable tal e como foi presentado","datePublished":"2018-09-11T14:56:20+00:00","mainEntityOfPage":{"@id":"https:\/\/ppdegalicia.com\/es\/o-grupo-popular-reitera-que-o-proxecto-da-mina-de-touro-non-e-viable-tal-e-como-foi-presentado\/"},"wordCount":286,"commentCount":0,"publisher":{"@id":"https:\/\/ppdegalicia.com\/es\/#organization"},"articleSection":["PP de Galicia"],"inLanguage":"es","potentialAction":[{"@type":"CommentAction","name":"Comment","target":["https:\/\/ppdegalicia.com\/es\/o-grupo-popular-reitera-que-o-proxecto-da-mina-de-touro-non-e-viable-tal-e-como-foi-presentado\/#respond"]}]},{"@type":"WebPage","@id":"https:\/\/ppdegalicia.com\/es\/o-grupo-popular-reitera-que-o-proxecto-da-mina-de-touro-non-e-viable-tal-e-como-foi-presentado\/","url":"https:\/\/ppdegalicia.com\/es\/o-grupo-popular-reitera-que-o-proxecto-da-mina-de-touro-non-e-viable-tal-e-como-foi-presentado\/","name":"O Grupo Popular reitera que o proxecto da mina de Touro non \u00e9 viable tal e como foi presentado - PP de Galicia","isPartOf":{"@id":"https:\/\/ppdegalicia.com\/es\/#website"},"datePublished":"2018-09-11T14:56:20+00:00","breadcrumb":{"@id":"https:\/\/ppdegalicia.com\/es\/o-grupo-popular-reitera-que-o-proxecto-da-mina-de-touro-non-e-viable-tal-e-como-foi-presentado\/#breadcrumb"},"inLanguage":"es","potentialAction":[{"@type":"ReadAction","target":["https:\/\/ppdegalicia.com\/es\/o-grupo-popular-reitera-que-o-proxecto-da-mina-de-touro-non-e-viable-tal-e-como-foi-presentado\/"]}]},{"@type":"BreadcrumbList","@id":"https:\/\/ppdegalicia.com\/es\/o-grupo-popular-reitera-que-o-proxecto-da-mina-de-touro-non-e-viable-tal-e-como-foi-presentado\/#breadcrumb","itemListElement":[{"@type":"ListItem","position":1,"name":"Portada","item":"https:\/\/ppdegalicia.com\/es\/"},{"@type":"ListItem","position":2,"name":"O Grupo Popular reitera que o proxecto da mina de Touro non \u00e9 viable tal e como foi presentado"}]},{"@type":"WebSite","@id":"https:\/\/ppdegalicia.com\/es\/#website","url":"https:\/\/ppdegalicia.com\/es\/","name":"Partido Popular de Galicia","description":"Partido Popular de Galicia","publisher":{"@id":"https:\/\/ppdegalicia.com\/es\/#organization"},"alternateName":"PP de Galicia","potentialAction":[{"@type":"SearchAction","target":{"@type":"EntryPoint","urlTemplate":"https:\/\/ppdegalicia.com\/es\/?s={search_term_string}"},"query-input":{"@type":"PropertyValueSpecification","valueRequired":true,"valueName":"search_term_string"}}],"inLanguage":"es"},{"@type":"Organization","@id":"https:\/\/ppdegalicia.com\/es\/#organization","name":"Partido Popular de Galicia","alternateName":"PP de Galicia","url":"https:\/\/ppdegalicia.com\/es\/","logo":{"@type":"ImageObject","inLanguage":"es","@id":"https:\/\/ppdegalicia.com\/es\/#\/schema\/logo\/image\/","url":"https:\/\/ppdegalicia.com\/wp-content\/uploads\/2023\/04\/logoPP512.png","contentUrl":"https:\/\/ppdegalicia.com\/wp-content\/uploads\/2023\/04\/logoPP512.png","width":512,"height":512,"caption":"Partido Popular de Galicia"},"image":{"@id":"https:\/\/ppdegalicia.com\/es\/#\/schema\/logo\/image\/"},"sameAs":["https:\/\/www.instagram.com\/ppdegalicia\/","https:\/\/x.com\/ppdegalicia","https:\/\/www.tiktok.com\/@ppdegalicia","https:\/\/www.youtube.com\/user\/ppdegalicia"]},{"@type":"Person","@id":"https:\/\/ppdegalicia.com\/es\/#\/schema\/person\/d0f013b8388c980665d44009ab762960","name":"Super User","image":{"@type":"ImageObject","inLanguage":"es","@id":"https:\/\/secure.gravatar.com\/avatar\/1db852625ef4948f58d2739bfbc51e4b9bd5c93b8fa340b59fdb594ca0845645?s=96&d=mm&r=g","url":"https:\/\/secure.gravatar.com\/avatar\/1db852625ef4948f58d2739bfbc51e4b9bd5c93b8fa340b59fdb594ca0845645?s=96&d=mm&r=g","contentUrl":"https:\/\/secure.gravatar.com\/avatar\/1db852625ef4948f58d2739bfbc51e4b9bd5c93b8fa340b59fdb594ca0845645?s=96&d=mm&r=g","caption":"Super User"},"url":"https:\/\/ppdegalicia.com\/es\/author\/ppdegaliciagestion\/"}]}},"_links":{"self":[{"href":"https:\/\/ppdegalicia.com\/es\/wp-json\/wp\/v2\/posts\/52930","targetHints":{"allow":["GET"]}}],"collection":[{"href":"https:\/\/ppdegalicia.com\/es\/wp-json\/wp\/v2\/posts"}],"about":[{"href":"https:\/\/ppdegalicia.com\/es\/wp-json\/wp\/v2\/types\/post"}],"author":[{"embeddable":true,"href":"https:\/\/ppdegalicia.com\/es\/wp-json\/wp\/v2\/users\/37"}],"replies":[{"embeddable":true,"href":"https:\/\/ppdegalicia.com\/es\/wp-json\/wp\/v2\/comments?post=52930"}],"version-history":[{"count":0,"href":"https:\/\/ppdegalicia.com\/es\/wp-json\/wp\/v2\/posts\/52930\/revisions"}],"wp:attachment":[{"href":"https:\/\/ppdegalicia.com\/es\/wp-json\/wp\/v2\/media?parent=52930"}],"wp:term":[{"taxonomy":"category","embeddable":true,"href":"https:\/\/ppdegalicia.com\/es\/wp-json\/wp\/v2\/categories?post=52930"},{"taxonomy":"post_tag","embeddable":true,"href":"https:\/\/ppdegalicia.com\/es\/wp-json\/wp\/v2\/tags?post=52930"}],"curies":[{"name":"wp","href":"https:\/\/api.w.org\/{rel}","templated":true}]}}