{"id":52935,"date":"2018-09-12T11:32:05","date_gmt":"2018-09-12T09:32:05","guid":{"rendered":"https:\/\/ppdegalicia.com\/o-parlamento-galego-solicita-ao-goberno-central-un-plan-de-transicion-enerxetica-mais-racional-e-sustentable-que-mantena-as-centrais-de-as-pontes-e-meirama\/"},"modified":"2018-09-12T11:32:05","modified_gmt":"2018-09-12T09:32:05","slug":"o-parlamento-galego-solicita-ao-goberno-central-un-plan-de-transicion-enerxetica-mais-racional-e-sustentable-que-mantena-as-centrais-de-as-pontes-e-meirama","status":"publish","type":"post","link":"https:\/\/ppdegalicia.com\/es\/o-parlamento-galego-solicita-ao-goberno-central-un-plan-de-transicion-enerxetica-mais-racional-e-sustentable-que-mantena-as-centrais-de-as-pontes-e-meirama\/","title":{"rendered":"O Parlamento galego solicita ao Goberno central un plan de transici\u00f3n enerx\u00e9tica m\u00e1is racional e sustentable que mante\u00f1a as centrais de As Pontes e Meirama"},"content":{"rendered":"<div>Santiago, 12 de setembro de 2018. O Parlamento de Galicia aprobou hoxe a proposici\u00f3n non de lei do Grupo Popular a trav\u00e9s da que se demanda ao&nbsp; Goberno central que constit\u00faa de inmediato o grupo de traballo, no que se integren as comunidades aut\u00f3nomas, para analizar o modelo de transici\u00f3n enerx\u00e9tica m\u00e1is racional e sustentable, no que te\u00f1an cabida as centrais t\u00e9rmicas m\u00e1is eficientes, como a de Meirama e As Pontes. O deputado popular Diego Calvo defendeu a apertura dun proceso de reflexi\u00f3n profunda, di\u00e1logo e consenso ante o anuncio da Ministra de Transici\u00f3n Ecol\u00f3xica do peche \u201cexpr\u00e9s\u201d das centrais t\u00e9rmicas cun primeiro prazo situado no ano 2020.<br \/>\n<!--more-->\n<\/div>\n<div>&nbsp;<\/div>\n<div>&nbsp;<\/div>\n<p>&nbsp;<\/p>\n<div>Diego Calvo salientou a preocupaci\u00f3n que xeraron as declaraci\u00f3ns da ministra entre os traballadores das centrais de As Pontes e Meirama, e fixo fincap\u00e9 en que desde o PPdeG \u201cnon podemos agardar aos bandazos da ministra que quere acabar co di\u00e9sel para saber que far\u00e1 co carb\u00f3n e, polo tanto, co sustento de tantas familias galegas\u201d.&nbsp;<\/div>\n<div>&nbsp;<\/div>\n<div>&nbsp;<\/div>\n<p>&nbsp;<\/p>\n<div>As\u00ed mesmo, alertou de que o peche das centrais de As Pontes e Meirama supor\u00eda para as s\u00faas comarcas unha perda de 110 mill\u00f3ns de euros ao ano, ademais de afectar, de xeito directo ou indirecto, a 1.600 postos de traballo. \u201cPor se isto non fora suficiente, este peche traer\u00eda consigo, nun prazo de tempo bastante curto, que te\u00f1amos que asumir un custo inxustificado no prezo da enerx\u00eda\u201d, que en momentos de alta demanda poder\u00eda rondar un aumento dun 15 por cento sobre as tarifas actuais.<\/div>\n<div>&nbsp;<\/div>\n<div>&nbsp;<\/div>\n<p>&nbsp;<\/p>\n<div><strong>MIX ENERX\u00c9TICO COHERENTE<\/strong><\/div>\n<div>&nbsp;<\/div>\n<div>&nbsp;<\/div>\n<p>&nbsp;<\/p>\n<div>Ante a gravidade da situaci\u00f3n, Diego Calvo defendeu unha transici\u00f3n enerx\u00e9tica axeitada, a trav\u00e9s dun mix enerx\u00e9tico coherente, econ\u00f3mico e equilibrado entre as diferentes formas de produci\u00f3n. Deste xeito, apelou \u00e1 responsabilidade do Goberno do PSOE e mesmo dos deputados do PSdeG, pois unha posici\u00f3n pasiva ante o peche das centrais t\u00e9rmicas non se entender\u00eda e xerar\u00eda un impacto irreversible sobre \u201ca nosa econom\u00eda, a nosa competitividade e as nosas familias\u201d.<\/div>\n<div>&nbsp;<\/div>\n<div>&nbsp;<\/div>\n<p>&nbsp;<\/p>\n<div>O deputado popular ironizou sobre os bandazos do Goberno de Pedro S\u00e1nchez nos \u00faltimos meses en diferentes cuesti\u00f3ns e pediu \u201crigor, prudencia e afastarse das improvisaci\u00f3ns. \u201cA Xunta de Galicia \u00e9 a primeira en apostar por unha transici\u00f3n enerx\u00e9tica na que primen as enerx\u00edas renovables, pero temos que facelo de xeito ordenado, sen pasos en falso e cun per\u00edodo de transici\u00f3n no que prime o sentido com\u00fan\u201d, asegurou Calvo, que lembrou os investimentos que est\u00e1 a levar a cabo Naturgy en As Pontes para equilibrar a s\u00faa produci\u00f3n mixta de carb\u00f3n e gas. \u201cVan tratar esta central como outra que s\u00f3 produce carb\u00f3n, que non adaptou as s\u00faas instalaci\u00f3ns e que mant\u00e9n emisi\u00f3ns contaminantes como as de hai 50 anos?\u201d, preguntou.<\/div>\n<div>&nbsp;<\/div>\n<p>&nbsp;<\/p>\n<p>&nbsp;<\/p>\n<div><strong>MODELO RACIONAL E SUSTENTABLE<\/strong><\/div>\n<div>&nbsp;<\/div>\n<div>&nbsp;<\/div>\n<p>&nbsp;<\/p>\n<div>Por todo isto, o Parlamento aprobou solicitar a constituci\u00f3n de inmediato do grupo de traballo anunciado pola Ministra de Industria e Turismo no que se integren \u00e1s Comunidades Aut\u00f3nomas para analizar o modelo de transici\u00f3n enerx\u00e9tica m\u00e1is racional e sustentable ambiental e economicamente, no que te\u00f1an cabida as centrais t\u00e9rmicas m\u00e1is eficientes, entre elas as de Meirama e As Pontes.<\/div>\n<div>&nbsp;<\/div>\n<div>&nbsp;<\/div>\n<p>Ademais, reclama que se instauren canto antes os mecanismos de capacidade suprimidos (pagos por dispo\u00f1ibilidade) de acordo cos criterios establecidos pola U.E. para as centrais t\u00e9rmicas de carb\u00f3n m\u00e1is viables econ\u00f3mica e ambientalmente. E, finalmente, que se faga efectivo o mecanismo de apoio, por un importe de 20 mill\u00f3ns de euros, para a reduci\u00f3n das emisi\u00f3ns ambientais nas centrais t\u00e9rmicas de carb\u00f3n, con sometemento aos requisitos e l\u00edmites previstos na normativa de axudas de estado da Uni\u00f3n Europea contemplado na Lei 6\/2018, do 13 de xullo, de orzamentos xerais do Estado para o ano 2018 na s\u00faa disposici\u00f3n adicional cent\u00e9simo oitava.&nbsp;<\/p>\n","protected":false},"excerpt":{"rendered":"<p>Santiago, 12 de setembro de 2018. O Parlamento de Galicia aprobou hoxe a proposici\u00f3n non de lei do Grupo Popular a trav\u00e9s da que se demanda ao&nbsp; Goberno central que constit\u00faa de inmediato o grupo de traballo, no que se integren as comunidades aut\u00f3nomas, para analizar o modelo de transici\u00f3n enerx\u00e9tica m\u00e1is racional e sustentable, [&hellip;]<\/p>\n","protected":false},"author":37,"featured_media":0,"comment_status":"open","ping_status":"open","sticky":false,"template":"","format":"standard","meta":{"_acf_changed":false,"footnotes":""},"categories":[1],"tags":[],"class_list":["post-52935","post","type-post","status-publish","format-standard","hentry","category-pp-de-galicia"],"acf":[],"yoast_head":"<!-- This site is optimized with the Yoast SEO plugin v27.3 - https:\/\/yoast.com\/product\/yoast-seo-wordpress\/ -->\n<title>O Parlamento galego solicita ao Goberno central un plan de transici\u00f3n enerx\u00e9tica m\u00e1is racional e sustentable que mante\u00f1a as centrais de As Pontes e Meirama - PP de Galicia<\/title>\n<meta name=\"robots\" content=\"index, follow, max-snippet:-1, max-image-preview:large, max-video-preview:-1\" \/>\n<link rel=\"canonical\" href=\"https:\/\/ppdegalicia.com\/es\/o-parlamento-galego-solicita-ao-goberno-central-un-plan-de-transicion-enerxetica-mais-racional-e-sustentable-que-mantena-as-centrais-de-as-pontes-e-meirama\/\" \/>\n<meta property=\"og:locale\" content=\"es_ES\" \/>\n<meta property=\"og:type\" content=\"article\" \/>\n<meta property=\"og:title\" content=\"O Parlamento galego solicita ao Goberno central un plan de transici\u00f3n enerx\u00e9tica m\u00e1is racional e sustentable que mante\u00f1a as centrais de As Pontes e Meirama - PP de Galicia\" \/>\n<meta property=\"og:description\" content=\"Santiago, 12 de setembro de 2018. O Parlamento de Galicia aprobou hoxe a proposici\u00f3n non de lei do Grupo Popular a trav\u00e9s da que se demanda ao&nbsp; Goberno central que constit\u00faa de inmediato o grupo de traballo, no que se integren as comunidades aut\u00f3nomas, para analizar o modelo de transici\u00f3n enerx\u00e9tica m\u00e1is racional e sustentable, [&hellip;]\" \/>\n<meta property=\"og:url\" content=\"https:\/\/ppdegalicia.com\/es\/o-parlamento-galego-solicita-ao-goberno-central-un-plan-de-transicion-enerxetica-mais-racional-e-sustentable-que-mantena-as-centrais-de-as-pontes-e-meirama\/\" \/>\n<meta property=\"og:site_name\" content=\"PP de Galicia\" \/>\n<meta property=\"article:publisher\" content=\"https:\/\/www.instagram.com\/ppdegalicia\/\" \/>\n<meta property=\"article:published_time\" content=\"2018-09-12T09:32:05+00:00\" \/>\n<meta name=\"author\" content=\"Super User\" \/>\n<meta name=\"twitter:card\" content=\"summary_large_image\" \/>\n<meta name=\"twitter:creator\" content=\"@ppdegalicia\" \/>\n<meta name=\"twitter:site\" content=\"@ppdegalicia\" \/>\n<meta name=\"twitter:label1\" content=\"Escrito por\" \/>\n\t<meta name=\"twitter:data1\" content=\"Super User\" \/>\n\t<meta name=\"twitter:label2\" content=\"Tiempo de lectura\" \/>\n\t<meta name=\"twitter:data2\" content=\"4 minutos\" \/>\n<script type=\"application\/ld+json\" class=\"yoast-schema-graph\">{\"@context\":\"https:\\\/\\\/schema.org\",\"@graph\":[{\"@type\":\"Article\",\"@id\":\"https:\\\/\\\/ppdegalicia.com\\\/es\\\/o-parlamento-galego-solicita-ao-goberno-central-un-plan-de-transicion-enerxetica-mais-racional-e-sustentable-que-mantena-as-centrais-de-as-pontes-e-meirama\\\/#article\",\"isPartOf\":{\"@id\":\"https:\\\/\\\/ppdegalicia.com\\\/es\\\/o-parlamento-galego-solicita-ao-goberno-central-un-plan-de-transicion-enerxetica-mais-racional-e-sustentable-que-mantena-as-centrais-de-as-pontes-e-meirama\\\/\"},\"author\":{\"name\":\"Super User\",\"@id\":\"https:\\\/\\\/ppdegalicia.com\\\/es\\\/#\\\/schema\\\/person\\\/d0f013b8388c980665d44009ab762960\"},\"headline\":\"O Parlamento galego solicita ao Goberno central un plan de transici\u00f3n enerx\u00e9tica m\u00e1is racional e sustentable que mante\u00f1a as centrais de As Pontes e Meirama\",\"datePublished\":\"2018-09-12T09:32:05+00:00\",\"mainEntityOfPage\":{\"@id\":\"https:\\\/\\\/ppdegalicia.com\\\/es\\\/o-parlamento-galego-solicita-ao-goberno-central-un-plan-de-transicion-enerxetica-mais-racional-e-sustentable-que-mantena-as-centrais-de-as-pontes-e-meirama\\\/\"},\"wordCount\":733,\"commentCount\":0,\"publisher\":{\"@id\":\"https:\\\/\\\/ppdegalicia.com\\\/es\\\/#organization\"},\"articleSection\":[\"PP de Galicia\"],\"inLanguage\":\"es\",\"potentialAction\":[{\"@type\":\"CommentAction\",\"name\":\"Comment\",\"target\":[\"https:\\\/\\\/ppdegalicia.com\\\/es\\\/o-parlamento-galego-solicita-ao-goberno-central-un-plan-de-transicion-enerxetica-mais-racional-e-sustentable-que-mantena-as-centrais-de-as-pontes-e-meirama\\\/#respond\"]}]},{\"@type\":\"WebPage\",\"@id\":\"https:\\\/\\\/ppdegalicia.com\\\/es\\\/o-parlamento-galego-solicita-ao-goberno-central-un-plan-de-transicion-enerxetica-mais-racional-e-sustentable-que-mantena-as-centrais-de-as-pontes-e-meirama\\\/\",\"url\":\"https:\\\/\\\/ppdegalicia.com\\\/es\\\/o-parlamento-galego-solicita-ao-goberno-central-un-plan-de-transicion-enerxetica-mais-racional-e-sustentable-que-mantena-as-centrais-de-as-pontes-e-meirama\\\/\",\"name\":\"O Parlamento galego solicita ao Goberno central un plan de transici\u00f3n enerx\u00e9tica m\u00e1is racional e sustentable que mante\u00f1a as centrais de As Pontes e Meirama - PP de Galicia\",\"isPartOf\":{\"@id\":\"https:\\\/\\\/ppdegalicia.com\\\/es\\\/#website\"},\"datePublished\":\"2018-09-12T09:32:05+00:00\",\"breadcrumb\":{\"@id\":\"https:\\\/\\\/ppdegalicia.com\\\/es\\\/o-parlamento-galego-solicita-ao-goberno-central-un-plan-de-transicion-enerxetica-mais-racional-e-sustentable-que-mantena-as-centrais-de-as-pontes-e-meirama\\\/#breadcrumb\"},\"inLanguage\":\"es\",\"potentialAction\":[{\"@type\":\"ReadAction\",\"target\":[\"https:\\\/\\\/ppdegalicia.com\\\/es\\\/o-parlamento-galego-solicita-ao-goberno-central-un-plan-de-transicion-enerxetica-mais-racional-e-sustentable-que-mantena-as-centrais-de-as-pontes-e-meirama\\\/\"]}]},{\"@type\":\"BreadcrumbList\",\"@id\":\"https:\\\/\\\/ppdegalicia.com\\\/es\\\/o-parlamento-galego-solicita-ao-goberno-central-un-plan-de-transicion-enerxetica-mais-racional-e-sustentable-que-mantena-as-centrais-de-as-pontes-e-meirama\\\/#breadcrumb\",\"itemListElement\":[{\"@type\":\"ListItem\",\"position\":1,\"name\":\"Portada\",\"item\":\"https:\\\/\\\/ppdegalicia.com\\\/es\\\/\"},{\"@type\":\"ListItem\",\"position\":2,\"name\":\"O Parlamento galego solicita ao Goberno central un plan de transici\u00f3n enerx\u00e9tica m\u00e1is racional e sustentable que mante\u00f1a as centrais de As Pontes e Meirama\"}]},{\"@type\":\"WebSite\",\"@id\":\"https:\\\/\\\/ppdegalicia.com\\\/es\\\/#website\",\"url\":\"https:\\\/\\\/ppdegalicia.com\\\/es\\\/\",\"name\":\"Partido Popular de Galicia\",\"description\":\"Partido Popular de Galicia\",\"publisher\":{\"@id\":\"https:\\\/\\\/ppdegalicia.com\\\/es\\\/#organization\"},\"alternateName\":\"PP de Galicia\",\"potentialAction\":[{\"@type\":\"SearchAction\",\"target\":{\"@type\":\"EntryPoint\",\"urlTemplate\":\"https:\\\/\\\/ppdegalicia.com\\\/es\\\/?s={search_term_string}\"},\"query-input\":{\"@type\":\"PropertyValueSpecification\",\"valueRequired\":true,\"valueName\":\"search_term_string\"}}],\"inLanguage\":\"es\"},{\"@type\":\"Organization\",\"@id\":\"https:\\\/\\\/ppdegalicia.com\\\/es\\\/#organization\",\"name\":\"Partido Popular de Galicia\",\"alternateName\":\"PP de Galicia\",\"url\":\"https:\\\/\\\/ppdegalicia.com\\\/es\\\/\",\"logo\":{\"@type\":\"ImageObject\",\"inLanguage\":\"es\",\"@id\":\"https:\\\/\\\/ppdegalicia.com\\\/es\\\/#\\\/schema\\\/logo\\\/image\\\/\",\"url\":\"https:\\\/\\\/ppdegalicia.com\\\/wp-content\\\/uploads\\\/2023\\\/04\\\/logoPP512.png\",\"contentUrl\":\"https:\\\/\\\/ppdegalicia.com\\\/wp-content\\\/uploads\\\/2023\\\/04\\\/logoPP512.png\",\"width\":512,\"height\":512,\"caption\":\"Partido Popular de Galicia\"},\"image\":{\"@id\":\"https:\\\/\\\/ppdegalicia.com\\\/es\\\/#\\\/schema\\\/logo\\\/image\\\/\"},\"sameAs\":[\"https:\\\/\\\/www.instagram.com\\\/ppdegalicia\\\/\",\"https:\\\/\\\/x.com\\\/ppdegalicia\",\"https:\\\/\\\/www.tiktok.com\\\/@ppdegalicia\",\"https:\\\/\\\/www.youtube.com\\\/user\\\/ppdegalicia\"]},{\"@type\":\"Person\",\"@id\":\"https:\\\/\\\/ppdegalicia.com\\\/es\\\/#\\\/schema\\\/person\\\/d0f013b8388c980665d44009ab762960\",\"name\":\"Super User\",\"image\":{\"@type\":\"ImageObject\",\"inLanguage\":\"es\",\"@id\":\"https:\\\/\\\/secure.gravatar.com\\\/avatar\\\/1db852625ef4948f58d2739bfbc51e4b9bd5c93b8fa340b59fdb594ca0845645?s=96&d=mm&r=g\",\"url\":\"https:\\\/\\\/secure.gravatar.com\\\/avatar\\\/1db852625ef4948f58d2739bfbc51e4b9bd5c93b8fa340b59fdb594ca0845645?s=96&d=mm&r=g\",\"contentUrl\":\"https:\\\/\\\/secure.gravatar.com\\\/avatar\\\/1db852625ef4948f58d2739bfbc51e4b9bd5c93b8fa340b59fdb594ca0845645?s=96&d=mm&r=g\",\"caption\":\"Super User\"},\"url\":\"https:\\\/\\\/ppdegalicia.com\\\/es\\\/author\\\/ppdegaliciagestion\\\/\"}]}<\/script>\n<!-- \/ Yoast SEO plugin. -->","yoast_head_json":{"title":"O Parlamento galego solicita ao Goberno central un plan de transici\u00f3n enerx\u00e9tica m\u00e1is racional e sustentable que mante\u00f1a as centrais de As Pontes e Meirama - PP de Galicia","robots":{"index":"index","follow":"follow","max-snippet":"max-snippet:-1","max-image-preview":"max-image-preview:large","max-video-preview":"max-video-preview:-1"},"canonical":"https:\/\/ppdegalicia.com\/es\/o-parlamento-galego-solicita-ao-goberno-central-un-plan-de-transicion-enerxetica-mais-racional-e-sustentable-que-mantena-as-centrais-de-as-pontes-e-meirama\/","og_locale":"es_ES","og_type":"article","og_title":"O Parlamento galego solicita ao Goberno central un plan de transici\u00f3n enerx\u00e9tica m\u00e1is racional e sustentable que mante\u00f1a as centrais de As Pontes e Meirama - PP de Galicia","og_description":"Santiago, 12 de setembro de 2018. O Parlamento de Galicia aprobou hoxe a proposici\u00f3n non de lei do Grupo Popular a trav\u00e9s da que se demanda ao&nbsp; Goberno central que constit\u00faa de inmediato o grupo de traballo, no que se integren as comunidades aut\u00f3nomas, para analizar o modelo de transici\u00f3n enerx\u00e9tica m\u00e1is racional e sustentable, [&hellip;]","og_url":"https:\/\/ppdegalicia.com\/es\/o-parlamento-galego-solicita-ao-goberno-central-un-plan-de-transicion-enerxetica-mais-racional-e-sustentable-que-mantena-as-centrais-de-as-pontes-e-meirama\/","og_site_name":"PP de Galicia","article_publisher":"https:\/\/www.instagram.com\/ppdegalicia\/","article_published_time":"2018-09-12T09:32:05+00:00","author":"Super User","twitter_card":"summary_large_image","twitter_creator":"@ppdegalicia","twitter_site":"@ppdegalicia","twitter_misc":{"Escrito por":"Super User","Tiempo de lectura":"4 minutos"},"schema":{"@context":"https:\/\/schema.org","@graph":[{"@type":"Article","@id":"https:\/\/ppdegalicia.com\/es\/o-parlamento-galego-solicita-ao-goberno-central-un-plan-de-transicion-enerxetica-mais-racional-e-sustentable-que-mantena-as-centrais-de-as-pontes-e-meirama\/#article","isPartOf":{"@id":"https:\/\/ppdegalicia.com\/es\/o-parlamento-galego-solicita-ao-goberno-central-un-plan-de-transicion-enerxetica-mais-racional-e-sustentable-que-mantena-as-centrais-de-as-pontes-e-meirama\/"},"author":{"name":"Super User","@id":"https:\/\/ppdegalicia.com\/es\/#\/schema\/person\/d0f013b8388c980665d44009ab762960"},"headline":"O Parlamento galego solicita ao Goberno central un plan de transici\u00f3n enerx\u00e9tica m\u00e1is racional e sustentable que mante\u00f1a as centrais de As Pontes e Meirama","datePublished":"2018-09-12T09:32:05+00:00","mainEntityOfPage":{"@id":"https:\/\/ppdegalicia.com\/es\/o-parlamento-galego-solicita-ao-goberno-central-un-plan-de-transicion-enerxetica-mais-racional-e-sustentable-que-mantena-as-centrais-de-as-pontes-e-meirama\/"},"wordCount":733,"commentCount":0,"publisher":{"@id":"https:\/\/ppdegalicia.com\/es\/#organization"},"articleSection":["PP de Galicia"],"inLanguage":"es","potentialAction":[{"@type":"CommentAction","name":"Comment","target":["https:\/\/ppdegalicia.com\/es\/o-parlamento-galego-solicita-ao-goberno-central-un-plan-de-transicion-enerxetica-mais-racional-e-sustentable-que-mantena-as-centrais-de-as-pontes-e-meirama\/#respond"]}]},{"@type":"WebPage","@id":"https:\/\/ppdegalicia.com\/es\/o-parlamento-galego-solicita-ao-goberno-central-un-plan-de-transicion-enerxetica-mais-racional-e-sustentable-que-mantena-as-centrais-de-as-pontes-e-meirama\/","url":"https:\/\/ppdegalicia.com\/es\/o-parlamento-galego-solicita-ao-goberno-central-un-plan-de-transicion-enerxetica-mais-racional-e-sustentable-que-mantena-as-centrais-de-as-pontes-e-meirama\/","name":"O Parlamento galego solicita ao Goberno central un plan de transici\u00f3n enerx\u00e9tica m\u00e1is racional e sustentable que mante\u00f1a as centrais de As Pontes e Meirama - PP de Galicia","isPartOf":{"@id":"https:\/\/ppdegalicia.com\/es\/#website"},"datePublished":"2018-09-12T09:32:05+00:00","breadcrumb":{"@id":"https:\/\/ppdegalicia.com\/es\/o-parlamento-galego-solicita-ao-goberno-central-un-plan-de-transicion-enerxetica-mais-racional-e-sustentable-que-mantena-as-centrais-de-as-pontes-e-meirama\/#breadcrumb"},"inLanguage":"es","potentialAction":[{"@type":"ReadAction","target":["https:\/\/ppdegalicia.com\/es\/o-parlamento-galego-solicita-ao-goberno-central-un-plan-de-transicion-enerxetica-mais-racional-e-sustentable-que-mantena-as-centrais-de-as-pontes-e-meirama\/"]}]},{"@type":"BreadcrumbList","@id":"https:\/\/ppdegalicia.com\/es\/o-parlamento-galego-solicita-ao-goberno-central-un-plan-de-transicion-enerxetica-mais-racional-e-sustentable-que-mantena-as-centrais-de-as-pontes-e-meirama\/#breadcrumb","itemListElement":[{"@type":"ListItem","position":1,"name":"Portada","item":"https:\/\/ppdegalicia.com\/es\/"},{"@type":"ListItem","position":2,"name":"O Parlamento galego solicita ao Goberno central un plan de transici\u00f3n enerx\u00e9tica m\u00e1is racional e sustentable que mante\u00f1a as centrais de As Pontes e Meirama"}]},{"@type":"WebSite","@id":"https:\/\/ppdegalicia.com\/es\/#website","url":"https:\/\/ppdegalicia.com\/es\/","name":"Partido Popular de Galicia","description":"Partido Popular de Galicia","publisher":{"@id":"https:\/\/ppdegalicia.com\/es\/#organization"},"alternateName":"PP de Galicia","potentialAction":[{"@type":"SearchAction","target":{"@type":"EntryPoint","urlTemplate":"https:\/\/ppdegalicia.com\/es\/?s={search_term_string}"},"query-input":{"@type":"PropertyValueSpecification","valueRequired":true,"valueName":"search_term_string"}}],"inLanguage":"es"},{"@type":"Organization","@id":"https:\/\/ppdegalicia.com\/es\/#organization","name":"Partido Popular de Galicia","alternateName":"PP de Galicia","url":"https:\/\/ppdegalicia.com\/es\/","logo":{"@type":"ImageObject","inLanguage":"es","@id":"https:\/\/ppdegalicia.com\/es\/#\/schema\/logo\/image\/","url":"https:\/\/ppdegalicia.com\/wp-content\/uploads\/2023\/04\/logoPP512.png","contentUrl":"https:\/\/ppdegalicia.com\/wp-content\/uploads\/2023\/04\/logoPP512.png","width":512,"height":512,"caption":"Partido Popular de Galicia"},"image":{"@id":"https:\/\/ppdegalicia.com\/es\/#\/schema\/logo\/image\/"},"sameAs":["https:\/\/www.instagram.com\/ppdegalicia\/","https:\/\/x.com\/ppdegalicia","https:\/\/www.tiktok.com\/@ppdegalicia","https:\/\/www.youtube.com\/user\/ppdegalicia"]},{"@type":"Person","@id":"https:\/\/ppdegalicia.com\/es\/#\/schema\/person\/d0f013b8388c980665d44009ab762960","name":"Super User","image":{"@type":"ImageObject","inLanguage":"es","@id":"https:\/\/secure.gravatar.com\/avatar\/1db852625ef4948f58d2739bfbc51e4b9bd5c93b8fa340b59fdb594ca0845645?s=96&d=mm&r=g","url":"https:\/\/secure.gravatar.com\/avatar\/1db852625ef4948f58d2739bfbc51e4b9bd5c93b8fa340b59fdb594ca0845645?s=96&d=mm&r=g","contentUrl":"https:\/\/secure.gravatar.com\/avatar\/1db852625ef4948f58d2739bfbc51e4b9bd5c93b8fa340b59fdb594ca0845645?s=96&d=mm&r=g","caption":"Super User"},"url":"https:\/\/ppdegalicia.com\/es\/author\/ppdegaliciagestion\/"}]}},"_links":{"self":[{"href":"https:\/\/ppdegalicia.com\/es\/wp-json\/wp\/v2\/posts\/52935","targetHints":{"allow":["GET"]}}],"collection":[{"href":"https:\/\/ppdegalicia.com\/es\/wp-json\/wp\/v2\/posts"}],"about":[{"href":"https:\/\/ppdegalicia.com\/es\/wp-json\/wp\/v2\/types\/post"}],"author":[{"embeddable":true,"href":"https:\/\/ppdegalicia.com\/es\/wp-json\/wp\/v2\/users\/37"}],"replies":[{"embeddable":true,"href":"https:\/\/ppdegalicia.com\/es\/wp-json\/wp\/v2\/comments?post=52935"}],"version-history":[{"count":0,"href":"https:\/\/ppdegalicia.com\/es\/wp-json\/wp\/v2\/posts\/52935\/revisions"}],"wp:attachment":[{"href":"https:\/\/ppdegalicia.com\/es\/wp-json\/wp\/v2\/media?parent=52935"}],"wp:term":[{"taxonomy":"category","embeddable":true,"href":"https:\/\/ppdegalicia.com\/es\/wp-json\/wp\/v2\/categories?post=52935"},{"taxonomy":"post_tag","embeddable":true,"href":"https:\/\/ppdegalicia.com\/es\/wp-json\/wp\/v2\/tags?post=52935"}],"curies":[{"name":"wp","href":"https:\/\/api.w.org\/{rel}","templated":true}]}}