{"id":52989,"date":"2018-10-05T11:36:54","date_gmt":"2018-10-05T09:36:54","guid":{"rendered":"https:\/\/ppdegalicia.com\/tellado-o-debate-de-politica-xeral-contrapora-un-goberno-con-balance-e-propostas-cunha-oposicion-prisioneira-das-suas-liortas-internas\/"},"modified":"2018-10-05T11:36:54","modified_gmt":"2018-10-05T09:36:54","slug":"tellado-o-debate-de-politica-xeral-contrapora-un-goberno-con-balance-e-propostas-cunha-oposicion-prisioneira-das-suas-liortas-internas","status":"publish","type":"post","link":"https:\/\/ppdegalicia.com\/es\/tellado-o-debate-de-politica-xeral-contrapora-un-goberno-con-balance-e-propostas-cunha-oposicion-prisioneira-das-suas-liortas-internas\/","title":{"rendered":"Tellado: \u201cO Debate de pol\u00edtica xeral contrapor\u00e1 un Goberno con balance e propostas cunha oposici\u00f3n prisioneira das s\u00faas liortas internas\u201d"},"content":{"rendered":"<p><span style=\"text-decoration: underline;\">5, outubro, 2018. <\/span>&nbsp;O secretario xeral do PPdeG, Miguel Tellado, reflexionou sobre a situaci\u00f3n na que chega Galicia ao Debate do Estado da Autonom\u00eda que se celebrar\u00e1 a vindeira semana, contrapo\u00f1endo d\u00faas \u201crealidades innegables\u201d: a existencia dun Goberno consolidado e respaldado cunha maior\u00eda parlamentaria excepcional, que comparece ante C\u00e1mara cun balance do feito e cunha bater\u00eda de propostas sobre o que queda por facer; e unha oposici\u00f3n dividida \u201cincapaz de artellar sequera un discurso que resulte remotamente coherente entre as tres e prisioneira dos seus conflitos internos\u201d.<\/p>\n<p><!--more--><\/p>\n<p>&nbsp;<\/p>\n<p>De igual xeito, subli\u00f1ou que mentres aqu\u00ed contamos cun Goberno estable e s\u00f3lido, o Executivo nacional at\u00f3pase nunha posici\u00f3n de extrema debilidade, prisioneiro dos seus socios de moci\u00f3n de censura; e que mentres na nosa Comunidade teremos un debate normal e cun desenvolvemento habitual, o Debate de pol\u00edtica xeral catal\u00e1n foi un esperpento m\u00e1is do independentismo, que non \u00e9 capaz de po\u00f1erse de acordo nin para unhas propostas de resoluci\u00f3n. Ao mesmo tempo, lamentou que o discurso na esquerda galega, especialmente no socialismo, vaia volver renunciar a defender os intereses de Galicia para ser unha sucursal de Ferraz na nosa Comunidade.<\/p>\n<p>&nbsp;<\/p>\n<p><strong>FERROL MERECE AO MELLOR ALCALDE DA S\u00daA HISTORIA<\/strong><\/p>\n<p>Por outra banda, Tellado, afirmou que \u201cFerrol merece que o mellor alcalde da s\u00faa historia recente substit\u00faa ao peor rexedor que tivo a cidade\u201d, logo de lembrar que precisamente esta tarde celebrarase a presentaci\u00f3n oficial de Jos\u00e9 Manuel Rey como aspirante do PP \u00e1 Alcald\u00eda desta urbe, un posto que \u201cnunca debeu perder\u201d.<\/p>\n<p>&nbsp;<\/p>\n<p>O n\u00famero dous dos populares galegos aseverou que o Concello de Ferrol, con Jorge S\u00faarez \u00e1 cabeza, foi durante estes \u00faltimos anos todo o que non debe ser a pol\u00edtica xa que chegou como froito dun pacto de perdedores, que apenas tardou un ano en romperse; mant\u00edvose grazas a dous casos de transfuguismo; e aguantou todo o mandato sen facer absolutamente nada pola cidade, porque todos os concelleiros estiveron m\u00e1is preocupados das liortas internas dos seus partidos ca da xesti\u00f3n diaria.<\/p>\n<p>&nbsp;<\/p>\n<p>As\u00ed mesmo, apuntou que a d\u00fabida nunca foi se a Marea de Ferrol \u00eda aguantar ou rachar, se non se en 2019 vai haber d\u00faas ou tres Mareas de Podemos diferentes. Por todo isto, o secretario xeral manifestou que Ferrol foi a zona cero do populismo en Galicia e non merece selo catro anos m\u00e1is.<\/p>\n<p>&nbsp;<\/p>\n<p>\u201cO que merece Ferrol \u00e9 un alcalde con experiencia de xesti\u00f3n, e que renunciou a ser conselleiro para volver a loitar por unha cidade que o ilusiona; que pelexe polos servizos sociais, pola demograf\u00eda ou polas infraestruturas b\u00e1sicas da cidade; e que te\u00f1a claro que a prioridade \u00e9 o emprego e a creaci\u00f3n de oportunidades de futuro na cidade e na comarca\u201d, remarcou.<\/p>\n<p>&nbsp;<\/p>\n<p><strong>O NOVO ESC\u00c1NDALO DA MAREA ATL\u00c1NTICA<\/strong><\/p>\n<p>Por \u00faltimo, o secretario xeral tam\u00e9n se referiu \u00e1 denuncia da Fiscal\u00eda da Coru\u00f1a contra a Marea Atl\u00e1ntica por suposta prevaricaci\u00f3n na cesi\u00f3n do antigo c\u00e1rcere. Como sinalou, unha vez m\u00e1is, o PP comezou denunciando as evidentes irregularidades deste proceso; os populares recibiron, de novo, insultos das Mareas; e, como de costume, o tempo demostrou que ti\u00f1an raz\u00f3n e que Xulio Ferreiro ten unha \u201crede clientelar\u201d na que na Coru\u00f1a \u00e9 imposible facer nada a menos que se sexa asinante ou amigo da Marea.<\/p>\n<p>&nbsp;<\/p>\n<p>Ademais, recordou que nas tres \u00faltimas semanas este Concello s\u00f3 xerou tres noticias: a anulaci\u00f3n da compra dos pisos a un fundador das Marea Atl\u00e1ntica porque hai indicios de ama\u00f1o no concurso, a anulaci\u00f3n dunha feira porque tam\u00e9n hai indicios de ama\u00f1o no concurso, e a denuncia da Fiscal\u00eda pola cesi\u00f3n do c\u00e1rcere porque hai ata oito indicios de ama\u00f1o.<\/p>\n<p>&nbsp;<\/p>\n<p>\u201cA ritmo de un esc\u00e1ndalo por semana, e nos que cada vez lle toca a un concelleiro diferente, a \u00fanica explicaci\u00f3n posible a todas estas pol\u00e9micas \u00e9 que o se\u00f1or Ferreiro estea a competir con Pedro S\u00e1nchez para ver que goberno se desintegra antes\u201d, sentenciou.&nbsp;<\/p>\n<div class=\"k2_video\"><iframe title=\"Tellado en rolda de prensa\" width=\"500\" height=\"281\" src=\"https:\/\/www.youtube.com\/embed\/Os-zBjmddl8?feature=oembed\" frameborder=\"0\" allow=\"accelerometer; autoplay; clipboard-write; encrypted-media; gyroscope; picture-in-picture; web-share\" referrerpolicy=\"strict-origin-when-cross-origin\" allowfullscreen><\/iframe>\n<\/div>\n","protected":false},"excerpt":{"rendered":"<p>5, outubro, 2018. &nbsp;O secretario xeral do PPdeG, Miguel Tellado, reflexionou sobre a situaci\u00f3n na que chega Galicia ao Debate do Estado da Autonom\u00eda que se celebrar\u00e1 a vindeira semana, contrapo\u00f1endo d\u00faas \u201crealidades innegables\u201d: a existencia dun Goberno consolidado e respaldado cunha maior\u00eda parlamentaria excepcional, que comparece ante C\u00e1mara cun balance do feito e cunha [&hellip;]<\/p>\n","protected":false},"author":37,"featured_media":0,"comment_status":"open","ping_status":"open","sticky":false,"template":"","format":"standard","meta":{"_acf_changed":false,"footnotes":""},"categories":[1],"tags":[],"class_list":["post-52989","post","type-post","status-publish","format-standard","hentry","category-pp-de-galicia"],"acf":[],"yoast_head":"<!-- This site is optimized with the Yoast SEO plugin v27.3 - https:\/\/yoast.com\/product\/yoast-seo-wordpress\/ -->\n<title>Tellado: \u201cO Debate de pol\u00edtica xeral contrapor\u00e1 un Goberno con balance e propostas cunha oposici\u00f3n prisioneira das s\u00faas liortas internas\u201d - PP de Galicia<\/title>\n<meta name=\"robots\" content=\"index, follow, max-snippet:-1, max-image-preview:large, max-video-preview:-1\" \/>\n<link rel=\"canonical\" href=\"https:\/\/ppdegalicia.com\/es\/tellado-o-debate-de-politica-xeral-contrapora-un-goberno-con-balance-e-propostas-cunha-oposicion-prisioneira-das-suas-liortas-internas\/\" \/>\n<meta property=\"og:locale\" content=\"es_ES\" \/>\n<meta property=\"og:type\" content=\"article\" \/>\n<meta property=\"og:title\" content=\"Tellado: \u201cO Debate de pol\u00edtica xeral contrapor\u00e1 un Goberno con balance e propostas cunha oposici\u00f3n prisioneira das s\u00faas liortas internas\u201d - PP de Galicia\" \/>\n<meta property=\"og:description\" content=\"5, outubro, 2018. &nbsp;O secretario xeral do PPdeG, Miguel Tellado, reflexionou sobre a situaci\u00f3n na que chega Galicia ao Debate do Estado da Autonom\u00eda que se celebrar\u00e1 a vindeira semana, contrapo\u00f1endo d\u00faas \u201crealidades innegables\u201d: a existencia dun Goberno consolidado e respaldado cunha maior\u00eda parlamentaria excepcional, que comparece ante C\u00e1mara cun balance do feito e cunha [&hellip;]\" \/>\n<meta property=\"og:url\" content=\"https:\/\/ppdegalicia.com\/es\/tellado-o-debate-de-politica-xeral-contrapora-un-goberno-con-balance-e-propostas-cunha-oposicion-prisioneira-das-suas-liortas-internas\/\" \/>\n<meta property=\"og:site_name\" content=\"PP de Galicia\" \/>\n<meta property=\"article:publisher\" content=\"https:\/\/www.instagram.com\/ppdegalicia\/\" \/>\n<meta property=\"article:published_time\" content=\"2018-10-05T09:36:54+00:00\" \/>\n<meta name=\"author\" content=\"Super User\" \/>\n<meta name=\"twitter:card\" content=\"summary_large_image\" \/>\n<meta name=\"twitter:creator\" content=\"@ppdegalicia\" \/>\n<meta name=\"twitter:site\" content=\"@ppdegalicia\" \/>\n<meta name=\"twitter:label1\" content=\"Escrito por\" \/>\n\t<meta name=\"twitter:data1\" content=\"Super User\" \/>\n\t<meta name=\"twitter:label2\" content=\"Tiempo de lectura\" \/>\n\t<meta name=\"twitter:data2\" content=\"4 minutos\" \/>\n<script type=\"application\/ld+json\" class=\"yoast-schema-graph\">{\"@context\":\"https:\\\/\\\/schema.org\",\"@graph\":[{\"@type\":\"Article\",\"@id\":\"https:\\\/\\\/ppdegalicia.com\\\/es\\\/tellado-o-debate-de-politica-xeral-contrapora-un-goberno-con-balance-e-propostas-cunha-oposicion-prisioneira-das-suas-liortas-internas\\\/#article\",\"isPartOf\":{\"@id\":\"https:\\\/\\\/ppdegalicia.com\\\/es\\\/tellado-o-debate-de-politica-xeral-contrapora-un-goberno-con-balance-e-propostas-cunha-oposicion-prisioneira-das-suas-liortas-internas\\\/\"},\"author\":{\"name\":\"Super User\",\"@id\":\"https:\\\/\\\/ppdegalicia.com\\\/es\\\/#\\\/schema\\\/person\\\/d0f013b8388c980665d44009ab762960\"},\"headline\":\"Tellado: \u201cO Debate de pol\u00edtica xeral contrapor\u00e1 un Goberno con balance e propostas cunha oposici\u00f3n prisioneira das s\u00faas liortas internas\u201d\",\"datePublished\":\"2018-10-05T09:36:54+00:00\",\"mainEntityOfPage\":{\"@id\":\"https:\\\/\\\/ppdegalicia.com\\\/es\\\/tellado-o-debate-de-politica-xeral-contrapora-un-goberno-con-balance-e-propostas-cunha-oposicion-prisioneira-das-suas-liortas-internas\\\/\"},\"wordCount\":739,\"commentCount\":0,\"publisher\":{\"@id\":\"https:\\\/\\\/ppdegalicia.com\\\/es\\\/#organization\"},\"articleSection\":[\"PP de Galicia\"],\"inLanguage\":\"es\",\"potentialAction\":[{\"@type\":\"CommentAction\",\"name\":\"Comment\",\"target\":[\"https:\\\/\\\/ppdegalicia.com\\\/es\\\/tellado-o-debate-de-politica-xeral-contrapora-un-goberno-con-balance-e-propostas-cunha-oposicion-prisioneira-das-suas-liortas-internas\\\/#respond\"]}]},{\"@type\":\"WebPage\",\"@id\":\"https:\\\/\\\/ppdegalicia.com\\\/es\\\/tellado-o-debate-de-politica-xeral-contrapora-un-goberno-con-balance-e-propostas-cunha-oposicion-prisioneira-das-suas-liortas-internas\\\/\",\"url\":\"https:\\\/\\\/ppdegalicia.com\\\/es\\\/tellado-o-debate-de-politica-xeral-contrapora-un-goberno-con-balance-e-propostas-cunha-oposicion-prisioneira-das-suas-liortas-internas\\\/\",\"name\":\"Tellado: \u201cO Debate de pol\u00edtica xeral contrapor\u00e1 un Goberno con balance e propostas cunha oposici\u00f3n prisioneira das s\u00faas liortas internas\u201d - PP de Galicia\",\"isPartOf\":{\"@id\":\"https:\\\/\\\/ppdegalicia.com\\\/es\\\/#website\"},\"datePublished\":\"2018-10-05T09:36:54+00:00\",\"breadcrumb\":{\"@id\":\"https:\\\/\\\/ppdegalicia.com\\\/es\\\/tellado-o-debate-de-politica-xeral-contrapora-un-goberno-con-balance-e-propostas-cunha-oposicion-prisioneira-das-suas-liortas-internas\\\/#breadcrumb\"},\"inLanguage\":\"es\",\"potentialAction\":[{\"@type\":\"ReadAction\",\"target\":[\"https:\\\/\\\/ppdegalicia.com\\\/es\\\/tellado-o-debate-de-politica-xeral-contrapora-un-goberno-con-balance-e-propostas-cunha-oposicion-prisioneira-das-suas-liortas-internas\\\/\"]}]},{\"@type\":\"BreadcrumbList\",\"@id\":\"https:\\\/\\\/ppdegalicia.com\\\/es\\\/tellado-o-debate-de-politica-xeral-contrapora-un-goberno-con-balance-e-propostas-cunha-oposicion-prisioneira-das-suas-liortas-internas\\\/#breadcrumb\",\"itemListElement\":[{\"@type\":\"ListItem\",\"position\":1,\"name\":\"Portada\",\"item\":\"https:\\\/\\\/ppdegalicia.com\\\/es\\\/\"},{\"@type\":\"ListItem\",\"position\":2,\"name\":\"Tellado: \u201cO Debate de pol\u00edtica xeral contrapor\u00e1 un Goberno con balance e propostas cunha oposici\u00f3n prisioneira das s\u00faas liortas internas\u201d\"}]},{\"@type\":\"WebSite\",\"@id\":\"https:\\\/\\\/ppdegalicia.com\\\/es\\\/#website\",\"url\":\"https:\\\/\\\/ppdegalicia.com\\\/es\\\/\",\"name\":\"Partido Popular de Galicia\",\"description\":\"Partido Popular de Galicia\",\"publisher\":{\"@id\":\"https:\\\/\\\/ppdegalicia.com\\\/es\\\/#organization\"},\"alternateName\":\"PP de Galicia\",\"potentialAction\":[{\"@type\":\"SearchAction\",\"target\":{\"@type\":\"EntryPoint\",\"urlTemplate\":\"https:\\\/\\\/ppdegalicia.com\\\/es\\\/?s={search_term_string}\"},\"query-input\":{\"@type\":\"PropertyValueSpecification\",\"valueRequired\":true,\"valueName\":\"search_term_string\"}}],\"inLanguage\":\"es\"},{\"@type\":\"Organization\",\"@id\":\"https:\\\/\\\/ppdegalicia.com\\\/es\\\/#organization\",\"name\":\"Partido Popular de Galicia\",\"alternateName\":\"PP de Galicia\",\"url\":\"https:\\\/\\\/ppdegalicia.com\\\/es\\\/\",\"logo\":{\"@type\":\"ImageObject\",\"inLanguage\":\"es\",\"@id\":\"https:\\\/\\\/ppdegalicia.com\\\/es\\\/#\\\/schema\\\/logo\\\/image\\\/\",\"url\":\"https:\\\/\\\/ppdegalicia.com\\\/wp-content\\\/uploads\\\/2023\\\/04\\\/logoPP512.png\",\"contentUrl\":\"https:\\\/\\\/ppdegalicia.com\\\/wp-content\\\/uploads\\\/2023\\\/04\\\/logoPP512.png\",\"width\":512,\"height\":512,\"caption\":\"Partido Popular de Galicia\"},\"image\":{\"@id\":\"https:\\\/\\\/ppdegalicia.com\\\/es\\\/#\\\/schema\\\/logo\\\/image\\\/\"},\"sameAs\":[\"https:\\\/\\\/www.instagram.com\\\/ppdegalicia\\\/\",\"https:\\\/\\\/x.com\\\/ppdegalicia\",\"https:\\\/\\\/www.tiktok.com\\\/@ppdegalicia\",\"https:\\\/\\\/www.youtube.com\\\/user\\\/ppdegalicia\"]},{\"@type\":\"Person\",\"@id\":\"https:\\\/\\\/ppdegalicia.com\\\/es\\\/#\\\/schema\\\/person\\\/d0f013b8388c980665d44009ab762960\",\"name\":\"Super User\",\"image\":{\"@type\":\"ImageObject\",\"inLanguage\":\"es\",\"@id\":\"https:\\\/\\\/secure.gravatar.com\\\/avatar\\\/1db852625ef4948f58d2739bfbc51e4b9bd5c93b8fa340b59fdb594ca0845645?s=96&d=mm&r=g\",\"url\":\"https:\\\/\\\/secure.gravatar.com\\\/avatar\\\/1db852625ef4948f58d2739bfbc51e4b9bd5c93b8fa340b59fdb594ca0845645?s=96&d=mm&r=g\",\"contentUrl\":\"https:\\\/\\\/secure.gravatar.com\\\/avatar\\\/1db852625ef4948f58d2739bfbc51e4b9bd5c93b8fa340b59fdb594ca0845645?s=96&d=mm&r=g\",\"caption\":\"Super User\"},\"url\":\"https:\\\/\\\/ppdegalicia.com\\\/es\\\/author\\\/ppdegaliciagestion\\\/\"}]}<\/script>\n<!-- \/ Yoast SEO plugin. -->","yoast_head_json":{"title":"Tellado: \u201cO Debate de pol\u00edtica xeral contrapor\u00e1 un Goberno con balance e propostas cunha oposici\u00f3n prisioneira das s\u00faas liortas internas\u201d - PP de Galicia","robots":{"index":"index","follow":"follow","max-snippet":"max-snippet:-1","max-image-preview":"max-image-preview:large","max-video-preview":"max-video-preview:-1"},"canonical":"https:\/\/ppdegalicia.com\/es\/tellado-o-debate-de-politica-xeral-contrapora-un-goberno-con-balance-e-propostas-cunha-oposicion-prisioneira-das-suas-liortas-internas\/","og_locale":"es_ES","og_type":"article","og_title":"Tellado: \u201cO Debate de pol\u00edtica xeral contrapor\u00e1 un Goberno con balance e propostas cunha oposici\u00f3n prisioneira das s\u00faas liortas internas\u201d - PP de Galicia","og_description":"5, outubro, 2018. &nbsp;O secretario xeral do PPdeG, Miguel Tellado, reflexionou sobre a situaci\u00f3n na que chega Galicia ao Debate do Estado da Autonom\u00eda que se celebrar\u00e1 a vindeira semana, contrapo\u00f1endo d\u00faas \u201crealidades innegables\u201d: a existencia dun Goberno consolidado e respaldado cunha maior\u00eda parlamentaria excepcional, que comparece ante C\u00e1mara cun balance do feito e cunha [&hellip;]","og_url":"https:\/\/ppdegalicia.com\/es\/tellado-o-debate-de-politica-xeral-contrapora-un-goberno-con-balance-e-propostas-cunha-oposicion-prisioneira-das-suas-liortas-internas\/","og_site_name":"PP de Galicia","article_publisher":"https:\/\/www.instagram.com\/ppdegalicia\/","article_published_time":"2018-10-05T09:36:54+00:00","author":"Super User","twitter_card":"summary_large_image","twitter_creator":"@ppdegalicia","twitter_site":"@ppdegalicia","twitter_misc":{"Escrito por":"Super User","Tiempo de lectura":"4 minutos"},"schema":{"@context":"https:\/\/schema.org","@graph":[{"@type":"Article","@id":"https:\/\/ppdegalicia.com\/es\/tellado-o-debate-de-politica-xeral-contrapora-un-goberno-con-balance-e-propostas-cunha-oposicion-prisioneira-das-suas-liortas-internas\/#article","isPartOf":{"@id":"https:\/\/ppdegalicia.com\/es\/tellado-o-debate-de-politica-xeral-contrapora-un-goberno-con-balance-e-propostas-cunha-oposicion-prisioneira-das-suas-liortas-internas\/"},"author":{"name":"Super User","@id":"https:\/\/ppdegalicia.com\/es\/#\/schema\/person\/d0f013b8388c980665d44009ab762960"},"headline":"Tellado: \u201cO Debate de pol\u00edtica xeral contrapor\u00e1 un Goberno con balance e propostas cunha oposici\u00f3n prisioneira das s\u00faas liortas internas\u201d","datePublished":"2018-10-05T09:36:54+00:00","mainEntityOfPage":{"@id":"https:\/\/ppdegalicia.com\/es\/tellado-o-debate-de-politica-xeral-contrapora-un-goberno-con-balance-e-propostas-cunha-oposicion-prisioneira-das-suas-liortas-internas\/"},"wordCount":739,"commentCount":0,"publisher":{"@id":"https:\/\/ppdegalicia.com\/es\/#organization"},"articleSection":["PP de Galicia"],"inLanguage":"es","potentialAction":[{"@type":"CommentAction","name":"Comment","target":["https:\/\/ppdegalicia.com\/es\/tellado-o-debate-de-politica-xeral-contrapora-un-goberno-con-balance-e-propostas-cunha-oposicion-prisioneira-das-suas-liortas-internas\/#respond"]}]},{"@type":"WebPage","@id":"https:\/\/ppdegalicia.com\/es\/tellado-o-debate-de-politica-xeral-contrapora-un-goberno-con-balance-e-propostas-cunha-oposicion-prisioneira-das-suas-liortas-internas\/","url":"https:\/\/ppdegalicia.com\/es\/tellado-o-debate-de-politica-xeral-contrapora-un-goberno-con-balance-e-propostas-cunha-oposicion-prisioneira-das-suas-liortas-internas\/","name":"Tellado: \u201cO Debate de pol\u00edtica xeral contrapor\u00e1 un Goberno con balance e propostas cunha oposici\u00f3n prisioneira das s\u00faas liortas internas\u201d - PP de Galicia","isPartOf":{"@id":"https:\/\/ppdegalicia.com\/es\/#website"},"datePublished":"2018-10-05T09:36:54+00:00","breadcrumb":{"@id":"https:\/\/ppdegalicia.com\/es\/tellado-o-debate-de-politica-xeral-contrapora-un-goberno-con-balance-e-propostas-cunha-oposicion-prisioneira-das-suas-liortas-internas\/#breadcrumb"},"inLanguage":"es","potentialAction":[{"@type":"ReadAction","target":["https:\/\/ppdegalicia.com\/es\/tellado-o-debate-de-politica-xeral-contrapora-un-goberno-con-balance-e-propostas-cunha-oposicion-prisioneira-das-suas-liortas-internas\/"]}]},{"@type":"BreadcrumbList","@id":"https:\/\/ppdegalicia.com\/es\/tellado-o-debate-de-politica-xeral-contrapora-un-goberno-con-balance-e-propostas-cunha-oposicion-prisioneira-das-suas-liortas-internas\/#breadcrumb","itemListElement":[{"@type":"ListItem","position":1,"name":"Portada","item":"https:\/\/ppdegalicia.com\/es\/"},{"@type":"ListItem","position":2,"name":"Tellado: \u201cO Debate de pol\u00edtica xeral contrapor\u00e1 un Goberno con balance e propostas cunha oposici\u00f3n prisioneira das s\u00faas liortas internas\u201d"}]},{"@type":"WebSite","@id":"https:\/\/ppdegalicia.com\/es\/#website","url":"https:\/\/ppdegalicia.com\/es\/","name":"Partido Popular de Galicia","description":"Partido Popular de Galicia","publisher":{"@id":"https:\/\/ppdegalicia.com\/es\/#organization"},"alternateName":"PP de Galicia","potentialAction":[{"@type":"SearchAction","target":{"@type":"EntryPoint","urlTemplate":"https:\/\/ppdegalicia.com\/es\/?s={search_term_string}"},"query-input":{"@type":"PropertyValueSpecification","valueRequired":true,"valueName":"search_term_string"}}],"inLanguage":"es"},{"@type":"Organization","@id":"https:\/\/ppdegalicia.com\/es\/#organization","name":"Partido Popular de Galicia","alternateName":"PP de Galicia","url":"https:\/\/ppdegalicia.com\/es\/","logo":{"@type":"ImageObject","inLanguage":"es","@id":"https:\/\/ppdegalicia.com\/es\/#\/schema\/logo\/image\/","url":"https:\/\/ppdegalicia.com\/wp-content\/uploads\/2023\/04\/logoPP512.png","contentUrl":"https:\/\/ppdegalicia.com\/wp-content\/uploads\/2023\/04\/logoPP512.png","width":512,"height":512,"caption":"Partido Popular de Galicia"},"image":{"@id":"https:\/\/ppdegalicia.com\/es\/#\/schema\/logo\/image\/"},"sameAs":["https:\/\/www.instagram.com\/ppdegalicia\/","https:\/\/x.com\/ppdegalicia","https:\/\/www.tiktok.com\/@ppdegalicia","https:\/\/www.youtube.com\/user\/ppdegalicia"]},{"@type":"Person","@id":"https:\/\/ppdegalicia.com\/es\/#\/schema\/person\/d0f013b8388c980665d44009ab762960","name":"Super User","image":{"@type":"ImageObject","inLanguage":"es","@id":"https:\/\/secure.gravatar.com\/avatar\/1db852625ef4948f58d2739bfbc51e4b9bd5c93b8fa340b59fdb594ca0845645?s=96&d=mm&r=g","url":"https:\/\/secure.gravatar.com\/avatar\/1db852625ef4948f58d2739bfbc51e4b9bd5c93b8fa340b59fdb594ca0845645?s=96&d=mm&r=g","contentUrl":"https:\/\/secure.gravatar.com\/avatar\/1db852625ef4948f58d2739bfbc51e4b9bd5c93b8fa340b59fdb594ca0845645?s=96&d=mm&r=g","caption":"Super User"},"url":"https:\/\/ppdegalicia.com\/es\/author\/ppdegaliciagestion\/"}]}},"_links":{"self":[{"href":"https:\/\/ppdegalicia.com\/es\/wp-json\/wp\/v2\/posts\/52989","targetHints":{"allow":["GET"]}}],"collection":[{"href":"https:\/\/ppdegalicia.com\/es\/wp-json\/wp\/v2\/posts"}],"about":[{"href":"https:\/\/ppdegalicia.com\/es\/wp-json\/wp\/v2\/types\/post"}],"author":[{"embeddable":true,"href":"https:\/\/ppdegalicia.com\/es\/wp-json\/wp\/v2\/users\/37"}],"replies":[{"embeddable":true,"href":"https:\/\/ppdegalicia.com\/es\/wp-json\/wp\/v2\/comments?post=52989"}],"version-history":[{"count":0,"href":"https:\/\/ppdegalicia.com\/es\/wp-json\/wp\/v2\/posts\/52989\/revisions"}],"wp:attachment":[{"href":"https:\/\/ppdegalicia.com\/es\/wp-json\/wp\/v2\/media?parent=52989"}],"wp:term":[{"taxonomy":"category","embeddable":true,"href":"https:\/\/ppdegalicia.com\/es\/wp-json\/wp\/v2\/categories?post=52989"},{"taxonomy":"post_tag","embeddable":true,"href":"https:\/\/ppdegalicia.com\/es\/wp-json\/wp\/v2\/tags?post=52989"}],"curies":[{"name":"wp","href":"https:\/\/api.w.org\/{rel}","templated":true}]}}