{"id":53010,"date":"2018-10-23T08:02:15","date_gmt":"2018-10-23T06:02:15","guid":{"rendered":"https:\/\/ppdegalicia.com\/pedro-puy-demanda-unidade-de-accion-no-parlamento-en-defensa-dos-traballadores-de-alcoa\/"},"modified":"2018-10-23T08:02:15","modified_gmt":"2018-10-23T06:02:15","slug":"pedro-puy-demanda-unidade-de-accion-no-parlamento-en-defensa-dos-traballadores-de-alcoa","status":"publish","type":"post","link":"https:\/\/ppdegalicia.com\/es\/pedro-puy-demanda-unidade-de-accion-no-parlamento-en-defensa-dos-traballadores-de-alcoa\/","title":{"rendered":"Pedro Puy demanda \u201cunidade de acci\u00f3n\u201d no Parlamento en defensa dos traballadores de Alcoa"},"content":{"rendered":"<div>Santiago, 22 de outubro de 2018.- O portavoz do Grupo Popular, Pedro Puy, demandou hoxe \u201cunidade de acci\u00f3n\u201d no Parlamento galego en defensa dos traballadores de Alcoa e contra a decisi\u00f3n unilateral da empresa de pechar as factor\u00edas de A Coru\u00f1a e Avil\u00e9s.<br \/>\n<!--more-->\n<\/div>\n<div>&nbsp;<\/div>\n<div>Neste sentido, apuntou que o PPdeG defender\u00e1 no Pleno desta semana unha proposici\u00f3n non de lei a trav\u00e9s da que se insta ao Goberno central que po\u00f1a en marcha as compensaci\u00f3ns previstas nos orzamentos para 2018, por importe de 150 mill\u00f3ns de euros, para as empresas electrointensivas, \u00e1 que se sumar\u00e1 a comparecencia do conselleiro de Econom\u00eda, Emprego e Industria para informar da situaci\u00f3n da factor\u00eda de Alcoa en A Coru\u00f1a logo da reuni\u00f3n que celebrar\u00e1 ma\u00f1\u00e1 en Madrid con representantes do Goberno central.<\/div>\n<div>&nbsp;<\/div>\n<div>&nbsp;<\/div>\n<p>&nbsp;<\/p>\n<div>Pedro Puy amosou a \u201cpredisposici\u00f3n\u201d do Grupo Popular a traballar conxuntamente cos demais grupos parlamentarios, \u201cque espero se traduza na lectura dunha declaraci\u00f3n institucional ao longo do Pleno desta semana, as\u00ed como no apoio \u00e1 proposici\u00f3n non de lei a trav\u00e9s da que se pide que o Goberno central po\u00f1a en marcha as compensaci\u00f3ns para as empresas electrointensivas, como Alcoa, Megasa ou Ferroatl\u00e1ntica, e implante un novo r\u00e9xime de compensaci\u00f3n polos custos adicionais inclu\u00eddos no prezo da electricidade soportados por estas industrias\u201d.<\/div>\n<div>&nbsp;<\/div>\n<div>&nbsp;<\/div>\n<p>&nbsp;<\/p>\n<div>As\u00ed mesmo, a sesi\u00f3n plenaria incorporar\u00e1, logo de proceder de xeito extraordinario a unha modificaci\u00f3n da orde do d\u00eda, a comparecencia do conselleiro de Econom\u00eda, Emprego e Industria para dar conta da reuni\u00f3n que ma\u00f1\u00e1 se celebra en Madrid con representantes dos ministerios de Industria e de Transici\u00f3n Ecol\u00f3xica, as\u00ed como dos sindicatos. A comparecencia ter\u00e1 lugar o m\u00e9rcores, despois do apartado de preguntas ao Goberno galego.<\/div>\n<div>&nbsp;<\/div>\n<div>&nbsp;<\/div>\n<p>&nbsp;<\/p>\n<div>\u201cCon isto damos resposta a unha demanda da sociedade \u00e1 que lle preocupa tanto o comportamento desta empresa multinacional como as consecuencias que iso pode ter en 400 familias galegas que poden ver como, de un d\u00eda para outro, perden o seu traballo\u201d, apuntou.<\/div>\n<div>&nbsp;<\/div>\n<div>&nbsp;<\/div>\n<p>&nbsp;<\/p>\n<div><strong>INFORMACI\u00d3N SOBRE O ANISAKIS<\/strong><\/div>\n<div>&nbsp;<\/div>\n<div>&nbsp;<\/div>\n<p>Puy engadiu que o Grupo Popular tam\u00e9n defender\u00e1 no Pleno outra proposici\u00f3n non de lei a trav\u00e9s da que se demanda ao Ministerio de Agricultura e Pesca que desenvolva unha estratexia de comunicaci\u00f3n para contrarrestar a confusi\u00f3n existente sobre as medidas adoptadas polas autoridades sanitarias a prop\u00f3sito do par\u00e1sito do anisakis.<\/p>\n<div>&nbsp;<\/div>\n<div>&nbsp;<\/div>\n<div>&nbsp;<\/div>\n<p>Neste sentido, lembrou que durante o pasado ver\u00e1n as autoridades sanitarias crearon unha tormenta medi\u00e1tica ao aumentar a cinco d\u00edas a recomendaci\u00f3n de conxelar o pescado antes de consumilo para diminu\u00edr o risco de infectarse co anisakis, logo de que se detectaran supostos casos de contaxio en peixe que fora conxelado previamente. \u201cEsta situaci\u00f3n xerou certa confusi\u00f3n que imos intentar reconducir porque afecta aos produtores galegos e o propio sector pesqueiro galego considerou que deb\u00eda ser corrixida\u201d, sinalou.<\/p>\n<p>&nbsp;<\/p>\n<p>O Grupo Popular tam\u00e9n preguntar\u00e1 no Pleno ao Goberno galego sobre o balance que fai das mudanzas introducidas na pol\u00edtica forestal, de prevenci\u00f3n e extinci\u00f3n de incendios forestais un ano despois da vaga de lumes de outubro de 2017; os programas que desenvolve para incrementar o consumo de leite; e os tr\u00e1mites que se est\u00e1n a seguir para a construci\u00f3n do primeiro campus de FP en Vigo, logo de que recentemente a Zona Franca se desvinculara deste proxecto.<\/p>\n<p>&nbsp;<\/p>\n<div>&nbsp;<\/div>\n<div>&nbsp;<\/div>\n<p>O portavoz popular avanzou que este xoves comezan as comparecencias na Comisi\u00f3n 3\u00aa de conselleiros e responsables de organismos p\u00fablicos para dar conta dos orzamentos da Xunta para 2019 en cada departamento. Puy incidiu que estas contas \u201cincrementan o gasto, ao tempo que reducen a carga fiscal, o d\u00e9ficit e o endebedamento da Xunta\u201d. <\/p>\n<div>&nbsp;<\/div>\n<div>&nbsp;<\/div>\n<div><strong>&nbsp;<\/strong><\/div>\n<div><strong>ORZAMENTOS AXEITADOS<\/strong><\/div>\n<div>&nbsp;<\/div>\n<div>&nbsp;<\/div>\n<p>&nbsp;<\/p>\n<div>\u201cSon os axeitados para unha situaci\u00f3n na que a econom\u00eda galega est\u00e1 a ter un comportamento mellor que o de Espa\u00f1a, co crecemento de d\u00faas d\u00e9cimas por enriba da econom\u00eda espa\u00f1ola, catro d\u00e9cimas sobre as econom\u00edas avanzadas e seis sobre a media dos pa\u00edses da zona euro\u201d, apuntou.<\/div>\n<div>&nbsp;<\/div>\n<p>&nbsp;<\/p>\n<p>As\u00ed mesmo, indicou que permitir\u00e1n \u201cachegar m\u00e1is recursos para o pago dos servizos p\u00fablicos\u201d, subli\u00f1ando que o gasto social representa arredor do 80 por cento do gasto total da Xunta para 2019. <\/p>\n<div>&nbsp;<\/div>\n<div>&nbsp;<\/div>\n<div>&nbsp;<\/div>\n<p>En definitiva, \u201cfacemos unha valoraci\u00f3n positiva duns orzamentos presentados en data, facendo as cousas cunha normalidade e cumprimento das normas que se convirte, dadas as excepcionalidades noutras administraci\u00f3ns, nunha novidade que non deber\u00eda ser\u201d.<\/p>\n","protected":false},"excerpt":{"rendered":"<p>Santiago, 22 de outubro de 2018.- O portavoz do Grupo Popular, Pedro Puy, demandou hoxe \u201cunidade de acci\u00f3n\u201d no Parlamento galego en defensa dos traballadores de Alcoa e contra a decisi\u00f3n unilateral da empresa de pechar as factor\u00edas de A Coru\u00f1a e Avil\u00e9s.<\/p>\n","protected":false},"author":37,"featured_media":0,"comment_status":"open","ping_status":"open","sticky":false,"template":"","format":"standard","meta":{"_acf_changed":false,"footnotes":""},"categories":[1],"tags":[],"class_list":["post-53010","post","type-post","status-publish","format-standard","hentry","category-pp-de-galicia"],"acf":[],"yoast_head":"<!-- This site is optimized with the Yoast SEO plugin v27.3 - https:\/\/yoast.com\/product\/yoast-seo-wordpress\/ -->\n<title>Pedro Puy demanda \u201cunidade de acci\u00f3n\u201d no Parlamento en defensa dos traballadores de Alcoa - PP de Galicia<\/title>\n<meta name=\"robots\" content=\"index, follow, max-snippet:-1, max-image-preview:large, max-video-preview:-1\" \/>\n<link rel=\"canonical\" href=\"https:\/\/ppdegalicia.com\/es\/pedro-puy-demanda-unidade-de-accion-no-parlamento-en-defensa-dos-traballadores-de-alcoa\/\" \/>\n<meta property=\"og:locale\" content=\"es_ES\" \/>\n<meta property=\"og:type\" content=\"article\" \/>\n<meta property=\"og:title\" content=\"Pedro Puy demanda \u201cunidade de acci\u00f3n\u201d no Parlamento en defensa dos traballadores de Alcoa - PP de Galicia\" \/>\n<meta property=\"og:description\" content=\"Santiago, 22 de outubro de 2018.- O portavoz do Grupo Popular, Pedro Puy, demandou hoxe \u201cunidade de acci\u00f3n\u201d no Parlamento galego en defensa dos traballadores de Alcoa e contra a decisi\u00f3n unilateral da empresa de pechar as factor\u00edas de A Coru\u00f1a e Avil\u00e9s.\" \/>\n<meta property=\"og:url\" content=\"https:\/\/ppdegalicia.com\/es\/pedro-puy-demanda-unidade-de-accion-no-parlamento-en-defensa-dos-traballadores-de-alcoa\/\" \/>\n<meta property=\"og:site_name\" content=\"PP de Galicia\" \/>\n<meta property=\"article:publisher\" content=\"https:\/\/www.instagram.com\/ppdegalicia\/\" \/>\n<meta property=\"article:published_time\" content=\"2018-10-23T06:02:15+00:00\" \/>\n<meta name=\"author\" content=\"Super User\" \/>\n<meta name=\"twitter:card\" content=\"summary_large_image\" \/>\n<meta name=\"twitter:creator\" content=\"@ppdegalicia\" \/>\n<meta name=\"twitter:site\" content=\"@ppdegalicia\" \/>\n<meta name=\"twitter:label1\" content=\"Escrito por\" \/>\n\t<meta name=\"twitter:data1\" content=\"Super User\" \/>\n\t<meta name=\"twitter:label2\" content=\"Tiempo de lectura\" \/>\n\t<meta name=\"twitter:data2\" content=\"4 minutos\" \/>\n<script type=\"application\/ld+json\" class=\"yoast-schema-graph\">{\"@context\":\"https:\\\/\\\/schema.org\",\"@graph\":[{\"@type\":\"Article\",\"@id\":\"https:\\\/\\\/ppdegalicia.com\\\/es\\\/pedro-puy-demanda-unidade-de-accion-no-parlamento-en-defensa-dos-traballadores-de-alcoa\\\/#article\",\"isPartOf\":{\"@id\":\"https:\\\/\\\/ppdegalicia.com\\\/es\\\/pedro-puy-demanda-unidade-de-accion-no-parlamento-en-defensa-dos-traballadores-de-alcoa\\\/\"},\"author\":{\"name\":\"Super User\",\"@id\":\"https:\\\/\\\/ppdegalicia.com\\\/es\\\/#\\\/schema\\\/person\\\/d0f013b8388c980665d44009ab762960\"},\"headline\":\"Pedro Puy demanda \u201cunidade de acci\u00f3n\u201d no Parlamento en defensa dos traballadores de Alcoa\",\"datePublished\":\"2018-10-23T06:02:15+00:00\",\"mainEntityOfPage\":{\"@id\":\"https:\\\/\\\/ppdegalicia.com\\\/es\\\/pedro-puy-demanda-unidade-de-accion-no-parlamento-en-defensa-dos-traballadores-de-alcoa\\\/\"},\"wordCount\":814,\"commentCount\":0,\"publisher\":{\"@id\":\"https:\\\/\\\/ppdegalicia.com\\\/es\\\/#organization\"},\"articleSection\":[\"PP de Galicia\"],\"inLanguage\":\"es\",\"potentialAction\":[{\"@type\":\"CommentAction\",\"name\":\"Comment\",\"target\":[\"https:\\\/\\\/ppdegalicia.com\\\/es\\\/pedro-puy-demanda-unidade-de-accion-no-parlamento-en-defensa-dos-traballadores-de-alcoa\\\/#respond\"]}]},{\"@type\":\"WebPage\",\"@id\":\"https:\\\/\\\/ppdegalicia.com\\\/es\\\/pedro-puy-demanda-unidade-de-accion-no-parlamento-en-defensa-dos-traballadores-de-alcoa\\\/\",\"url\":\"https:\\\/\\\/ppdegalicia.com\\\/es\\\/pedro-puy-demanda-unidade-de-accion-no-parlamento-en-defensa-dos-traballadores-de-alcoa\\\/\",\"name\":\"Pedro Puy demanda \u201cunidade de acci\u00f3n\u201d no Parlamento en defensa dos traballadores de Alcoa - PP de Galicia\",\"isPartOf\":{\"@id\":\"https:\\\/\\\/ppdegalicia.com\\\/es\\\/#website\"},\"datePublished\":\"2018-10-23T06:02:15+00:00\",\"breadcrumb\":{\"@id\":\"https:\\\/\\\/ppdegalicia.com\\\/es\\\/pedro-puy-demanda-unidade-de-accion-no-parlamento-en-defensa-dos-traballadores-de-alcoa\\\/#breadcrumb\"},\"inLanguage\":\"es\",\"potentialAction\":[{\"@type\":\"ReadAction\",\"target\":[\"https:\\\/\\\/ppdegalicia.com\\\/es\\\/pedro-puy-demanda-unidade-de-accion-no-parlamento-en-defensa-dos-traballadores-de-alcoa\\\/\"]}]},{\"@type\":\"BreadcrumbList\",\"@id\":\"https:\\\/\\\/ppdegalicia.com\\\/es\\\/pedro-puy-demanda-unidade-de-accion-no-parlamento-en-defensa-dos-traballadores-de-alcoa\\\/#breadcrumb\",\"itemListElement\":[{\"@type\":\"ListItem\",\"position\":1,\"name\":\"Portada\",\"item\":\"https:\\\/\\\/ppdegalicia.com\\\/es\\\/\"},{\"@type\":\"ListItem\",\"position\":2,\"name\":\"Pedro Puy demanda \u201cunidade de acci\u00f3n\u201d no Parlamento en defensa dos traballadores de Alcoa\"}]},{\"@type\":\"WebSite\",\"@id\":\"https:\\\/\\\/ppdegalicia.com\\\/es\\\/#website\",\"url\":\"https:\\\/\\\/ppdegalicia.com\\\/es\\\/\",\"name\":\"Partido Popular de Galicia\",\"description\":\"Partido Popular de Galicia\",\"publisher\":{\"@id\":\"https:\\\/\\\/ppdegalicia.com\\\/es\\\/#organization\"},\"alternateName\":\"PP de Galicia\",\"potentialAction\":[{\"@type\":\"SearchAction\",\"target\":{\"@type\":\"EntryPoint\",\"urlTemplate\":\"https:\\\/\\\/ppdegalicia.com\\\/es\\\/?s={search_term_string}\"},\"query-input\":{\"@type\":\"PropertyValueSpecification\",\"valueRequired\":true,\"valueName\":\"search_term_string\"}}],\"inLanguage\":\"es\"},{\"@type\":\"Organization\",\"@id\":\"https:\\\/\\\/ppdegalicia.com\\\/es\\\/#organization\",\"name\":\"Partido Popular de Galicia\",\"alternateName\":\"PP de Galicia\",\"url\":\"https:\\\/\\\/ppdegalicia.com\\\/es\\\/\",\"logo\":{\"@type\":\"ImageObject\",\"inLanguage\":\"es\",\"@id\":\"https:\\\/\\\/ppdegalicia.com\\\/es\\\/#\\\/schema\\\/logo\\\/image\\\/\",\"url\":\"https:\\\/\\\/ppdegalicia.com\\\/wp-content\\\/uploads\\\/2023\\\/04\\\/logoPP512.png\",\"contentUrl\":\"https:\\\/\\\/ppdegalicia.com\\\/wp-content\\\/uploads\\\/2023\\\/04\\\/logoPP512.png\",\"width\":512,\"height\":512,\"caption\":\"Partido Popular de Galicia\"},\"image\":{\"@id\":\"https:\\\/\\\/ppdegalicia.com\\\/es\\\/#\\\/schema\\\/logo\\\/image\\\/\"},\"sameAs\":[\"https:\\\/\\\/www.instagram.com\\\/ppdegalicia\\\/\",\"https:\\\/\\\/x.com\\\/ppdegalicia\",\"https:\\\/\\\/www.tiktok.com\\\/@ppdegalicia\",\"https:\\\/\\\/www.youtube.com\\\/user\\\/ppdegalicia\"]},{\"@type\":\"Person\",\"@id\":\"https:\\\/\\\/ppdegalicia.com\\\/es\\\/#\\\/schema\\\/person\\\/d0f013b8388c980665d44009ab762960\",\"name\":\"Super User\",\"image\":{\"@type\":\"ImageObject\",\"inLanguage\":\"es\",\"@id\":\"https:\\\/\\\/secure.gravatar.com\\\/avatar\\\/1db852625ef4948f58d2739bfbc51e4b9bd5c93b8fa340b59fdb594ca0845645?s=96&d=mm&r=g\",\"url\":\"https:\\\/\\\/secure.gravatar.com\\\/avatar\\\/1db852625ef4948f58d2739bfbc51e4b9bd5c93b8fa340b59fdb594ca0845645?s=96&d=mm&r=g\",\"contentUrl\":\"https:\\\/\\\/secure.gravatar.com\\\/avatar\\\/1db852625ef4948f58d2739bfbc51e4b9bd5c93b8fa340b59fdb594ca0845645?s=96&d=mm&r=g\",\"caption\":\"Super User\"},\"url\":\"https:\\\/\\\/ppdegalicia.com\\\/es\\\/author\\\/ppdegaliciagestion\\\/\"}]}<\/script>\n<!-- \/ Yoast SEO plugin. -->","yoast_head_json":{"title":"Pedro Puy demanda \u201cunidade de acci\u00f3n\u201d no Parlamento en defensa dos traballadores de Alcoa - PP de Galicia","robots":{"index":"index","follow":"follow","max-snippet":"max-snippet:-1","max-image-preview":"max-image-preview:large","max-video-preview":"max-video-preview:-1"},"canonical":"https:\/\/ppdegalicia.com\/es\/pedro-puy-demanda-unidade-de-accion-no-parlamento-en-defensa-dos-traballadores-de-alcoa\/","og_locale":"es_ES","og_type":"article","og_title":"Pedro Puy demanda \u201cunidade de acci\u00f3n\u201d no Parlamento en defensa dos traballadores de Alcoa - PP de Galicia","og_description":"Santiago, 22 de outubro de 2018.- O portavoz do Grupo Popular, Pedro Puy, demandou hoxe \u201cunidade de acci\u00f3n\u201d no Parlamento galego en defensa dos traballadores de Alcoa e contra a decisi\u00f3n unilateral da empresa de pechar as factor\u00edas de A Coru\u00f1a e Avil\u00e9s.","og_url":"https:\/\/ppdegalicia.com\/es\/pedro-puy-demanda-unidade-de-accion-no-parlamento-en-defensa-dos-traballadores-de-alcoa\/","og_site_name":"PP de Galicia","article_publisher":"https:\/\/www.instagram.com\/ppdegalicia\/","article_published_time":"2018-10-23T06:02:15+00:00","author":"Super User","twitter_card":"summary_large_image","twitter_creator":"@ppdegalicia","twitter_site":"@ppdegalicia","twitter_misc":{"Escrito por":"Super User","Tiempo de lectura":"4 minutos"},"schema":{"@context":"https:\/\/schema.org","@graph":[{"@type":"Article","@id":"https:\/\/ppdegalicia.com\/es\/pedro-puy-demanda-unidade-de-accion-no-parlamento-en-defensa-dos-traballadores-de-alcoa\/#article","isPartOf":{"@id":"https:\/\/ppdegalicia.com\/es\/pedro-puy-demanda-unidade-de-accion-no-parlamento-en-defensa-dos-traballadores-de-alcoa\/"},"author":{"name":"Super User","@id":"https:\/\/ppdegalicia.com\/es\/#\/schema\/person\/d0f013b8388c980665d44009ab762960"},"headline":"Pedro Puy demanda \u201cunidade de acci\u00f3n\u201d no Parlamento en defensa dos traballadores de Alcoa","datePublished":"2018-10-23T06:02:15+00:00","mainEntityOfPage":{"@id":"https:\/\/ppdegalicia.com\/es\/pedro-puy-demanda-unidade-de-accion-no-parlamento-en-defensa-dos-traballadores-de-alcoa\/"},"wordCount":814,"commentCount":0,"publisher":{"@id":"https:\/\/ppdegalicia.com\/es\/#organization"},"articleSection":["PP de Galicia"],"inLanguage":"es","potentialAction":[{"@type":"CommentAction","name":"Comment","target":["https:\/\/ppdegalicia.com\/es\/pedro-puy-demanda-unidade-de-accion-no-parlamento-en-defensa-dos-traballadores-de-alcoa\/#respond"]}]},{"@type":"WebPage","@id":"https:\/\/ppdegalicia.com\/es\/pedro-puy-demanda-unidade-de-accion-no-parlamento-en-defensa-dos-traballadores-de-alcoa\/","url":"https:\/\/ppdegalicia.com\/es\/pedro-puy-demanda-unidade-de-accion-no-parlamento-en-defensa-dos-traballadores-de-alcoa\/","name":"Pedro Puy demanda \u201cunidade de acci\u00f3n\u201d no Parlamento en defensa dos traballadores de Alcoa - PP de Galicia","isPartOf":{"@id":"https:\/\/ppdegalicia.com\/es\/#website"},"datePublished":"2018-10-23T06:02:15+00:00","breadcrumb":{"@id":"https:\/\/ppdegalicia.com\/es\/pedro-puy-demanda-unidade-de-accion-no-parlamento-en-defensa-dos-traballadores-de-alcoa\/#breadcrumb"},"inLanguage":"es","potentialAction":[{"@type":"ReadAction","target":["https:\/\/ppdegalicia.com\/es\/pedro-puy-demanda-unidade-de-accion-no-parlamento-en-defensa-dos-traballadores-de-alcoa\/"]}]},{"@type":"BreadcrumbList","@id":"https:\/\/ppdegalicia.com\/es\/pedro-puy-demanda-unidade-de-accion-no-parlamento-en-defensa-dos-traballadores-de-alcoa\/#breadcrumb","itemListElement":[{"@type":"ListItem","position":1,"name":"Portada","item":"https:\/\/ppdegalicia.com\/es\/"},{"@type":"ListItem","position":2,"name":"Pedro Puy demanda \u201cunidade de acci\u00f3n\u201d no Parlamento en defensa dos traballadores de Alcoa"}]},{"@type":"WebSite","@id":"https:\/\/ppdegalicia.com\/es\/#website","url":"https:\/\/ppdegalicia.com\/es\/","name":"Partido Popular de Galicia","description":"Partido Popular de Galicia","publisher":{"@id":"https:\/\/ppdegalicia.com\/es\/#organization"},"alternateName":"PP de Galicia","potentialAction":[{"@type":"SearchAction","target":{"@type":"EntryPoint","urlTemplate":"https:\/\/ppdegalicia.com\/es\/?s={search_term_string}"},"query-input":{"@type":"PropertyValueSpecification","valueRequired":true,"valueName":"search_term_string"}}],"inLanguage":"es"},{"@type":"Organization","@id":"https:\/\/ppdegalicia.com\/es\/#organization","name":"Partido Popular de Galicia","alternateName":"PP de Galicia","url":"https:\/\/ppdegalicia.com\/es\/","logo":{"@type":"ImageObject","inLanguage":"es","@id":"https:\/\/ppdegalicia.com\/es\/#\/schema\/logo\/image\/","url":"https:\/\/ppdegalicia.com\/wp-content\/uploads\/2023\/04\/logoPP512.png","contentUrl":"https:\/\/ppdegalicia.com\/wp-content\/uploads\/2023\/04\/logoPP512.png","width":512,"height":512,"caption":"Partido Popular de Galicia"},"image":{"@id":"https:\/\/ppdegalicia.com\/es\/#\/schema\/logo\/image\/"},"sameAs":["https:\/\/www.instagram.com\/ppdegalicia\/","https:\/\/x.com\/ppdegalicia","https:\/\/www.tiktok.com\/@ppdegalicia","https:\/\/www.youtube.com\/user\/ppdegalicia"]},{"@type":"Person","@id":"https:\/\/ppdegalicia.com\/es\/#\/schema\/person\/d0f013b8388c980665d44009ab762960","name":"Super User","image":{"@type":"ImageObject","inLanguage":"es","@id":"https:\/\/secure.gravatar.com\/avatar\/1db852625ef4948f58d2739bfbc51e4b9bd5c93b8fa340b59fdb594ca0845645?s=96&d=mm&r=g","url":"https:\/\/secure.gravatar.com\/avatar\/1db852625ef4948f58d2739bfbc51e4b9bd5c93b8fa340b59fdb594ca0845645?s=96&d=mm&r=g","contentUrl":"https:\/\/secure.gravatar.com\/avatar\/1db852625ef4948f58d2739bfbc51e4b9bd5c93b8fa340b59fdb594ca0845645?s=96&d=mm&r=g","caption":"Super User"},"url":"https:\/\/ppdegalicia.com\/es\/author\/ppdegaliciagestion\/"}]}},"_links":{"self":[{"href":"https:\/\/ppdegalicia.com\/es\/wp-json\/wp\/v2\/posts\/53010","targetHints":{"allow":["GET"]}}],"collection":[{"href":"https:\/\/ppdegalicia.com\/es\/wp-json\/wp\/v2\/posts"}],"about":[{"href":"https:\/\/ppdegalicia.com\/es\/wp-json\/wp\/v2\/types\/post"}],"author":[{"embeddable":true,"href":"https:\/\/ppdegalicia.com\/es\/wp-json\/wp\/v2\/users\/37"}],"replies":[{"embeddable":true,"href":"https:\/\/ppdegalicia.com\/es\/wp-json\/wp\/v2\/comments?post=53010"}],"version-history":[{"count":0,"href":"https:\/\/ppdegalicia.com\/es\/wp-json\/wp\/v2\/posts\/53010\/revisions"}],"wp:attachment":[{"href":"https:\/\/ppdegalicia.com\/es\/wp-json\/wp\/v2\/media?parent=53010"}],"wp:term":[{"taxonomy":"category","embeddable":true,"href":"https:\/\/ppdegalicia.com\/es\/wp-json\/wp\/v2\/categories?post=53010"},{"taxonomy":"post_tag","embeddable":true,"href":"https:\/\/ppdegalicia.com\/es\/wp-json\/wp\/v2\/tags?post=53010"}],"curies":[{"name":"wp","href":"https:\/\/api.w.org\/{rel}","templated":true}]}}