{"id":53016,"date":"2018-10-23T15:18:13","date_gmt":"2018-10-23T13:18:13","guid":{"rendered":"https:\/\/ppdegalicia.com\/o-parlamento-demanda-ao-goberno-central-unha-estratexia-de-comunicacion-para-contrarrestar-a-confusion-a-proposito-do-anisakis\/"},"modified":"2018-10-23T15:18:13","modified_gmt":"2018-10-23T13:18:13","slug":"o-parlamento-demanda-ao-goberno-central-unha-estratexia-de-comunicacion-para-contrarrestar-a-confusion-a-proposito-do-anisakis","status":"publish","type":"post","link":"https:\/\/ppdegalicia.com\/es\/o-parlamento-demanda-ao-goberno-central-unha-estratexia-de-comunicacion-para-contrarrestar-a-confusion-a-proposito-do-anisakis\/","title":{"rendered":"O Parlamento demanda ao Goberno central unha estratexia de comunicaci\u00f3n para contrarrestar a confusi\u00f3n a prop\u00f3sito do anisakis"},"content":{"rendered":"<div>Santiago, 23 de outubro de 2018.- O Parlamento de Galicia aprobou hoxe, coa abstenci\u00f3n de En Marea, a proposici\u00f3n non de lei, impulsada polo Grupo Popular, a trav\u00e9s da que se insta ao Ministerio de Agricultura e Pesca que desenvolva unha estratexia de comunicaci\u00f3n para contrarrestar a confusi\u00f3n xerada logo das medidas adoptadas polas autoridades sanitarias a prop\u00f3sito do anisakis.<br \/>\n<!--more-->\n<\/div>\n<div>&nbsp;<\/div>\n<div>&nbsp;<\/div>\n<div>\u201cEstas campa\u00f1as ser\u00edan moi aca\u00eddas para responder \u00e1 confusi\u00f3n xerada por estas tormentas medi\u00e1ticas, que buscan intereses que desco\u00f1ecemos, pero o que si sabemos \u00e9 que afectan duramente ao noso sector da pesca\u201d, sinalou a deputada popular Soraya Salorio.<\/div>\n<div>&nbsp;<\/div>\n<div>&nbsp;<\/div>\n<p>&nbsp;<\/p>\n<div>Na s\u00faa intervenci\u00f3n, a deputada popular lembrou que durante o pasado ver\u00e1n as autoridades sanitarias decidiron aumentar a cinco d\u00edas a recomendaci\u00f3n para conxelar o pescado antes de consumilo, co obxectivo de diminu\u00edr o risco de infectarse co parasito do anisakis logo de que se detectaran supostos casos de contaxio en peixe que fora conxelado previamente.<\/div>\n<div>&nbsp;<\/div>\n<p>&nbsp;<\/p>\n<p>&nbsp;<\/p>\n<div><strong>CONSUMO COMPLETAMENTE SEGURO<\/strong><\/div>\n<div>&nbsp;<\/div>\n<div>&nbsp;<\/div>\n<p>&nbsp;<\/p>\n<div>\u201cA\u00ednda que en Galicia son m\u00ednimos os casos de infestaci\u00f3n de anisakis en humanos, si que somos quen m\u00e1is sufrimos as mensaxes que falan deste problema\u201d, lamentou Salorio. As\u00ed, sinalou que \u201cconsumir peixe \u00e9 completamente seguro, sempre que se adquira polas canles legais de comercializaci\u00f3n e que se cumpran as recomendaci\u00f3ns da Axencia Espa\u00f1ola de Consumo, Seguridade Alimentaria e Nutrici\u00f3n\u201d.<\/div>\n<div>&nbsp;<\/div>\n<p>&nbsp;<\/p>\n<p>&nbsp;<\/p>\n<div>Deste xeito, indicou que \u201carmadores, mari\u00f1eiros, comercializadores ou praceiros est\u00e1n tratando de neutralizar coas ferramentas que te\u00f1en ao seu alcance a baixada das cotizaci\u00f3ns do pescado, que afectan especialmente \u00e1 pescada, xunto ao descenso no consumo\u201d. \u201cTampouco a Conseller\u00eda do Mar quedou cos brazos cruzados e tomou medidas desde o primeiro momento, en pleno mes de agosto, cunha campa\u00f1a informativa e publicitaria sobre como tratar este par\u00e1sito \u00e1 hora de coci\u00f1ar o peixe e de promoci\u00f3n do consumo da pescada\u201d, lembrou a deputada popular.<\/div>\n<div>&nbsp;<\/div>\n<p>&nbsp;<\/p>\n<p>&nbsp;<\/p>\n<div>\u201cSomos co\u00f1ecedores de que todas estas acci\u00f3ns foron ben recibidas polo sector, que agradeceron toda a colaboraci\u00f3n, especialmente cando estamos ante unha situaci\u00f3n complicada para eles pola ca\u00edda de prezos dos seus produtos en plena campa\u00f1a\u201d, sinalou.<\/div>\n<div>&nbsp;<\/div>\n<div>&nbsp;<\/div>\n<p>&nbsp;<\/p>\n<div><strong>A\u00cdNDA SEN CAMPA\u00d1A TRES MESES DESPOIS<\/strong><\/div>\n<div>&nbsp;<\/div>\n<p>&nbsp;<\/p>\n<p>&nbsp;<\/p>\n<div>Por\u00e9n, apuntou que \u201ca realidade \u00e9 que, unha vez feitos os deberes desde Galicia, o sector pesqueiro afectado demanda que sexa o Ministerio de Agricultura e Pesca quen desenvolva unha estratexia de comunicaci\u00f3n para contrarrestar o efecto que est\u00e1 tendo esta confusi\u00f3n sobre as medidas adaptadas polas autoridades sanitarias ao terse supostamente detectado casos de infecci\u00f3n por inxerir peixe\u201d.<\/div>\n<div>&nbsp;<\/div>\n<div>&nbsp;<\/div>\n<p>Esta demanda foi trasladada tanto por Fedepesca \u00e1 secretaria xeral de Pesca a mediados do mes de xullo, como pola conselleira do Mar ao ministro, tam\u00e9n no mes de xullo, no transcurso da Conferencia Sectorial e nunha xuntanza posterior, \u201cpero case tres meses despois non est\u00e1 a campa\u00f1a nacional en marcha\u201d.<\/p>\n","protected":false},"excerpt":{"rendered":"<p>Santiago, 23 de outubro de 2018.- O Parlamento de Galicia aprobou hoxe, coa abstenci\u00f3n de En Marea, a proposici\u00f3n non de lei, impulsada polo Grupo Popular, a trav\u00e9s da que se insta ao Ministerio de Agricultura e Pesca que desenvolva unha estratexia de comunicaci\u00f3n para contrarrestar a confusi\u00f3n xerada logo das medidas adoptadas polas autoridades [&hellip;]<\/p>\n","protected":false},"author":37,"featured_media":0,"comment_status":"open","ping_status":"open","sticky":false,"template":"","format":"standard","meta":{"_acf_changed":false,"footnotes":""},"categories":[1],"tags":[],"class_list":["post-53016","post","type-post","status-publish","format-standard","hentry","category-pp-de-galicia"],"acf":[],"yoast_head":"<!-- This site is optimized with the Yoast SEO plugin v27.3 - https:\/\/yoast.com\/product\/yoast-seo-wordpress\/ -->\n<title>O Parlamento demanda ao Goberno central unha estratexia de comunicaci\u00f3n para contrarrestar a confusi\u00f3n a prop\u00f3sito do anisakis - PP de Galicia<\/title>\n<meta name=\"robots\" content=\"index, follow, max-snippet:-1, max-image-preview:large, max-video-preview:-1\" \/>\n<link rel=\"canonical\" href=\"https:\/\/ppdegalicia.com\/es\/o-parlamento-demanda-ao-goberno-central-unha-estratexia-de-comunicacion-para-contrarrestar-a-confusion-a-proposito-do-anisakis\/\" \/>\n<meta property=\"og:locale\" content=\"es_ES\" \/>\n<meta property=\"og:type\" content=\"article\" \/>\n<meta property=\"og:title\" content=\"O Parlamento demanda ao Goberno central unha estratexia de comunicaci\u00f3n para contrarrestar a confusi\u00f3n a prop\u00f3sito do anisakis - PP de Galicia\" \/>\n<meta property=\"og:description\" content=\"Santiago, 23 de outubro de 2018.- O Parlamento de Galicia aprobou hoxe, coa abstenci\u00f3n de En Marea, a proposici\u00f3n non de lei, impulsada polo Grupo Popular, a trav\u00e9s da que se insta ao Ministerio de Agricultura e Pesca que desenvolva unha estratexia de comunicaci\u00f3n para contrarrestar a confusi\u00f3n xerada logo das medidas adoptadas polas autoridades [&hellip;]\" \/>\n<meta property=\"og:url\" content=\"https:\/\/ppdegalicia.com\/es\/o-parlamento-demanda-ao-goberno-central-unha-estratexia-de-comunicacion-para-contrarrestar-a-confusion-a-proposito-do-anisakis\/\" \/>\n<meta property=\"og:site_name\" content=\"PP de Galicia\" \/>\n<meta property=\"article:publisher\" content=\"https:\/\/www.instagram.com\/ppdegalicia\/\" \/>\n<meta property=\"article:published_time\" content=\"2018-10-23T13:18:13+00:00\" \/>\n<meta name=\"author\" content=\"Super User\" \/>\n<meta name=\"twitter:card\" content=\"summary_large_image\" \/>\n<meta name=\"twitter:creator\" content=\"@ppdegalicia\" \/>\n<meta name=\"twitter:site\" content=\"@ppdegalicia\" \/>\n<meta name=\"twitter:label1\" content=\"Escrito por\" \/>\n\t<meta name=\"twitter:data1\" content=\"Super User\" \/>\n\t<meta name=\"twitter:label2\" content=\"Tiempo de lectura\" \/>\n\t<meta name=\"twitter:data2\" content=\"3 minutos\" \/>\n<script type=\"application\/ld+json\" class=\"yoast-schema-graph\">{\"@context\":\"https:\\\/\\\/schema.org\",\"@graph\":[{\"@type\":\"Article\",\"@id\":\"https:\\\/\\\/ppdegalicia.com\\\/es\\\/o-parlamento-demanda-ao-goberno-central-unha-estratexia-de-comunicacion-para-contrarrestar-a-confusion-a-proposito-do-anisakis\\\/#article\",\"isPartOf\":{\"@id\":\"https:\\\/\\\/ppdegalicia.com\\\/es\\\/o-parlamento-demanda-ao-goberno-central-unha-estratexia-de-comunicacion-para-contrarrestar-a-confusion-a-proposito-do-anisakis\\\/\"},\"author\":{\"name\":\"Super User\",\"@id\":\"https:\\\/\\\/ppdegalicia.com\\\/es\\\/#\\\/schema\\\/person\\\/d0f013b8388c980665d44009ab762960\"},\"headline\":\"O Parlamento demanda ao Goberno central unha estratexia de comunicaci\u00f3n para contrarrestar a confusi\u00f3n a prop\u00f3sito do anisakis\",\"datePublished\":\"2018-10-23T13:18:13+00:00\",\"mainEntityOfPage\":{\"@id\":\"https:\\\/\\\/ppdegalicia.com\\\/es\\\/o-parlamento-demanda-ao-goberno-central-unha-estratexia-de-comunicacion-para-contrarrestar-a-confusion-a-proposito-do-anisakis\\\/\"},\"wordCount\":542,\"commentCount\":0,\"publisher\":{\"@id\":\"https:\\\/\\\/ppdegalicia.com\\\/es\\\/#organization\"},\"articleSection\":[\"PP de Galicia\"],\"inLanguage\":\"es\",\"potentialAction\":[{\"@type\":\"CommentAction\",\"name\":\"Comment\",\"target\":[\"https:\\\/\\\/ppdegalicia.com\\\/es\\\/o-parlamento-demanda-ao-goberno-central-unha-estratexia-de-comunicacion-para-contrarrestar-a-confusion-a-proposito-do-anisakis\\\/#respond\"]}]},{\"@type\":\"WebPage\",\"@id\":\"https:\\\/\\\/ppdegalicia.com\\\/es\\\/o-parlamento-demanda-ao-goberno-central-unha-estratexia-de-comunicacion-para-contrarrestar-a-confusion-a-proposito-do-anisakis\\\/\",\"url\":\"https:\\\/\\\/ppdegalicia.com\\\/es\\\/o-parlamento-demanda-ao-goberno-central-unha-estratexia-de-comunicacion-para-contrarrestar-a-confusion-a-proposito-do-anisakis\\\/\",\"name\":\"O Parlamento demanda ao Goberno central unha estratexia de comunicaci\u00f3n para contrarrestar a confusi\u00f3n a prop\u00f3sito do anisakis - PP de Galicia\",\"isPartOf\":{\"@id\":\"https:\\\/\\\/ppdegalicia.com\\\/es\\\/#website\"},\"datePublished\":\"2018-10-23T13:18:13+00:00\",\"breadcrumb\":{\"@id\":\"https:\\\/\\\/ppdegalicia.com\\\/es\\\/o-parlamento-demanda-ao-goberno-central-unha-estratexia-de-comunicacion-para-contrarrestar-a-confusion-a-proposito-do-anisakis\\\/#breadcrumb\"},\"inLanguage\":\"es\",\"potentialAction\":[{\"@type\":\"ReadAction\",\"target\":[\"https:\\\/\\\/ppdegalicia.com\\\/es\\\/o-parlamento-demanda-ao-goberno-central-unha-estratexia-de-comunicacion-para-contrarrestar-a-confusion-a-proposito-do-anisakis\\\/\"]}]},{\"@type\":\"BreadcrumbList\",\"@id\":\"https:\\\/\\\/ppdegalicia.com\\\/es\\\/o-parlamento-demanda-ao-goberno-central-unha-estratexia-de-comunicacion-para-contrarrestar-a-confusion-a-proposito-do-anisakis\\\/#breadcrumb\",\"itemListElement\":[{\"@type\":\"ListItem\",\"position\":1,\"name\":\"Portada\",\"item\":\"https:\\\/\\\/ppdegalicia.com\\\/es\\\/\"},{\"@type\":\"ListItem\",\"position\":2,\"name\":\"O Parlamento demanda ao Goberno central unha estratexia de comunicaci\u00f3n para contrarrestar a confusi\u00f3n a prop\u00f3sito do anisakis\"}]},{\"@type\":\"WebSite\",\"@id\":\"https:\\\/\\\/ppdegalicia.com\\\/es\\\/#website\",\"url\":\"https:\\\/\\\/ppdegalicia.com\\\/es\\\/\",\"name\":\"Partido Popular de Galicia\",\"description\":\"Partido Popular de Galicia\",\"publisher\":{\"@id\":\"https:\\\/\\\/ppdegalicia.com\\\/es\\\/#organization\"},\"alternateName\":\"PP de Galicia\",\"potentialAction\":[{\"@type\":\"SearchAction\",\"target\":{\"@type\":\"EntryPoint\",\"urlTemplate\":\"https:\\\/\\\/ppdegalicia.com\\\/es\\\/?s={search_term_string}\"},\"query-input\":{\"@type\":\"PropertyValueSpecification\",\"valueRequired\":true,\"valueName\":\"search_term_string\"}}],\"inLanguage\":\"es\"},{\"@type\":\"Organization\",\"@id\":\"https:\\\/\\\/ppdegalicia.com\\\/es\\\/#organization\",\"name\":\"Partido Popular de Galicia\",\"alternateName\":\"PP de Galicia\",\"url\":\"https:\\\/\\\/ppdegalicia.com\\\/es\\\/\",\"logo\":{\"@type\":\"ImageObject\",\"inLanguage\":\"es\",\"@id\":\"https:\\\/\\\/ppdegalicia.com\\\/es\\\/#\\\/schema\\\/logo\\\/image\\\/\",\"url\":\"https:\\\/\\\/ppdegalicia.com\\\/wp-content\\\/uploads\\\/2023\\\/04\\\/logoPP512.png\",\"contentUrl\":\"https:\\\/\\\/ppdegalicia.com\\\/wp-content\\\/uploads\\\/2023\\\/04\\\/logoPP512.png\",\"width\":512,\"height\":512,\"caption\":\"Partido Popular de Galicia\"},\"image\":{\"@id\":\"https:\\\/\\\/ppdegalicia.com\\\/es\\\/#\\\/schema\\\/logo\\\/image\\\/\"},\"sameAs\":[\"https:\\\/\\\/www.instagram.com\\\/ppdegalicia\\\/\",\"https:\\\/\\\/x.com\\\/ppdegalicia\",\"https:\\\/\\\/www.tiktok.com\\\/@ppdegalicia\",\"https:\\\/\\\/www.youtube.com\\\/user\\\/ppdegalicia\"]},{\"@type\":\"Person\",\"@id\":\"https:\\\/\\\/ppdegalicia.com\\\/es\\\/#\\\/schema\\\/person\\\/d0f013b8388c980665d44009ab762960\",\"name\":\"Super User\",\"image\":{\"@type\":\"ImageObject\",\"inLanguage\":\"es\",\"@id\":\"https:\\\/\\\/secure.gravatar.com\\\/avatar\\\/1db852625ef4948f58d2739bfbc51e4b9bd5c93b8fa340b59fdb594ca0845645?s=96&d=mm&r=g\",\"url\":\"https:\\\/\\\/secure.gravatar.com\\\/avatar\\\/1db852625ef4948f58d2739bfbc51e4b9bd5c93b8fa340b59fdb594ca0845645?s=96&d=mm&r=g\",\"contentUrl\":\"https:\\\/\\\/secure.gravatar.com\\\/avatar\\\/1db852625ef4948f58d2739bfbc51e4b9bd5c93b8fa340b59fdb594ca0845645?s=96&d=mm&r=g\",\"caption\":\"Super User\"},\"url\":\"https:\\\/\\\/ppdegalicia.com\\\/es\\\/author\\\/ppdegaliciagestion\\\/\"}]}<\/script>\n<!-- \/ Yoast SEO plugin. -->","yoast_head_json":{"title":"O Parlamento demanda ao Goberno central unha estratexia de comunicaci\u00f3n para contrarrestar a confusi\u00f3n a prop\u00f3sito do anisakis - PP de Galicia","robots":{"index":"index","follow":"follow","max-snippet":"max-snippet:-1","max-image-preview":"max-image-preview:large","max-video-preview":"max-video-preview:-1"},"canonical":"https:\/\/ppdegalicia.com\/es\/o-parlamento-demanda-ao-goberno-central-unha-estratexia-de-comunicacion-para-contrarrestar-a-confusion-a-proposito-do-anisakis\/","og_locale":"es_ES","og_type":"article","og_title":"O Parlamento demanda ao Goberno central unha estratexia de comunicaci\u00f3n para contrarrestar a confusi\u00f3n a prop\u00f3sito do anisakis - PP de Galicia","og_description":"Santiago, 23 de outubro de 2018.- O Parlamento de Galicia aprobou hoxe, coa abstenci\u00f3n de En Marea, a proposici\u00f3n non de lei, impulsada polo Grupo Popular, a trav\u00e9s da que se insta ao Ministerio de Agricultura e Pesca que desenvolva unha estratexia de comunicaci\u00f3n para contrarrestar a confusi\u00f3n xerada logo das medidas adoptadas polas autoridades [&hellip;]","og_url":"https:\/\/ppdegalicia.com\/es\/o-parlamento-demanda-ao-goberno-central-unha-estratexia-de-comunicacion-para-contrarrestar-a-confusion-a-proposito-do-anisakis\/","og_site_name":"PP de Galicia","article_publisher":"https:\/\/www.instagram.com\/ppdegalicia\/","article_published_time":"2018-10-23T13:18:13+00:00","author":"Super User","twitter_card":"summary_large_image","twitter_creator":"@ppdegalicia","twitter_site":"@ppdegalicia","twitter_misc":{"Escrito por":"Super User","Tiempo de lectura":"3 minutos"},"schema":{"@context":"https:\/\/schema.org","@graph":[{"@type":"Article","@id":"https:\/\/ppdegalicia.com\/es\/o-parlamento-demanda-ao-goberno-central-unha-estratexia-de-comunicacion-para-contrarrestar-a-confusion-a-proposito-do-anisakis\/#article","isPartOf":{"@id":"https:\/\/ppdegalicia.com\/es\/o-parlamento-demanda-ao-goberno-central-unha-estratexia-de-comunicacion-para-contrarrestar-a-confusion-a-proposito-do-anisakis\/"},"author":{"name":"Super User","@id":"https:\/\/ppdegalicia.com\/es\/#\/schema\/person\/d0f013b8388c980665d44009ab762960"},"headline":"O Parlamento demanda ao Goberno central unha estratexia de comunicaci\u00f3n para contrarrestar a confusi\u00f3n a prop\u00f3sito do anisakis","datePublished":"2018-10-23T13:18:13+00:00","mainEntityOfPage":{"@id":"https:\/\/ppdegalicia.com\/es\/o-parlamento-demanda-ao-goberno-central-unha-estratexia-de-comunicacion-para-contrarrestar-a-confusion-a-proposito-do-anisakis\/"},"wordCount":542,"commentCount":0,"publisher":{"@id":"https:\/\/ppdegalicia.com\/es\/#organization"},"articleSection":["PP de Galicia"],"inLanguage":"es","potentialAction":[{"@type":"CommentAction","name":"Comment","target":["https:\/\/ppdegalicia.com\/es\/o-parlamento-demanda-ao-goberno-central-unha-estratexia-de-comunicacion-para-contrarrestar-a-confusion-a-proposito-do-anisakis\/#respond"]}]},{"@type":"WebPage","@id":"https:\/\/ppdegalicia.com\/es\/o-parlamento-demanda-ao-goberno-central-unha-estratexia-de-comunicacion-para-contrarrestar-a-confusion-a-proposito-do-anisakis\/","url":"https:\/\/ppdegalicia.com\/es\/o-parlamento-demanda-ao-goberno-central-unha-estratexia-de-comunicacion-para-contrarrestar-a-confusion-a-proposito-do-anisakis\/","name":"O Parlamento demanda ao Goberno central unha estratexia de comunicaci\u00f3n para contrarrestar a confusi\u00f3n a prop\u00f3sito do anisakis - PP de Galicia","isPartOf":{"@id":"https:\/\/ppdegalicia.com\/es\/#website"},"datePublished":"2018-10-23T13:18:13+00:00","breadcrumb":{"@id":"https:\/\/ppdegalicia.com\/es\/o-parlamento-demanda-ao-goberno-central-unha-estratexia-de-comunicacion-para-contrarrestar-a-confusion-a-proposito-do-anisakis\/#breadcrumb"},"inLanguage":"es","potentialAction":[{"@type":"ReadAction","target":["https:\/\/ppdegalicia.com\/es\/o-parlamento-demanda-ao-goberno-central-unha-estratexia-de-comunicacion-para-contrarrestar-a-confusion-a-proposito-do-anisakis\/"]}]},{"@type":"BreadcrumbList","@id":"https:\/\/ppdegalicia.com\/es\/o-parlamento-demanda-ao-goberno-central-unha-estratexia-de-comunicacion-para-contrarrestar-a-confusion-a-proposito-do-anisakis\/#breadcrumb","itemListElement":[{"@type":"ListItem","position":1,"name":"Portada","item":"https:\/\/ppdegalicia.com\/es\/"},{"@type":"ListItem","position":2,"name":"O Parlamento demanda ao Goberno central unha estratexia de comunicaci\u00f3n para contrarrestar a confusi\u00f3n a prop\u00f3sito do anisakis"}]},{"@type":"WebSite","@id":"https:\/\/ppdegalicia.com\/es\/#website","url":"https:\/\/ppdegalicia.com\/es\/","name":"Partido Popular de Galicia","description":"Partido Popular de Galicia","publisher":{"@id":"https:\/\/ppdegalicia.com\/es\/#organization"},"alternateName":"PP de Galicia","potentialAction":[{"@type":"SearchAction","target":{"@type":"EntryPoint","urlTemplate":"https:\/\/ppdegalicia.com\/es\/?s={search_term_string}"},"query-input":{"@type":"PropertyValueSpecification","valueRequired":true,"valueName":"search_term_string"}}],"inLanguage":"es"},{"@type":"Organization","@id":"https:\/\/ppdegalicia.com\/es\/#organization","name":"Partido Popular de Galicia","alternateName":"PP de Galicia","url":"https:\/\/ppdegalicia.com\/es\/","logo":{"@type":"ImageObject","inLanguage":"es","@id":"https:\/\/ppdegalicia.com\/es\/#\/schema\/logo\/image\/","url":"https:\/\/ppdegalicia.com\/wp-content\/uploads\/2023\/04\/logoPP512.png","contentUrl":"https:\/\/ppdegalicia.com\/wp-content\/uploads\/2023\/04\/logoPP512.png","width":512,"height":512,"caption":"Partido Popular de Galicia"},"image":{"@id":"https:\/\/ppdegalicia.com\/es\/#\/schema\/logo\/image\/"},"sameAs":["https:\/\/www.instagram.com\/ppdegalicia\/","https:\/\/x.com\/ppdegalicia","https:\/\/www.tiktok.com\/@ppdegalicia","https:\/\/www.youtube.com\/user\/ppdegalicia"]},{"@type":"Person","@id":"https:\/\/ppdegalicia.com\/es\/#\/schema\/person\/d0f013b8388c980665d44009ab762960","name":"Super User","image":{"@type":"ImageObject","inLanguage":"es","@id":"https:\/\/secure.gravatar.com\/avatar\/1db852625ef4948f58d2739bfbc51e4b9bd5c93b8fa340b59fdb594ca0845645?s=96&d=mm&r=g","url":"https:\/\/secure.gravatar.com\/avatar\/1db852625ef4948f58d2739bfbc51e4b9bd5c93b8fa340b59fdb594ca0845645?s=96&d=mm&r=g","contentUrl":"https:\/\/secure.gravatar.com\/avatar\/1db852625ef4948f58d2739bfbc51e4b9bd5c93b8fa340b59fdb594ca0845645?s=96&d=mm&r=g","caption":"Super User"},"url":"https:\/\/ppdegalicia.com\/es\/author\/ppdegaliciagestion\/"}]}},"_links":{"self":[{"href":"https:\/\/ppdegalicia.com\/es\/wp-json\/wp\/v2\/posts\/53016","targetHints":{"allow":["GET"]}}],"collection":[{"href":"https:\/\/ppdegalicia.com\/es\/wp-json\/wp\/v2\/posts"}],"about":[{"href":"https:\/\/ppdegalicia.com\/es\/wp-json\/wp\/v2\/types\/post"}],"author":[{"embeddable":true,"href":"https:\/\/ppdegalicia.com\/es\/wp-json\/wp\/v2\/users\/37"}],"replies":[{"embeddable":true,"href":"https:\/\/ppdegalicia.com\/es\/wp-json\/wp\/v2\/comments?post=53016"}],"version-history":[{"count":0,"href":"https:\/\/ppdegalicia.com\/es\/wp-json\/wp\/v2\/posts\/53016\/revisions"}],"wp:attachment":[{"href":"https:\/\/ppdegalicia.com\/es\/wp-json\/wp\/v2\/media?parent=53016"}],"wp:term":[{"taxonomy":"category","embeddable":true,"href":"https:\/\/ppdegalicia.com\/es\/wp-json\/wp\/v2\/categories?post=53016"},{"taxonomy":"post_tag","embeddable":true,"href":"https:\/\/ppdegalicia.com\/es\/wp-json\/wp\/v2\/tags?post=53016"}],"curies":[{"name":"wp","href":"https:\/\/api.w.org\/{rel}","templated":true}]}}