{"id":53034,"date":"2018-11-05T11:54:47","date_gmt":"2018-11-05T09:54:47","guid":{"rendered":"https:\/\/ppdegalicia.com\/o-ppdeg-celebra-que-o-paro-descenda-a-nivel-interanual-de-forma-significativa-entre-os-colectivos-mais-vulnerables\/"},"modified":"2018-11-05T11:54:47","modified_gmt":"2018-11-05T09:54:47","slug":"o-ppdeg-celebra-que-o-paro-descenda-a-nivel-interanual-de-forma-significativa-entre-os-colectivos-mais-vulnerables","status":"publish","type":"post","link":"https:\/\/ppdegalicia.com\/es\/o-ppdeg-celebra-que-o-paro-descenda-a-nivel-interanual-de-forma-significativa-entre-os-colectivos-mais-vulnerables\/","title":{"rendered":"O PPdeG celebra que o paro descenda a nivel interanual de forma significativa entre os colectivos m\u00e1is vulnerables"},"content":{"rendered":"<p><span style=\"text-decoration: underline;\">5, novembro, 2018. <\/span>&nbsp;O &nbsp;secretario xeral do PPdeG, Miguel Tellado, celebrou esta ma\u00f1\u00e1, logo de publicarse os datos do paro de outubro, que o desemprego descenda a nivel interanual de forma significativa entre os colectivos que te\u00f1en m\u00e1is dificultades para atopar un traballo. De feito, nos menores de 30 anos prod\u00facese unha baixada do 9,99%; nos parados de longa duraci\u00f3n do 9,45% -a metade das persoas que sa\u00edron do paro no \u00faltimo ano pertenc\u00edan a este colectivo-; e nas mulleres do 7,15%.<\/p>\n<p><!--more--><\/p>\n<p>&nbsp;<\/p>\n<p>Logo de destacar tam\u00e9n o descenso a nivel interanual do desemprego nas catro provincias e en todos os sectores de actividade, Tellado puxo en valor que o paro baixe a maior ritmo que no Estado as\u00ed como o aumento das afiliaci\u00f3ns e a contrataci\u00f3n indefinida \u2013o incremento deste tipo de contratos tam\u00e9n \u00e9 maior que a nivel nacional- e a tempo completo. \u201cGalicia crea m\u00e1is emprego e de maior calidade que Espa\u00f1a, unha mostra m\u00e1is do que sup\u00f3n estar gobernados pola estabilidade, como ocorre na nosa Comunidade, fronte estar gobernados pola improvisaci\u00f3n constante, que \u00e9 o que acontece co Goberno do pa\u00eds\u201d, subli\u00f1ou.<\/p>\n<p>&nbsp;<\/p>\n<p>Nese senso, lamentou que o presidente do Executivo nacional, Pedro S\u00e1nchez, demostre cada vez que ten oportunidade que \u201cs\u00f3 lle importa un emprego en todo o pa\u00eds, que \u00e9 o seu propio\u201d. \u201cPor sorte, nin sequera a chegada de S\u00e1nchez foi capaz de destru\u00edr tan r\u00e1pido a solidez da econom\u00eda e do emprego en Galicia\u201d, engadiu.<\/p>\n<p>&nbsp;<\/p>\n<p><strong>CREAR EMPREGO E &nbsp;MELLORAR A CALIDADE DE VIDA <\/strong><\/p>\n<p>Como indicou o n\u00famero dous dos populares galegos, Galicia contin\u00faa polo bo cami\u00f1o na creaci\u00f3n de emprego e as\u00ed o ratifican os datos co\u00f1ecidos hoxe, que sit\u00faan \u00e1 Comunidade a niveis de paro de hai dez anos, e hai uns d\u00edas a trav\u00e9s da EPA, que foi a mellor deste Goberno desde a s\u00faa chegada en 2009.<\/p>\n<p>&nbsp;<\/p>\n<p>Conscientes de que a\u00ednda queda moito por facer e lonxe de conformarse, reco\u00f1eceu que o Goberno galego seguir\u00e1 traballando para cumprir cos obxectivos da Axenda 20, por iso reforzaron o orzamento de 2019 en materia de emprego e formaci\u00f3n nun 7% -ata chegar aos 255,5 mill\u00f3ns de euros- para seguir creando m\u00e1is e mellores postos de traballo, dando resposta a trav\u00e9s dunha formaci\u00f3n dual e flexible aos retos do futuro.<\/p>\n<p>&nbsp;<\/p>\n<p>Ademais, Tellado fixo fincap\u00e9 no empe\u00f1o dos populares por mellorar a calidade de vida dos galegos para o que \u00e9 preciso continuar creando m\u00e1is emprego estable a trav\u00e9s da mellora da competitividade do noso tecido empresarial.<\/p>\n<p>&nbsp;<\/p>\n<p>Sobre isto, destacou que en 2019 seguiranse impulsando programas pioneiros que xa se puxeron en marcha e que est\u00e1n dando bos resultados como as Unidades Formativas na Empresa; activarase un novidoso plan que dar\u00e1 unha segunda oportunidade aos mozos sen cualificaci\u00f3n para o que se investir\u00e1n nove mill\u00f3ns de euros co obxectivo de beneficiar a 1.000 persoas ao ano; ademais de continuar prestando maior atenci\u00f3n aos colectivos que m\u00e1is o precisan como son as mulleres, a mocidade, os parados de longa duraci\u00f3n e as persoas en risco de exclusi\u00f3n social.<\/p>\n","protected":false},"excerpt":{"rendered":"<p>5, novembro, 2018. &nbsp;O &nbsp;secretario xeral do PPdeG, Miguel Tellado, celebrou esta ma\u00f1\u00e1, logo de publicarse os datos do paro de outubro, que o desemprego descenda a nivel interanual de forma significativa entre os colectivos que te\u00f1en m\u00e1is dificultades para atopar un traballo. De feito, nos menores de 30 anos prod\u00facese unha baixada do 9,99%; [&hellip;]<\/p>\n","protected":false},"author":37,"featured_media":0,"comment_status":"open","ping_status":"open","sticky":false,"template":"","format":"standard","meta":{"_acf_changed":false,"footnotes":""},"categories":[1],"tags":[],"class_list":["post-53034","post","type-post","status-publish","format-standard","hentry","category-pp-de-galicia"],"acf":[],"yoast_head":"<!-- This site is optimized with the Yoast SEO plugin v27.3 - https:\/\/yoast.com\/product\/yoast-seo-wordpress\/ -->\n<title>O PPdeG celebra que o paro descenda a nivel interanual de forma significativa entre os colectivos m\u00e1is vulnerables - PP de Galicia<\/title>\n<meta name=\"robots\" content=\"index, follow, max-snippet:-1, max-image-preview:large, max-video-preview:-1\" \/>\n<link rel=\"canonical\" href=\"https:\/\/ppdegalicia.com\/es\/o-ppdeg-celebra-que-o-paro-descenda-a-nivel-interanual-de-forma-significativa-entre-os-colectivos-mais-vulnerables\/\" \/>\n<meta property=\"og:locale\" content=\"es_ES\" \/>\n<meta property=\"og:type\" content=\"article\" \/>\n<meta property=\"og:title\" content=\"O PPdeG celebra que o paro descenda a nivel interanual de forma significativa entre os colectivos m\u00e1is vulnerables - PP de Galicia\" \/>\n<meta property=\"og:description\" content=\"5, novembro, 2018. &nbsp;O &nbsp;secretario xeral do PPdeG, Miguel Tellado, celebrou esta ma\u00f1\u00e1, logo de publicarse os datos do paro de outubro, que o desemprego descenda a nivel interanual de forma significativa entre os colectivos que te\u00f1en m\u00e1is dificultades para atopar un traballo. De feito, nos menores de 30 anos prod\u00facese unha baixada do 9,99%; [&hellip;]\" \/>\n<meta property=\"og:url\" content=\"https:\/\/ppdegalicia.com\/es\/o-ppdeg-celebra-que-o-paro-descenda-a-nivel-interanual-de-forma-significativa-entre-os-colectivos-mais-vulnerables\/\" \/>\n<meta property=\"og:site_name\" content=\"PP de Galicia\" \/>\n<meta property=\"article:publisher\" content=\"https:\/\/www.instagram.com\/ppdegalicia\/\" \/>\n<meta property=\"article:published_time\" content=\"2018-11-05T09:54:47+00:00\" \/>\n<meta name=\"author\" content=\"Super User\" \/>\n<meta name=\"twitter:card\" content=\"summary_large_image\" \/>\n<meta name=\"twitter:creator\" content=\"@ppdegalicia\" \/>\n<meta name=\"twitter:site\" content=\"@ppdegalicia\" \/>\n<meta name=\"twitter:label1\" content=\"Escrito por\" \/>\n\t<meta name=\"twitter:data1\" content=\"Super User\" \/>\n\t<meta name=\"twitter:label2\" content=\"Tiempo de lectura\" \/>\n\t<meta name=\"twitter:data2\" content=\"3 minutos\" \/>\n<script type=\"application\/ld+json\" class=\"yoast-schema-graph\">{\"@context\":\"https:\\\/\\\/schema.org\",\"@graph\":[{\"@type\":\"Article\",\"@id\":\"https:\\\/\\\/ppdegalicia.com\\\/es\\\/o-ppdeg-celebra-que-o-paro-descenda-a-nivel-interanual-de-forma-significativa-entre-os-colectivos-mais-vulnerables\\\/#article\",\"isPartOf\":{\"@id\":\"https:\\\/\\\/ppdegalicia.com\\\/es\\\/o-ppdeg-celebra-que-o-paro-descenda-a-nivel-interanual-de-forma-significativa-entre-os-colectivos-mais-vulnerables\\\/\"},\"author\":{\"name\":\"Super User\",\"@id\":\"https:\\\/\\\/ppdegalicia.com\\\/es\\\/#\\\/schema\\\/person\\\/d0f013b8388c980665d44009ab762960\"},\"headline\":\"O PPdeG celebra que o paro descenda a nivel interanual de forma significativa entre os colectivos m\u00e1is vulnerables\",\"datePublished\":\"2018-11-05T09:54:47+00:00\",\"mainEntityOfPage\":{\"@id\":\"https:\\\/\\\/ppdegalicia.com\\\/es\\\/o-ppdeg-celebra-que-o-paro-descenda-a-nivel-interanual-de-forma-significativa-entre-os-colectivos-mais-vulnerables\\\/\"},\"wordCount\":562,\"commentCount\":0,\"publisher\":{\"@id\":\"https:\\\/\\\/ppdegalicia.com\\\/es\\\/#organization\"},\"articleSection\":[\"PP de Galicia\"],\"inLanguage\":\"es\",\"potentialAction\":[{\"@type\":\"CommentAction\",\"name\":\"Comment\",\"target\":[\"https:\\\/\\\/ppdegalicia.com\\\/es\\\/o-ppdeg-celebra-que-o-paro-descenda-a-nivel-interanual-de-forma-significativa-entre-os-colectivos-mais-vulnerables\\\/#respond\"]}]},{\"@type\":\"WebPage\",\"@id\":\"https:\\\/\\\/ppdegalicia.com\\\/es\\\/o-ppdeg-celebra-que-o-paro-descenda-a-nivel-interanual-de-forma-significativa-entre-os-colectivos-mais-vulnerables\\\/\",\"url\":\"https:\\\/\\\/ppdegalicia.com\\\/es\\\/o-ppdeg-celebra-que-o-paro-descenda-a-nivel-interanual-de-forma-significativa-entre-os-colectivos-mais-vulnerables\\\/\",\"name\":\"O PPdeG celebra que o paro descenda a nivel interanual de forma significativa entre os colectivos m\u00e1is vulnerables - PP de Galicia\",\"isPartOf\":{\"@id\":\"https:\\\/\\\/ppdegalicia.com\\\/es\\\/#website\"},\"datePublished\":\"2018-11-05T09:54:47+00:00\",\"breadcrumb\":{\"@id\":\"https:\\\/\\\/ppdegalicia.com\\\/es\\\/o-ppdeg-celebra-que-o-paro-descenda-a-nivel-interanual-de-forma-significativa-entre-os-colectivos-mais-vulnerables\\\/#breadcrumb\"},\"inLanguage\":\"es\",\"potentialAction\":[{\"@type\":\"ReadAction\",\"target\":[\"https:\\\/\\\/ppdegalicia.com\\\/es\\\/o-ppdeg-celebra-que-o-paro-descenda-a-nivel-interanual-de-forma-significativa-entre-os-colectivos-mais-vulnerables\\\/\"]}]},{\"@type\":\"BreadcrumbList\",\"@id\":\"https:\\\/\\\/ppdegalicia.com\\\/es\\\/o-ppdeg-celebra-que-o-paro-descenda-a-nivel-interanual-de-forma-significativa-entre-os-colectivos-mais-vulnerables\\\/#breadcrumb\",\"itemListElement\":[{\"@type\":\"ListItem\",\"position\":1,\"name\":\"Portada\",\"item\":\"https:\\\/\\\/ppdegalicia.com\\\/es\\\/\"},{\"@type\":\"ListItem\",\"position\":2,\"name\":\"O PPdeG celebra que o paro descenda a nivel interanual de forma significativa entre os colectivos m\u00e1is vulnerables\"}]},{\"@type\":\"WebSite\",\"@id\":\"https:\\\/\\\/ppdegalicia.com\\\/es\\\/#website\",\"url\":\"https:\\\/\\\/ppdegalicia.com\\\/es\\\/\",\"name\":\"Partido Popular de Galicia\",\"description\":\"Partido Popular de Galicia\",\"publisher\":{\"@id\":\"https:\\\/\\\/ppdegalicia.com\\\/es\\\/#organization\"},\"alternateName\":\"PP de Galicia\",\"potentialAction\":[{\"@type\":\"SearchAction\",\"target\":{\"@type\":\"EntryPoint\",\"urlTemplate\":\"https:\\\/\\\/ppdegalicia.com\\\/es\\\/?s={search_term_string}\"},\"query-input\":{\"@type\":\"PropertyValueSpecification\",\"valueRequired\":true,\"valueName\":\"search_term_string\"}}],\"inLanguage\":\"es\"},{\"@type\":\"Organization\",\"@id\":\"https:\\\/\\\/ppdegalicia.com\\\/es\\\/#organization\",\"name\":\"Partido Popular de Galicia\",\"alternateName\":\"PP de Galicia\",\"url\":\"https:\\\/\\\/ppdegalicia.com\\\/es\\\/\",\"logo\":{\"@type\":\"ImageObject\",\"inLanguage\":\"es\",\"@id\":\"https:\\\/\\\/ppdegalicia.com\\\/es\\\/#\\\/schema\\\/logo\\\/image\\\/\",\"url\":\"https:\\\/\\\/ppdegalicia.com\\\/wp-content\\\/uploads\\\/2023\\\/04\\\/logoPP512.png\",\"contentUrl\":\"https:\\\/\\\/ppdegalicia.com\\\/wp-content\\\/uploads\\\/2023\\\/04\\\/logoPP512.png\",\"width\":512,\"height\":512,\"caption\":\"Partido Popular de Galicia\"},\"image\":{\"@id\":\"https:\\\/\\\/ppdegalicia.com\\\/es\\\/#\\\/schema\\\/logo\\\/image\\\/\"},\"sameAs\":[\"https:\\\/\\\/www.instagram.com\\\/ppdegalicia\\\/\",\"https:\\\/\\\/x.com\\\/ppdegalicia\",\"https:\\\/\\\/www.tiktok.com\\\/@ppdegalicia\",\"https:\\\/\\\/www.youtube.com\\\/user\\\/ppdegalicia\"]},{\"@type\":\"Person\",\"@id\":\"https:\\\/\\\/ppdegalicia.com\\\/es\\\/#\\\/schema\\\/person\\\/d0f013b8388c980665d44009ab762960\",\"name\":\"Super User\",\"image\":{\"@type\":\"ImageObject\",\"inLanguage\":\"es\",\"@id\":\"https:\\\/\\\/secure.gravatar.com\\\/avatar\\\/1db852625ef4948f58d2739bfbc51e4b9bd5c93b8fa340b59fdb594ca0845645?s=96&d=mm&r=g\",\"url\":\"https:\\\/\\\/secure.gravatar.com\\\/avatar\\\/1db852625ef4948f58d2739bfbc51e4b9bd5c93b8fa340b59fdb594ca0845645?s=96&d=mm&r=g\",\"contentUrl\":\"https:\\\/\\\/secure.gravatar.com\\\/avatar\\\/1db852625ef4948f58d2739bfbc51e4b9bd5c93b8fa340b59fdb594ca0845645?s=96&d=mm&r=g\",\"caption\":\"Super User\"},\"url\":\"https:\\\/\\\/ppdegalicia.com\\\/es\\\/author\\\/ppdegaliciagestion\\\/\"}]}<\/script>\n<!-- \/ Yoast SEO plugin. -->","yoast_head_json":{"title":"O PPdeG celebra que o paro descenda a nivel interanual de forma significativa entre os colectivos m\u00e1is vulnerables - PP de Galicia","robots":{"index":"index","follow":"follow","max-snippet":"max-snippet:-1","max-image-preview":"max-image-preview:large","max-video-preview":"max-video-preview:-1"},"canonical":"https:\/\/ppdegalicia.com\/es\/o-ppdeg-celebra-que-o-paro-descenda-a-nivel-interanual-de-forma-significativa-entre-os-colectivos-mais-vulnerables\/","og_locale":"es_ES","og_type":"article","og_title":"O PPdeG celebra que o paro descenda a nivel interanual de forma significativa entre os colectivos m\u00e1is vulnerables - PP de Galicia","og_description":"5, novembro, 2018. &nbsp;O &nbsp;secretario xeral do PPdeG, Miguel Tellado, celebrou esta ma\u00f1\u00e1, logo de publicarse os datos do paro de outubro, que o desemprego descenda a nivel interanual de forma significativa entre os colectivos que te\u00f1en m\u00e1is dificultades para atopar un traballo. De feito, nos menores de 30 anos prod\u00facese unha baixada do 9,99%; [&hellip;]","og_url":"https:\/\/ppdegalicia.com\/es\/o-ppdeg-celebra-que-o-paro-descenda-a-nivel-interanual-de-forma-significativa-entre-os-colectivos-mais-vulnerables\/","og_site_name":"PP de Galicia","article_publisher":"https:\/\/www.instagram.com\/ppdegalicia\/","article_published_time":"2018-11-05T09:54:47+00:00","author":"Super User","twitter_card":"summary_large_image","twitter_creator":"@ppdegalicia","twitter_site":"@ppdegalicia","twitter_misc":{"Escrito por":"Super User","Tiempo de lectura":"3 minutos"},"schema":{"@context":"https:\/\/schema.org","@graph":[{"@type":"Article","@id":"https:\/\/ppdegalicia.com\/es\/o-ppdeg-celebra-que-o-paro-descenda-a-nivel-interanual-de-forma-significativa-entre-os-colectivos-mais-vulnerables\/#article","isPartOf":{"@id":"https:\/\/ppdegalicia.com\/es\/o-ppdeg-celebra-que-o-paro-descenda-a-nivel-interanual-de-forma-significativa-entre-os-colectivos-mais-vulnerables\/"},"author":{"name":"Super User","@id":"https:\/\/ppdegalicia.com\/es\/#\/schema\/person\/d0f013b8388c980665d44009ab762960"},"headline":"O PPdeG celebra que o paro descenda a nivel interanual de forma significativa entre os colectivos m\u00e1is vulnerables","datePublished":"2018-11-05T09:54:47+00:00","mainEntityOfPage":{"@id":"https:\/\/ppdegalicia.com\/es\/o-ppdeg-celebra-que-o-paro-descenda-a-nivel-interanual-de-forma-significativa-entre-os-colectivos-mais-vulnerables\/"},"wordCount":562,"commentCount":0,"publisher":{"@id":"https:\/\/ppdegalicia.com\/es\/#organization"},"articleSection":["PP de Galicia"],"inLanguage":"es","potentialAction":[{"@type":"CommentAction","name":"Comment","target":["https:\/\/ppdegalicia.com\/es\/o-ppdeg-celebra-que-o-paro-descenda-a-nivel-interanual-de-forma-significativa-entre-os-colectivos-mais-vulnerables\/#respond"]}]},{"@type":"WebPage","@id":"https:\/\/ppdegalicia.com\/es\/o-ppdeg-celebra-que-o-paro-descenda-a-nivel-interanual-de-forma-significativa-entre-os-colectivos-mais-vulnerables\/","url":"https:\/\/ppdegalicia.com\/es\/o-ppdeg-celebra-que-o-paro-descenda-a-nivel-interanual-de-forma-significativa-entre-os-colectivos-mais-vulnerables\/","name":"O PPdeG celebra que o paro descenda a nivel interanual de forma significativa entre os colectivos m\u00e1is vulnerables - PP de Galicia","isPartOf":{"@id":"https:\/\/ppdegalicia.com\/es\/#website"},"datePublished":"2018-11-05T09:54:47+00:00","breadcrumb":{"@id":"https:\/\/ppdegalicia.com\/es\/o-ppdeg-celebra-que-o-paro-descenda-a-nivel-interanual-de-forma-significativa-entre-os-colectivos-mais-vulnerables\/#breadcrumb"},"inLanguage":"es","potentialAction":[{"@type":"ReadAction","target":["https:\/\/ppdegalicia.com\/es\/o-ppdeg-celebra-que-o-paro-descenda-a-nivel-interanual-de-forma-significativa-entre-os-colectivos-mais-vulnerables\/"]}]},{"@type":"BreadcrumbList","@id":"https:\/\/ppdegalicia.com\/es\/o-ppdeg-celebra-que-o-paro-descenda-a-nivel-interanual-de-forma-significativa-entre-os-colectivos-mais-vulnerables\/#breadcrumb","itemListElement":[{"@type":"ListItem","position":1,"name":"Portada","item":"https:\/\/ppdegalicia.com\/es\/"},{"@type":"ListItem","position":2,"name":"O PPdeG celebra que o paro descenda a nivel interanual de forma significativa entre os colectivos m\u00e1is vulnerables"}]},{"@type":"WebSite","@id":"https:\/\/ppdegalicia.com\/es\/#website","url":"https:\/\/ppdegalicia.com\/es\/","name":"Partido Popular de Galicia","description":"Partido Popular de Galicia","publisher":{"@id":"https:\/\/ppdegalicia.com\/es\/#organization"},"alternateName":"PP de Galicia","potentialAction":[{"@type":"SearchAction","target":{"@type":"EntryPoint","urlTemplate":"https:\/\/ppdegalicia.com\/es\/?s={search_term_string}"},"query-input":{"@type":"PropertyValueSpecification","valueRequired":true,"valueName":"search_term_string"}}],"inLanguage":"es"},{"@type":"Organization","@id":"https:\/\/ppdegalicia.com\/es\/#organization","name":"Partido Popular de Galicia","alternateName":"PP de Galicia","url":"https:\/\/ppdegalicia.com\/es\/","logo":{"@type":"ImageObject","inLanguage":"es","@id":"https:\/\/ppdegalicia.com\/es\/#\/schema\/logo\/image\/","url":"https:\/\/ppdegalicia.com\/wp-content\/uploads\/2023\/04\/logoPP512.png","contentUrl":"https:\/\/ppdegalicia.com\/wp-content\/uploads\/2023\/04\/logoPP512.png","width":512,"height":512,"caption":"Partido Popular de Galicia"},"image":{"@id":"https:\/\/ppdegalicia.com\/es\/#\/schema\/logo\/image\/"},"sameAs":["https:\/\/www.instagram.com\/ppdegalicia\/","https:\/\/x.com\/ppdegalicia","https:\/\/www.tiktok.com\/@ppdegalicia","https:\/\/www.youtube.com\/user\/ppdegalicia"]},{"@type":"Person","@id":"https:\/\/ppdegalicia.com\/es\/#\/schema\/person\/d0f013b8388c980665d44009ab762960","name":"Super User","image":{"@type":"ImageObject","inLanguage":"es","@id":"https:\/\/secure.gravatar.com\/avatar\/1db852625ef4948f58d2739bfbc51e4b9bd5c93b8fa340b59fdb594ca0845645?s=96&d=mm&r=g","url":"https:\/\/secure.gravatar.com\/avatar\/1db852625ef4948f58d2739bfbc51e4b9bd5c93b8fa340b59fdb594ca0845645?s=96&d=mm&r=g","contentUrl":"https:\/\/secure.gravatar.com\/avatar\/1db852625ef4948f58d2739bfbc51e4b9bd5c93b8fa340b59fdb594ca0845645?s=96&d=mm&r=g","caption":"Super User"},"url":"https:\/\/ppdegalicia.com\/es\/author\/ppdegaliciagestion\/"}]}},"_links":{"self":[{"href":"https:\/\/ppdegalicia.com\/es\/wp-json\/wp\/v2\/posts\/53034","targetHints":{"allow":["GET"]}}],"collection":[{"href":"https:\/\/ppdegalicia.com\/es\/wp-json\/wp\/v2\/posts"}],"about":[{"href":"https:\/\/ppdegalicia.com\/es\/wp-json\/wp\/v2\/types\/post"}],"author":[{"embeddable":true,"href":"https:\/\/ppdegalicia.com\/es\/wp-json\/wp\/v2\/users\/37"}],"replies":[{"embeddable":true,"href":"https:\/\/ppdegalicia.com\/es\/wp-json\/wp\/v2\/comments?post=53034"}],"version-history":[{"count":0,"href":"https:\/\/ppdegalicia.com\/es\/wp-json\/wp\/v2\/posts\/53034\/revisions"}],"wp:attachment":[{"href":"https:\/\/ppdegalicia.com\/es\/wp-json\/wp\/v2\/media?parent=53034"}],"wp:term":[{"taxonomy":"category","embeddable":true,"href":"https:\/\/ppdegalicia.com\/es\/wp-json\/wp\/v2\/categories?post=53034"},{"taxonomy":"post_tag","embeddable":true,"href":"https:\/\/ppdegalicia.com\/es\/wp-json\/wp\/v2\/tags?post=53034"}],"curies":[{"name":"wp","href":"https:\/\/api.w.org\/{rel}","templated":true}]}}