{"id":53049,"date":"2018-11-08T12:49:11","date_gmt":"2018-11-08T10:49:11","guid":{"rendered":"https:\/\/ppdegalicia.com\/tellado-esixe-ao-goberno-que-materialice-as-propostas-da-xunta-para-evitar-o-peche-de-alcoa\/"},"modified":"2018-11-08T12:49:11","modified_gmt":"2018-11-08T10:49:11","slug":"tellado-esixe-ao-goberno-que-materialice-as-propostas-da-xunta-para-evitar-o-peche-de-alcoa","status":"publish","type":"post","link":"https:\/\/ppdegalicia.com\/es\/tellado-esixe-ao-goberno-que-materialice-as-propostas-da-xunta-para-evitar-o-peche-de-alcoa\/","title":{"rendered":"Tellado esixe ao Goberno que materialice as propostas da Xunta para evitar o peche de Alcoa"},"content":{"rendered":"<p><span style=\"text-decoration: underline;\">8, novembro, 2018. <\/span>&nbsp;O &nbsp;secretario xeral do PPdeG, Miguel Tellado, esixiu ao Goberno central que materialice as propostas da Xunta para evitar o peche de Alcoa e que hoxe se transmitir\u00e1n na xuntanza que se celebra en Madrid para abordar o futuro das factor\u00edas da Coru\u00f1a e Avil\u00e9s.<\/p>\n<p><!--more--><\/p>\n<p>&nbsp;<\/p>\n<p>Como manifestou, as demandas de Galicia son moi claras: unha soluci\u00f3n para a continuidade das plantas, que pasa por un plan industrial que as faga viables; e un marco el\u00e9ctrico que lles dea estabilidade os cinco pr\u00f3ximos anos, para o que \u00e9 preciso clarificar o sistema de interrompibilidade e que o Goberno de Pedro S\u00e1nchez execute as axudas de 150 mill\u00f3ns de euros que deixou orzamentadas o de Rajoy este mesmo ano. Nese senso, recordou que o PPdeG pide a este Goberno un remedio ao problema, exactamente o mesmo que se lle pediu ao Executivo de Rajoy en 2014 -cando Alcoa ameazou con pechar- e que os populares si resolveron.<\/p>\n<p>&nbsp;<\/p>\n<p>Tellado valorou tam\u00e9n o papel que te\u00f1en desenvolvido en paralelo tanto a Xunta como o Grupo Popular no Parlamento, respondendo con axilidade ao anuncio da empresa, reun\u00edndose cos actores pol\u00edticos, empresarias e sindicais para ofrecer a mediaci\u00f3n necesaria; procurando unidade de acci\u00f3n entre as diferentes administraci\u00f3ns, independentemente da s\u00faa cor pol\u00edtica; e tecendo consensos no Parlamento, para acadar unha posici\u00f3n de unidade de todos os grupos.<\/p>\n<p>&nbsp;<\/p>\n<p>Ademais, lembrou que a Xunta tense anticipado a este problema: na reuni\u00f3n que mantivo o presidente Feij\u00f3o co presidente S\u00e1nchez o pasado mes de xullo; na que sinalou a necesidade de manter a competitividade da industria electrointensiva, pensando xustamente en Alcoa; e tam\u00e9n na xuntanza que o o conselleiro Francisco Conde tivo no mes de agosto co secretario de Estado de Enerx\u00eda, as\u00ed como na Conferencia Sectorial de Industria a comezos de outubro, trasladando \u00e1 ministra de Industria, Comercio e Turismo a urxencia de garantir un prezo da electricidade estable e competitivo.<\/p>\n<p>&nbsp;<\/p>\n<p>As\u00ed, contrapuxo esta anticipaci\u00f3n do Executivo auton\u00f3mico coa pasividade do Goberno central, que non executa a partida de axudas orzamentada para este ano e non convoca a poxa de interrompibilidade de 2019, que ti\u00f1a como obxectivo dar certezas para tres anos. \u201cEn vez de actuar neste sentido, este Goberno manda mensaxes que parecen repetir os erros doutros gobernos socialistas, que traer\u00e1n unha enerx\u00eda m\u00e1is cara para os nosos usuarios e unha enerx\u00eda menos competitiva para a nosa industria\u201d, dixo.<\/p>\n<p>&nbsp;<\/p>\n<p><strong>A DESLEALDADE INSTITUCIONAL E SECTARISMO DO PSOE<\/strong><\/p>\n<p>Por outra banda, o secretario xeral referiuse \u00e1 exclusi\u00f3n da Xunta da mesa de coordinaci\u00f3n contra a violencia de x\u00e9nero impulsada polo delegado do Goberno en Galicia, Javier Losada. \u201cEsta non \u00e9 s\u00f3 unha mostra m\u00e1is da deslealdade institucional e do sectarismo do Executivo de Pedro S\u00e1nchez, sen\u00f3n que ademais \u00e9 unha irresponsabilidade mai\u00fascula\u201d, subli\u00f1ou.<\/p>\n<p>&nbsp;<\/p>\n<p>Para Tellado, deixar f\u00f3ra \u00e1 administraci\u00f3n competente en atenci\u00f3n social \u00e1s v\u00edtimas \u00e9 menosprezar a unha das patas fundamentais na loita contra esta lacra. \u201cEste \u00e9 un tema que deberiamos exclu\u00edr do debate partidista, por iso deber\u00edan ir xuntas todas as administraci\u00f3ns, independentemente da s\u00faa cor pol\u00edtica, e en iso levamos moitos anos traballando\u201d, engadiu.<\/p>\n<p>&nbsp;<\/p>\n<p>De igual xeito, aseverou que feitos coma este amosan as prioridades do Goberno central: \u201cunha foto fronte ao que de verdade importa que, neste caso, \u00e9 prestar a mellor atenci\u00f3n \u00e1s v\u00edtimas, que merecen o maior dos respectos por parte dos representantes pol\u00edticos\u201d. \u201cTr\u00e1tase dun feito moi grave, xa que estamos falando dun asunto capital e moi sensible, onde debe primar a coordinaci\u00f3n entre todos\u201d, remarcou ao tempo que sinalaba que agardan que Losada se desculpe coa Xunta de Galicia e cos galegos e que rectifique, xa que esta \u00e9 a \u00fanica forma de acertar que te\u00f1en os socialistas.<\/p>\n","protected":false},"excerpt":{"rendered":"<p>8, novembro, 2018. &nbsp;O &nbsp;secretario xeral do PPdeG, Miguel Tellado, esixiu ao Goberno central que materialice as propostas da Xunta para evitar o peche de Alcoa e que hoxe se transmitir\u00e1n na xuntanza que se celebra en Madrid para abordar o futuro das factor\u00edas da Coru\u00f1a e Avil\u00e9s.<\/p>\n","protected":false},"author":37,"featured_media":0,"comment_status":"open","ping_status":"open","sticky":false,"template":"","format":"standard","meta":{"_acf_changed":false,"footnotes":""},"categories":[1],"tags":[],"class_list":["post-53049","post","type-post","status-publish","format-standard","hentry","category-pp-de-galicia"],"acf":[],"yoast_head":"<!-- This site is optimized with the Yoast SEO plugin v27.3 - https:\/\/yoast.com\/product\/yoast-seo-wordpress\/ -->\n<title>Tellado esixe ao Goberno que materialice as propostas da Xunta para evitar o peche de Alcoa - PP de Galicia<\/title>\n<meta name=\"robots\" content=\"index, follow, max-snippet:-1, max-image-preview:large, max-video-preview:-1\" \/>\n<link rel=\"canonical\" href=\"https:\/\/ppdegalicia.com\/es\/tellado-esixe-ao-goberno-que-materialice-as-propostas-da-xunta-para-evitar-o-peche-de-alcoa\/\" \/>\n<meta property=\"og:locale\" content=\"es_ES\" \/>\n<meta property=\"og:type\" content=\"article\" \/>\n<meta property=\"og:title\" content=\"Tellado esixe ao Goberno que materialice as propostas da Xunta para evitar o peche de Alcoa - PP de Galicia\" \/>\n<meta property=\"og:description\" content=\"8, novembro, 2018. &nbsp;O &nbsp;secretario xeral do PPdeG, Miguel Tellado, esixiu ao Goberno central que materialice as propostas da Xunta para evitar o peche de Alcoa e que hoxe se transmitir\u00e1n na xuntanza que se celebra en Madrid para abordar o futuro das factor\u00edas da Coru\u00f1a e Avil\u00e9s.\" \/>\n<meta property=\"og:url\" content=\"https:\/\/ppdegalicia.com\/es\/tellado-esixe-ao-goberno-que-materialice-as-propostas-da-xunta-para-evitar-o-peche-de-alcoa\/\" \/>\n<meta property=\"og:site_name\" content=\"PP de Galicia\" \/>\n<meta property=\"article:publisher\" content=\"https:\/\/www.instagram.com\/ppdegalicia\/\" \/>\n<meta property=\"article:published_time\" content=\"2018-11-08T10:49:11+00:00\" \/>\n<meta name=\"author\" content=\"Super User\" \/>\n<meta name=\"twitter:card\" content=\"summary_large_image\" \/>\n<meta name=\"twitter:creator\" content=\"@ppdegalicia\" \/>\n<meta name=\"twitter:site\" content=\"@ppdegalicia\" \/>\n<meta name=\"twitter:label1\" content=\"Escrito por\" \/>\n\t<meta name=\"twitter:data1\" content=\"Super User\" \/>\n\t<meta name=\"twitter:label2\" content=\"Tiempo de lectura\" \/>\n\t<meta name=\"twitter:data2\" content=\"3 minutos\" \/>\n<script type=\"application\/ld+json\" class=\"yoast-schema-graph\">{\"@context\":\"https:\\\/\\\/schema.org\",\"@graph\":[{\"@type\":\"Article\",\"@id\":\"https:\\\/\\\/ppdegalicia.com\\\/es\\\/tellado-esixe-ao-goberno-que-materialice-as-propostas-da-xunta-para-evitar-o-peche-de-alcoa\\\/#article\",\"isPartOf\":{\"@id\":\"https:\\\/\\\/ppdegalicia.com\\\/es\\\/tellado-esixe-ao-goberno-que-materialice-as-propostas-da-xunta-para-evitar-o-peche-de-alcoa\\\/\"},\"author\":{\"name\":\"Super User\",\"@id\":\"https:\\\/\\\/ppdegalicia.com\\\/es\\\/#\\\/schema\\\/person\\\/d0f013b8388c980665d44009ab762960\"},\"headline\":\"Tellado esixe ao Goberno que materialice as propostas da Xunta para evitar o peche de Alcoa\",\"datePublished\":\"2018-11-08T10:49:11+00:00\",\"mainEntityOfPage\":{\"@id\":\"https:\\\/\\\/ppdegalicia.com\\\/es\\\/tellado-esixe-ao-goberno-que-materialice-as-propostas-da-xunta-para-evitar-o-peche-de-alcoa\\\/\"},\"wordCount\":675,\"commentCount\":0,\"publisher\":{\"@id\":\"https:\\\/\\\/ppdegalicia.com\\\/es\\\/#organization\"},\"articleSection\":[\"PP de Galicia\"],\"inLanguage\":\"es\",\"potentialAction\":[{\"@type\":\"CommentAction\",\"name\":\"Comment\",\"target\":[\"https:\\\/\\\/ppdegalicia.com\\\/es\\\/tellado-esixe-ao-goberno-que-materialice-as-propostas-da-xunta-para-evitar-o-peche-de-alcoa\\\/#respond\"]}]},{\"@type\":\"WebPage\",\"@id\":\"https:\\\/\\\/ppdegalicia.com\\\/es\\\/tellado-esixe-ao-goberno-que-materialice-as-propostas-da-xunta-para-evitar-o-peche-de-alcoa\\\/\",\"url\":\"https:\\\/\\\/ppdegalicia.com\\\/es\\\/tellado-esixe-ao-goberno-que-materialice-as-propostas-da-xunta-para-evitar-o-peche-de-alcoa\\\/\",\"name\":\"Tellado esixe ao Goberno que materialice as propostas da Xunta para evitar o peche de Alcoa - PP de Galicia\",\"isPartOf\":{\"@id\":\"https:\\\/\\\/ppdegalicia.com\\\/es\\\/#website\"},\"datePublished\":\"2018-11-08T10:49:11+00:00\",\"breadcrumb\":{\"@id\":\"https:\\\/\\\/ppdegalicia.com\\\/es\\\/tellado-esixe-ao-goberno-que-materialice-as-propostas-da-xunta-para-evitar-o-peche-de-alcoa\\\/#breadcrumb\"},\"inLanguage\":\"es\",\"potentialAction\":[{\"@type\":\"ReadAction\",\"target\":[\"https:\\\/\\\/ppdegalicia.com\\\/es\\\/tellado-esixe-ao-goberno-que-materialice-as-propostas-da-xunta-para-evitar-o-peche-de-alcoa\\\/\"]}]},{\"@type\":\"BreadcrumbList\",\"@id\":\"https:\\\/\\\/ppdegalicia.com\\\/es\\\/tellado-esixe-ao-goberno-que-materialice-as-propostas-da-xunta-para-evitar-o-peche-de-alcoa\\\/#breadcrumb\",\"itemListElement\":[{\"@type\":\"ListItem\",\"position\":1,\"name\":\"Portada\",\"item\":\"https:\\\/\\\/ppdegalicia.com\\\/es\\\/\"},{\"@type\":\"ListItem\",\"position\":2,\"name\":\"Tellado esixe ao Goberno que materialice as propostas da Xunta para evitar o peche de Alcoa\"}]},{\"@type\":\"WebSite\",\"@id\":\"https:\\\/\\\/ppdegalicia.com\\\/es\\\/#website\",\"url\":\"https:\\\/\\\/ppdegalicia.com\\\/es\\\/\",\"name\":\"Partido Popular de Galicia\",\"description\":\"Partido Popular de Galicia\",\"publisher\":{\"@id\":\"https:\\\/\\\/ppdegalicia.com\\\/es\\\/#organization\"},\"alternateName\":\"PP de Galicia\",\"potentialAction\":[{\"@type\":\"SearchAction\",\"target\":{\"@type\":\"EntryPoint\",\"urlTemplate\":\"https:\\\/\\\/ppdegalicia.com\\\/es\\\/?s={search_term_string}\"},\"query-input\":{\"@type\":\"PropertyValueSpecification\",\"valueRequired\":true,\"valueName\":\"search_term_string\"}}],\"inLanguage\":\"es\"},{\"@type\":\"Organization\",\"@id\":\"https:\\\/\\\/ppdegalicia.com\\\/es\\\/#organization\",\"name\":\"Partido Popular de Galicia\",\"alternateName\":\"PP de Galicia\",\"url\":\"https:\\\/\\\/ppdegalicia.com\\\/es\\\/\",\"logo\":{\"@type\":\"ImageObject\",\"inLanguage\":\"es\",\"@id\":\"https:\\\/\\\/ppdegalicia.com\\\/es\\\/#\\\/schema\\\/logo\\\/image\\\/\",\"url\":\"https:\\\/\\\/ppdegalicia.com\\\/wp-content\\\/uploads\\\/2023\\\/04\\\/logoPP512.png\",\"contentUrl\":\"https:\\\/\\\/ppdegalicia.com\\\/wp-content\\\/uploads\\\/2023\\\/04\\\/logoPP512.png\",\"width\":512,\"height\":512,\"caption\":\"Partido Popular de Galicia\"},\"image\":{\"@id\":\"https:\\\/\\\/ppdegalicia.com\\\/es\\\/#\\\/schema\\\/logo\\\/image\\\/\"},\"sameAs\":[\"https:\\\/\\\/www.instagram.com\\\/ppdegalicia\\\/\",\"https:\\\/\\\/x.com\\\/ppdegalicia\",\"https:\\\/\\\/www.tiktok.com\\\/@ppdegalicia\",\"https:\\\/\\\/www.youtube.com\\\/user\\\/ppdegalicia\"]},{\"@type\":\"Person\",\"@id\":\"https:\\\/\\\/ppdegalicia.com\\\/es\\\/#\\\/schema\\\/person\\\/d0f013b8388c980665d44009ab762960\",\"name\":\"Super User\",\"image\":{\"@type\":\"ImageObject\",\"inLanguage\":\"es\",\"@id\":\"https:\\\/\\\/secure.gravatar.com\\\/avatar\\\/1db852625ef4948f58d2739bfbc51e4b9bd5c93b8fa340b59fdb594ca0845645?s=96&d=mm&r=g\",\"url\":\"https:\\\/\\\/secure.gravatar.com\\\/avatar\\\/1db852625ef4948f58d2739bfbc51e4b9bd5c93b8fa340b59fdb594ca0845645?s=96&d=mm&r=g\",\"contentUrl\":\"https:\\\/\\\/secure.gravatar.com\\\/avatar\\\/1db852625ef4948f58d2739bfbc51e4b9bd5c93b8fa340b59fdb594ca0845645?s=96&d=mm&r=g\",\"caption\":\"Super User\"},\"url\":\"https:\\\/\\\/ppdegalicia.com\\\/es\\\/author\\\/ppdegaliciagestion\\\/\"}]}<\/script>\n<!-- \/ Yoast SEO plugin. -->","yoast_head_json":{"title":"Tellado esixe ao Goberno que materialice as propostas da Xunta para evitar o peche de Alcoa - PP de Galicia","robots":{"index":"index","follow":"follow","max-snippet":"max-snippet:-1","max-image-preview":"max-image-preview:large","max-video-preview":"max-video-preview:-1"},"canonical":"https:\/\/ppdegalicia.com\/es\/tellado-esixe-ao-goberno-que-materialice-as-propostas-da-xunta-para-evitar-o-peche-de-alcoa\/","og_locale":"es_ES","og_type":"article","og_title":"Tellado esixe ao Goberno que materialice as propostas da Xunta para evitar o peche de Alcoa - PP de Galicia","og_description":"8, novembro, 2018. &nbsp;O &nbsp;secretario xeral do PPdeG, Miguel Tellado, esixiu ao Goberno central que materialice as propostas da Xunta para evitar o peche de Alcoa e que hoxe se transmitir\u00e1n na xuntanza que se celebra en Madrid para abordar o futuro das factor\u00edas da Coru\u00f1a e Avil\u00e9s.","og_url":"https:\/\/ppdegalicia.com\/es\/tellado-esixe-ao-goberno-que-materialice-as-propostas-da-xunta-para-evitar-o-peche-de-alcoa\/","og_site_name":"PP de Galicia","article_publisher":"https:\/\/www.instagram.com\/ppdegalicia\/","article_published_time":"2018-11-08T10:49:11+00:00","author":"Super User","twitter_card":"summary_large_image","twitter_creator":"@ppdegalicia","twitter_site":"@ppdegalicia","twitter_misc":{"Escrito por":"Super User","Tiempo de lectura":"3 minutos"},"schema":{"@context":"https:\/\/schema.org","@graph":[{"@type":"Article","@id":"https:\/\/ppdegalicia.com\/es\/tellado-esixe-ao-goberno-que-materialice-as-propostas-da-xunta-para-evitar-o-peche-de-alcoa\/#article","isPartOf":{"@id":"https:\/\/ppdegalicia.com\/es\/tellado-esixe-ao-goberno-que-materialice-as-propostas-da-xunta-para-evitar-o-peche-de-alcoa\/"},"author":{"name":"Super User","@id":"https:\/\/ppdegalicia.com\/es\/#\/schema\/person\/d0f013b8388c980665d44009ab762960"},"headline":"Tellado esixe ao Goberno que materialice as propostas da Xunta para evitar o peche de Alcoa","datePublished":"2018-11-08T10:49:11+00:00","mainEntityOfPage":{"@id":"https:\/\/ppdegalicia.com\/es\/tellado-esixe-ao-goberno-que-materialice-as-propostas-da-xunta-para-evitar-o-peche-de-alcoa\/"},"wordCount":675,"commentCount":0,"publisher":{"@id":"https:\/\/ppdegalicia.com\/es\/#organization"},"articleSection":["PP de Galicia"],"inLanguage":"es","potentialAction":[{"@type":"CommentAction","name":"Comment","target":["https:\/\/ppdegalicia.com\/es\/tellado-esixe-ao-goberno-que-materialice-as-propostas-da-xunta-para-evitar-o-peche-de-alcoa\/#respond"]}]},{"@type":"WebPage","@id":"https:\/\/ppdegalicia.com\/es\/tellado-esixe-ao-goberno-que-materialice-as-propostas-da-xunta-para-evitar-o-peche-de-alcoa\/","url":"https:\/\/ppdegalicia.com\/es\/tellado-esixe-ao-goberno-que-materialice-as-propostas-da-xunta-para-evitar-o-peche-de-alcoa\/","name":"Tellado esixe ao Goberno que materialice as propostas da Xunta para evitar o peche de Alcoa - PP de Galicia","isPartOf":{"@id":"https:\/\/ppdegalicia.com\/es\/#website"},"datePublished":"2018-11-08T10:49:11+00:00","breadcrumb":{"@id":"https:\/\/ppdegalicia.com\/es\/tellado-esixe-ao-goberno-que-materialice-as-propostas-da-xunta-para-evitar-o-peche-de-alcoa\/#breadcrumb"},"inLanguage":"es","potentialAction":[{"@type":"ReadAction","target":["https:\/\/ppdegalicia.com\/es\/tellado-esixe-ao-goberno-que-materialice-as-propostas-da-xunta-para-evitar-o-peche-de-alcoa\/"]}]},{"@type":"BreadcrumbList","@id":"https:\/\/ppdegalicia.com\/es\/tellado-esixe-ao-goberno-que-materialice-as-propostas-da-xunta-para-evitar-o-peche-de-alcoa\/#breadcrumb","itemListElement":[{"@type":"ListItem","position":1,"name":"Portada","item":"https:\/\/ppdegalicia.com\/es\/"},{"@type":"ListItem","position":2,"name":"Tellado esixe ao Goberno que materialice as propostas da Xunta para evitar o peche de Alcoa"}]},{"@type":"WebSite","@id":"https:\/\/ppdegalicia.com\/es\/#website","url":"https:\/\/ppdegalicia.com\/es\/","name":"Partido Popular de Galicia","description":"Partido Popular de Galicia","publisher":{"@id":"https:\/\/ppdegalicia.com\/es\/#organization"},"alternateName":"PP de Galicia","potentialAction":[{"@type":"SearchAction","target":{"@type":"EntryPoint","urlTemplate":"https:\/\/ppdegalicia.com\/es\/?s={search_term_string}"},"query-input":{"@type":"PropertyValueSpecification","valueRequired":true,"valueName":"search_term_string"}}],"inLanguage":"es"},{"@type":"Organization","@id":"https:\/\/ppdegalicia.com\/es\/#organization","name":"Partido Popular de Galicia","alternateName":"PP de Galicia","url":"https:\/\/ppdegalicia.com\/es\/","logo":{"@type":"ImageObject","inLanguage":"es","@id":"https:\/\/ppdegalicia.com\/es\/#\/schema\/logo\/image\/","url":"https:\/\/ppdegalicia.com\/wp-content\/uploads\/2023\/04\/logoPP512.png","contentUrl":"https:\/\/ppdegalicia.com\/wp-content\/uploads\/2023\/04\/logoPP512.png","width":512,"height":512,"caption":"Partido Popular de Galicia"},"image":{"@id":"https:\/\/ppdegalicia.com\/es\/#\/schema\/logo\/image\/"},"sameAs":["https:\/\/www.instagram.com\/ppdegalicia\/","https:\/\/x.com\/ppdegalicia","https:\/\/www.tiktok.com\/@ppdegalicia","https:\/\/www.youtube.com\/user\/ppdegalicia"]},{"@type":"Person","@id":"https:\/\/ppdegalicia.com\/es\/#\/schema\/person\/d0f013b8388c980665d44009ab762960","name":"Super User","image":{"@type":"ImageObject","inLanguage":"es","@id":"https:\/\/secure.gravatar.com\/avatar\/1db852625ef4948f58d2739bfbc51e4b9bd5c93b8fa340b59fdb594ca0845645?s=96&d=mm&r=g","url":"https:\/\/secure.gravatar.com\/avatar\/1db852625ef4948f58d2739bfbc51e4b9bd5c93b8fa340b59fdb594ca0845645?s=96&d=mm&r=g","contentUrl":"https:\/\/secure.gravatar.com\/avatar\/1db852625ef4948f58d2739bfbc51e4b9bd5c93b8fa340b59fdb594ca0845645?s=96&d=mm&r=g","caption":"Super User"},"url":"https:\/\/ppdegalicia.com\/es\/author\/ppdegaliciagestion\/"}]}},"_links":{"self":[{"href":"https:\/\/ppdegalicia.com\/es\/wp-json\/wp\/v2\/posts\/53049","targetHints":{"allow":["GET"]}}],"collection":[{"href":"https:\/\/ppdegalicia.com\/es\/wp-json\/wp\/v2\/posts"}],"about":[{"href":"https:\/\/ppdegalicia.com\/es\/wp-json\/wp\/v2\/types\/post"}],"author":[{"embeddable":true,"href":"https:\/\/ppdegalicia.com\/es\/wp-json\/wp\/v2\/users\/37"}],"replies":[{"embeddable":true,"href":"https:\/\/ppdegalicia.com\/es\/wp-json\/wp\/v2\/comments?post=53049"}],"version-history":[{"count":0,"href":"https:\/\/ppdegalicia.com\/es\/wp-json\/wp\/v2\/posts\/53049\/revisions"}],"wp:attachment":[{"href":"https:\/\/ppdegalicia.com\/es\/wp-json\/wp\/v2\/media?parent=53049"}],"wp:term":[{"taxonomy":"category","embeddable":true,"href":"https:\/\/ppdegalicia.com\/es\/wp-json\/wp\/v2\/categories?post=53049"},{"taxonomy":"post_tag","embeddable":true,"href":"https:\/\/ppdegalicia.com\/es\/wp-json\/wp\/v2\/tags?post=53049"}],"curies":[{"name":"wp","href":"https:\/\/api.w.org\/{rel}","templated":true}]}}