{"id":53063,"date":"2018-11-19T09:29:07","date_gmt":"2018-11-19T07:29:07","guid":{"rendered":"https:\/\/ppdegalicia.com\/pedro-puy-afirma-que-os-orzamentos-de-galicia-ponen-en-evidencia-a-falta-de-presupostos-no-estado-dando-estabilidade-e-certidume-a-economia-galega-que-medra-mais-que-a-espanola\/"},"modified":"2018-11-19T09:29:07","modified_gmt":"2018-11-19T07:29:07","slug":"pedro-puy-afirma-que-os-orzamentos-de-galicia-ponen-en-evidencia-a-falta-de-presupostos-no-estado-dando-estabilidade-e-certidume-a-economia-galega-que-medra-mais-que-a-espanola","status":"publish","type":"post","link":"https:\/\/ppdegalicia.com\/es\/pedro-puy-afirma-que-os-orzamentos-de-galicia-ponen-en-evidencia-a-falta-de-presupostos-no-estado-dando-estabilidade-e-certidume-a-economia-galega-que-medra-mais-que-a-espanola\/","title":{"rendered":"Pedro Puy afirma que os orzamentos de Galicia po\u00f1en en evidencia a falta de presupostos no Estado, dando estabilidade e certidume \u00e1 econom\u00eda galega, que medra m\u00e1is que a espa\u00f1ola"},"content":{"rendered":"<div>Santiago, 18 de novembro de 2018.- O portavoz do Grupo Popular, Pedro Puy, manifestou hoxe que a tramitaci\u00f3n dos presupostos de Galicia \u201cpo\u00f1en en evidencia a falta de orzamentos no Estado\u201d, salientando o feito de que comunidades como a galega \u201clevan as contas no seu prazo, o que lle da estabilidade e certidume a unha econom\u00eda que est\u00e1 medrando m\u00e1is que a espa\u00f1ola\u201d.<br \/>\n<!--more-->\n<\/div>\n<div>&nbsp;<\/div>\n<div>As\u00ed mesmo, amosouse disposto a estudar unha reforma do regulamento do Parlamento galego \u201cse o PSOE quere que os temas que est\u00e1n subi\u00fadice non se podan investigar en sede parlamentaria\u201d.<\/div>\n<div>&nbsp;<\/div>\n<p>&nbsp;<\/p>\n<p>&nbsp;<\/p>\n<div>Respecto da tramitaci\u00f3n dos orzamentos da Xunta para 2019, que ma\u00f1\u00e1 se debaten na s\u00faa totalidade no Parlamento galego, o portavoz popular&nbsp; manifestou que as contas \u201cson a translaci\u00f3n da vontade pol\u00edtica \u00e1 pr\u00e1ctica do gasto de cada ano\u201d. Os presupostos \u201cabren un debate amplo sobre como se pode ir mellorando a econom\u00eda galega\u201d, polo que sinalou que \u201c\u00e9 dif\u00edcil ver que haxa acordos entre goberno e oposici\u00f3n\u201d.<\/div>\n<div>&nbsp;<\/div>\n<div>&nbsp;<\/div>\n<p>&nbsp;<\/p>\n<div>A preguntas nunha entrevista na Cadena SER sobre a creaci\u00f3n da comisi\u00f3n de investigaci\u00f3n sobre o accidente do Marisqui\u00f1o, Pedro Puy lembrou que foi unha proposta dos grupos de En Marea e do BNG, \u00e1 que o Grupo Popular se abstivo, \u201cpara que os 400 feridos e as s\u00faas familias te\u00f1an unha explicaci\u00f3n e logo de que o alcalde de Vigo non s\u00f3 non quixera investigar formalmente a cuesti\u00f3n a nivel municipal, sen\u00f3n que se negara a dar a m\u00e1is m\u00ednima explicaci\u00f3n\u201d.<\/div>\n<div>&nbsp;<\/div>\n<div>&nbsp;<\/div>\n<p>&nbsp;<\/p>\n<div><strong>SEN EXPLICACI\u00d3NS A NIVEL LOCAL<\/strong><\/div>\n<div>&nbsp;<\/div>\n<div>&nbsp;<\/div>\n<p>&nbsp;<\/p>\n<div>\u201cN\u00f3s ter\u00edamos votado en contra porque a nosa li\u00f1a xeral de actuaci\u00f3n \u00e9 que se unha cuesti\u00f3n est\u00e1 subi\u00fadice entendemos que o Parlamento deber\u00eda esperar, pero neste caso non se deu a m\u00e1is m\u00ednima explicaci\u00f3n no \u00e1mbito local, que era o lugar m\u00e1is adecuado para isto\u201d, sinalou.<\/div>\n<div>&nbsp;<\/div>\n<div>&nbsp;<\/div>\n<p>&nbsp;<\/p>\n<div>Neste sentido, sinalou que \u201cning\u00fan grupo da oposici\u00f3n ten proposto unha reforma do regulamento do Parlamento para exclu\u00edr&nbsp; que se investigue en sede parlamentaria cando hai un tema subi\u00fadice\u201d, unha proposta que considerou \u201cinteresante para analizar\u201d e que \u201cver\u00edamos con bos ollos\u201d se se chega a formular.<\/div>\n<div>&nbsp;<\/div>\n<p>&nbsp;<\/p>\n<p>&nbsp;<\/p>\n<div>Cuestionado respecto da postura do Grupo Popular sobre a creaci\u00f3n dunha comisi\u00f3n de investigaci\u00f3n no Parlamento galego sobre o accidente do Alvia, Pedro Puy&nbsp; sinalou que neste caso \u201ctodas as competencias, ag\u00e1s as que foron de auxilio aos feridos, sobre o que o Goberno galego compareceu inmediatamente no Parlamento galego, eran do Estado\u201d, polo que apuntou que \u201cde facerse unha comisi\u00f3n de investigaci\u00f3n parlamentaria ser\u00eda no Congreso, que \u00e9 onde finalmente se est\u00e1 levando a cabo\u201d.<\/div>\n<div>&nbsp;<\/div>\n<p>&nbsp;<\/p>\n<p>&nbsp;<\/p>\n<div><strong>PROPOSTAS INASUMIBLES DA OPOSICI\u00d3N<\/strong><\/div>\n<div>&nbsp;<\/div>\n<div>&nbsp;<\/div>\n<p>&nbsp;<\/p>\n<div>Sobre a comisi\u00f3n de investigaci\u00f3n da sanidade galega, Puy recordou que \u201co que a oposici\u00f3n quere investigar \u00e9 si a evoluci\u00f3n do gasto tivo unha incidencia na xesti\u00f3n sanitaria\u201d. \u201cChama a atenci\u00f3n que, sendo ese o obxectivo que a oposici\u00f3n prop\u00f3n, sexa o Grupo Popular o \u00fanico que pida expertos tanto da Xunta como do Consello de Contas ou profesionais da econom\u00eda sanitaria que ve\u00f1an a explicarnos cal foi a evoluci\u00f3n do gasto sanitario, porque se poden ver as cifras totais para comprobar se hai m\u00e1is ou menos gasto, pero tam\u00e9n os resultados da xesti\u00f3n, porque moitas veces o aforro non ten que ver cos recortes sen\u00f3n cunha boa xesti\u00f3n, como aconteceu co abaratamento dos f\u00e1rmacos a trav\u00e9s da introduci\u00f3n dos xen\u00e9ricos de forma m\u00e1is intensiva\u201d, explicou.<\/div>\n<div>&nbsp;<\/div>\n<p>&nbsp;<\/p>\n<p>&nbsp;<\/p>\n<div>\u201cA oposici\u00f3n decidiu unilateralmente abandonar a comisi\u00f3n de investigaci\u00f3n logo de que a maior\u00eda lle fixera unha oferta na que m\u00e1is da metade dos comparecentes eran a iniciativa da oposici\u00f3n, ademais de que iamos ter a comisi\u00f3n de investigaci\u00f3n con m\u00e1is comparecentes da historia do Parlamento galego\u201d, sinalou.<\/div>\n<div>&nbsp;<\/div>\n<div>&nbsp;<\/div>\n<p>As\u00ed mesmo, apuntou que \u201cestamos dispostos a colaborar coa oposici\u00f3n para que faga o seu traballo parlamentario, pero non queremos facerlle o xogo de abrir en canal de forma indefinida a xesti\u00f3n sanitaria presentando propostas que son inasumibles en calquera c\u00e1mara dirixidas a alongar indefinidamente a comisi\u00f3n de investigaci\u00f3n e non chegar a conclusi\u00f3ns\u201d.<\/p>\n","protected":false},"excerpt":{"rendered":"<p>Santiago, 18 de novembro de 2018.- O portavoz do Grupo Popular, Pedro Puy, manifestou hoxe que a tramitaci\u00f3n dos presupostos de Galicia \u201cpo\u00f1en en evidencia a falta de orzamentos no Estado\u201d, salientando o feito de que comunidades como a galega \u201clevan as contas no seu prazo, o que lle da estabilidade e certidume a unha [&hellip;]<\/p>\n","protected":false},"author":37,"featured_media":0,"comment_status":"open","ping_status":"open","sticky":false,"template":"","format":"standard","meta":{"_acf_changed":false,"footnotes":""},"categories":[1],"tags":[],"class_list":["post-53063","post","type-post","status-publish","format-standard","hentry","category-pp-de-galicia"],"acf":[],"yoast_head":"<!-- This site is optimized with the Yoast SEO plugin v27.3 - https:\/\/yoast.com\/product\/yoast-seo-wordpress\/ -->\n<title>Pedro Puy afirma que os orzamentos de Galicia po\u00f1en en evidencia a falta de presupostos no Estado, dando estabilidade e certidume \u00e1 econom\u00eda galega, que medra m\u00e1is que a espa\u00f1ola - PP de Galicia<\/title>\n<meta name=\"robots\" content=\"index, follow, max-snippet:-1, max-image-preview:large, max-video-preview:-1\" \/>\n<link rel=\"canonical\" href=\"https:\/\/ppdegalicia.com\/es\/pedro-puy-afirma-que-os-orzamentos-de-galicia-ponen-en-evidencia-a-falta-de-presupostos-no-estado-dando-estabilidade-e-certidume-a-economia-galega-que-medra-mais-que-a-espanola\/\" \/>\n<meta property=\"og:locale\" content=\"es_ES\" \/>\n<meta property=\"og:type\" content=\"article\" \/>\n<meta property=\"og:title\" content=\"Pedro Puy afirma que os orzamentos de Galicia po\u00f1en en evidencia a falta de presupostos no Estado, dando estabilidade e certidume \u00e1 econom\u00eda galega, que medra m\u00e1is que a espa\u00f1ola - PP de Galicia\" \/>\n<meta property=\"og:description\" content=\"Santiago, 18 de novembro de 2018.- O portavoz do Grupo Popular, Pedro Puy, manifestou hoxe que a tramitaci\u00f3n dos presupostos de Galicia \u201cpo\u00f1en en evidencia a falta de orzamentos no Estado\u201d, salientando o feito de que comunidades como a galega \u201clevan as contas no seu prazo, o que lle da estabilidade e certidume a unha [&hellip;]\" \/>\n<meta property=\"og:url\" content=\"https:\/\/ppdegalicia.com\/es\/pedro-puy-afirma-que-os-orzamentos-de-galicia-ponen-en-evidencia-a-falta-de-presupostos-no-estado-dando-estabilidade-e-certidume-a-economia-galega-que-medra-mais-que-a-espanola\/\" \/>\n<meta property=\"og:site_name\" content=\"PP de Galicia\" \/>\n<meta property=\"article:publisher\" content=\"https:\/\/www.instagram.com\/ppdegalicia\/\" \/>\n<meta property=\"article:published_time\" content=\"2018-11-19T07:29:07+00:00\" \/>\n<meta name=\"author\" content=\"Super User\" \/>\n<meta name=\"twitter:card\" content=\"summary_large_image\" \/>\n<meta name=\"twitter:creator\" content=\"@ppdegalicia\" \/>\n<meta name=\"twitter:site\" content=\"@ppdegalicia\" \/>\n<meta name=\"twitter:label1\" content=\"Escrito por\" \/>\n\t<meta name=\"twitter:data1\" content=\"Super User\" \/>\n\t<meta name=\"twitter:label2\" content=\"Tiempo de lectura\" \/>\n\t<meta name=\"twitter:data2\" content=\"4 minutos\" \/>\n<script type=\"application\/ld+json\" class=\"yoast-schema-graph\">{\"@context\":\"https:\\\/\\\/schema.org\",\"@graph\":[{\"@type\":\"Article\",\"@id\":\"https:\\\/\\\/ppdegalicia.com\\\/es\\\/pedro-puy-afirma-que-os-orzamentos-de-galicia-ponen-en-evidencia-a-falta-de-presupostos-no-estado-dando-estabilidade-e-certidume-a-economia-galega-que-medra-mais-que-a-espanola\\\/#article\",\"isPartOf\":{\"@id\":\"https:\\\/\\\/ppdegalicia.com\\\/es\\\/pedro-puy-afirma-que-os-orzamentos-de-galicia-ponen-en-evidencia-a-falta-de-presupostos-no-estado-dando-estabilidade-e-certidume-a-economia-galega-que-medra-mais-que-a-espanola\\\/\"},\"author\":{\"name\":\"Super User\",\"@id\":\"https:\\\/\\\/ppdegalicia.com\\\/es\\\/#\\\/schema\\\/person\\\/d0f013b8388c980665d44009ab762960\"},\"headline\":\"Pedro Puy afirma que os orzamentos de Galicia po\u00f1en en evidencia a falta de presupostos no Estado, dando estabilidade e certidume \u00e1 econom\u00eda galega, que medra m\u00e1is que a espa\u00f1ola\",\"datePublished\":\"2018-11-19T07:29:07+00:00\",\"mainEntityOfPage\":{\"@id\":\"https:\\\/\\\/ppdegalicia.com\\\/es\\\/pedro-puy-afirma-que-os-orzamentos-de-galicia-ponen-en-evidencia-a-falta-de-presupostos-no-estado-dando-estabilidade-e-certidume-a-economia-galega-que-medra-mais-que-a-espanola\\\/\"},\"wordCount\":796,\"commentCount\":0,\"publisher\":{\"@id\":\"https:\\\/\\\/ppdegalicia.com\\\/es\\\/#organization\"},\"articleSection\":[\"PP de Galicia\"],\"inLanguage\":\"es\",\"potentialAction\":[{\"@type\":\"CommentAction\",\"name\":\"Comment\",\"target\":[\"https:\\\/\\\/ppdegalicia.com\\\/es\\\/pedro-puy-afirma-que-os-orzamentos-de-galicia-ponen-en-evidencia-a-falta-de-presupostos-no-estado-dando-estabilidade-e-certidume-a-economia-galega-que-medra-mais-que-a-espanola\\\/#respond\"]}]},{\"@type\":\"WebPage\",\"@id\":\"https:\\\/\\\/ppdegalicia.com\\\/es\\\/pedro-puy-afirma-que-os-orzamentos-de-galicia-ponen-en-evidencia-a-falta-de-presupostos-no-estado-dando-estabilidade-e-certidume-a-economia-galega-que-medra-mais-que-a-espanola\\\/\",\"url\":\"https:\\\/\\\/ppdegalicia.com\\\/es\\\/pedro-puy-afirma-que-os-orzamentos-de-galicia-ponen-en-evidencia-a-falta-de-presupostos-no-estado-dando-estabilidade-e-certidume-a-economia-galega-que-medra-mais-que-a-espanola\\\/\",\"name\":\"Pedro Puy afirma que os orzamentos de Galicia po\u00f1en en evidencia a falta de presupostos no Estado, dando estabilidade e certidume \u00e1 econom\u00eda galega, que medra m\u00e1is que a espa\u00f1ola - PP de Galicia\",\"isPartOf\":{\"@id\":\"https:\\\/\\\/ppdegalicia.com\\\/es\\\/#website\"},\"datePublished\":\"2018-11-19T07:29:07+00:00\",\"breadcrumb\":{\"@id\":\"https:\\\/\\\/ppdegalicia.com\\\/es\\\/pedro-puy-afirma-que-os-orzamentos-de-galicia-ponen-en-evidencia-a-falta-de-presupostos-no-estado-dando-estabilidade-e-certidume-a-economia-galega-que-medra-mais-que-a-espanola\\\/#breadcrumb\"},\"inLanguage\":\"es\",\"potentialAction\":[{\"@type\":\"ReadAction\",\"target\":[\"https:\\\/\\\/ppdegalicia.com\\\/es\\\/pedro-puy-afirma-que-os-orzamentos-de-galicia-ponen-en-evidencia-a-falta-de-presupostos-no-estado-dando-estabilidade-e-certidume-a-economia-galega-que-medra-mais-que-a-espanola\\\/\"]}]},{\"@type\":\"BreadcrumbList\",\"@id\":\"https:\\\/\\\/ppdegalicia.com\\\/es\\\/pedro-puy-afirma-que-os-orzamentos-de-galicia-ponen-en-evidencia-a-falta-de-presupostos-no-estado-dando-estabilidade-e-certidume-a-economia-galega-que-medra-mais-que-a-espanola\\\/#breadcrumb\",\"itemListElement\":[{\"@type\":\"ListItem\",\"position\":1,\"name\":\"Portada\",\"item\":\"https:\\\/\\\/ppdegalicia.com\\\/es\\\/\"},{\"@type\":\"ListItem\",\"position\":2,\"name\":\"Pedro Puy afirma que os orzamentos de Galicia po\u00f1en en evidencia a falta de presupostos no Estado, dando estabilidade e certidume \u00e1 econom\u00eda galega, que medra m\u00e1is que a espa\u00f1ola\"}]},{\"@type\":\"WebSite\",\"@id\":\"https:\\\/\\\/ppdegalicia.com\\\/es\\\/#website\",\"url\":\"https:\\\/\\\/ppdegalicia.com\\\/es\\\/\",\"name\":\"Partido Popular de Galicia\",\"description\":\"Partido Popular de Galicia\",\"publisher\":{\"@id\":\"https:\\\/\\\/ppdegalicia.com\\\/es\\\/#organization\"},\"alternateName\":\"PP de Galicia\",\"potentialAction\":[{\"@type\":\"SearchAction\",\"target\":{\"@type\":\"EntryPoint\",\"urlTemplate\":\"https:\\\/\\\/ppdegalicia.com\\\/es\\\/?s={search_term_string}\"},\"query-input\":{\"@type\":\"PropertyValueSpecification\",\"valueRequired\":true,\"valueName\":\"search_term_string\"}}],\"inLanguage\":\"es\"},{\"@type\":\"Organization\",\"@id\":\"https:\\\/\\\/ppdegalicia.com\\\/es\\\/#organization\",\"name\":\"Partido Popular de Galicia\",\"alternateName\":\"PP de Galicia\",\"url\":\"https:\\\/\\\/ppdegalicia.com\\\/es\\\/\",\"logo\":{\"@type\":\"ImageObject\",\"inLanguage\":\"es\",\"@id\":\"https:\\\/\\\/ppdegalicia.com\\\/es\\\/#\\\/schema\\\/logo\\\/image\\\/\",\"url\":\"https:\\\/\\\/ppdegalicia.com\\\/wp-content\\\/uploads\\\/2023\\\/04\\\/logoPP512.png\",\"contentUrl\":\"https:\\\/\\\/ppdegalicia.com\\\/wp-content\\\/uploads\\\/2023\\\/04\\\/logoPP512.png\",\"width\":512,\"height\":512,\"caption\":\"Partido Popular de Galicia\"},\"image\":{\"@id\":\"https:\\\/\\\/ppdegalicia.com\\\/es\\\/#\\\/schema\\\/logo\\\/image\\\/\"},\"sameAs\":[\"https:\\\/\\\/www.instagram.com\\\/ppdegalicia\\\/\",\"https:\\\/\\\/x.com\\\/ppdegalicia\",\"https:\\\/\\\/www.tiktok.com\\\/@ppdegalicia\",\"https:\\\/\\\/www.youtube.com\\\/user\\\/ppdegalicia\"]},{\"@type\":\"Person\",\"@id\":\"https:\\\/\\\/ppdegalicia.com\\\/es\\\/#\\\/schema\\\/person\\\/d0f013b8388c980665d44009ab762960\",\"name\":\"Super User\",\"image\":{\"@type\":\"ImageObject\",\"inLanguage\":\"es\",\"@id\":\"https:\\\/\\\/secure.gravatar.com\\\/avatar\\\/1db852625ef4948f58d2739bfbc51e4b9bd5c93b8fa340b59fdb594ca0845645?s=96&d=mm&r=g\",\"url\":\"https:\\\/\\\/secure.gravatar.com\\\/avatar\\\/1db852625ef4948f58d2739bfbc51e4b9bd5c93b8fa340b59fdb594ca0845645?s=96&d=mm&r=g\",\"contentUrl\":\"https:\\\/\\\/secure.gravatar.com\\\/avatar\\\/1db852625ef4948f58d2739bfbc51e4b9bd5c93b8fa340b59fdb594ca0845645?s=96&d=mm&r=g\",\"caption\":\"Super User\"},\"url\":\"https:\\\/\\\/ppdegalicia.com\\\/es\\\/author\\\/ppdegaliciagestion\\\/\"}]}<\/script>\n<!-- \/ Yoast SEO plugin. -->","yoast_head_json":{"title":"Pedro Puy afirma que os orzamentos de Galicia po\u00f1en en evidencia a falta de presupostos no Estado, dando estabilidade e certidume \u00e1 econom\u00eda galega, que medra m\u00e1is que a espa\u00f1ola - PP de Galicia","robots":{"index":"index","follow":"follow","max-snippet":"max-snippet:-1","max-image-preview":"max-image-preview:large","max-video-preview":"max-video-preview:-1"},"canonical":"https:\/\/ppdegalicia.com\/es\/pedro-puy-afirma-que-os-orzamentos-de-galicia-ponen-en-evidencia-a-falta-de-presupostos-no-estado-dando-estabilidade-e-certidume-a-economia-galega-que-medra-mais-que-a-espanola\/","og_locale":"es_ES","og_type":"article","og_title":"Pedro Puy afirma que os orzamentos de Galicia po\u00f1en en evidencia a falta de presupostos no Estado, dando estabilidade e certidume \u00e1 econom\u00eda galega, que medra m\u00e1is que a espa\u00f1ola - PP de Galicia","og_description":"Santiago, 18 de novembro de 2018.- O portavoz do Grupo Popular, Pedro Puy, manifestou hoxe que a tramitaci\u00f3n dos presupostos de Galicia \u201cpo\u00f1en en evidencia a falta de orzamentos no Estado\u201d, salientando o feito de que comunidades como a galega \u201clevan as contas no seu prazo, o que lle da estabilidade e certidume a unha [&hellip;]","og_url":"https:\/\/ppdegalicia.com\/es\/pedro-puy-afirma-que-os-orzamentos-de-galicia-ponen-en-evidencia-a-falta-de-presupostos-no-estado-dando-estabilidade-e-certidume-a-economia-galega-que-medra-mais-que-a-espanola\/","og_site_name":"PP de Galicia","article_publisher":"https:\/\/www.instagram.com\/ppdegalicia\/","article_published_time":"2018-11-19T07:29:07+00:00","author":"Super User","twitter_card":"summary_large_image","twitter_creator":"@ppdegalicia","twitter_site":"@ppdegalicia","twitter_misc":{"Escrito por":"Super User","Tiempo de lectura":"4 minutos"},"schema":{"@context":"https:\/\/schema.org","@graph":[{"@type":"Article","@id":"https:\/\/ppdegalicia.com\/es\/pedro-puy-afirma-que-os-orzamentos-de-galicia-ponen-en-evidencia-a-falta-de-presupostos-no-estado-dando-estabilidade-e-certidume-a-economia-galega-que-medra-mais-que-a-espanola\/#article","isPartOf":{"@id":"https:\/\/ppdegalicia.com\/es\/pedro-puy-afirma-que-os-orzamentos-de-galicia-ponen-en-evidencia-a-falta-de-presupostos-no-estado-dando-estabilidade-e-certidume-a-economia-galega-que-medra-mais-que-a-espanola\/"},"author":{"name":"Super User","@id":"https:\/\/ppdegalicia.com\/es\/#\/schema\/person\/d0f013b8388c980665d44009ab762960"},"headline":"Pedro Puy afirma que os orzamentos de Galicia po\u00f1en en evidencia a falta de presupostos no Estado, dando estabilidade e certidume \u00e1 econom\u00eda galega, que medra m\u00e1is que a espa\u00f1ola","datePublished":"2018-11-19T07:29:07+00:00","mainEntityOfPage":{"@id":"https:\/\/ppdegalicia.com\/es\/pedro-puy-afirma-que-os-orzamentos-de-galicia-ponen-en-evidencia-a-falta-de-presupostos-no-estado-dando-estabilidade-e-certidume-a-economia-galega-que-medra-mais-que-a-espanola\/"},"wordCount":796,"commentCount":0,"publisher":{"@id":"https:\/\/ppdegalicia.com\/es\/#organization"},"articleSection":["PP de Galicia"],"inLanguage":"es","potentialAction":[{"@type":"CommentAction","name":"Comment","target":["https:\/\/ppdegalicia.com\/es\/pedro-puy-afirma-que-os-orzamentos-de-galicia-ponen-en-evidencia-a-falta-de-presupostos-no-estado-dando-estabilidade-e-certidume-a-economia-galega-que-medra-mais-que-a-espanola\/#respond"]}]},{"@type":"WebPage","@id":"https:\/\/ppdegalicia.com\/es\/pedro-puy-afirma-que-os-orzamentos-de-galicia-ponen-en-evidencia-a-falta-de-presupostos-no-estado-dando-estabilidade-e-certidume-a-economia-galega-que-medra-mais-que-a-espanola\/","url":"https:\/\/ppdegalicia.com\/es\/pedro-puy-afirma-que-os-orzamentos-de-galicia-ponen-en-evidencia-a-falta-de-presupostos-no-estado-dando-estabilidade-e-certidume-a-economia-galega-que-medra-mais-que-a-espanola\/","name":"Pedro Puy afirma que os orzamentos de Galicia po\u00f1en en evidencia a falta de presupostos no Estado, dando estabilidade e certidume \u00e1 econom\u00eda galega, que medra m\u00e1is que a espa\u00f1ola - PP de Galicia","isPartOf":{"@id":"https:\/\/ppdegalicia.com\/es\/#website"},"datePublished":"2018-11-19T07:29:07+00:00","breadcrumb":{"@id":"https:\/\/ppdegalicia.com\/es\/pedro-puy-afirma-que-os-orzamentos-de-galicia-ponen-en-evidencia-a-falta-de-presupostos-no-estado-dando-estabilidade-e-certidume-a-economia-galega-que-medra-mais-que-a-espanola\/#breadcrumb"},"inLanguage":"es","potentialAction":[{"@type":"ReadAction","target":["https:\/\/ppdegalicia.com\/es\/pedro-puy-afirma-que-os-orzamentos-de-galicia-ponen-en-evidencia-a-falta-de-presupostos-no-estado-dando-estabilidade-e-certidume-a-economia-galega-que-medra-mais-que-a-espanola\/"]}]},{"@type":"BreadcrumbList","@id":"https:\/\/ppdegalicia.com\/es\/pedro-puy-afirma-que-os-orzamentos-de-galicia-ponen-en-evidencia-a-falta-de-presupostos-no-estado-dando-estabilidade-e-certidume-a-economia-galega-que-medra-mais-que-a-espanola\/#breadcrumb","itemListElement":[{"@type":"ListItem","position":1,"name":"Portada","item":"https:\/\/ppdegalicia.com\/es\/"},{"@type":"ListItem","position":2,"name":"Pedro Puy afirma que os orzamentos de Galicia po\u00f1en en evidencia a falta de presupostos no Estado, dando estabilidade e certidume \u00e1 econom\u00eda galega, que medra m\u00e1is que a espa\u00f1ola"}]},{"@type":"WebSite","@id":"https:\/\/ppdegalicia.com\/es\/#website","url":"https:\/\/ppdegalicia.com\/es\/","name":"Partido Popular de Galicia","description":"Partido Popular de Galicia","publisher":{"@id":"https:\/\/ppdegalicia.com\/es\/#organization"},"alternateName":"PP de Galicia","potentialAction":[{"@type":"SearchAction","target":{"@type":"EntryPoint","urlTemplate":"https:\/\/ppdegalicia.com\/es\/?s={search_term_string}"},"query-input":{"@type":"PropertyValueSpecification","valueRequired":true,"valueName":"search_term_string"}}],"inLanguage":"es"},{"@type":"Organization","@id":"https:\/\/ppdegalicia.com\/es\/#organization","name":"Partido Popular de Galicia","alternateName":"PP de Galicia","url":"https:\/\/ppdegalicia.com\/es\/","logo":{"@type":"ImageObject","inLanguage":"es","@id":"https:\/\/ppdegalicia.com\/es\/#\/schema\/logo\/image\/","url":"https:\/\/ppdegalicia.com\/wp-content\/uploads\/2023\/04\/logoPP512.png","contentUrl":"https:\/\/ppdegalicia.com\/wp-content\/uploads\/2023\/04\/logoPP512.png","width":512,"height":512,"caption":"Partido Popular de Galicia"},"image":{"@id":"https:\/\/ppdegalicia.com\/es\/#\/schema\/logo\/image\/"},"sameAs":["https:\/\/www.instagram.com\/ppdegalicia\/","https:\/\/x.com\/ppdegalicia","https:\/\/www.tiktok.com\/@ppdegalicia","https:\/\/www.youtube.com\/user\/ppdegalicia"]},{"@type":"Person","@id":"https:\/\/ppdegalicia.com\/es\/#\/schema\/person\/d0f013b8388c980665d44009ab762960","name":"Super User","image":{"@type":"ImageObject","inLanguage":"es","@id":"https:\/\/secure.gravatar.com\/avatar\/1db852625ef4948f58d2739bfbc51e4b9bd5c93b8fa340b59fdb594ca0845645?s=96&d=mm&r=g","url":"https:\/\/secure.gravatar.com\/avatar\/1db852625ef4948f58d2739bfbc51e4b9bd5c93b8fa340b59fdb594ca0845645?s=96&d=mm&r=g","contentUrl":"https:\/\/secure.gravatar.com\/avatar\/1db852625ef4948f58d2739bfbc51e4b9bd5c93b8fa340b59fdb594ca0845645?s=96&d=mm&r=g","caption":"Super User"},"url":"https:\/\/ppdegalicia.com\/es\/author\/ppdegaliciagestion\/"}]}},"_links":{"self":[{"href":"https:\/\/ppdegalicia.com\/es\/wp-json\/wp\/v2\/posts\/53063","targetHints":{"allow":["GET"]}}],"collection":[{"href":"https:\/\/ppdegalicia.com\/es\/wp-json\/wp\/v2\/posts"}],"about":[{"href":"https:\/\/ppdegalicia.com\/es\/wp-json\/wp\/v2\/types\/post"}],"author":[{"embeddable":true,"href":"https:\/\/ppdegalicia.com\/es\/wp-json\/wp\/v2\/users\/37"}],"replies":[{"embeddable":true,"href":"https:\/\/ppdegalicia.com\/es\/wp-json\/wp\/v2\/comments?post=53063"}],"version-history":[{"count":0,"href":"https:\/\/ppdegalicia.com\/es\/wp-json\/wp\/v2\/posts\/53063\/revisions"}],"wp:attachment":[{"href":"https:\/\/ppdegalicia.com\/es\/wp-json\/wp\/v2\/media?parent=53063"}],"wp:term":[{"taxonomy":"category","embeddable":true,"href":"https:\/\/ppdegalicia.com\/es\/wp-json\/wp\/v2\/categories?post=53063"},{"taxonomy":"post_tag","embeddable":true,"href":"https:\/\/ppdegalicia.com\/es\/wp-json\/wp\/v2\/tags?post=53063"}],"curies":[{"name":"wp","href":"https:\/\/api.w.org\/{rel}","templated":true}]}}