{"id":53099,"date":"2018-12-04T11:38:24","date_gmt":"2018-12-04T09:38:24","guid":{"rendered":"https:\/\/ppdegalicia.com\/tellado-vincula-a-maior-baixada-do-paro-en-galicia-con-respecto-ao-estado-coa-estabilidade-de-ter-uns-orzamentos-aprobados\/"},"modified":"2018-12-04T11:38:24","modified_gmt":"2018-12-04T09:38:24","slug":"tellado-vincula-a-maior-baixada-do-paro-en-galicia-con-respecto-ao-estado-coa-estabilidade-de-ter-uns-orzamentos-aprobados","status":"publish","type":"post","link":"https:\/\/ppdegalicia.com\/es\/tellado-vincula-a-maior-baixada-do-paro-en-galicia-con-respecto-ao-estado-coa-estabilidade-de-ter-uns-orzamentos-aprobados\/","title":{"rendered":"Tellado vincula a maior baixada do paro en Galicia con respecto ao Estado coa estabilidade de ter uns Orzamentos aprobados"},"content":{"rendered":"<p><span style=\"text-decoration: underline;\">4, decembro, 2018. <\/span>&nbsp;O secretario xeral do PPdeG, Miguel Tellado, valorou esta ma\u00f1\u00e1 os datos de desemprego do mes de novembro nos que, na evoluci\u00f3n anual, o paro baixa m\u00e1is que no Estado e aumenta a contrataci\u00f3n indefinida e a tempo completo. Tal e como expresou, a maior baixada de paro en Galicia con respecto ao conxunto do Estado responde \u00e1 estabilidade de ter uns Orzamentos aprobados fronte \u00e1 par\u00e1lise nos investimentos que sofre o pa\u00eds por falta dun Presuposto.<\/p>\n<p><!--more--><\/p>\n<p>&nbsp;<\/p>\n<p>Lonxe de amosarse conformista, indicou que o Goberno galego seguir\u00e1 pola mesma senda e buscar\u00e1 nos Orzamentos de 2019 dotar \u00e1 Comunidade de m\u00e1is e mellores postos de traballo. &nbsp;<\/p>\n<p>&nbsp;<\/p>\n<p>Nese senso, engadiu que en Galicia reforzouse en 2019 as s\u00faas Contas para o emprego e a formaci\u00f3n nun 7% -255,5 mill\u00f3ns de euros- para continuar favorecendo a estabilidade laboral, axustando as\u00ed a formaci\u00f3n \u00e1s necesidades do emprego que v\u00e9n. Ademais, apuntou que esta semana aprobarase a nova Estratexia galega da econom\u00eda social para dar un pulo ao emprego de calidade neste sector con 73 mill\u00f3ns de euros.<\/p>\n<p>&nbsp;<\/p>\n<p>\u201cGalicia conta cunha estabilidade que tam\u00e9n \u00e9 preciso que se traslade ao Estado para que a nosa econom\u00eda siga crecendo. As cifras reflicten que soubemos adaptarnos aos retos da recuperaci\u00f3n econ\u00f3mica e seguimos traballando para impulsar un crecemento econ\u00f3mico sustentable, que nos permita resistir ante unha posible desaceleraci\u00f3n global\u201d, manifestou.<\/p>\n<p>&nbsp;<\/p>\n<p>De igual xeito, Tellado subli\u00f1ou que na nosa Comunidade \u201ctemos unha folla de ruta econ\u00f3mica clara e identificable, mentres no Goberno central s\u00f3 atopamos bandazos, rectificaci\u00f3ns e ameazas ao noso sector industrial, o que repercutir\u00e1 gravemente no emprego\u201d.<\/p>\n<p>&nbsp;<\/p>\n<p>\u201cA pol\u00edtica econ\u00f3mica da Xunta xera confianza no tecido produtivo galego e postos de traballo, e esta, \u00e1 s\u00faa vez, xera confianza no conxunto da sociedade\u201d aseverou mentres explicaba que os gobernos que non son capaces de suscitar esas certezas son os que sofren&nbsp; reveses electorais. \u201cAs pol\u00edticas econ\u00f3micas e laborais desacertadas provocan unha desafecci\u00f3n no electorado que tam\u00e9n se materializa no resultado das urnas\u201d, insistiu.<\/p>\n<p>&nbsp;<\/p>\n<p><strong>A SEGUNDA COMUNIDADE NA QUE M\u00c1IS BAIXA O PARO<\/strong><\/p>\n<p>M\u00e1is polo mi\u00fado, o n\u00famero dous dos populares galegos destacou que Galicia \u00e9 a segunda comunidade na que m\u00e1is baixou o paro con respecto a novembro de 2017, cun ritmo de ca\u00edda maior que en Espa\u00f1a con m\u00e1is de dous puntos e medio de diferenza.<\/p>\n<p>&nbsp;<\/p>\n<p>As\u00ed mesmo, o desemprego \u00e9 inferior ao dato de 2008, o ano de inicio da crise. Deste modo, Galicia conta con 16.806 parados menos, o que sup\u00f3n unha baixada do 8,98%, superando en case un punto o descenso acadado en novembro de 2017 e rexistrando cinco anos de baixadas consecutivas.<\/p>\n<p>&nbsp;<\/p>\n<p>No tocante \u00e1s afiliaci\u00f3ns, a Comunidade contin\u00faa superando o mill\u00f3n desde o pasado mes de xu\u00f1o e as cotizaci\u00f3ns \u00e1 Seguridade Social aumentan nun 2,09%, a maior subida desde 2007<em>.<\/em><\/p>\n<p><em>&nbsp;<\/em><\/p>\n<p>Como remarcou Tellado, \u201cnon s\u00f3 estamos falando de m\u00e1is emprego sen\u00f3n de m\u00e1is calidade e estabilidade laboral\u201d, destacando a subida da contrataci\u00f3n en xeral nun 5,5% -sobe m\u00e1is que no conxunto do Estado-. De feito, a contrataci\u00f3n indefinida medra un 20,94% -tam\u00e9n amosa un maior aumento que en Espa\u00f1a- quintuplicando o aumento da temporal, e a de a templo completo crece un 5,04%, superando en dous puntos o incremento da parcial.<\/p>\n<p>&nbsp;<\/p>\n<p>Por \u00faltimo, o secretario xeral do PPdeG tam\u00e9n salientou que, na evoluci\u00f3n anual, o desemprego baixa entre os colectivos prioritarios como os menores de 30 anos, os parados de longa duraci\u00f3n e as mulleres; ademais de nas catro provincias, nas sete cidades e en todos os sectores de actividade.<\/p>\n","protected":false},"excerpt":{"rendered":"<p>4, decembro, 2018. &nbsp;O secretario xeral do PPdeG, Miguel Tellado, valorou esta ma\u00f1\u00e1 os datos de desemprego do mes de novembro nos que, na evoluci\u00f3n anual, o paro baixa m\u00e1is que no Estado e aumenta a contrataci\u00f3n indefinida e a tempo completo. Tal e como expresou, a maior baixada de paro en Galicia con respecto [&hellip;]<\/p>\n","protected":false},"author":37,"featured_media":0,"comment_status":"open","ping_status":"open","sticky":false,"template":"","format":"standard","meta":{"_acf_changed":false,"footnotes":""},"categories":[1],"tags":[],"class_list":["post-53099","post","type-post","status-publish","format-standard","hentry","category-pp-de-galicia"],"acf":[],"yoast_head":"<!-- This site is optimized with the Yoast SEO plugin v27.3 - https:\/\/yoast.com\/product\/yoast-seo-wordpress\/ -->\n<title>Tellado vincula a maior baixada do paro en Galicia con respecto ao Estado coa estabilidade de ter uns Orzamentos aprobados - PP de Galicia<\/title>\n<meta name=\"robots\" content=\"index, follow, max-snippet:-1, max-image-preview:large, max-video-preview:-1\" \/>\n<link rel=\"canonical\" href=\"https:\/\/ppdegalicia.com\/es\/tellado-vincula-a-maior-baixada-do-paro-en-galicia-con-respecto-ao-estado-coa-estabilidade-de-ter-uns-orzamentos-aprobados\/\" \/>\n<meta property=\"og:locale\" content=\"es_ES\" \/>\n<meta property=\"og:type\" content=\"article\" \/>\n<meta property=\"og:title\" content=\"Tellado vincula a maior baixada do paro en Galicia con respecto ao Estado coa estabilidade de ter uns Orzamentos aprobados - PP de Galicia\" \/>\n<meta property=\"og:description\" content=\"4, decembro, 2018. &nbsp;O secretario xeral do PPdeG, Miguel Tellado, valorou esta ma\u00f1\u00e1 os datos de desemprego do mes de novembro nos que, na evoluci\u00f3n anual, o paro baixa m\u00e1is que no Estado e aumenta a contrataci\u00f3n indefinida e a tempo completo. Tal e como expresou, a maior baixada de paro en Galicia con respecto [&hellip;]\" \/>\n<meta property=\"og:url\" content=\"https:\/\/ppdegalicia.com\/es\/tellado-vincula-a-maior-baixada-do-paro-en-galicia-con-respecto-ao-estado-coa-estabilidade-de-ter-uns-orzamentos-aprobados\/\" \/>\n<meta property=\"og:site_name\" content=\"PP de Galicia\" \/>\n<meta property=\"article:publisher\" content=\"https:\/\/www.instagram.com\/ppdegalicia\/\" \/>\n<meta property=\"article:published_time\" content=\"2018-12-04T09:38:24+00:00\" \/>\n<meta name=\"author\" content=\"Super User\" \/>\n<meta name=\"twitter:card\" content=\"summary_large_image\" \/>\n<meta name=\"twitter:creator\" content=\"@ppdegalicia\" \/>\n<meta name=\"twitter:site\" content=\"@ppdegalicia\" \/>\n<meta name=\"twitter:label1\" content=\"Escrito por\" \/>\n\t<meta name=\"twitter:data1\" content=\"Super User\" \/>\n\t<meta name=\"twitter:label2\" content=\"Tiempo de lectura\" \/>\n\t<meta name=\"twitter:data2\" content=\"3 minutos\" \/>\n<script type=\"application\/ld+json\" class=\"yoast-schema-graph\">{\"@context\":\"https:\\\/\\\/schema.org\",\"@graph\":[{\"@type\":\"Article\",\"@id\":\"https:\\\/\\\/ppdegalicia.com\\\/es\\\/tellado-vincula-a-maior-baixada-do-paro-en-galicia-con-respecto-ao-estado-coa-estabilidade-de-ter-uns-orzamentos-aprobados\\\/#article\",\"isPartOf\":{\"@id\":\"https:\\\/\\\/ppdegalicia.com\\\/es\\\/tellado-vincula-a-maior-baixada-do-paro-en-galicia-con-respecto-ao-estado-coa-estabilidade-de-ter-uns-orzamentos-aprobados\\\/\"},\"author\":{\"name\":\"Super User\",\"@id\":\"https:\\\/\\\/ppdegalicia.com\\\/es\\\/#\\\/schema\\\/person\\\/d0f013b8388c980665d44009ab762960\"},\"headline\":\"Tellado vincula a maior baixada do paro en Galicia con respecto ao Estado coa estabilidade de ter uns Orzamentos aprobados\",\"datePublished\":\"2018-12-04T09:38:24+00:00\",\"mainEntityOfPage\":{\"@id\":\"https:\\\/\\\/ppdegalicia.com\\\/es\\\/tellado-vincula-a-maior-baixada-do-paro-en-galicia-con-respecto-ao-estado-coa-estabilidade-de-ter-uns-orzamentos-aprobados\\\/\"},\"wordCount\":647,\"commentCount\":0,\"publisher\":{\"@id\":\"https:\\\/\\\/ppdegalicia.com\\\/es\\\/#organization\"},\"articleSection\":[\"PP de Galicia\"],\"inLanguage\":\"es\",\"potentialAction\":[{\"@type\":\"CommentAction\",\"name\":\"Comment\",\"target\":[\"https:\\\/\\\/ppdegalicia.com\\\/es\\\/tellado-vincula-a-maior-baixada-do-paro-en-galicia-con-respecto-ao-estado-coa-estabilidade-de-ter-uns-orzamentos-aprobados\\\/#respond\"]}]},{\"@type\":\"WebPage\",\"@id\":\"https:\\\/\\\/ppdegalicia.com\\\/es\\\/tellado-vincula-a-maior-baixada-do-paro-en-galicia-con-respecto-ao-estado-coa-estabilidade-de-ter-uns-orzamentos-aprobados\\\/\",\"url\":\"https:\\\/\\\/ppdegalicia.com\\\/es\\\/tellado-vincula-a-maior-baixada-do-paro-en-galicia-con-respecto-ao-estado-coa-estabilidade-de-ter-uns-orzamentos-aprobados\\\/\",\"name\":\"Tellado vincula a maior baixada do paro en Galicia con respecto ao Estado coa estabilidade de ter uns Orzamentos aprobados - PP de Galicia\",\"isPartOf\":{\"@id\":\"https:\\\/\\\/ppdegalicia.com\\\/es\\\/#website\"},\"datePublished\":\"2018-12-04T09:38:24+00:00\",\"breadcrumb\":{\"@id\":\"https:\\\/\\\/ppdegalicia.com\\\/es\\\/tellado-vincula-a-maior-baixada-do-paro-en-galicia-con-respecto-ao-estado-coa-estabilidade-de-ter-uns-orzamentos-aprobados\\\/#breadcrumb\"},\"inLanguage\":\"es\",\"potentialAction\":[{\"@type\":\"ReadAction\",\"target\":[\"https:\\\/\\\/ppdegalicia.com\\\/es\\\/tellado-vincula-a-maior-baixada-do-paro-en-galicia-con-respecto-ao-estado-coa-estabilidade-de-ter-uns-orzamentos-aprobados\\\/\"]}]},{\"@type\":\"BreadcrumbList\",\"@id\":\"https:\\\/\\\/ppdegalicia.com\\\/es\\\/tellado-vincula-a-maior-baixada-do-paro-en-galicia-con-respecto-ao-estado-coa-estabilidade-de-ter-uns-orzamentos-aprobados\\\/#breadcrumb\",\"itemListElement\":[{\"@type\":\"ListItem\",\"position\":1,\"name\":\"Portada\",\"item\":\"https:\\\/\\\/ppdegalicia.com\\\/es\\\/\"},{\"@type\":\"ListItem\",\"position\":2,\"name\":\"Tellado vincula a maior baixada do paro en Galicia con respecto ao Estado coa estabilidade de ter uns Orzamentos aprobados\"}]},{\"@type\":\"WebSite\",\"@id\":\"https:\\\/\\\/ppdegalicia.com\\\/es\\\/#website\",\"url\":\"https:\\\/\\\/ppdegalicia.com\\\/es\\\/\",\"name\":\"Partido Popular de Galicia\",\"description\":\"Partido Popular de Galicia\",\"publisher\":{\"@id\":\"https:\\\/\\\/ppdegalicia.com\\\/es\\\/#organization\"},\"alternateName\":\"PP de Galicia\",\"potentialAction\":[{\"@type\":\"SearchAction\",\"target\":{\"@type\":\"EntryPoint\",\"urlTemplate\":\"https:\\\/\\\/ppdegalicia.com\\\/es\\\/?s={search_term_string}\"},\"query-input\":{\"@type\":\"PropertyValueSpecification\",\"valueRequired\":true,\"valueName\":\"search_term_string\"}}],\"inLanguage\":\"es\"},{\"@type\":\"Organization\",\"@id\":\"https:\\\/\\\/ppdegalicia.com\\\/es\\\/#organization\",\"name\":\"Partido Popular de Galicia\",\"alternateName\":\"PP de Galicia\",\"url\":\"https:\\\/\\\/ppdegalicia.com\\\/es\\\/\",\"logo\":{\"@type\":\"ImageObject\",\"inLanguage\":\"es\",\"@id\":\"https:\\\/\\\/ppdegalicia.com\\\/es\\\/#\\\/schema\\\/logo\\\/image\\\/\",\"url\":\"https:\\\/\\\/ppdegalicia.com\\\/wp-content\\\/uploads\\\/2023\\\/04\\\/logoPP512.png\",\"contentUrl\":\"https:\\\/\\\/ppdegalicia.com\\\/wp-content\\\/uploads\\\/2023\\\/04\\\/logoPP512.png\",\"width\":512,\"height\":512,\"caption\":\"Partido Popular de Galicia\"},\"image\":{\"@id\":\"https:\\\/\\\/ppdegalicia.com\\\/es\\\/#\\\/schema\\\/logo\\\/image\\\/\"},\"sameAs\":[\"https:\\\/\\\/www.instagram.com\\\/ppdegalicia\\\/\",\"https:\\\/\\\/x.com\\\/ppdegalicia\",\"https:\\\/\\\/www.tiktok.com\\\/@ppdegalicia\",\"https:\\\/\\\/www.youtube.com\\\/user\\\/ppdegalicia\"]},{\"@type\":\"Person\",\"@id\":\"https:\\\/\\\/ppdegalicia.com\\\/es\\\/#\\\/schema\\\/person\\\/d0f013b8388c980665d44009ab762960\",\"name\":\"Super User\",\"image\":{\"@type\":\"ImageObject\",\"inLanguage\":\"es\",\"@id\":\"https:\\\/\\\/secure.gravatar.com\\\/avatar\\\/1db852625ef4948f58d2739bfbc51e4b9bd5c93b8fa340b59fdb594ca0845645?s=96&d=mm&r=g\",\"url\":\"https:\\\/\\\/secure.gravatar.com\\\/avatar\\\/1db852625ef4948f58d2739bfbc51e4b9bd5c93b8fa340b59fdb594ca0845645?s=96&d=mm&r=g\",\"contentUrl\":\"https:\\\/\\\/secure.gravatar.com\\\/avatar\\\/1db852625ef4948f58d2739bfbc51e4b9bd5c93b8fa340b59fdb594ca0845645?s=96&d=mm&r=g\",\"caption\":\"Super User\"},\"url\":\"https:\\\/\\\/ppdegalicia.com\\\/es\\\/author\\\/ppdegaliciagestion\\\/\"}]}<\/script>\n<!-- \/ Yoast SEO plugin. -->","yoast_head_json":{"title":"Tellado vincula a maior baixada do paro en Galicia con respecto ao Estado coa estabilidade de ter uns Orzamentos aprobados - PP de Galicia","robots":{"index":"index","follow":"follow","max-snippet":"max-snippet:-1","max-image-preview":"max-image-preview:large","max-video-preview":"max-video-preview:-1"},"canonical":"https:\/\/ppdegalicia.com\/es\/tellado-vincula-a-maior-baixada-do-paro-en-galicia-con-respecto-ao-estado-coa-estabilidade-de-ter-uns-orzamentos-aprobados\/","og_locale":"es_ES","og_type":"article","og_title":"Tellado vincula a maior baixada do paro en Galicia con respecto ao Estado coa estabilidade de ter uns Orzamentos aprobados - PP de Galicia","og_description":"4, decembro, 2018. &nbsp;O secretario xeral do PPdeG, Miguel Tellado, valorou esta ma\u00f1\u00e1 os datos de desemprego do mes de novembro nos que, na evoluci\u00f3n anual, o paro baixa m\u00e1is que no Estado e aumenta a contrataci\u00f3n indefinida e a tempo completo. Tal e como expresou, a maior baixada de paro en Galicia con respecto [&hellip;]","og_url":"https:\/\/ppdegalicia.com\/es\/tellado-vincula-a-maior-baixada-do-paro-en-galicia-con-respecto-ao-estado-coa-estabilidade-de-ter-uns-orzamentos-aprobados\/","og_site_name":"PP de Galicia","article_publisher":"https:\/\/www.instagram.com\/ppdegalicia\/","article_published_time":"2018-12-04T09:38:24+00:00","author":"Super User","twitter_card":"summary_large_image","twitter_creator":"@ppdegalicia","twitter_site":"@ppdegalicia","twitter_misc":{"Escrito por":"Super User","Tiempo de lectura":"3 minutos"},"schema":{"@context":"https:\/\/schema.org","@graph":[{"@type":"Article","@id":"https:\/\/ppdegalicia.com\/es\/tellado-vincula-a-maior-baixada-do-paro-en-galicia-con-respecto-ao-estado-coa-estabilidade-de-ter-uns-orzamentos-aprobados\/#article","isPartOf":{"@id":"https:\/\/ppdegalicia.com\/es\/tellado-vincula-a-maior-baixada-do-paro-en-galicia-con-respecto-ao-estado-coa-estabilidade-de-ter-uns-orzamentos-aprobados\/"},"author":{"name":"Super User","@id":"https:\/\/ppdegalicia.com\/es\/#\/schema\/person\/d0f013b8388c980665d44009ab762960"},"headline":"Tellado vincula a maior baixada do paro en Galicia con respecto ao Estado coa estabilidade de ter uns Orzamentos aprobados","datePublished":"2018-12-04T09:38:24+00:00","mainEntityOfPage":{"@id":"https:\/\/ppdegalicia.com\/es\/tellado-vincula-a-maior-baixada-do-paro-en-galicia-con-respecto-ao-estado-coa-estabilidade-de-ter-uns-orzamentos-aprobados\/"},"wordCount":647,"commentCount":0,"publisher":{"@id":"https:\/\/ppdegalicia.com\/es\/#organization"},"articleSection":["PP de Galicia"],"inLanguage":"es","potentialAction":[{"@type":"CommentAction","name":"Comment","target":["https:\/\/ppdegalicia.com\/es\/tellado-vincula-a-maior-baixada-do-paro-en-galicia-con-respecto-ao-estado-coa-estabilidade-de-ter-uns-orzamentos-aprobados\/#respond"]}]},{"@type":"WebPage","@id":"https:\/\/ppdegalicia.com\/es\/tellado-vincula-a-maior-baixada-do-paro-en-galicia-con-respecto-ao-estado-coa-estabilidade-de-ter-uns-orzamentos-aprobados\/","url":"https:\/\/ppdegalicia.com\/es\/tellado-vincula-a-maior-baixada-do-paro-en-galicia-con-respecto-ao-estado-coa-estabilidade-de-ter-uns-orzamentos-aprobados\/","name":"Tellado vincula a maior baixada do paro en Galicia con respecto ao Estado coa estabilidade de ter uns Orzamentos aprobados - PP de Galicia","isPartOf":{"@id":"https:\/\/ppdegalicia.com\/es\/#website"},"datePublished":"2018-12-04T09:38:24+00:00","breadcrumb":{"@id":"https:\/\/ppdegalicia.com\/es\/tellado-vincula-a-maior-baixada-do-paro-en-galicia-con-respecto-ao-estado-coa-estabilidade-de-ter-uns-orzamentos-aprobados\/#breadcrumb"},"inLanguage":"es","potentialAction":[{"@type":"ReadAction","target":["https:\/\/ppdegalicia.com\/es\/tellado-vincula-a-maior-baixada-do-paro-en-galicia-con-respecto-ao-estado-coa-estabilidade-de-ter-uns-orzamentos-aprobados\/"]}]},{"@type":"BreadcrumbList","@id":"https:\/\/ppdegalicia.com\/es\/tellado-vincula-a-maior-baixada-do-paro-en-galicia-con-respecto-ao-estado-coa-estabilidade-de-ter-uns-orzamentos-aprobados\/#breadcrumb","itemListElement":[{"@type":"ListItem","position":1,"name":"Portada","item":"https:\/\/ppdegalicia.com\/es\/"},{"@type":"ListItem","position":2,"name":"Tellado vincula a maior baixada do paro en Galicia con respecto ao Estado coa estabilidade de ter uns Orzamentos aprobados"}]},{"@type":"WebSite","@id":"https:\/\/ppdegalicia.com\/es\/#website","url":"https:\/\/ppdegalicia.com\/es\/","name":"Partido Popular de Galicia","description":"Partido Popular de Galicia","publisher":{"@id":"https:\/\/ppdegalicia.com\/es\/#organization"},"alternateName":"PP de Galicia","potentialAction":[{"@type":"SearchAction","target":{"@type":"EntryPoint","urlTemplate":"https:\/\/ppdegalicia.com\/es\/?s={search_term_string}"},"query-input":{"@type":"PropertyValueSpecification","valueRequired":true,"valueName":"search_term_string"}}],"inLanguage":"es"},{"@type":"Organization","@id":"https:\/\/ppdegalicia.com\/es\/#organization","name":"Partido Popular de Galicia","alternateName":"PP de Galicia","url":"https:\/\/ppdegalicia.com\/es\/","logo":{"@type":"ImageObject","inLanguage":"es","@id":"https:\/\/ppdegalicia.com\/es\/#\/schema\/logo\/image\/","url":"https:\/\/ppdegalicia.com\/wp-content\/uploads\/2023\/04\/logoPP512.png","contentUrl":"https:\/\/ppdegalicia.com\/wp-content\/uploads\/2023\/04\/logoPP512.png","width":512,"height":512,"caption":"Partido Popular de Galicia"},"image":{"@id":"https:\/\/ppdegalicia.com\/es\/#\/schema\/logo\/image\/"},"sameAs":["https:\/\/www.instagram.com\/ppdegalicia\/","https:\/\/x.com\/ppdegalicia","https:\/\/www.tiktok.com\/@ppdegalicia","https:\/\/www.youtube.com\/user\/ppdegalicia"]},{"@type":"Person","@id":"https:\/\/ppdegalicia.com\/es\/#\/schema\/person\/d0f013b8388c980665d44009ab762960","name":"Super User","image":{"@type":"ImageObject","inLanguage":"es","@id":"https:\/\/secure.gravatar.com\/avatar\/1db852625ef4948f58d2739bfbc51e4b9bd5c93b8fa340b59fdb594ca0845645?s=96&d=mm&r=g","url":"https:\/\/secure.gravatar.com\/avatar\/1db852625ef4948f58d2739bfbc51e4b9bd5c93b8fa340b59fdb594ca0845645?s=96&d=mm&r=g","contentUrl":"https:\/\/secure.gravatar.com\/avatar\/1db852625ef4948f58d2739bfbc51e4b9bd5c93b8fa340b59fdb594ca0845645?s=96&d=mm&r=g","caption":"Super User"},"url":"https:\/\/ppdegalicia.com\/es\/author\/ppdegaliciagestion\/"}]}},"_links":{"self":[{"href":"https:\/\/ppdegalicia.com\/es\/wp-json\/wp\/v2\/posts\/53099","targetHints":{"allow":["GET"]}}],"collection":[{"href":"https:\/\/ppdegalicia.com\/es\/wp-json\/wp\/v2\/posts"}],"about":[{"href":"https:\/\/ppdegalicia.com\/es\/wp-json\/wp\/v2\/types\/post"}],"author":[{"embeddable":true,"href":"https:\/\/ppdegalicia.com\/es\/wp-json\/wp\/v2\/users\/37"}],"replies":[{"embeddable":true,"href":"https:\/\/ppdegalicia.com\/es\/wp-json\/wp\/v2\/comments?post=53099"}],"version-history":[{"count":0,"href":"https:\/\/ppdegalicia.com\/es\/wp-json\/wp\/v2\/posts\/53099\/revisions"}],"wp:attachment":[{"href":"https:\/\/ppdegalicia.com\/es\/wp-json\/wp\/v2\/media?parent=53099"}],"wp:term":[{"taxonomy":"category","embeddable":true,"href":"https:\/\/ppdegalicia.com\/es\/wp-json\/wp\/v2\/categories?post=53099"},{"taxonomy":"post_tag","embeddable":true,"href":"https:\/\/ppdegalicia.com\/es\/wp-json\/wp\/v2\/tags?post=53099"}],"curies":[{"name":"wp","href":"https:\/\/api.w.org\/{rel}","templated":true}]}}