{"id":53101,"date":"2018-12-04T11:54:45","date_gmt":"2018-12-04T09:54:45","guid":{"rendered":"https:\/\/ppdegalicia.com\/o-ppdeg-considera-non-axeitado-regular-por-lei-algo-voluntario-como-a-integracion-da-responsabilidades-social-e-ambiental-nas-empresas\/"},"modified":"2018-12-04T11:54:45","modified_gmt":"2018-12-04T09:54:45","slug":"o-ppdeg-considera-non-axeitado-regular-por-lei-algo-voluntario-como-a-integracion-da-responsabilidades-social-e-ambiental-nas-empresas","status":"publish","type":"post","link":"https:\/\/ppdegalicia.com\/es\/o-ppdeg-considera-non-axeitado-regular-por-lei-algo-voluntario-como-a-integracion-da-responsabilidades-social-e-ambiental-nas-empresas\/","title":{"rendered":"O PPdeG considera \u201cnon axeitado regular por lei algo voluntario como a integraci\u00f3n da responsabilidades social e ambiental nas empresas\u201d"},"content":{"rendered":"<div>Santiago, 4 de decembro de 2018.- A viceportavoz do Grupo Popular, Paula Prado, considerou hoxe no Parlamento que \u201cnon \u00e9 axeitado regular mediante lei algo que \u00e9 voluntario, como a integraci\u00f3n na organizaci\u00f3n e na actividade empresarial das preocupaci\u00f3ns sociais e ambientais\u201d. Por\u00e9n, salientou que \u201cen Galicia xa temos moito cami\u00f1o andado\u201d e lembrou a existencia da Lei de racionalizaci\u00f3n do sector p\u00fablico auton\u00f3mico, na que se establece a posibilidade por parte da Xunta de inclu\u00edr cl\u00e1usulas sociais nos seus procedementos de contrataci\u00f3n, ou a aprobaci\u00f3n da gu\u00eda para unha contrataci\u00f3n p\u00fablica socialmente responsable.<br \/>\n<!--more-->\n<\/div>\n<div>&nbsp;<\/div>\n<div>&nbsp;<\/div>\n<p>&nbsp;<\/p>\n<div>Paula Prado lembrou que \u201cnon \u00e9 a primeira vez que debatemos e lexislamos neste Parlamento sobre responsabilidade social\u201d e referiuse \u00e1 aprobaci\u00f3n en 2013 da Lei de racionalizaci\u00f3n do sector p\u00fablico auton\u00f3mico, \u201cque todos os grupos da oposici\u00f3n votaron en contra e non tiveron a sensibilidade que amosan ter hoxe coas cl\u00e1usulas sociais para empresas privadas\u201d.<\/div>\n<div>&nbsp;<\/div>\n<p>&nbsp;<\/p>\n<p>&nbsp;<\/p>\n<div>Esta norma recolle, no se artigo 25, que, \u201cco obxecto de promover unha contrataci\u00f3n p\u00fablica ecol\u00f3xica e socialmente responsable, os poderes adxudicadores da Administraci\u00f3n xeral da Comunidade Aut\u00f3noma de Galicia e do seu sector p\u00fablico deber\u00e1n ter en conta criterios sociais e de sustentabilidade ambiental ao dese\u00f1ar as especificaci\u00f3ns t\u00e9cnicas e administrativas do contrato\u201d. Tam\u00e9n no artigo 26 sin\u00e1lase que a Xunta deber\u00e1 de facer unha reserva dunha porcentaxe de contratos para empresas de inclusi\u00f3n social, \u201ca pesar da emenda de supresi\u00f3n deste artigo que no seu d\u00eda presentara A Marea e que contara co apoio de PSdeG\u201d.<\/div>\n<div>&nbsp;<\/div>\n<div>&nbsp;<\/div>\n<p>&nbsp;<\/p>\n<div>\u201cEn desenvolvemento desta lei, o Consello da Xunta aprobou en setembro de 2015 a gu\u00eda para unha contrataci\u00f3n p\u00fablica socialmente responsable, na que se contemplan cl\u00e1usulas modelo para introducir nos pregos de contrataci\u00f3n\u201d, apuntou a viceportavoz popular.<\/div>\n<div>&nbsp;<\/div>\n<p>&nbsp;<\/p>\n<p>&nbsp;<\/p>\n<p>&nbsp;<\/p>\n<div><strong>TRABALLO COS AXENTES SOCIAIS<\/strong><\/div>\n<div>&nbsp;<\/div>\n<div>&nbsp;<\/div>\n<div>&nbsp;<\/div>\n<p>&nbsp;<\/p>\n<div>Paula Prado engadiu que na actualidade a Xunta segue a traballar cos axentes sociais nas melloras para a implantaci\u00f3n destas cl\u00e1usulas, ao tempo que ten previsto elaborar uns modelos de pregos que servir\u00e1n para facer de uso com\u00fan este tipo de cl\u00e1usulas en toda a contrataci\u00f3n p\u00fablica auton\u00f3mica.<\/div>\n<div>&nbsp;<\/div>\n<div>&nbsp;<\/div>\n<p>&nbsp;<\/p>\n<div>As\u00ed mesmo, Prado salientou que \u201ca Xunta foi pioneira en 2012 na creaci\u00f3n dun grupo de representaci\u00f3n empresarial galego na responsabilidade social empresarial para, en colaboraci\u00f3n coas nosas grandes empresas, acompa\u00f1ar \u00e1s pequenas e medianas neste cami\u00f1o\u201d.<\/div>\n<div>&nbsp;<\/div>\n<p>&nbsp;<\/p>\n<p>&nbsp;<\/p>\n<p>\u201cO Goberno galego asume que a responsabilidade social \u00e9 clave para a competitividade das empresas e para a creaci\u00f3n dun emprego de calidade ao abeiro dun crecemento sostido a corto, medio e longo prazo\u201d, asegurou Prado, quen citou medidas como os programas Xeraci\u00f3n responsable ou Responsabil\u00edzate; os premios RSE Galicia; o banco de ideas dentro do Observatorio RSE Galicia; as axudas para a obtenci\u00f3n de certificaci\u00f3ns de normas ou est\u00e1ndares de RSE, elaboraci\u00f3n de plans de igualdade e medidas de conciliaci\u00f3n laboral; ou o dese\u00f1o dunha estratexia galega de responsabilidade social empresarial.<\/p>\n","protected":false},"excerpt":{"rendered":"<p>Santiago, 4 de decembro de 2018.- A viceportavoz do Grupo Popular, Paula Prado, considerou hoxe no Parlamento que \u201cnon \u00e9 axeitado regular mediante lei algo que \u00e9 voluntario, como a integraci\u00f3n na organizaci\u00f3n e na actividade empresarial das preocupaci\u00f3ns sociais e ambientais\u201d. Por\u00e9n, salientou que \u201cen Galicia xa temos moito cami\u00f1o andado\u201d e lembrou a [&hellip;]<\/p>\n","protected":false},"author":37,"featured_media":0,"comment_status":"open","ping_status":"open","sticky":false,"template":"","format":"standard","meta":{"_acf_changed":false,"footnotes":""},"categories":[1],"tags":[],"class_list":["post-53101","post","type-post","status-publish","format-standard","hentry","category-pp-de-galicia"],"acf":[],"yoast_head":"<!-- This site is optimized with the Yoast SEO plugin v27.3 - https:\/\/yoast.com\/product\/yoast-seo-wordpress\/ -->\n<title>O PPdeG considera \u201cnon axeitado regular por lei algo voluntario como a integraci\u00f3n da responsabilidades social e ambiental nas empresas\u201d - PP de Galicia<\/title>\n<meta name=\"robots\" content=\"index, follow, max-snippet:-1, max-image-preview:large, max-video-preview:-1\" \/>\n<link rel=\"canonical\" href=\"https:\/\/ppdegalicia.com\/es\/o-ppdeg-considera-non-axeitado-regular-por-lei-algo-voluntario-como-a-integracion-da-responsabilidades-social-e-ambiental-nas-empresas\/\" \/>\n<meta property=\"og:locale\" content=\"es_ES\" \/>\n<meta property=\"og:type\" content=\"article\" \/>\n<meta property=\"og:title\" content=\"O PPdeG considera \u201cnon axeitado regular por lei algo voluntario como a integraci\u00f3n da responsabilidades social e ambiental nas empresas\u201d - PP de Galicia\" \/>\n<meta property=\"og:description\" content=\"Santiago, 4 de decembro de 2018.- A viceportavoz do Grupo Popular, Paula Prado, considerou hoxe no Parlamento que \u201cnon \u00e9 axeitado regular mediante lei algo que \u00e9 voluntario, como a integraci\u00f3n na organizaci\u00f3n e na actividade empresarial das preocupaci\u00f3ns sociais e ambientais\u201d. Por\u00e9n, salientou que \u201cen Galicia xa temos moito cami\u00f1o andado\u201d e lembrou a [&hellip;]\" \/>\n<meta property=\"og:url\" content=\"https:\/\/ppdegalicia.com\/es\/o-ppdeg-considera-non-axeitado-regular-por-lei-algo-voluntario-como-a-integracion-da-responsabilidades-social-e-ambiental-nas-empresas\/\" \/>\n<meta property=\"og:site_name\" content=\"PP de Galicia\" \/>\n<meta property=\"article:publisher\" content=\"https:\/\/www.instagram.com\/ppdegalicia\/\" \/>\n<meta property=\"article:published_time\" content=\"2018-12-04T09:54:45+00:00\" \/>\n<meta name=\"author\" content=\"Super User\" \/>\n<meta name=\"twitter:card\" content=\"summary_large_image\" \/>\n<meta name=\"twitter:creator\" content=\"@ppdegalicia\" \/>\n<meta name=\"twitter:site\" content=\"@ppdegalicia\" \/>\n<meta name=\"twitter:label1\" content=\"Escrito por\" \/>\n\t<meta name=\"twitter:data1\" content=\"Super User\" \/>\n\t<meta name=\"twitter:label2\" content=\"Tiempo de lectura\" \/>\n\t<meta name=\"twitter:data2\" content=\"3 minutos\" \/>\n<script type=\"application\/ld+json\" class=\"yoast-schema-graph\">{\"@context\":\"https:\\\/\\\/schema.org\",\"@graph\":[{\"@type\":\"Article\",\"@id\":\"https:\\\/\\\/ppdegalicia.com\\\/es\\\/o-ppdeg-considera-non-axeitado-regular-por-lei-algo-voluntario-como-a-integracion-da-responsabilidades-social-e-ambiental-nas-empresas\\\/#article\",\"isPartOf\":{\"@id\":\"https:\\\/\\\/ppdegalicia.com\\\/es\\\/o-ppdeg-considera-non-axeitado-regular-por-lei-algo-voluntario-como-a-integracion-da-responsabilidades-social-e-ambiental-nas-empresas\\\/\"},\"author\":{\"name\":\"Super User\",\"@id\":\"https:\\\/\\\/ppdegalicia.com\\\/es\\\/#\\\/schema\\\/person\\\/d0f013b8388c980665d44009ab762960\"},\"headline\":\"O PPdeG considera \u201cnon axeitado regular por lei algo voluntario como a integraci\u00f3n da responsabilidades social e ambiental nas empresas\u201d\",\"datePublished\":\"2018-12-04T09:54:45+00:00\",\"mainEntityOfPage\":{\"@id\":\"https:\\\/\\\/ppdegalicia.com\\\/es\\\/o-ppdeg-considera-non-axeitado-regular-por-lei-algo-voluntario-como-a-integracion-da-responsabilidades-social-e-ambiental-nas-empresas\\\/\"},\"wordCount\":562,\"commentCount\":0,\"publisher\":{\"@id\":\"https:\\\/\\\/ppdegalicia.com\\\/es\\\/#organization\"},\"articleSection\":[\"PP de Galicia\"],\"inLanguage\":\"es\",\"potentialAction\":[{\"@type\":\"CommentAction\",\"name\":\"Comment\",\"target\":[\"https:\\\/\\\/ppdegalicia.com\\\/es\\\/o-ppdeg-considera-non-axeitado-regular-por-lei-algo-voluntario-como-a-integracion-da-responsabilidades-social-e-ambiental-nas-empresas\\\/#respond\"]}]},{\"@type\":\"WebPage\",\"@id\":\"https:\\\/\\\/ppdegalicia.com\\\/es\\\/o-ppdeg-considera-non-axeitado-regular-por-lei-algo-voluntario-como-a-integracion-da-responsabilidades-social-e-ambiental-nas-empresas\\\/\",\"url\":\"https:\\\/\\\/ppdegalicia.com\\\/es\\\/o-ppdeg-considera-non-axeitado-regular-por-lei-algo-voluntario-como-a-integracion-da-responsabilidades-social-e-ambiental-nas-empresas\\\/\",\"name\":\"O PPdeG considera \u201cnon axeitado regular por lei algo voluntario como a integraci\u00f3n da responsabilidades social e ambiental nas empresas\u201d - PP de Galicia\",\"isPartOf\":{\"@id\":\"https:\\\/\\\/ppdegalicia.com\\\/es\\\/#website\"},\"datePublished\":\"2018-12-04T09:54:45+00:00\",\"breadcrumb\":{\"@id\":\"https:\\\/\\\/ppdegalicia.com\\\/es\\\/o-ppdeg-considera-non-axeitado-regular-por-lei-algo-voluntario-como-a-integracion-da-responsabilidades-social-e-ambiental-nas-empresas\\\/#breadcrumb\"},\"inLanguage\":\"es\",\"potentialAction\":[{\"@type\":\"ReadAction\",\"target\":[\"https:\\\/\\\/ppdegalicia.com\\\/es\\\/o-ppdeg-considera-non-axeitado-regular-por-lei-algo-voluntario-como-a-integracion-da-responsabilidades-social-e-ambiental-nas-empresas\\\/\"]}]},{\"@type\":\"BreadcrumbList\",\"@id\":\"https:\\\/\\\/ppdegalicia.com\\\/es\\\/o-ppdeg-considera-non-axeitado-regular-por-lei-algo-voluntario-como-a-integracion-da-responsabilidades-social-e-ambiental-nas-empresas\\\/#breadcrumb\",\"itemListElement\":[{\"@type\":\"ListItem\",\"position\":1,\"name\":\"Portada\",\"item\":\"https:\\\/\\\/ppdegalicia.com\\\/es\\\/\"},{\"@type\":\"ListItem\",\"position\":2,\"name\":\"O PPdeG considera \u201cnon axeitado regular por lei algo voluntario como a integraci\u00f3n da responsabilidades social e ambiental nas empresas\u201d\"}]},{\"@type\":\"WebSite\",\"@id\":\"https:\\\/\\\/ppdegalicia.com\\\/es\\\/#website\",\"url\":\"https:\\\/\\\/ppdegalicia.com\\\/es\\\/\",\"name\":\"Partido Popular de Galicia\",\"description\":\"Partido Popular de Galicia\",\"publisher\":{\"@id\":\"https:\\\/\\\/ppdegalicia.com\\\/es\\\/#organization\"},\"alternateName\":\"PP de Galicia\",\"potentialAction\":[{\"@type\":\"SearchAction\",\"target\":{\"@type\":\"EntryPoint\",\"urlTemplate\":\"https:\\\/\\\/ppdegalicia.com\\\/es\\\/?s={search_term_string}\"},\"query-input\":{\"@type\":\"PropertyValueSpecification\",\"valueRequired\":true,\"valueName\":\"search_term_string\"}}],\"inLanguage\":\"es\"},{\"@type\":\"Organization\",\"@id\":\"https:\\\/\\\/ppdegalicia.com\\\/es\\\/#organization\",\"name\":\"Partido Popular de Galicia\",\"alternateName\":\"PP de Galicia\",\"url\":\"https:\\\/\\\/ppdegalicia.com\\\/es\\\/\",\"logo\":{\"@type\":\"ImageObject\",\"inLanguage\":\"es\",\"@id\":\"https:\\\/\\\/ppdegalicia.com\\\/es\\\/#\\\/schema\\\/logo\\\/image\\\/\",\"url\":\"https:\\\/\\\/ppdegalicia.com\\\/wp-content\\\/uploads\\\/2023\\\/04\\\/logoPP512.png\",\"contentUrl\":\"https:\\\/\\\/ppdegalicia.com\\\/wp-content\\\/uploads\\\/2023\\\/04\\\/logoPP512.png\",\"width\":512,\"height\":512,\"caption\":\"Partido Popular de Galicia\"},\"image\":{\"@id\":\"https:\\\/\\\/ppdegalicia.com\\\/es\\\/#\\\/schema\\\/logo\\\/image\\\/\"},\"sameAs\":[\"https:\\\/\\\/www.instagram.com\\\/ppdegalicia\\\/\",\"https:\\\/\\\/x.com\\\/ppdegalicia\",\"https:\\\/\\\/www.tiktok.com\\\/@ppdegalicia\",\"https:\\\/\\\/www.youtube.com\\\/user\\\/ppdegalicia\"]},{\"@type\":\"Person\",\"@id\":\"https:\\\/\\\/ppdegalicia.com\\\/es\\\/#\\\/schema\\\/person\\\/d0f013b8388c980665d44009ab762960\",\"name\":\"Super User\",\"image\":{\"@type\":\"ImageObject\",\"inLanguage\":\"es\",\"@id\":\"https:\\\/\\\/secure.gravatar.com\\\/avatar\\\/1db852625ef4948f58d2739bfbc51e4b9bd5c93b8fa340b59fdb594ca0845645?s=96&d=mm&r=g\",\"url\":\"https:\\\/\\\/secure.gravatar.com\\\/avatar\\\/1db852625ef4948f58d2739bfbc51e4b9bd5c93b8fa340b59fdb594ca0845645?s=96&d=mm&r=g\",\"contentUrl\":\"https:\\\/\\\/secure.gravatar.com\\\/avatar\\\/1db852625ef4948f58d2739bfbc51e4b9bd5c93b8fa340b59fdb594ca0845645?s=96&d=mm&r=g\",\"caption\":\"Super User\"},\"url\":\"https:\\\/\\\/ppdegalicia.com\\\/es\\\/author\\\/ppdegaliciagestion\\\/\"}]}<\/script>\n<!-- \/ Yoast SEO plugin. -->","yoast_head_json":{"title":"O PPdeG considera \u201cnon axeitado regular por lei algo voluntario como a integraci\u00f3n da responsabilidades social e ambiental nas empresas\u201d - PP de Galicia","robots":{"index":"index","follow":"follow","max-snippet":"max-snippet:-1","max-image-preview":"max-image-preview:large","max-video-preview":"max-video-preview:-1"},"canonical":"https:\/\/ppdegalicia.com\/es\/o-ppdeg-considera-non-axeitado-regular-por-lei-algo-voluntario-como-a-integracion-da-responsabilidades-social-e-ambiental-nas-empresas\/","og_locale":"es_ES","og_type":"article","og_title":"O PPdeG considera \u201cnon axeitado regular por lei algo voluntario como a integraci\u00f3n da responsabilidades social e ambiental nas empresas\u201d - PP de Galicia","og_description":"Santiago, 4 de decembro de 2018.- A viceportavoz do Grupo Popular, Paula Prado, considerou hoxe no Parlamento que \u201cnon \u00e9 axeitado regular mediante lei algo que \u00e9 voluntario, como a integraci\u00f3n na organizaci\u00f3n e na actividade empresarial das preocupaci\u00f3ns sociais e ambientais\u201d. Por\u00e9n, salientou que \u201cen Galicia xa temos moito cami\u00f1o andado\u201d e lembrou a [&hellip;]","og_url":"https:\/\/ppdegalicia.com\/es\/o-ppdeg-considera-non-axeitado-regular-por-lei-algo-voluntario-como-a-integracion-da-responsabilidades-social-e-ambiental-nas-empresas\/","og_site_name":"PP de Galicia","article_publisher":"https:\/\/www.instagram.com\/ppdegalicia\/","article_published_time":"2018-12-04T09:54:45+00:00","author":"Super User","twitter_card":"summary_large_image","twitter_creator":"@ppdegalicia","twitter_site":"@ppdegalicia","twitter_misc":{"Escrito por":"Super User","Tiempo de lectura":"3 minutos"},"schema":{"@context":"https:\/\/schema.org","@graph":[{"@type":"Article","@id":"https:\/\/ppdegalicia.com\/es\/o-ppdeg-considera-non-axeitado-regular-por-lei-algo-voluntario-como-a-integracion-da-responsabilidades-social-e-ambiental-nas-empresas\/#article","isPartOf":{"@id":"https:\/\/ppdegalicia.com\/es\/o-ppdeg-considera-non-axeitado-regular-por-lei-algo-voluntario-como-a-integracion-da-responsabilidades-social-e-ambiental-nas-empresas\/"},"author":{"name":"Super User","@id":"https:\/\/ppdegalicia.com\/es\/#\/schema\/person\/d0f013b8388c980665d44009ab762960"},"headline":"O PPdeG considera \u201cnon axeitado regular por lei algo voluntario como a integraci\u00f3n da responsabilidades social e ambiental nas empresas\u201d","datePublished":"2018-12-04T09:54:45+00:00","mainEntityOfPage":{"@id":"https:\/\/ppdegalicia.com\/es\/o-ppdeg-considera-non-axeitado-regular-por-lei-algo-voluntario-como-a-integracion-da-responsabilidades-social-e-ambiental-nas-empresas\/"},"wordCount":562,"commentCount":0,"publisher":{"@id":"https:\/\/ppdegalicia.com\/es\/#organization"},"articleSection":["PP de Galicia"],"inLanguage":"es","potentialAction":[{"@type":"CommentAction","name":"Comment","target":["https:\/\/ppdegalicia.com\/es\/o-ppdeg-considera-non-axeitado-regular-por-lei-algo-voluntario-como-a-integracion-da-responsabilidades-social-e-ambiental-nas-empresas\/#respond"]}]},{"@type":"WebPage","@id":"https:\/\/ppdegalicia.com\/es\/o-ppdeg-considera-non-axeitado-regular-por-lei-algo-voluntario-como-a-integracion-da-responsabilidades-social-e-ambiental-nas-empresas\/","url":"https:\/\/ppdegalicia.com\/es\/o-ppdeg-considera-non-axeitado-regular-por-lei-algo-voluntario-como-a-integracion-da-responsabilidades-social-e-ambiental-nas-empresas\/","name":"O PPdeG considera \u201cnon axeitado regular por lei algo voluntario como a integraci\u00f3n da responsabilidades social e ambiental nas empresas\u201d - PP de Galicia","isPartOf":{"@id":"https:\/\/ppdegalicia.com\/es\/#website"},"datePublished":"2018-12-04T09:54:45+00:00","breadcrumb":{"@id":"https:\/\/ppdegalicia.com\/es\/o-ppdeg-considera-non-axeitado-regular-por-lei-algo-voluntario-como-a-integracion-da-responsabilidades-social-e-ambiental-nas-empresas\/#breadcrumb"},"inLanguage":"es","potentialAction":[{"@type":"ReadAction","target":["https:\/\/ppdegalicia.com\/es\/o-ppdeg-considera-non-axeitado-regular-por-lei-algo-voluntario-como-a-integracion-da-responsabilidades-social-e-ambiental-nas-empresas\/"]}]},{"@type":"BreadcrumbList","@id":"https:\/\/ppdegalicia.com\/es\/o-ppdeg-considera-non-axeitado-regular-por-lei-algo-voluntario-como-a-integracion-da-responsabilidades-social-e-ambiental-nas-empresas\/#breadcrumb","itemListElement":[{"@type":"ListItem","position":1,"name":"Portada","item":"https:\/\/ppdegalicia.com\/es\/"},{"@type":"ListItem","position":2,"name":"O PPdeG considera \u201cnon axeitado regular por lei algo voluntario como a integraci\u00f3n da responsabilidades social e ambiental nas empresas\u201d"}]},{"@type":"WebSite","@id":"https:\/\/ppdegalicia.com\/es\/#website","url":"https:\/\/ppdegalicia.com\/es\/","name":"Partido Popular de Galicia","description":"Partido Popular de Galicia","publisher":{"@id":"https:\/\/ppdegalicia.com\/es\/#organization"},"alternateName":"PP de Galicia","potentialAction":[{"@type":"SearchAction","target":{"@type":"EntryPoint","urlTemplate":"https:\/\/ppdegalicia.com\/es\/?s={search_term_string}"},"query-input":{"@type":"PropertyValueSpecification","valueRequired":true,"valueName":"search_term_string"}}],"inLanguage":"es"},{"@type":"Organization","@id":"https:\/\/ppdegalicia.com\/es\/#organization","name":"Partido Popular de Galicia","alternateName":"PP de Galicia","url":"https:\/\/ppdegalicia.com\/es\/","logo":{"@type":"ImageObject","inLanguage":"es","@id":"https:\/\/ppdegalicia.com\/es\/#\/schema\/logo\/image\/","url":"https:\/\/ppdegalicia.com\/wp-content\/uploads\/2023\/04\/logoPP512.png","contentUrl":"https:\/\/ppdegalicia.com\/wp-content\/uploads\/2023\/04\/logoPP512.png","width":512,"height":512,"caption":"Partido Popular de Galicia"},"image":{"@id":"https:\/\/ppdegalicia.com\/es\/#\/schema\/logo\/image\/"},"sameAs":["https:\/\/www.instagram.com\/ppdegalicia\/","https:\/\/x.com\/ppdegalicia","https:\/\/www.tiktok.com\/@ppdegalicia","https:\/\/www.youtube.com\/user\/ppdegalicia"]},{"@type":"Person","@id":"https:\/\/ppdegalicia.com\/es\/#\/schema\/person\/d0f013b8388c980665d44009ab762960","name":"Super User","image":{"@type":"ImageObject","inLanguage":"es","@id":"https:\/\/secure.gravatar.com\/avatar\/1db852625ef4948f58d2739bfbc51e4b9bd5c93b8fa340b59fdb594ca0845645?s=96&d=mm&r=g","url":"https:\/\/secure.gravatar.com\/avatar\/1db852625ef4948f58d2739bfbc51e4b9bd5c93b8fa340b59fdb594ca0845645?s=96&d=mm&r=g","contentUrl":"https:\/\/secure.gravatar.com\/avatar\/1db852625ef4948f58d2739bfbc51e4b9bd5c93b8fa340b59fdb594ca0845645?s=96&d=mm&r=g","caption":"Super User"},"url":"https:\/\/ppdegalicia.com\/es\/author\/ppdegaliciagestion\/"}]}},"_links":{"self":[{"href":"https:\/\/ppdegalicia.com\/es\/wp-json\/wp\/v2\/posts\/53101","targetHints":{"allow":["GET"]}}],"collection":[{"href":"https:\/\/ppdegalicia.com\/es\/wp-json\/wp\/v2\/posts"}],"about":[{"href":"https:\/\/ppdegalicia.com\/es\/wp-json\/wp\/v2\/types\/post"}],"author":[{"embeddable":true,"href":"https:\/\/ppdegalicia.com\/es\/wp-json\/wp\/v2\/users\/37"}],"replies":[{"embeddable":true,"href":"https:\/\/ppdegalicia.com\/es\/wp-json\/wp\/v2\/comments?post=53101"}],"version-history":[{"count":0,"href":"https:\/\/ppdegalicia.com\/es\/wp-json\/wp\/v2\/posts\/53101\/revisions"}],"wp:attachment":[{"href":"https:\/\/ppdegalicia.com\/es\/wp-json\/wp\/v2\/media?parent=53101"}],"wp:term":[{"taxonomy":"category","embeddable":true,"href":"https:\/\/ppdegalicia.com\/es\/wp-json\/wp\/v2\/categories?post=53101"},{"taxonomy":"post_tag","embeddable":true,"href":"https:\/\/ppdegalicia.com\/es\/wp-json\/wp\/v2\/tags?post=53101"}],"curies":[{"name":"wp","href":"https:\/\/api.w.org\/{rel}","templated":true}]}}