{"id":53140,"date":"2018-01-18T12:49:35","date_gmt":"2018-01-18T10:49:35","guid":{"rendered":"https:\/\/ppdegalicia.com\/o-ppdeg-rexeita-a-proposta-de-en-marea-de-trasladar-a-locomotora-sarita-desde-a-fundacion-cela-en-padron-a-vilagarcia\/"},"modified":"2018-01-18T12:49:35","modified_gmt":"2018-01-18T10:49:35","slug":"o-ppdeg-rexeita-a-proposta-de-en-marea-de-trasladar-a-locomotora-sarita-desde-a-fundacion-cela-en-padron-a-vilagarcia","status":"publish","type":"post","link":"https:\/\/ppdegalicia.com\/es\/o-ppdeg-rexeita-a-proposta-de-en-marea-de-trasladar-a-locomotora-sarita-desde-a-fundacion-cela-en-padron-a-vilagarcia\/","title":{"rendered":"O PPdeG rexeita a proposta de En Marea de trasladar a locomotora Sarita desde a Fundaci\u00f3n Cela en Padr\u00f3n a Vilagarc\u00eda"},"content":{"rendered":"<p>Santiago, 18 de xaneiro de 2018.- O Grupo Popular rexeitou hoxe no Parlamento, tal e como solicitaba En Marea, o traslado da locomotora co\u00f1ecida como Sarita desde o seu actual emprazamento na Fundaci\u00f3n Camilo Jos\u00e9 Cela en Padr\u00f3n \u00e1 antiga instalaci\u00f3n de ferrocarril de Vilagarc\u00eda.<\/p>\n<p><!--more--><\/p>\n<p>&nbsp;<\/p>\n<p>A deputada popular Teresa Egerique salientou \u201ca incuestionable relaci\u00f3n desta locomotora coa localidade de Padr\u00f3n\u201d e manifestou que atender a solicitude de En Marea ser\u00eda \u201cespir un santo para vestir outro, porque Sarita tivo e ten unha importancia social moi relevante na comarca padronesa\u201d.<\/p>\n<p>&nbsp;<\/p>\n<p>\u201cA vinculaci\u00f3n desta locomotora con Padr\u00f3n \u00e9 evidente porque formou parte do parque m\u00f3bil de The West Galicia Railway Company, onde traballou como xerente John Trulock, av\u00f3 do premio nobel galego, ademais de que a Fundaci\u00f3n de Ferrocarriles Espa\u00f1oles, propietaria da m\u00e1quina, cedeu en dep\u00f3sito a locomotora \u00e1 Fundaci\u00f3n Camilo Jos\u00e9 Cela\u201d.<\/p>\n<p>&nbsp;<\/p>\n<p>As\u00ed mesmo, Egerique indicou que a Fundaci\u00f3n P\u00fablica Galega Camilo Jos\u00e9 Cela \u201cleva un tempo realizando tarefas de reorganizaci\u00f3n e renovaci\u00f3n do proxecto museogr\u00e1fico e reabrir\u00e1 o Museo ferrocarrileiro John Trulock nas s\u00faas instalaci\u00f3ns de Iria Flavia\u201d.<\/p>\n","protected":false},"excerpt":{"rendered":"<p>Santiago, 18 de xaneiro de 2018.- O Grupo Popular rexeitou hoxe no Parlamento, tal e como solicitaba En Marea, o traslado da locomotora co\u00f1ecida como Sarita desde o seu actual emprazamento na Fundaci\u00f3n Camilo Jos\u00e9 Cela en Padr\u00f3n \u00e1 antiga instalaci\u00f3n de ferrocarril de Vilagarc\u00eda.<\/p>\n","protected":false},"author":37,"featured_media":0,"comment_status":"open","ping_status":"open","sticky":false,"template":"","format":"standard","meta":{"_acf_changed":false,"footnotes":""},"categories":[1],"tags":[],"class_list":["post-53140","post","type-post","status-publish","format-standard","hentry","category-pp-de-galicia"],"acf":[],"yoast_head":"<!-- This site is optimized with the Yoast SEO plugin v27.3 - https:\/\/yoast.com\/product\/yoast-seo-wordpress\/ -->\n<title>O PPdeG rexeita a proposta de En Marea de trasladar a locomotora Sarita desde a Fundaci\u00f3n Cela en Padr\u00f3n a Vilagarc\u00eda - PP de Galicia<\/title>\n<meta name=\"robots\" content=\"index, follow, max-snippet:-1, max-image-preview:large, max-video-preview:-1\" \/>\n<link rel=\"canonical\" href=\"https:\/\/ppdegalicia.com\/es\/o-ppdeg-rexeita-a-proposta-de-en-marea-de-trasladar-a-locomotora-sarita-desde-a-fundacion-cela-en-padron-a-vilagarcia\/\" \/>\n<meta property=\"og:locale\" content=\"es_ES\" \/>\n<meta property=\"og:type\" content=\"article\" \/>\n<meta property=\"og:title\" content=\"O PPdeG rexeita a proposta de En Marea de trasladar a locomotora Sarita desde a Fundaci\u00f3n Cela en Padr\u00f3n a Vilagarc\u00eda - PP de Galicia\" \/>\n<meta property=\"og:description\" content=\"Santiago, 18 de xaneiro de 2018.- O Grupo Popular rexeitou hoxe no Parlamento, tal e como solicitaba En Marea, o traslado da locomotora co\u00f1ecida como Sarita desde o seu actual emprazamento na Fundaci\u00f3n Camilo Jos\u00e9 Cela en Padr\u00f3n \u00e1 antiga instalaci\u00f3n de ferrocarril de Vilagarc\u00eda.\" \/>\n<meta property=\"og:url\" content=\"https:\/\/ppdegalicia.com\/es\/o-ppdeg-rexeita-a-proposta-de-en-marea-de-trasladar-a-locomotora-sarita-desde-a-fundacion-cela-en-padron-a-vilagarcia\/\" \/>\n<meta property=\"og:site_name\" content=\"PP de Galicia\" \/>\n<meta property=\"article:publisher\" content=\"https:\/\/www.instagram.com\/ppdegalicia\/\" \/>\n<meta property=\"article:published_time\" content=\"2018-01-18T10:49:35+00:00\" \/>\n<meta name=\"author\" content=\"Super User\" \/>\n<meta name=\"twitter:card\" content=\"summary_large_image\" \/>\n<meta name=\"twitter:creator\" content=\"@ppdegalicia\" \/>\n<meta name=\"twitter:site\" content=\"@ppdegalicia\" \/>\n<meta name=\"twitter:label1\" content=\"Escrito por\" \/>\n\t<meta name=\"twitter:data1\" content=\"Super User\" \/>\n\t<meta name=\"twitter:label2\" content=\"Tiempo de lectura\" \/>\n\t<meta name=\"twitter:data2\" content=\"1 minuto\" \/>\n<script type=\"application\/ld+json\" class=\"yoast-schema-graph\">{\"@context\":\"https:\\\/\\\/schema.org\",\"@graph\":[{\"@type\":\"Article\",\"@id\":\"https:\\\/\\\/ppdegalicia.com\\\/es\\\/o-ppdeg-rexeita-a-proposta-de-en-marea-de-trasladar-a-locomotora-sarita-desde-a-fundacion-cela-en-padron-a-vilagarcia\\\/#article\",\"isPartOf\":{\"@id\":\"https:\\\/\\\/ppdegalicia.com\\\/es\\\/o-ppdeg-rexeita-a-proposta-de-en-marea-de-trasladar-a-locomotora-sarita-desde-a-fundacion-cela-en-padron-a-vilagarcia\\\/\"},\"author\":{\"name\":\"Super User\",\"@id\":\"https:\\\/\\\/ppdegalicia.com\\\/es\\\/#\\\/schema\\\/person\\\/d0f013b8388c980665d44009ab762960\"},\"headline\":\"O PPdeG rexeita a proposta de En Marea de trasladar a locomotora Sarita desde a Fundaci\u00f3n Cela en Padr\u00f3n a Vilagarc\u00eda\",\"datePublished\":\"2018-01-18T10:49:35+00:00\",\"mainEntityOfPage\":{\"@id\":\"https:\\\/\\\/ppdegalicia.com\\\/es\\\/o-ppdeg-rexeita-a-proposta-de-en-marea-de-trasladar-a-locomotora-sarita-desde-a-fundacion-cela-en-padron-a-vilagarcia\\\/\"},\"wordCount\":224,\"commentCount\":0,\"publisher\":{\"@id\":\"https:\\\/\\\/ppdegalicia.com\\\/es\\\/#organization\"},\"articleSection\":[\"PP de Galicia\"],\"inLanguage\":\"es\",\"potentialAction\":[{\"@type\":\"CommentAction\",\"name\":\"Comment\",\"target\":[\"https:\\\/\\\/ppdegalicia.com\\\/es\\\/o-ppdeg-rexeita-a-proposta-de-en-marea-de-trasladar-a-locomotora-sarita-desde-a-fundacion-cela-en-padron-a-vilagarcia\\\/#respond\"]}]},{\"@type\":\"WebPage\",\"@id\":\"https:\\\/\\\/ppdegalicia.com\\\/es\\\/o-ppdeg-rexeita-a-proposta-de-en-marea-de-trasladar-a-locomotora-sarita-desde-a-fundacion-cela-en-padron-a-vilagarcia\\\/\",\"url\":\"https:\\\/\\\/ppdegalicia.com\\\/es\\\/o-ppdeg-rexeita-a-proposta-de-en-marea-de-trasladar-a-locomotora-sarita-desde-a-fundacion-cela-en-padron-a-vilagarcia\\\/\",\"name\":\"O PPdeG rexeita a proposta de En Marea de trasladar a locomotora Sarita desde a Fundaci\u00f3n Cela en Padr\u00f3n a Vilagarc\u00eda - PP de Galicia\",\"isPartOf\":{\"@id\":\"https:\\\/\\\/ppdegalicia.com\\\/es\\\/#website\"},\"datePublished\":\"2018-01-18T10:49:35+00:00\",\"breadcrumb\":{\"@id\":\"https:\\\/\\\/ppdegalicia.com\\\/es\\\/o-ppdeg-rexeita-a-proposta-de-en-marea-de-trasladar-a-locomotora-sarita-desde-a-fundacion-cela-en-padron-a-vilagarcia\\\/#breadcrumb\"},\"inLanguage\":\"es\",\"potentialAction\":[{\"@type\":\"ReadAction\",\"target\":[\"https:\\\/\\\/ppdegalicia.com\\\/es\\\/o-ppdeg-rexeita-a-proposta-de-en-marea-de-trasladar-a-locomotora-sarita-desde-a-fundacion-cela-en-padron-a-vilagarcia\\\/\"]}]},{\"@type\":\"BreadcrumbList\",\"@id\":\"https:\\\/\\\/ppdegalicia.com\\\/es\\\/o-ppdeg-rexeita-a-proposta-de-en-marea-de-trasladar-a-locomotora-sarita-desde-a-fundacion-cela-en-padron-a-vilagarcia\\\/#breadcrumb\",\"itemListElement\":[{\"@type\":\"ListItem\",\"position\":1,\"name\":\"Portada\",\"item\":\"https:\\\/\\\/ppdegalicia.com\\\/es\\\/\"},{\"@type\":\"ListItem\",\"position\":2,\"name\":\"O PPdeG rexeita a proposta de En Marea de trasladar a locomotora Sarita desde a Fundaci\u00f3n Cela en Padr\u00f3n a Vilagarc\u00eda\"}]},{\"@type\":\"WebSite\",\"@id\":\"https:\\\/\\\/ppdegalicia.com\\\/es\\\/#website\",\"url\":\"https:\\\/\\\/ppdegalicia.com\\\/es\\\/\",\"name\":\"Partido Popular de Galicia\",\"description\":\"Partido Popular de Galicia\",\"publisher\":{\"@id\":\"https:\\\/\\\/ppdegalicia.com\\\/es\\\/#organization\"},\"alternateName\":\"PP de Galicia\",\"potentialAction\":[{\"@type\":\"SearchAction\",\"target\":{\"@type\":\"EntryPoint\",\"urlTemplate\":\"https:\\\/\\\/ppdegalicia.com\\\/es\\\/?s={search_term_string}\"},\"query-input\":{\"@type\":\"PropertyValueSpecification\",\"valueRequired\":true,\"valueName\":\"search_term_string\"}}],\"inLanguage\":\"es\"},{\"@type\":\"Organization\",\"@id\":\"https:\\\/\\\/ppdegalicia.com\\\/es\\\/#organization\",\"name\":\"Partido Popular de Galicia\",\"alternateName\":\"PP de Galicia\",\"url\":\"https:\\\/\\\/ppdegalicia.com\\\/es\\\/\",\"logo\":{\"@type\":\"ImageObject\",\"inLanguage\":\"es\",\"@id\":\"https:\\\/\\\/ppdegalicia.com\\\/es\\\/#\\\/schema\\\/logo\\\/image\\\/\",\"url\":\"https:\\\/\\\/ppdegalicia.com\\\/wp-content\\\/uploads\\\/2023\\\/04\\\/logoPP512.png\",\"contentUrl\":\"https:\\\/\\\/ppdegalicia.com\\\/wp-content\\\/uploads\\\/2023\\\/04\\\/logoPP512.png\",\"width\":512,\"height\":512,\"caption\":\"Partido Popular de Galicia\"},\"image\":{\"@id\":\"https:\\\/\\\/ppdegalicia.com\\\/es\\\/#\\\/schema\\\/logo\\\/image\\\/\"},\"sameAs\":[\"https:\\\/\\\/www.instagram.com\\\/ppdegalicia\\\/\",\"https:\\\/\\\/x.com\\\/ppdegalicia\",\"https:\\\/\\\/www.tiktok.com\\\/@ppdegalicia\",\"https:\\\/\\\/www.youtube.com\\\/user\\\/ppdegalicia\"]},{\"@type\":\"Person\",\"@id\":\"https:\\\/\\\/ppdegalicia.com\\\/es\\\/#\\\/schema\\\/person\\\/d0f013b8388c980665d44009ab762960\",\"name\":\"Super User\",\"image\":{\"@type\":\"ImageObject\",\"inLanguage\":\"es\",\"@id\":\"https:\\\/\\\/secure.gravatar.com\\\/avatar\\\/1db852625ef4948f58d2739bfbc51e4b9bd5c93b8fa340b59fdb594ca0845645?s=96&d=mm&r=g\",\"url\":\"https:\\\/\\\/secure.gravatar.com\\\/avatar\\\/1db852625ef4948f58d2739bfbc51e4b9bd5c93b8fa340b59fdb594ca0845645?s=96&d=mm&r=g\",\"contentUrl\":\"https:\\\/\\\/secure.gravatar.com\\\/avatar\\\/1db852625ef4948f58d2739bfbc51e4b9bd5c93b8fa340b59fdb594ca0845645?s=96&d=mm&r=g\",\"caption\":\"Super User\"},\"url\":\"https:\\\/\\\/ppdegalicia.com\\\/es\\\/author\\\/ppdegaliciagestion\\\/\"}]}<\/script>\n<!-- \/ Yoast SEO plugin. -->","yoast_head_json":{"title":"O PPdeG rexeita a proposta de En Marea de trasladar a locomotora Sarita desde a Fundaci\u00f3n Cela en Padr\u00f3n a Vilagarc\u00eda - PP de Galicia","robots":{"index":"index","follow":"follow","max-snippet":"max-snippet:-1","max-image-preview":"max-image-preview:large","max-video-preview":"max-video-preview:-1"},"canonical":"https:\/\/ppdegalicia.com\/es\/o-ppdeg-rexeita-a-proposta-de-en-marea-de-trasladar-a-locomotora-sarita-desde-a-fundacion-cela-en-padron-a-vilagarcia\/","og_locale":"es_ES","og_type":"article","og_title":"O PPdeG rexeita a proposta de En Marea de trasladar a locomotora Sarita desde a Fundaci\u00f3n Cela en Padr\u00f3n a Vilagarc\u00eda - PP de Galicia","og_description":"Santiago, 18 de xaneiro de 2018.- O Grupo Popular rexeitou hoxe no Parlamento, tal e como solicitaba En Marea, o traslado da locomotora co\u00f1ecida como Sarita desde o seu actual emprazamento na Fundaci\u00f3n Camilo Jos\u00e9 Cela en Padr\u00f3n \u00e1 antiga instalaci\u00f3n de ferrocarril de Vilagarc\u00eda.","og_url":"https:\/\/ppdegalicia.com\/es\/o-ppdeg-rexeita-a-proposta-de-en-marea-de-trasladar-a-locomotora-sarita-desde-a-fundacion-cela-en-padron-a-vilagarcia\/","og_site_name":"PP de Galicia","article_publisher":"https:\/\/www.instagram.com\/ppdegalicia\/","article_published_time":"2018-01-18T10:49:35+00:00","author":"Super User","twitter_card":"summary_large_image","twitter_creator":"@ppdegalicia","twitter_site":"@ppdegalicia","twitter_misc":{"Escrito por":"Super User","Tiempo de lectura":"1 minuto"},"schema":{"@context":"https:\/\/schema.org","@graph":[{"@type":"Article","@id":"https:\/\/ppdegalicia.com\/es\/o-ppdeg-rexeita-a-proposta-de-en-marea-de-trasladar-a-locomotora-sarita-desde-a-fundacion-cela-en-padron-a-vilagarcia\/#article","isPartOf":{"@id":"https:\/\/ppdegalicia.com\/es\/o-ppdeg-rexeita-a-proposta-de-en-marea-de-trasladar-a-locomotora-sarita-desde-a-fundacion-cela-en-padron-a-vilagarcia\/"},"author":{"name":"Super User","@id":"https:\/\/ppdegalicia.com\/es\/#\/schema\/person\/d0f013b8388c980665d44009ab762960"},"headline":"O PPdeG rexeita a proposta de En Marea de trasladar a locomotora Sarita desde a Fundaci\u00f3n Cela en Padr\u00f3n a Vilagarc\u00eda","datePublished":"2018-01-18T10:49:35+00:00","mainEntityOfPage":{"@id":"https:\/\/ppdegalicia.com\/es\/o-ppdeg-rexeita-a-proposta-de-en-marea-de-trasladar-a-locomotora-sarita-desde-a-fundacion-cela-en-padron-a-vilagarcia\/"},"wordCount":224,"commentCount":0,"publisher":{"@id":"https:\/\/ppdegalicia.com\/es\/#organization"},"articleSection":["PP de Galicia"],"inLanguage":"es","potentialAction":[{"@type":"CommentAction","name":"Comment","target":["https:\/\/ppdegalicia.com\/es\/o-ppdeg-rexeita-a-proposta-de-en-marea-de-trasladar-a-locomotora-sarita-desde-a-fundacion-cela-en-padron-a-vilagarcia\/#respond"]}]},{"@type":"WebPage","@id":"https:\/\/ppdegalicia.com\/es\/o-ppdeg-rexeita-a-proposta-de-en-marea-de-trasladar-a-locomotora-sarita-desde-a-fundacion-cela-en-padron-a-vilagarcia\/","url":"https:\/\/ppdegalicia.com\/es\/o-ppdeg-rexeita-a-proposta-de-en-marea-de-trasladar-a-locomotora-sarita-desde-a-fundacion-cela-en-padron-a-vilagarcia\/","name":"O PPdeG rexeita a proposta de En Marea de trasladar a locomotora Sarita desde a Fundaci\u00f3n Cela en Padr\u00f3n a Vilagarc\u00eda - PP de Galicia","isPartOf":{"@id":"https:\/\/ppdegalicia.com\/es\/#website"},"datePublished":"2018-01-18T10:49:35+00:00","breadcrumb":{"@id":"https:\/\/ppdegalicia.com\/es\/o-ppdeg-rexeita-a-proposta-de-en-marea-de-trasladar-a-locomotora-sarita-desde-a-fundacion-cela-en-padron-a-vilagarcia\/#breadcrumb"},"inLanguage":"es","potentialAction":[{"@type":"ReadAction","target":["https:\/\/ppdegalicia.com\/es\/o-ppdeg-rexeita-a-proposta-de-en-marea-de-trasladar-a-locomotora-sarita-desde-a-fundacion-cela-en-padron-a-vilagarcia\/"]}]},{"@type":"BreadcrumbList","@id":"https:\/\/ppdegalicia.com\/es\/o-ppdeg-rexeita-a-proposta-de-en-marea-de-trasladar-a-locomotora-sarita-desde-a-fundacion-cela-en-padron-a-vilagarcia\/#breadcrumb","itemListElement":[{"@type":"ListItem","position":1,"name":"Portada","item":"https:\/\/ppdegalicia.com\/es\/"},{"@type":"ListItem","position":2,"name":"O PPdeG rexeita a proposta de En Marea de trasladar a locomotora Sarita desde a Fundaci\u00f3n Cela en Padr\u00f3n a Vilagarc\u00eda"}]},{"@type":"WebSite","@id":"https:\/\/ppdegalicia.com\/es\/#website","url":"https:\/\/ppdegalicia.com\/es\/","name":"Partido Popular de Galicia","description":"Partido Popular de Galicia","publisher":{"@id":"https:\/\/ppdegalicia.com\/es\/#organization"},"alternateName":"PP de Galicia","potentialAction":[{"@type":"SearchAction","target":{"@type":"EntryPoint","urlTemplate":"https:\/\/ppdegalicia.com\/es\/?s={search_term_string}"},"query-input":{"@type":"PropertyValueSpecification","valueRequired":true,"valueName":"search_term_string"}}],"inLanguage":"es"},{"@type":"Organization","@id":"https:\/\/ppdegalicia.com\/es\/#organization","name":"Partido Popular de Galicia","alternateName":"PP de Galicia","url":"https:\/\/ppdegalicia.com\/es\/","logo":{"@type":"ImageObject","inLanguage":"es","@id":"https:\/\/ppdegalicia.com\/es\/#\/schema\/logo\/image\/","url":"https:\/\/ppdegalicia.com\/wp-content\/uploads\/2023\/04\/logoPP512.png","contentUrl":"https:\/\/ppdegalicia.com\/wp-content\/uploads\/2023\/04\/logoPP512.png","width":512,"height":512,"caption":"Partido Popular de Galicia"},"image":{"@id":"https:\/\/ppdegalicia.com\/es\/#\/schema\/logo\/image\/"},"sameAs":["https:\/\/www.instagram.com\/ppdegalicia\/","https:\/\/x.com\/ppdegalicia","https:\/\/www.tiktok.com\/@ppdegalicia","https:\/\/www.youtube.com\/user\/ppdegalicia"]},{"@type":"Person","@id":"https:\/\/ppdegalicia.com\/es\/#\/schema\/person\/d0f013b8388c980665d44009ab762960","name":"Super User","image":{"@type":"ImageObject","inLanguage":"es","@id":"https:\/\/secure.gravatar.com\/avatar\/1db852625ef4948f58d2739bfbc51e4b9bd5c93b8fa340b59fdb594ca0845645?s=96&d=mm&r=g","url":"https:\/\/secure.gravatar.com\/avatar\/1db852625ef4948f58d2739bfbc51e4b9bd5c93b8fa340b59fdb594ca0845645?s=96&d=mm&r=g","contentUrl":"https:\/\/secure.gravatar.com\/avatar\/1db852625ef4948f58d2739bfbc51e4b9bd5c93b8fa340b59fdb594ca0845645?s=96&d=mm&r=g","caption":"Super User"},"url":"https:\/\/ppdegalicia.com\/es\/author\/ppdegaliciagestion\/"}]}},"_links":{"self":[{"href":"https:\/\/ppdegalicia.com\/es\/wp-json\/wp\/v2\/posts\/53140","targetHints":{"allow":["GET"]}}],"collection":[{"href":"https:\/\/ppdegalicia.com\/es\/wp-json\/wp\/v2\/posts"}],"about":[{"href":"https:\/\/ppdegalicia.com\/es\/wp-json\/wp\/v2\/types\/post"}],"author":[{"embeddable":true,"href":"https:\/\/ppdegalicia.com\/es\/wp-json\/wp\/v2\/users\/37"}],"replies":[{"embeddable":true,"href":"https:\/\/ppdegalicia.com\/es\/wp-json\/wp\/v2\/comments?post=53140"}],"version-history":[{"count":0,"href":"https:\/\/ppdegalicia.com\/es\/wp-json\/wp\/v2\/posts\/53140\/revisions"}],"wp:attachment":[{"href":"https:\/\/ppdegalicia.com\/es\/wp-json\/wp\/v2\/media?parent=53140"}],"wp:term":[{"taxonomy":"category","embeddable":true,"href":"https:\/\/ppdegalicia.com\/es\/wp-json\/wp\/v2\/categories?post=53140"},{"taxonomy":"post_tag","embeddable":true,"href":"https:\/\/ppdegalicia.com\/es\/wp-json\/wp\/v2\/tags?post=53140"}],"curies":[{"name":"wp","href":"https:\/\/api.w.org\/{rel}","templated":true}]}}