{"id":53141,"date":"2018-01-18T12:51:34","date_gmt":"2018-01-18T10:51:34","guid":{"rendered":"https:\/\/ppdegalicia.com\/o-parlamento-galego-demanda-medidas-para-frear-os-efectos-negativos-da-revenda-de-entradas-por-internet\/"},"modified":"2018-01-18T12:51:34","modified_gmt":"2018-01-18T10:51:34","slug":"o-parlamento-galego-demanda-medidas-para-frear-os-efectos-negativos-da-revenda-de-entradas-por-internet","status":"publish","type":"post","link":"https:\/\/ppdegalicia.com\/es\/o-parlamento-galego-demanda-medidas-para-frear-os-efectos-negativos-da-revenda-de-entradas-por-internet\/","title":{"rendered":"O Parlamento galego demanda medidas para frear os efectos negativos da revenda de entradas por internet"},"content":{"rendered":"<p>Santiago, 18 de xaneiro de 2018.- O Parlamento de Galicia aprobou esta ma\u00f1\u00e1 unha proposici\u00f3n non de lei impulsada polo Grupo Popular a trav\u00e9s da que se insta \u00e1 Xunta a adoptar, dentro do seu \u00e1mbito competencial e en colaboraci\u00f3n coa Administraci\u00f3n xeral do Estado, as\u00ed como cos sectores interesados, medidas que contrib\u00faan a frear os efectos negativos da revenda de entradas de espect\u00e1culos en internet e que lles proporcionen aos consumidores maiores garant\u00edas.<\/p>\n<p><!--more--><\/p>\n<p>&nbsp;<\/p>\n<p>&nbsp;<\/p>\n<p>A deputada popular Teresa Egerique sinalou que \u201co impulso experimentado polo uso da internet e das redes sociais propiciou en pouco tempo un fen\u00f3meno que xerou novos modelos de negocio baseados en proporcionar maiores oportunidades de circulaci\u00f3n a produtos e servizos xa existentes, apoiados nas interacci\u00f3ns entre os usuarios\u201d.<\/p>\n<p>&nbsp;<\/p>\n<p><strong>&nbsp;&nbsp; &nbsp;<\/strong><br \/><strong>REVENDA EN MINUTOS<\/strong><\/p>\n<p>&nbsp;<\/p>\n<p>Neste sentido, Egerique indicou que \u201cen moitas ocasi\u00f3ns tan s\u00f3 uns minutos despois do inicio da venda telem\u00e1tica de entradas a trav\u00e9s das canles oficiais de distribuci\u00f3n, p\u00f3\u00f1ense xa a disposici\u00f3ns dos usuarios numerosos billetes para eses mesmos espect\u00e1culos en p\u00e1xinas de revenda por prezos superiores\u201d.<\/p>\n<p>&nbsp;<\/p>\n<p>Diante desta situaci\u00f3n, un grupo de artistas constitu\u00edu a chamada Alianza Antireventa, unha plataforma que ten por obxecto solicitar ao Goberno central e auton\u00f3mico que diten as disposici\u00f3ns necesarias para po\u00f1er fin \u00e1s pr\u00e1cticas de revenda masiva de entradas para espect\u00e1culos culturais e deportivos a trav\u00e9s de webs de venda non autorizadas polos promotores. Do mesmo xeito, a OCU tam\u00e9n pediu que se modifique a normativa e se proporcionen maiores garant\u00edas aos consumidores.<\/p>\n<p>&nbsp;<\/p>\n<p><strong>TRABALLO CONXUNTO<\/strong><\/p>\n<p>&nbsp;<\/p>\n<p>As\u00ed mesmo, o Goberno central est\u00e1 a traballar conxuntamente con artistas, promotores e consumidores na identificaci\u00f3n das medidas necesarias para frear os efectos negativos da revenda telem\u00e1tica de entradas, creando unha comisi\u00f3n de estudo sobre as posibilidades de intervenci\u00f3n en materia de revenda de entradas ou facendo unha consulta p\u00fablica previa sobre a revenda telem\u00e1tica.<\/p>\n<p>&nbsp;<\/p>\n<p>Teresa Egerique lembrou que a recentemente aprobada Lei de espect\u00e1culos p\u00fablicos e actividades recreativas de Galicia \u201cxa contempla esta situaci\u00f3n prohibindo a revenda de entradas de papel ou en calquera medio ou soporte electr\u00f3nico, ademais de considerar a revenda de entradas como unha infracci\u00f3n grave\u201d.<\/p>\n","protected":false},"excerpt":{"rendered":"<p>Santiago, 18 de xaneiro de 2018.- O Parlamento de Galicia aprobou esta ma\u00f1\u00e1 unha proposici\u00f3n non de lei impulsada polo Grupo Popular a trav\u00e9s da que se insta \u00e1 Xunta a adoptar, dentro do seu \u00e1mbito competencial e en colaboraci\u00f3n coa Administraci\u00f3n xeral do Estado, as\u00ed como cos sectores interesados, medidas que contrib\u00faan a frear [&hellip;]<\/p>\n","protected":false},"author":37,"featured_media":0,"comment_status":"open","ping_status":"open","sticky":false,"template":"","format":"standard","meta":{"_acf_changed":false,"footnotes":""},"categories":[1],"tags":[],"class_list":["post-53141","post","type-post","status-publish","format-standard","hentry","category-pp-de-galicia"],"acf":[],"yoast_head":"<!-- This site is optimized with the Yoast SEO plugin v27.3 - https:\/\/yoast.com\/product\/yoast-seo-wordpress\/ -->\n<title>O Parlamento galego demanda medidas para frear os efectos negativos da revenda de entradas por internet - PP de Galicia<\/title>\n<meta name=\"robots\" content=\"index, follow, max-snippet:-1, max-image-preview:large, max-video-preview:-1\" \/>\n<link rel=\"canonical\" href=\"https:\/\/ppdegalicia.com\/es\/o-parlamento-galego-demanda-medidas-para-frear-os-efectos-negativos-da-revenda-de-entradas-por-internet\/\" \/>\n<meta property=\"og:locale\" content=\"es_ES\" \/>\n<meta property=\"og:type\" content=\"article\" \/>\n<meta property=\"og:title\" content=\"O Parlamento galego demanda medidas para frear os efectos negativos da revenda de entradas por internet - PP de Galicia\" \/>\n<meta property=\"og:description\" content=\"Santiago, 18 de xaneiro de 2018.- O Parlamento de Galicia aprobou esta ma\u00f1\u00e1 unha proposici\u00f3n non de lei impulsada polo Grupo Popular a trav\u00e9s da que se insta \u00e1 Xunta a adoptar, dentro do seu \u00e1mbito competencial e en colaboraci\u00f3n coa Administraci\u00f3n xeral do Estado, as\u00ed como cos sectores interesados, medidas que contrib\u00faan a frear [&hellip;]\" \/>\n<meta property=\"og:url\" content=\"https:\/\/ppdegalicia.com\/es\/o-parlamento-galego-demanda-medidas-para-frear-os-efectos-negativos-da-revenda-de-entradas-por-internet\/\" \/>\n<meta property=\"og:site_name\" content=\"PP de Galicia\" \/>\n<meta property=\"article:publisher\" content=\"https:\/\/www.instagram.com\/ppdegalicia\/\" \/>\n<meta property=\"article:published_time\" content=\"2018-01-18T10:51:34+00:00\" \/>\n<meta name=\"author\" content=\"Super User\" \/>\n<meta name=\"twitter:card\" content=\"summary_large_image\" \/>\n<meta name=\"twitter:creator\" content=\"@ppdegalicia\" \/>\n<meta name=\"twitter:site\" content=\"@ppdegalicia\" \/>\n<meta name=\"twitter:label1\" content=\"Escrito por\" \/>\n\t<meta name=\"twitter:data1\" content=\"Super User\" \/>\n\t<meta name=\"twitter:label2\" content=\"Tiempo de lectura\" \/>\n\t<meta name=\"twitter:data2\" content=\"2 minutos\" \/>\n<script type=\"application\/ld+json\" class=\"yoast-schema-graph\">{\"@context\":\"https:\\\/\\\/schema.org\",\"@graph\":[{\"@type\":\"Article\",\"@id\":\"https:\\\/\\\/ppdegalicia.com\\\/es\\\/o-parlamento-galego-demanda-medidas-para-frear-os-efectos-negativos-da-revenda-de-entradas-por-internet\\\/#article\",\"isPartOf\":{\"@id\":\"https:\\\/\\\/ppdegalicia.com\\\/es\\\/o-parlamento-galego-demanda-medidas-para-frear-os-efectos-negativos-da-revenda-de-entradas-por-internet\\\/\"},\"author\":{\"name\":\"Super User\",\"@id\":\"https:\\\/\\\/ppdegalicia.com\\\/es\\\/#\\\/schema\\\/person\\\/d0f013b8388c980665d44009ab762960\"},\"headline\":\"O Parlamento galego demanda medidas para frear os efectos negativos da revenda de entradas por internet\",\"datePublished\":\"2018-01-18T10:51:34+00:00\",\"mainEntityOfPage\":{\"@id\":\"https:\\\/\\\/ppdegalicia.com\\\/es\\\/o-parlamento-galego-demanda-medidas-para-frear-os-efectos-negativos-da-revenda-de-entradas-por-internet\\\/\"},\"wordCount\":411,\"commentCount\":0,\"publisher\":{\"@id\":\"https:\\\/\\\/ppdegalicia.com\\\/es\\\/#organization\"},\"articleSection\":[\"PP de Galicia\"],\"inLanguage\":\"es\",\"potentialAction\":[{\"@type\":\"CommentAction\",\"name\":\"Comment\",\"target\":[\"https:\\\/\\\/ppdegalicia.com\\\/es\\\/o-parlamento-galego-demanda-medidas-para-frear-os-efectos-negativos-da-revenda-de-entradas-por-internet\\\/#respond\"]}]},{\"@type\":\"WebPage\",\"@id\":\"https:\\\/\\\/ppdegalicia.com\\\/es\\\/o-parlamento-galego-demanda-medidas-para-frear-os-efectos-negativos-da-revenda-de-entradas-por-internet\\\/\",\"url\":\"https:\\\/\\\/ppdegalicia.com\\\/es\\\/o-parlamento-galego-demanda-medidas-para-frear-os-efectos-negativos-da-revenda-de-entradas-por-internet\\\/\",\"name\":\"O Parlamento galego demanda medidas para frear os efectos negativos da revenda de entradas por internet - PP de Galicia\",\"isPartOf\":{\"@id\":\"https:\\\/\\\/ppdegalicia.com\\\/es\\\/#website\"},\"datePublished\":\"2018-01-18T10:51:34+00:00\",\"breadcrumb\":{\"@id\":\"https:\\\/\\\/ppdegalicia.com\\\/es\\\/o-parlamento-galego-demanda-medidas-para-frear-os-efectos-negativos-da-revenda-de-entradas-por-internet\\\/#breadcrumb\"},\"inLanguage\":\"es\",\"potentialAction\":[{\"@type\":\"ReadAction\",\"target\":[\"https:\\\/\\\/ppdegalicia.com\\\/es\\\/o-parlamento-galego-demanda-medidas-para-frear-os-efectos-negativos-da-revenda-de-entradas-por-internet\\\/\"]}]},{\"@type\":\"BreadcrumbList\",\"@id\":\"https:\\\/\\\/ppdegalicia.com\\\/es\\\/o-parlamento-galego-demanda-medidas-para-frear-os-efectos-negativos-da-revenda-de-entradas-por-internet\\\/#breadcrumb\",\"itemListElement\":[{\"@type\":\"ListItem\",\"position\":1,\"name\":\"Portada\",\"item\":\"https:\\\/\\\/ppdegalicia.com\\\/es\\\/\"},{\"@type\":\"ListItem\",\"position\":2,\"name\":\"O Parlamento galego demanda medidas para frear os efectos negativos da revenda de entradas por internet\"}]},{\"@type\":\"WebSite\",\"@id\":\"https:\\\/\\\/ppdegalicia.com\\\/es\\\/#website\",\"url\":\"https:\\\/\\\/ppdegalicia.com\\\/es\\\/\",\"name\":\"Partido Popular de Galicia\",\"description\":\"Partido Popular de Galicia\",\"publisher\":{\"@id\":\"https:\\\/\\\/ppdegalicia.com\\\/es\\\/#organization\"},\"alternateName\":\"PP de Galicia\",\"potentialAction\":[{\"@type\":\"SearchAction\",\"target\":{\"@type\":\"EntryPoint\",\"urlTemplate\":\"https:\\\/\\\/ppdegalicia.com\\\/es\\\/?s={search_term_string}\"},\"query-input\":{\"@type\":\"PropertyValueSpecification\",\"valueRequired\":true,\"valueName\":\"search_term_string\"}}],\"inLanguage\":\"es\"},{\"@type\":\"Organization\",\"@id\":\"https:\\\/\\\/ppdegalicia.com\\\/es\\\/#organization\",\"name\":\"Partido Popular de Galicia\",\"alternateName\":\"PP de Galicia\",\"url\":\"https:\\\/\\\/ppdegalicia.com\\\/es\\\/\",\"logo\":{\"@type\":\"ImageObject\",\"inLanguage\":\"es\",\"@id\":\"https:\\\/\\\/ppdegalicia.com\\\/es\\\/#\\\/schema\\\/logo\\\/image\\\/\",\"url\":\"https:\\\/\\\/ppdegalicia.com\\\/wp-content\\\/uploads\\\/2023\\\/04\\\/logoPP512.png\",\"contentUrl\":\"https:\\\/\\\/ppdegalicia.com\\\/wp-content\\\/uploads\\\/2023\\\/04\\\/logoPP512.png\",\"width\":512,\"height\":512,\"caption\":\"Partido Popular de Galicia\"},\"image\":{\"@id\":\"https:\\\/\\\/ppdegalicia.com\\\/es\\\/#\\\/schema\\\/logo\\\/image\\\/\"},\"sameAs\":[\"https:\\\/\\\/www.instagram.com\\\/ppdegalicia\\\/\",\"https:\\\/\\\/x.com\\\/ppdegalicia\",\"https:\\\/\\\/www.tiktok.com\\\/@ppdegalicia\",\"https:\\\/\\\/www.youtube.com\\\/user\\\/ppdegalicia\"]},{\"@type\":\"Person\",\"@id\":\"https:\\\/\\\/ppdegalicia.com\\\/es\\\/#\\\/schema\\\/person\\\/d0f013b8388c980665d44009ab762960\",\"name\":\"Super User\",\"image\":{\"@type\":\"ImageObject\",\"inLanguage\":\"es\",\"@id\":\"https:\\\/\\\/secure.gravatar.com\\\/avatar\\\/1db852625ef4948f58d2739bfbc51e4b9bd5c93b8fa340b59fdb594ca0845645?s=96&d=mm&r=g\",\"url\":\"https:\\\/\\\/secure.gravatar.com\\\/avatar\\\/1db852625ef4948f58d2739bfbc51e4b9bd5c93b8fa340b59fdb594ca0845645?s=96&d=mm&r=g\",\"contentUrl\":\"https:\\\/\\\/secure.gravatar.com\\\/avatar\\\/1db852625ef4948f58d2739bfbc51e4b9bd5c93b8fa340b59fdb594ca0845645?s=96&d=mm&r=g\",\"caption\":\"Super User\"},\"url\":\"https:\\\/\\\/ppdegalicia.com\\\/es\\\/author\\\/ppdegaliciagestion\\\/\"}]}<\/script>\n<!-- \/ Yoast SEO plugin. -->","yoast_head_json":{"title":"O Parlamento galego demanda medidas para frear os efectos negativos da revenda de entradas por internet - PP de Galicia","robots":{"index":"index","follow":"follow","max-snippet":"max-snippet:-1","max-image-preview":"max-image-preview:large","max-video-preview":"max-video-preview:-1"},"canonical":"https:\/\/ppdegalicia.com\/es\/o-parlamento-galego-demanda-medidas-para-frear-os-efectos-negativos-da-revenda-de-entradas-por-internet\/","og_locale":"es_ES","og_type":"article","og_title":"O Parlamento galego demanda medidas para frear os efectos negativos da revenda de entradas por internet - PP de Galicia","og_description":"Santiago, 18 de xaneiro de 2018.- O Parlamento de Galicia aprobou esta ma\u00f1\u00e1 unha proposici\u00f3n non de lei impulsada polo Grupo Popular a trav\u00e9s da que se insta \u00e1 Xunta a adoptar, dentro do seu \u00e1mbito competencial e en colaboraci\u00f3n coa Administraci\u00f3n xeral do Estado, as\u00ed como cos sectores interesados, medidas que contrib\u00faan a frear [&hellip;]","og_url":"https:\/\/ppdegalicia.com\/es\/o-parlamento-galego-demanda-medidas-para-frear-os-efectos-negativos-da-revenda-de-entradas-por-internet\/","og_site_name":"PP de Galicia","article_publisher":"https:\/\/www.instagram.com\/ppdegalicia\/","article_published_time":"2018-01-18T10:51:34+00:00","author":"Super User","twitter_card":"summary_large_image","twitter_creator":"@ppdegalicia","twitter_site":"@ppdegalicia","twitter_misc":{"Escrito por":"Super User","Tiempo de lectura":"2 minutos"},"schema":{"@context":"https:\/\/schema.org","@graph":[{"@type":"Article","@id":"https:\/\/ppdegalicia.com\/es\/o-parlamento-galego-demanda-medidas-para-frear-os-efectos-negativos-da-revenda-de-entradas-por-internet\/#article","isPartOf":{"@id":"https:\/\/ppdegalicia.com\/es\/o-parlamento-galego-demanda-medidas-para-frear-os-efectos-negativos-da-revenda-de-entradas-por-internet\/"},"author":{"name":"Super User","@id":"https:\/\/ppdegalicia.com\/es\/#\/schema\/person\/d0f013b8388c980665d44009ab762960"},"headline":"O Parlamento galego demanda medidas para frear os efectos negativos da revenda de entradas por internet","datePublished":"2018-01-18T10:51:34+00:00","mainEntityOfPage":{"@id":"https:\/\/ppdegalicia.com\/es\/o-parlamento-galego-demanda-medidas-para-frear-os-efectos-negativos-da-revenda-de-entradas-por-internet\/"},"wordCount":411,"commentCount":0,"publisher":{"@id":"https:\/\/ppdegalicia.com\/es\/#organization"},"articleSection":["PP de Galicia"],"inLanguage":"es","potentialAction":[{"@type":"CommentAction","name":"Comment","target":["https:\/\/ppdegalicia.com\/es\/o-parlamento-galego-demanda-medidas-para-frear-os-efectos-negativos-da-revenda-de-entradas-por-internet\/#respond"]}]},{"@type":"WebPage","@id":"https:\/\/ppdegalicia.com\/es\/o-parlamento-galego-demanda-medidas-para-frear-os-efectos-negativos-da-revenda-de-entradas-por-internet\/","url":"https:\/\/ppdegalicia.com\/es\/o-parlamento-galego-demanda-medidas-para-frear-os-efectos-negativos-da-revenda-de-entradas-por-internet\/","name":"O Parlamento galego demanda medidas para frear os efectos negativos da revenda de entradas por internet - PP de Galicia","isPartOf":{"@id":"https:\/\/ppdegalicia.com\/es\/#website"},"datePublished":"2018-01-18T10:51:34+00:00","breadcrumb":{"@id":"https:\/\/ppdegalicia.com\/es\/o-parlamento-galego-demanda-medidas-para-frear-os-efectos-negativos-da-revenda-de-entradas-por-internet\/#breadcrumb"},"inLanguage":"es","potentialAction":[{"@type":"ReadAction","target":["https:\/\/ppdegalicia.com\/es\/o-parlamento-galego-demanda-medidas-para-frear-os-efectos-negativos-da-revenda-de-entradas-por-internet\/"]}]},{"@type":"BreadcrumbList","@id":"https:\/\/ppdegalicia.com\/es\/o-parlamento-galego-demanda-medidas-para-frear-os-efectos-negativos-da-revenda-de-entradas-por-internet\/#breadcrumb","itemListElement":[{"@type":"ListItem","position":1,"name":"Portada","item":"https:\/\/ppdegalicia.com\/es\/"},{"@type":"ListItem","position":2,"name":"O Parlamento galego demanda medidas para frear os efectos negativos da revenda de entradas por internet"}]},{"@type":"WebSite","@id":"https:\/\/ppdegalicia.com\/es\/#website","url":"https:\/\/ppdegalicia.com\/es\/","name":"Partido Popular de Galicia","description":"Partido Popular de Galicia","publisher":{"@id":"https:\/\/ppdegalicia.com\/es\/#organization"},"alternateName":"PP de Galicia","potentialAction":[{"@type":"SearchAction","target":{"@type":"EntryPoint","urlTemplate":"https:\/\/ppdegalicia.com\/es\/?s={search_term_string}"},"query-input":{"@type":"PropertyValueSpecification","valueRequired":true,"valueName":"search_term_string"}}],"inLanguage":"es"},{"@type":"Organization","@id":"https:\/\/ppdegalicia.com\/es\/#organization","name":"Partido Popular de Galicia","alternateName":"PP de Galicia","url":"https:\/\/ppdegalicia.com\/es\/","logo":{"@type":"ImageObject","inLanguage":"es","@id":"https:\/\/ppdegalicia.com\/es\/#\/schema\/logo\/image\/","url":"https:\/\/ppdegalicia.com\/wp-content\/uploads\/2023\/04\/logoPP512.png","contentUrl":"https:\/\/ppdegalicia.com\/wp-content\/uploads\/2023\/04\/logoPP512.png","width":512,"height":512,"caption":"Partido Popular de Galicia"},"image":{"@id":"https:\/\/ppdegalicia.com\/es\/#\/schema\/logo\/image\/"},"sameAs":["https:\/\/www.instagram.com\/ppdegalicia\/","https:\/\/x.com\/ppdegalicia","https:\/\/www.tiktok.com\/@ppdegalicia","https:\/\/www.youtube.com\/user\/ppdegalicia"]},{"@type":"Person","@id":"https:\/\/ppdegalicia.com\/es\/#\/schema\/person\/d0f013b8388c980665d44009ab762960","name":"Super User","image":{"@type":"ImageObject","inLanguage":"es","@id":"https:\/\/secure.gravatar.com\/avatar\/1db852625ef4948f58d2739bfbc51e4b9bd5c93b8fa340b59fdb594ca0845645?s=96&d=mm&r=g","url":"https:\/\/secure.gravatar.com\/avatar\/1db852625ef4948f58d2739bfbc51e4b9bd5c93b8fa340b59fdb594ca0845645?s=96&d=mm&r=g","contentUrl":"https:\/\/secure.gravatar.com\/avatar\/1db852625ef4948f58d2739bfbc51e4b9bd5c93b8fa340b59fdb594ca0845645?s=96&d=mm&r=g","caption":"Super User"},"url":"https:\/\/ppdegalicia.com\/es\/author\/ppdegaliciagestion\/"}]}},"_links":{"self":[{"href":"https:\/\/ppdegalicia.com\/es\/wp-json\/wp\/v2\/posts\/53141","targetHints":{"allow":["GET"]}}],"collection":[{"href":"https:\/\/ppdegalicia.com\/es\/wp-json\/wp\/v2\/posts"}],"about":[{"href":"https:\/\/ppdegalicia.com\/es\/wp-json\/wp\/v2\/types\/post"}],"author":[{"embeddable":true,"href":"https:\/\/ppdegalicia.com\/es\/wp-json\/wp\/v2\/users\/37"}],"replies":[{"embeddable":true,"href":"https:\/\/ppdegalicia.com\/es\/wp-json\/wp\/v2\/comments?post=53141"}],"version-history":[{"count":0,"href":"https:\/\/ppdegalicia.com\/es\/wp-json\/wp\/v2\/posts\/53141\/revisions"}],"wp:attachment":[{"href":"https:\/\/ppdegalicia.com\/es\/wp-json\/wp\/v2\/media?parent=53141"}],"wp:term":[{"taxonomy":"category","embeddable":true,"href":"https:\/\/ppdegalicia.com\/es\/wp-json\/wp\/v2\/categories?post=53141"},{"taxonomy":"post_tag","embeddable":true,"href":"https:\/\/ppdegalicia.com\/es\/wp-json\/wp\/v2\/tags?post=53141"}],"curies":[{"name":"wp","href":"https:\/\/api.w.org\/{rel}","templated":true}]}}