{"id":53142,"date":"2018-01-18T12:54:20","date_gmt":"2018-01-18T10:54:20","guid":{"rendered":"https:\/\/ppdegalicia.com\/o-parlamento-insta-a-xunta-a-avaliar-o-estudo-tecnico-que-se-esta-elaborando-sobre-a-conservacion-dos-frescos-das-igrexas-dos-vilares-e-labrada-en-guitiriz\/"},"modified":"2018-01-18T12:54:20","modified_gmt":"2018-01-18T10:54:20","slug":"o-parlamento-insta-a-xunta-a-avaliar-o-estudo-tecnico-que-se-esta-elaborando-sobre-a-conservacion-dos-frescos-das-igrexas-dos-vilares-e-labrada-en-guitiriz","status":"publish","type":"post","link":"https:\/\/ppdegalicia.com\/es\/o-parlamento-insta-a-xunta-a-avaliar-o-estudo-tecnico-que-se-esta-elaborando-sobre-a-conservacion-dos-frescos-das-igrexas-dos-vilares-e-labrada-en-guitiriz\/","title":{"rendered":"O Parlamento insta \u00e1 Xunta a avaliar o estudo t\u00e9cnico que se est\u00e1 elaborando sobre a conservaci\u00f3n dos frescos  das igrexas dos Vilares e Labrada en Guitiriz"},"content":{"rendered":"<p>Santiago, 18 de xaneiro de 2018.- O Parlamento de Galicia aprobou hoxe, logo dunha transacci\u00f3n entre o Grupo Popular e o BNG, e coa \u00fanica abstenci\u00f3n do Grupo Socialista, unha proposici\u00f3n non de lei a trav\u00e9s da que se insta \u00e1 Xunta a avaliar o estudo t\u00e9cnico que se est\u00e1 elaborando sobre a conservaci\u00f3n dos frescos das igrexas parroquiais dos Vilares e Labrada en Guitiriz, e abrir un espazo de di\u00e1logo co Arcebispado, o Concello e a Deputaci\u00f3n de Lugo para acometer as actuaci\u00f3ns de consolidaci\u00f3n e restauraci\u00f3n que sexan precisas.<\/p>\n<p><!--more--><\/p>\n<p>&nbsp;<\/p>\n<p>&nbsp;<\/p>\n<p>O deputado popular Carlos G\u00f3mez Salgado lembrou que neste momento est\u00e1 en proceso un informe encargado pola Asociaci\u00f3n Veci\u00f1al Lareira dos So\u00f1os de Vilares, xunto cos propios p\u00e1rrocos das igrexas de Labrada e Os Vilares, para ter unha avaliaci\u00f3n completa do estado dos frescos existentes nestes templos.<\/p>\n<p>&nbsp;<\/p>\n<p><strong>DI\u00c1LOGO<\/strong><\/p>\n<p>&nbsp;<\/p>\n<p>\u201cUnha vez rematado este informe e determinada a situaci\u00f3n dos frescos, poderemos iniciar o di\u00e1logo preciso entre os propietarios e as administraci\u00f3ns p\u00fablicas competentes para desenvolver os traballos e acci\u00f3ns necesarias para a conservaci\u00f3n destas pinturas murais\u201d, indicou.<\/p>\n<p>&nbsp;<\/p>\n<p>Carlos G\u00f3mez subli\u00f1ou \u201ca relevancia destas pinturas atopadas nos anos 90 nas igrexas parroquiais dos Vilares e Labrada no concello lucense de Guitiriz, as\u00ed como a nosa preocupaci\u00f3n e interese por frear o seu deterioro e garantir a s\u00faa conservaci\u00f3n\u201d.<\/p>\n","protected":false},"excerpt":{"rendered":"<p>Santiago, 18 de xaneiro de 2018.- O Parlamento de Galicia aprobou hoxe, logo dunha transacci\u00f3n entre o Grupo Popular e o BNG, e coa \u00fanica abstenci\u00f3n do Grupo Socialista, unha proposici\u00f3n non de lei a trav\u00e9s da que se insta \u00e1 Xunta a avaliar o estudo t\u00e9cnico que se est\u00e1 elaborando sobre a conservaci\u00f3n dos [&hellip;]<\/p>\n","protected":false},"author":37,"featured_media":0,"comment_status":"open","ping_status":"open","sticky":false,"template":"","format":"standard","meta":{"_acf_changed":false,"footnotes":""},"categories":[1],"tags":[],"class_list":["post-53142","post","type-post","status-publish","format-standard","hentry","category-pp-de-galicia"],"acf":[],"yoast_head":"<!-- This site is optimized with the Yoast SEO plugin v27.3 - https:\/\/yoast.com\/product\/yoast-seo-wordpress\/ -->\n<title>O Parlamento insta \u00e1 Xunta a avaliar o estudo t\u00e9cnico que se est\u00e1 elaborando sobre a conservaci\u00f3n dos frescos das igrexas dos Vilares e Labrada en Guitiriz - PP de Galicia<\/title>\n<meta name=\"robots\" content=\"index, follow, max-snippet:-1, max-image-preview:large, max-video-preview:-1\" \/>\n<link rel=\"canonical\" href=\"https:\/\/ppdegalicia.com\/es\/o-parlamento-insta-a-xunta-a-avaliar-o-estudo-tecnico-que-se-esta-elaborando-sobre-a-conservacion-dos-frescos-das-igrexas-dos-vilares-e-labrada-en-guitiriz\/\" \/>\n<meta property=\"og:locale\" content=\"es_ES\" \/>\n<meta property=\"og:type\" content=\"article\" \/>\n<meta property=\"og:title\" content=\"O Parlamento insta \u00e1 Xunta a avaliar o estudo t\u00e9cnico que se est\u00e1 elaborando sobre a conservaci\u00f3n dos frescos das igrexas dos Vilares e Labrada en Guitiriz - PP de Galicia\" \/>\n<meta property=\"og:description\" content=\"Santiago, 18 de xaneiro de 2018.- O Parlamento de Galicia aprobou hoxe, logo dunha transacci\u00f3n entre o Grupo Popular e o BNG, e coa \u00fanica abstenci\u00f3n do Grupo Socialista, unha proposici\u00f3n non de lei a trav\u00e9s da que se insta \u00e1 Xunta a avaliar o estudo t\u00e9cnico que se est\u00e1 elaborando sobre a conservaci\u00f3n dos [&hellip;]\" \/>\n<meta property=\"og:url\" content=\"https:\/\/ppdegalicia.com\/es\/o-parlamento-insta-a-xunta-a-avaliar-o-estudo-tecnico-que-se-esta-elaborando-sobre-a-conservacion-dos-frescos-das-igrexas-dos-vilares-e-labrada-en-guitiriz\/\" \/>\n<meta property=\"og:site_name\" content=\"PP de Galicia\" \/>\n<meta property=\"article:publisher\" content=\"https:\/\/www.instagram.com\/ppdegalicia\/\" \/>\n<meta property=\"article:published_time\" content=\"2018-01-18T10:54:20+00:00\" \/>\n<meta name=\"author\" content=\"Super User\" \/>\n<meta name=\"twitter:card\" content=\"summary_large_image\" \/>\n<meta name=\"twitter:creator\" content=\"@ppdegalicia\" \/>\n<meta name=\"twitter:site\" content=\"@ppdegalicia\" \/>\n<meta name=\"twitter:label1\" content=\"Escrito por\" \/>\n\t<meta name=\"twitter:data1\" content=\"Super User\" \/>\n\t<meta name=\"twitter:label2\" content=\"Tiempo de lectura\" \/>\n\t<meta name=\"twitter:data2\" content=\"1 minuto\" \/>\n<script type=\"application\/ld+json\" class=\"yoast-schema-graph\">{\"@context\":\"https:\\\/\\\/schema.org\",\"@graph\":[{\"@type\":\"Article\",\"@id\":\"https:\\\/\\\/ppdegalicia.com\\\/es\\\/o-parlamento-insta-a-xunta-a-avaliar-o-estudo-tecnico-que-se-esta-elaborando-sobre-a-conservacion-dos-frescos-das-igrexas-dos-vilares-e-labrada-en-guitiriz\\\/#article\",\"isPartOf\":{\"@id\":\"https:\\\/\\\/ppdegalicia.com\\\/es\\\/o-parlamento-insta-a-xunta-a-avaliar-o-estudo-tecnico-que-se-esta-elaborando-sobre-a-conservacion-dos-frescos-das-igrexas-dos-vilares-e-labrada-en-guitiriz\\\/\"},\"author\":{\"name\":\"Super User\",\"@id\":\"https:\\\/\\\/ppdegalicia.com\\\/es\\\/#\\\/schema\\\/person\\\/d0f013b8388c980665d44009ab762960\"},\"headline\":\"O Parlamento insta \u00e1 Xunta a avaliar o estudo t\u00e9cnico que se est\u00e1 elaborando sobre a conservaci\u00f3n dos frescos das igrexas dos Vilares e Labrada en Guitiriz\",\"datePublished\":\"2018-01-18T10:54:20+00:00\",\"mainEntityOfPage\":{\"@id\":\"https:\\\/\\\/ppdegalicia.com\\\/es\\\/o-parlamento-insta-a-xunta-a-avaliar-o-estudo-tecnico-que-se-esta-elaborando-sobre-a-conservacion-dos-frescos-das-igrexas-dos-vilares-e-labrada-en-guitiriz\\\/\"},\"wordCount\":276,\"commentCount\":0,\"publisher\":{\"@id\":\"https:\\\/\\\/ppdegalicia.com\\\/es\\\/#organization\"},\"articleSection\":[\"PP de Galicia\"],\"inLanguage\":\"es\",\"potentialAction\":[{\"@type\":\"CommentAction\",\"name\":\"Comment\",\"target\":[\"https:\\\/\\\/ppdegalicia.com\\\/es\\\/o-parlamento-insta-a-xunta-a-avaliar-o-estudo-tecnico-que-se-esta-elaborando-sobre-a-conservacion-dos-frescos-das-igrexas-dos-vilares-e-labrada-en-guitiriz\\\/#respond\"]}]},{\"@type\":\"WebPage\",\"@id\":\"https:\\\/\\\/ppdegalicia.com\\\/es\\\/o-parlamento-insta-a-xunta-a-avaliar-o-estudo-tecnico-que-se-esta-elaborando-sobre-a-conservacion-dos-frescos-das-igrexas-dos-vilares-e-labrada-en-guitiriz\\\/\",\"url\":\"https:\\\/\\\/ppdegalicia.com\\\/es\\\/o-parlamento-insta-a-xunta-a-avaliar-o-estudo-tecnico-que-se-esta-elaborando-sobre-a-conservacion-dos-frescos-das-igrexas-dos-vilares-e-labrada-en-guitiriz\\\/\",\"name\":\"O Parlamento insta \u00e1 Xunta a avaliar o estudo t\u00e9cnico que se est\u00e1 elaborando sobre a conservaci\u00f3n dos frescos das igrexas dos Vilares e Labrada en Guitiriz - PP de Galicia\",\"isPartOf\":{\"@id\":\"https:\\\/\\\/ppdegalicia.com\\\/es\\\/#website\"},\"datePublished\":\"2018-01-18T10:54:20+00:00\",\"breadcrumb\":{\"@id\":\"https:\\\/\\\/ppdegalicia.com\\\/es\\\/o-parlamento-insta-a-xunta-a-avaliar-o-estudo-tecnico-que-se-esta-elaborando-sobre-a-conservacion-dos-frescos-das-igrexas-dos-vilares-e-labrada-en-guitiriz\\\/#breadcrumb\"},\"inLanguage\":\"es\",\"potentialAction\":[{\"@type\":\"ReadAction\",\"target\":[\"https:\\\/\\\/ppdegalicia.com\\\/es\\\/o-parlamento-insta-a-xunta-a-avaliar-o-estudo-tecnico-que-se-esta-elaborando-sobre-a-conservacion-dos-frescos-das-igrexas-dos-vilares-e-labrada-en-guitiriz\\\/\"]}]},{\"@type\":\"BreadcrumbList\",\"@id\":\"https:\\\/\\\/ppdegalicia.com\\\/es\\\/o-parlamento-insta-a-xunta-a-avaliar-o-estudo-tecnico-que-se-esta-elaborando-sobre-a-conservacion-dos-frescos-das-igrexas-dos-vilares-e-labrada-en-guitiriz\\\/#breadcrumb\",\"itemListElement\":[{\"@type\":\"ListItem\",\"position\":1,\"name\":\"Portada\",\"item\":\"https:\\\/\\\/ppdegalicia.com\\\/es\\\/\"},{\"@type\":\"ListItem\",\"position\":2,\"name\":\"O Parlamento insta \u00e1 Xunta a avaliar o estudo t\u00e9cnico que se est\u00e1 elaborando sobre a conservaci\u00f3n dos frescos das igrexas dos Vilares e Labrada en Guitiriz\"}]},{\"@type\":\"WebSite\",\"@id\":\"https:\\\/\\\/ppdegalicia.com\\\/es\\\/#website\",\"url\":\"https:\\\/\\\/ppdegalicia.com\\\/es\\\/\",\"name\":\"Partido Popular de Galicia\",\"description\":\"Partido Popular de Galicia\",\"publisher\":{\"@id\":\"https:\\\/\\\/ppdegalicia.com\\\/es\\\/#organization\"},\"alternateName\":\"PP de Galicia\",\"potentialAction\":[{\"@type\":\"SearchAction\",\"target\":{\"@type\":\"EntryPoint\",\"urlTemplate\":\"https:\\\/\\\/ppdegalicia.com\\\/es\\\/?s={search_term_string}\"},\"query-input\":{\"@type\":\"PropertyValueSpecification\",\"valueRequired\":true,\"valueName\":\"search_term_string\"}}],\"inLanguage\":\"es\"},{\"@type\":\"Organization\",\"@id\":\"https:\\\/\\\/ppdegalicia.com\\\/es\\\/#organization\",\"name\":\"Partido Popular de Galicia\",\"alternateName\":\"PP de Galicia\",\"url\":\"https:\\\/\\\/ppdegalicia.com\\\/es\\\/\",\"logo\":{\"@type\":\"ImageObject\",\"inLanguage\":\"es\",\"@id\":\"https:\\\/\\\/ppdegalicia.com\\\/es\\\/#\\\/schema\\\/logo\\\/image\\\/\",\"url\":\"https:\\\/\\\/ppdegalicia.com\\\/wp-content\\\/uploads\\\/2023\\\/04\\\/logoPP512.png\",\"contentUrl\":\"https:\\\/\\\/ppdegalicia.com\\\/wp-content\\\/uploads\\\/2023\\\/04\\\/logoPP512.png\",\"width\":512,\"height\":512,\"caption\":\"Partido Popular de Galicia\"},\"image\":{\"@id\":\"https:\\\/\\\/ppdegalicia.com\\\/es\\\/#\\\/schema\\\/logo\\\/image\\\/\"},\"sameAs\":[\"https:\\\/\\\/www.instagram.com\\\/ppdegalicia\\\/\",\"https:\\\/\\\/x.com\\\/ppdegalicia\",\"https:\\\/\\\/www.tiktok.com\\\/@ppdegalicia\",\"https:\\\/\\\/www.youtube.com\\\/user\\\/ppdegalicia\"]},{\"@type\":\"Person\",\"@id\":\"https:\\\/\\\/ppdegalicia.com\\\/es\\\/#\\\/schema\\\/person\\\/d0f013b8388c980665d44009ab762960\",\"name\":\"Super User\",\"image\":{\"@type\":\"ImageObject\",\"inLanguage\":\"es\",\"@id\":\"https:\\\/\\\/secure.gravatar.com\\\/avatar\\\/1db852625ef4948f58d2739bfbc51e4b9bd5c93b8fa340b59fdb594ca0845645?s=96&d=mm&r=g\",\"url\":\"https:\\\/\\\/secure.gravatar.com\\\/avatar\\\/1db852625ef4948f58d2739bfbc51e4b9bd5c93b8fa340b59fdb594ca0845645?s=96&d=mm&r=g\",\"contentUrl\":\"https:\\\/\\\/secure.gravatar.com\\\/avatar\\\/1db852625ef4948f58d2739bfbc51e4b9bd5c93b8fa340b59fdb594ca0845645?s=96&d=mm&r=g\",\"caption\":\"Super User\"},\"url\":\"https:\\\/\\\/ppdegalicia.com\\\/es\\\/author\\\/ppdegaliciagestion\\\/\"}]}<\/script>\n<!-- \/ Yoast SEO plugin. -->","yoast_head_json":{"title":"O Parlamento insta \u00e1 Xunta a avaliar o estudo t\u00e9cnico que se est\u00e1 elaborando sobre a conservaci\u00f3n dos frescos das igrexas dos Vilares e Labrada en Guitiriz - PP de Galicia","robots":{"index":"index","follow":"follow","max-snippet":"max-snippet:-1","max-image-preview":"max-image-preview:large","max-video-preview":"max-video-preview:-1"},"canonical":"https:\/\/ppdegalicia.com\/es\/o-parlamento-insta-a-xunta-a-avaliar-o-estudo-tecnico-que-se-esta-elaborando-sobre-a-conservacion-dos-frescos-das-igrexas-dos-vilares-e-labrada-en-guitiriz\/","og_locale":"es_ES","og_type":"article","og_title":"O Parlamento insta \u00e1 Xunta a avaliar o estudo t\u00e9cnico que se est\u00e1 elaborando sobre a conservaci\u00f3n dos frescos das igrexas dos Vilares e Labrada en Guitiriz - PP de Galicia","og_description":"Santiago, 18 de xaneiro de 2018.- O Parlamento de Galicia aprobou hoxe, logo dunha transacci\u00f3n entre o Grupo Popular e o BNG, e coa \u00fanica abstenci\u00f3n do Grupo Socialista, unha proposici\u00f3n non de lei a trav\u00e9s da que se insta \u00e1 Xunta a avaliar o estudo t\u00e9cnico que se est\u00e1 elaborando sobre a conservaci\u00f3n dos [&hellip;]","og_url":"https:\/\/ppdegalicia.com\/es\/o-parlamento-insta-a-xunta-a-avaliar-o-estudo-tecnico-que-se-esta-elaborando-sobre-a-conservacion-dos-frescos-das-igrexas-dos-vilares-e-labrada-en-guitiriz\/","og_site_name":"PP de Galicia","article_publisher":"https:\/\/www.instagram.com\/ppdegalicia\/","article_published_time":"2018-01-18T10:54:20+00:00","author":"Super User","twitter_card":"summary_large_image","twitter_creator":"@ppdegalicia","twitter_site":"@ppdegalicia","twitter_misc":{"Escrito por":"Super User","Tiempo de lectura":"1 minuto"},"schema":{"@context":"https:\/\/schema.org","@graph":[{"@type":"Article","@id":"https:\/\/ppdegalicia.com\/es\/o-parlamento-insta-a-xunta-a-avaliar-o-estudo-tecnico-que-se-esta-elaborando-sobre-a-conservacion-dos-frescos-das-igrexas-dos-vilares-e-labrada-en-guitiriz\/#article","isPartOf":{"@id":"https:\/\/ppdegalicia.com\/es\/o-parlamento-insta-a-xunta-a-avaliar-o-estudo-tecnico-que-se-esta-elaborando-sobre-a-conservacion-dos-frescos-das-igrexas-dos-vilares-e-labrada-en-guitiriz\/"},"author":{"name":"Super User","@id":"https:\/\/ppdegalicia.com\/es\/#\/schema\/person\/d0f013b8388c980665d44009ab762960"},"headline":"O Parlamento insta \u00e1 Xunta a avaliar o estudo t\u00e9cnico que se est\u00e1 elaborando sobre a conservaci\u00f3n dos frescos das igrexas dos Vilares e Labrada en Guitiriz","datePublished":"2018-01-18T10:54:20+00:00","mainEntityOfPage":{"@id":"https:\/\/ppdegalicia.com\/es\/o-parlamento-insta-a-xunta-a-avaliar-o-estudo-tecnico-que-se-esta-elaborando-sobre-a-conservacion-dos-frescos-das-igrexas-dos-vilares-e-labrada-en-guitiriz\/"},"wordCount":276,"commentCount":0,"publisher":{"@id":"https:\/\/ppdegalicia.com\/es\/#organization"},"articleSection":["PP de Galicia"],"inLanguage":"es","potentialAction":[{"@type":"CommentAction","name":"Comment","target":["https:\/\/ppdegalicia.com\/es\/o-parlamento-insta-a-xunta-a-avaliar-o-estudo-tecnico-que-se-esta-elaborando-sobre-a-conservacion-dos-frescos-das-igrexas-dos-vilares-e-labrada-en-guitiriz\/#respond"]}]},{"@type":"WebPage","@id":"https:\/\/ppdegalicia.com\/es\/o-parlamento-insta-a-xunta-a-avaliar-o-estudo-tecnico-que-se-esta-elaborando-sobre-a-conservacion-dos-frescos-das-igrexas-dos-vilares-e-labrada-en-guitiriz\/","url":"https:\/\/ppdegalicia.com\/es\/o-parlamento-insta-a-xunta-a-avaliar-o-estudo-tecnico-que-se-esta-elaborando-sobre-a-conservacion-dos-frescos-das-igrexas-dos-vilares-e-labrada-en-guitiriz\/","name":"O Parlamento insta \u00e1 Xunta a avaliar o estudo t\u00e9cnico que se est\u00e1 elaborando sobre a conservaci\u00f3n dos frescos das igrexas dos Vilares e Labrada en Guitiriz - PP de Galicia","isPartOf":{"@id":"https:\/\/ppdegalicia.com\/es\/#website"},"datePublished":"2018-01-18T10:54:20+00:00","breadcrumb":{"@id":"https:\/\/ppdegalicia.com\/es\/o-parlamento-insta-a-xunta-a-avaliar-o-estudo-tecnico-que-se-esta-elaborando-sobre-a-conservacion-dos-frescos-das-igrexas-dos-vilares-e-labrada-en-guitiriz\/#breadcrumb"},"inLanguage":"es","potentialAction":[{"@type":"ReadAction","target":["https:\/\/ppdegalicia.com\/es\/o-parlamento-insta-a-xunta-a-avaliar-o-estudo-tecnico-que-se-esta-elaborando-sobre-a-conservacion-dos-frescos-das-igrexas-dos-vilares-e-labrada-en-guitiriz\/"]}]},{"@type":"BreadcrumbList","@id":"https:\/\/ppdegalicia.com\/es\/o-parlamento-insta-a-xunta-a-avaliar-o-estudo-tecnico-que-se-esta-elaborando-sobre-a-conservacion-dos-frescos-das-igrexas-dos-vilares-e-labrada-en-guitiriz\/#breadcrumb","itemListElement":[{"@type":"ListItem","position":1,"name":"Portada","item":"https:\/\/ppdegalicia.com\/es\/"},{"@type":"ListItem","position":2,"name":"O Parlamento insta \u00e1 Xunta a avaliar o estudo t\u00e9cnico que se est\u00e1 elaborando sobre a conservaci\u00f3n dos frescos das igrexas dos Vilares e Labrada en Guitiriz"}]},{"@type":"WebSite","@id":"https:\/\/ppdegalicia.com\/es\/#website","url":"https:\/\/ppdegalicia.com\/es\/","name":"Partido Popular de Galicia","description":"Partido Popular de Galicia","publisher":{"@id":"https:\/\/ppdegalicia.com\/es\/#organization"},"alternateName":"PP de Galicia","potentialAction":[{"@type":"SearchAction","target":{"@type":"EntryPoint","urlTemplate":"https:\/\/ppdegalicia.com\/es\/?s={search_term_string}"},"query-input":{"@type":"PropertyValueSpecification","valueRequired":true,"valueName":"search_term_string"}}],"inLanguage":"es"},{"@type":"Organization","@id":"https:\/\/ppdegalicia.com\/es\/#organization","name":"Partido Popular de Galicia","alternateName":"PP de Galicia","url":"https:\/\/ppdegalicia.com\/es\/","logo":{"@type":"ImageObject","inLanguage":"es","@id":"https:\/\/ppdegalicia.com\/es\/#\/schema\/logo\/image\/","url":"https:\/\/ppdegalicia.com\/wp-content\/uploads\/2023\/04\/logoPP512.png","contentUrl":"https:\/\/ppdegalicia.com\/wp-content\/uploads\/2023\/04\/logoPP512.png","width":512,"height":512,"caption":"Partido Popular de Galicia"},"image":{"@id":"https:\/\/ppdegalicia.com\/es\/#\/schema\/logo\/image\/"},"sameAs":["https:\/\/www.instagram.com\/ppdegalicia\/","https:\/\/x.com\/ppdegalicia","https:\/\/www.tiktok.com\/@ppdegalicia","https:\/\/www.youtube.com\/user\/ppdegalicia"]},{"@type":"Person","@id":"https:\/\/ppdegalicia.com\/es\/#\/schema\/person\/d0f013b8388c980665d44009ab762960","name":"Super User","image":{"@type":"ImageObject","inLanguage":"es","@id":"https:\/\/secure.gravatar.com\/avatar\/1db852625ef4948f58d2739bfbc51e4b9bd5c93b8fa340b59fdb594ca0845645?s=96&d=mm&r=g","url":"https:\/\/secure.gravatar.com\/avatar\/1db852625ef4948f58d2739bfbc51e4b9bd5c93b8fa340b59fdb594ca0845645?s=96&d=mm&r=g","contentUrl":"https:\/\/secure.gravatar.com\/avatar\/1db852625ef4948f58d2739bfbc51e4b9bd5c93b8fa340b59fdb594ca0845645?s=96&d=mm&r=g","caption":"Super User"},"url":"https:\/\/ppdegalicia.com\/es\/author\/ppdegaliciagestion\/"}]}},"_links":{"self":[{"href":"https:\/\/ppdegalicia.com\/es\/wp-json\/wp\/v2\/posts\/53142","targetHints":{"allow":["GET"]}}],"collection":[{"href":"https:\/\/ppdegalicia.com\/es\/wp-json\/wp\/v2\/posts"}],"about":[{"href":"https:\/\/ppdegalicia.com\/es\/wp-json\/wp\/v2\/types\/post"}],"author":[{"embeddable":true,"href":"https:\/\/ppdegalicia.com\/es\/wp-json\/wp\/v2\/users\/37"}],"replies":[{"embeddable":true,"href":"https:\/\/ppdegalicia.com\/es\/wp-json\/wp\/v2\/comments?post=53142"}],"version-history":[{"count":0,"href":"https:\/\/ppdegalicia.com\/es\/wp-json\/wp\/v2\/posts\/53142\/revisions"}],"wp:attachment":[{"href":"https:\/\/ppdegalicia.com\/es\/wp-json\/wp\/v2\/media?parent=53142"}],"wp:term":[{"taxonomy":"category","embeddable":true,"href":"https:\/\/ppdegalicia.com\/es\/wp-json\/wp\/v2\/categories?post=53142"},{"taxonomy":"post_tag","embeddable":true,"href":"https:\/\/ppdegalicia.com\/es\/wp-json\/wp\/v2\/tags?post=53142"}],"curies":[{"name":"wp","href":"https:\/\/api.w.org\/{rel}","templated":true}]}}