{"id":53143,"date":"2018-01-18T17:39:16","date_gmt":"2018-01-18T15:39:16","guid":{"rendered":"https:\/\/ppdegalicia.com\/millan-mon-celebra-la-proclamacion-del-2018-como-ano-europeo-del-patrimonio-cultural\/"},"modified":"2018-01-18T17:39:16","modified_gmt":"2018-01-18T15:39:16","slug":"millan-mon-celebra-la-proclamacion-del-2018-como-ano-europeo-del-patrimonio-cultural","status":"publish","type":"post","link":"https:\/\/ppdegalicia.com\/es\/millan-mon-celebra-la-proclamacion-del-2018-como-ano-europeo-del-patrimonio-cultural\/","title":{"rendered":"Mill\u00e1n Mon celebra la proclamaci\u00f3n del 2018 como A\u00f1o Europeo del Patrimonio Cultural"},"content":{"rendered":"<p>Estrasburgo, 18 de enero de 2018.- El eurodiputado popular gallego Francisco Mill\u00e1n Mon intervino en el debate que tuvo lugar ayer en el Pleno del Parlamento Europeo sobre la proclamaci\u00f3n del 2018 como A\u00f1o del Patrimonio Cultural Europeo. Mill\u00e1n Mon manifest\u00f3, en primer lugar, su satisfacci\u00f3n por esta proclamaci\u00f3n y por el hecho de que en esta iniciativa de las instituciones de la Uni\u00f3n Europea colaboren tambi\u00e9n, entre otros, el Consejo de Europa, la UNESCO y Europa Nostra.<\/p>\n<p><!--more--><\/p>\n<p>Para el eurodiputado -Co-Presidente del Intergrupo del Parlamento Europeo \u201cDesarrollo del Turismo Europeo, Patrimonio Cultural, Caminos de Santiago y otras Rutas Culturales Europeas\u201d- el patrimonio cultural de Europa es excepcional, \u00fanico en el mundo por su riqueza y diversidad, fruto de una historia y una cultura europeas profundamente din\u00e1micas.<\/p>\n<p>&nbsp;<\/p>\n<p>Mill\u00e1n Mon expres\u00f3 su deseo de \u201cque al final de 2018 se pueda lanzar un ambicioso Programa o Plan de Acci\u00f3n de la Uni\u00f3n Europea para el Patrimonio Cultural que sirva para preservarlo y difundirlo\u201d. Agreg\u00f3 que, en efecto, el 2018 no debe limitarse a un conjunto de actos o reuniones durante 12 meses, sino que debe tener continuidad.<\/p>\n<p>&nbsp;<\/p>\n<p>\u201cUn a\u00f1o de atenci\u00f3n especial a nuestro patrimonio no es suficiente\u201d, se\u00f1al\u00f3 al tiempo que tambi\u00e9n propuso que el Programa o Plan de Acci\u00f3n podr\u00eda contemplar la creaci\u00f3n de un fondo o partida presupuestaria espec\u00edfica para que la UE contribuya a la recuperaci\u00f3n, preservaci\u00f3n o restauraci\u00f3n del patrimonio cultural, por ejemplo, de importantes conjuntos arquitect\u00f3nicos de los Estados miembros que lo requieran. Una partida presupuestaria espec\u00edfica -dijo- dar\u00eda mayor visibilidad al inter\u00e9s de la Uni\u00f3n Europea por preservar el patrimonio cultural.<\/p>\n<p>&nbsp;<\/p>\n<p>El eurodiputado popular insisti\u00f3 en que uno de los pilares de la Uni\u00f3n Europea de hoy es el sustrato cultural e hist\u00f3rico com\u00fan, que se hace visible en el patrimonio cultural. Agreg\u00f3 que \u201cno solo es la paz, no solo es la econom\u00eda, no solo es la globalizaci\u00f3n, el argumento que justifica la Uni\u00f3n Europea de hoy\u201d. Por todo ello, reclam\u00f3 una mayor contribuci\u00f3n de la Uni\u00f3n Europea para la recuperaci\u00f3n del rico patrimonio cultural europeo, que, record\u00f3, es mencionado en el art\u00edculo 167 del Tratado de Funcionamiento de la Uni\u00f3n Europea.<\/p>\n<p>&nbsp;<\/p>\n<p>Mill\u00e1n Mon concluy\u00f3 su intervenci\u00f3n subrayando el impacto tur\u00edstico y econ\u00f3mico tan positivo de un patrimonio cultural en buen estado.<\/p>\n","protected":false},"excerpt":{"rendered":"<p>Estrasburgo, 18 de enero de 2018.- El eurodiputado popular gallego Francisco Mill\u00e1n Mon intervino en el debate que tuvo lugar ayer en el Pleno del Parlamento Europeo sobre la proclamaci\u00f3n del 2018 como A\u00f1o del Patrimonio Cultural Europeo. Mill\u00e1n Mon manifest\u00f3, en primer lugar, su satisfacci\u00f3n por esta proclamaci\u00f3n y por el hecho de que [&hellip;]<\/p>\n","protected":false},"author":37,"featured_media":0,"comment_status":"open","ping_status":"open","sticky":false,"template":"","format":"standard","meta":{"_acf_changed":false,"footnotes":""},"categories":[1],"tags":[],"class_list":["post-53143","post","type-post","status-publish","format-standard","hentry","category-pp-de-galicia"],"acf":[],"yoast_head":"<!-- This site is optimized with the Yoast SEO plugin v27.3 - https:\/\/yoast.com\/product\/yoast-seo-wordpress\/ -->\n<title>Mill\u00e1n Mon celebra la proclamaci\u00f3n del 2018 como A\u00f1o Europeo del Patrimonio Cultural - PP de Galicia<\/title>\n<meta name=\"robots\" content=\"index, follow, max-snippet:-1, max-image-preview:large, max-video-preview:-1\" \/>\n<link rel=\"canonical\" href=\"https:\/\/ppdegalicia.com\/es\/millan-mon-celebra-la-proclamacion-del-2018-como-ano-europeo-del-patrimonio-cultural\/\" \/>\n<meta property=\"og:locale\" content=\"es_ES\" \/>\n<meta property=\"og:type\" content=\"article\" \/>\n<meta property=\"og:title\" content=\"Mill\u00e1n Mon celebra la proclamaci\u00f3n del 2018 como A\u00f1o Europeo del Patrimonio Cultural - PP de Galicia\" \/>\n<meta property=\"og:description\" content=\"Estrasburgo, 18 de enero de 2018.- El eurodiputado popular gallego Francisco Mill\u00e1n Mon intervino en el debate que tuvo lugar ayer en el Pleno del Parlamento Europeo sobre la proclamaci\u00f3n del 2018 como A\u00f1o del Patrimonio Cultural Europeo. Mill\u00e1n Mon manifest\u00f3, en primer lugar, su satisfacci\u00f3n por esta proclamaci\u00f3n y por el hecho de que [&hellip;]\" \/>\n<meta property=\"og:url\" content=\"https:\/\/ppdegalicia.com\/es\/millan-mon-celebra-la-proclamacion-del-2018-como-ano-europeo-del-patrimonio-cultural\/\" \/>\n<meta property=\"og:site_name\" content=\"PP de Galicia\" \/>\n<meta property=\"article:publisher\" content=\"https:\/\/www.instagram.com\/ppdegalicia\/\" \/>\n<meta property=\"article:published_time\" content=\"2018-01-18T15:39:16+00:00\" \/>\n<meta name=\"author\" content=\"Super User\" \/>\n<meta name=\"twitter:card\" content=\"summary_large_image\" \/>\n<meta name=\"twitter:creator\" content=\"@ppdegalicia\" \/>\n<meta name=\"twitter:site\" content=\"@ppdegalicia\" \/>\n<meta name=\"twitter:label1\" content=\"Escrito por\" \/>\n\t<meta name=\"twitter:data1\" content=\"Super User\" \/>\n\t<meta name=\"twitter:label2\" content=\"Tiempo de lectura\" \/>\n\t<meta name=\"twitter:data2\" content=\"2 minutos\" \/>\n<script type=\"application\/ld+json\" class=\"yoast-schema-graph\">{\"@context\":\"https:\\\/\\\/schema.org\",\"@graph\":[{\"@type\":\"Article\",\"@id\":\"https:\\\/\\\/ppdegalicia.com\\\/es\\\/millan-mon-celebra-la-proclamacion-del-2018-como-ano-europeo-del-patrimonio-cultural\\\/#article\",\"isPartOf\":{\"@id\":\"https:\\\/\\\/ppdegalicia.com\\\/es\\\/millan-mon-celebra-la-proclamacion-del-2018-como-ano-europeo-del-patrimonio-cultural\\\/\"},\"author\":{\"name\":\"Super User\",\"@id\":\"https:\\\/\\\/ppdegalicia.com\\\/es\\\/#\\\/schema\\\/person\\\/d0f013b8388c980665d44009ab762960\"},\"headline\":\"Mill\u00e1n Mon celebra la proclamaci\u00f3n del 2018 como A\u00f1o Europeo del Patrimonio Cultural\",\"datePublished\":\"2018-01-18T15:39:16+00:00\",\"mainEntityOfPage\":{\"@id\":\"https:\\\/\\\/ppdegalicia.com\\\/es\\\/millan-mon-celebra-la-proclamacion-del-2018-como-ano-europeo-del-patrimonio-cultural\\\/\"},\"wordCount\":436,\"commentCount\":0,\"publisher\":{\"@id\":\"https:\\\/\\\/ppdegalicia.com\\\/es\\\/#organization\"},\"articleSection\":[\"PP de Galicia\"],\"inLanguage\":\"es\",\"potentialAction\":[{\"@type\":\"CommentAction\",\"name\":\"Comment\",\"target\":[\"https:\\\/\\\/ppdegalicia.com\\\/es\\\/millan-mon-celebra-la-proclamacion-del-2018-como-ano-europeo-del-patrimonio-cultural\\\/#respond\"]}]},{\"@type\":\"WebPage\",\"@id\":\"https:\\\/\\\/ppdegalicia.com\\\/es\\\/millan-mon-celebra-la-proclamacion-del-2018-como-ano-europeo-del-patrimonio-cultural\\\/\",\"url\":\"https:\\\/\\\/ppdegalicia.com\\\/es\\\/millan-mon-celebra-la-proclamacion-del-2018-como-ano-europeo-del-patrimonio-cultural\\\/\",\"name\":\"Mill\u00e1n Mon celebra la proclamaci\u00f3n del 2018 como A\u00f1o Europeo del Patrimonio Cultural - PP de Galicia\",\"isPartOf\":{\"@id\":\"https:\\\/\\\/ppdegalicia.com\\\/es\\\/#website\"},\"datePublished\":\"2018-01-18T15:39:16+00:00\",\"breadcrumb\":{\"@id\":\"https:\\\/\\\/ppdegalicia.com\\\/es\\\/millan-mon-celebra-la-proclamacion-del-2018-como-ano-europeo-del-patrimonio-cultural\\\/#breadcrumb\"},\"inLanguage\":\"es\",\"potentialAction\":[{\"@type\":\"ReadAction\",\"target\":[\"https:\\\/\\\/ppdegalicia.com\\\/es\\\/millan-mon-celebra-la-proclamacion-del-2018-como-ano-europeo-del-patrimonio-cultural\\\/\"]}]},{\"@type\":\"BreadcrumbList\",\"@id\":\"https:\\\/\\\/ppdegalicia.com\\\/es\\\/millan-mon-celebra-la-proclamacion-del-2018-como-ano-europeo-del-patrimonio-cultural\\\/#breadcrumb\",\"itemListElement\":[{\"@type\":\"ListItem\",\"position\":1,\"name\":\"Portada\",\"item\":\"https:\\\/\\\/ppdegalicia.com\\\/es\\\/\"},{\"@type\":\"ListItem\",\"position\":2,\"name\":\"Mill\u00e1n Mon celebra la proclamaci\u00f3n del 2018 como A\u00f1o Europeo del Patrimonio Cultural\"}]},{\"@type\":\"WebSite\",\"@id\":\"https:\\\/\\\/ppdegalicia.com\\\/es\\\/#website\",\"url\":\"https:\\\/\\\/ppdegalicia.com\\\/es\\\/\",\"name\":\"Partido Popular de Galicia\",\"description\":\"Partido Popular de Galicia\",\"publisher\":{\"@id\":\"https:\\\/\\\/ppdegalicia.com\\\/es\\\/#organization\"},\"alternateName\":\"PP de Galicia\",\"potentialAction\":[{\"@type\":\"SearchAction\",\"target\":{\"@type\":\"EntryPoint\",\"urlTemplate\":\"https:\\\/\\\/ppdegalicia.com\\\/es\\\/?s={search_term_string}\"},\"query-input\":{\"@type\":\"PropertyValueSpecification\",\"valueRequired\":true,\"valueName\":\"search_term_string\"}}],\"inLanguage\":\"es\"},{\"@type\":\"Organization\",\"@id\":\"https:\\\/\\\/ppdegalicia.com\\\/es\\\/#organization\",\"name\":\"Partido Popular de Galicia\",\"alternateName\":\"PP de Galicia\",\"url\":\"https:\\\/\\\/ppdegalicia.com\\\/es\\\/\",\"logo\":{\"@type\":\"ImageObject\",\"inLanguage\":\"es\",\"@id\":\"https:\\\/\\\/ppdegalicia.com\\\/es\\\/#\\\/schema\\\/logo\\\/image\\\/\",\"url\":\"https:\\\/\\\/ppdegalicia.com\\\/wp-content\\\/uploads\\\/2023\\\/04\\\/logoPP512.png\",\"contentUrl\":\"https:\\\/\\\/ppdegalicia.com\\\/wp-content\\\/uploads\\\/2023\\\/04\\\/logoPP512.png\",\"width\":512,\"height\":512,\"caption\":\"Partido Popular de Galicia\"},\"image\":{\"@id\":\"https:\\\/\\\/ppdegalicia.com\\\/es\\\/#\\\/schema\\\/logo\\\/image\\\/\"},\"sameAs\":[\"https:\\\/\\\/www.instagram.com\\\/ppdegalicia\\\/\",\"https:\\\/\\\/x.com\\\/ppdegalicia\",\"https:\\\/\\\/www.tiktok.com\\\/@ppdegalicia\",\"https:\\\/\\\/www.youtube.com\\\/user\\\/ppdegalicia\"]},{\"@type\":\"Person\",\"@id\":\"https:\\\/\\\/ppdegalicia.com\\\/es\\\/#\\\/schema\\\/person\\\/d0f013b8388c980665d44009ab762960\",\"name\":\"Super User\",\"image\":{\"@type\":\"ImageObject\",\"inLanguage\":\"es\",\"@id\":\"https:\\\/\\\/secure.gravatar.com\\\/avatar\\\/1db852625ef4948f58d2739bfbc51e4b9bd5c93b8fa340b59fdb594ca0845645?s=96&d=mm&r=g\",\"url\":\"https:\\\/\\\/secure.gravatar.com\\\/avatar\\\/1db852625ef4948f58d2739bfbc51e4b9bd5c93b8fa340b59fdb594ca0845645?s=96&d=mm&r=g\",\"contentUrl\":\"https:\\\/\\\/secure.gravatar.com\\\/avatar\\\/1db852625ef4948f58d2739bfbc51e4b9bd5c93b8fa340b59fdb594ca0845645?s=96&d=mm&r=g\",\"caption\":\"Super User\"},\"url\":\"https:\\\/\\\/ppdegalicia.com\\\/es\\\/author\\\/ppdegaliciagestion\\\/\"}]}<\/script>\n<!-- \/ Yoast SEO plugin. -->","yoast_head_json":{"title":"Mill\u00e1n Mon celebra la proclamaci\u00f3n del 2018 como A\u00f1o Europeo del Patrimonio Cultural - PP de Galicia","robots":{"index":"index","follow":"follow","max-snippet":"max-snippet:-1","max-image-preview":"max-image-preview:large","max-video-preview":"max-video-preview:-1"},"canonical":"https:\/\/ppdegalicia.com\/es\/millan-mon-celebra-la-proclamacion-del-2018-como-ano-europeo-del-patrimonio-cultural\/","og_locale":"es_ES","og_type":"article","og_title":"Mill\u00e1n Mon celebra la proclamaci\u00f3n del 2018 como A\u00f1o Europeo del Patrimonio Cultural - PP de Galicia","og_description":"Estrasburgo, 18 de enero de 2018.- El eurodiputado popular gallego Francisco Mill\u00e1n Mon intervino en el debate que tuvo lugar ayer en el Pleno del Parlamento Europeo sobre la proclamaci\u00f3n del 2018 como A\u00f1o del Patrimonio Cultural Europeo. Mill\u00e1n Mon manifest\u00f3, en primer lugar, su satisfacci\u00f3n por esta proclamaci\u00f3n y por el hecho de que [&hellip;]","og_url":"https:\/\/ppdegalicia.com\/es\/millan-mon-celebra-la-proclamacion-del-2018-como-ano-europeo-del-patrimonio-cultural\/","og_site_name":"PP de Galicia","article_publisher":"https:\/\/www.instagram.com\/ppdegalicia\/","article_published_time":"2018-01-18T15:39:16+00:00","author":"Super User","twitter_card":"summary_large_image","twitter_creator":"@ppdegalicia","twitter_site":"@ppdegalicia","twitter_misc":{"Escrito por":"Super User","Tiempo de lectura":"2 minutos"},"schema":{"@context":"https:\/\/schema.org","@graph":[{"@type":"Article","@id":"https:\/\/ppdegalicia.com\/es\/millan-mon-celebra-la-proclamacion-del-2018-como-ano-europeo-del-patrimonio-cultural\/#article","isPartOf":{"@id":"https:\/\/ppdegalicia.com\/es\/millan-mon-celebra-la-proclamacion-del-2018-como-ano-europeo-del-patrimonio-cultural\/"},"author":{"name":"Super User","@id":"https:\/\/ppdegalicia.com\/es\/#\/schema\/person\/d0f013b8388c980665d44009ab762960"},"headline":"Mill\u00e1n Mon celebra la proclamaci\u00f3n del 2018 como A\u00f1o Europeo del Patrimonio Cultural","datePublished":"2018-01-18T15:39:16+00:00","mainEntityOfPage":{"@id":"https:\/\/ppdegalicia.com\/es\/millan-mon-celebra-la-proclamacion-del-2018-como-ano-europeo-del-patrimonio-cultural\/"},"wordCount":436,"commentCount":0,"publisher":{"@id":"https:\/\/ppdegalicia.com\/es\/#organization"},"articleSection":["PP de Galicia"],"inLanguage":"es","potentialAction":[{"@type":"CommentAction","name":"Comment","target":["https:\/\/ppdegalicia.com\/es\/millan-mon-celebra-la-proclamacion-del-2018-como-ano-europeo-del-patrimonio-cultural\/#respond"]}]},{"@type":"WebPage","@id":"https:\/\/ppdegalicia.com\/es\/millan-mon-celebra-la-proclamacion-del-2018-como-ano-europeo-del-patrimonio-cultural\/","url":"https:\/\/ppdegalicia.com\/es\/millan-mon-celebra-la-proclamacion-del-2018-como-ano-europeo-del-patrimonio-cultural\/","name":"Mill\u00e1n Mon celebra la proclamaci\u00f3n del 2018 como A\u00f1o Europeo del Patrimonio Cultural - PP de Galicia","isPartOf":{"@id":"https:\/\/ppdegalicia.com\/es\/#website"},"datePublished":"2018-01-18T15:39:16+00:00","breadcrumb":{"@id":"https:\/\/ppdegalicia.com\/es\/millan-mon-celebra-la-proclamacion-del-2018-como-ano-europeo-del-patrimonio-cultural\/#breadcrumb"},"inLanguage":"es","potentialAction":[{"@type":"ReadAction","target":["https:\/\/ppdegalicia.com\/es\/millan-mon-celebra-la-proclamacion-del-2018-como-ano-europeo-del-patrimonio-cultural\/"]}]},{"@type":"BreadcrumbList","@id":"https:\/\/ppdegalicia.com\/es\/millan-mon-celebra-la-proclamacion-del-2018-como-ano-europeo-del-patrimonio-cultural\/#breadcrumb","itemListElement":[{"@type":"ListItem","position":1,"name":"Portada","item":"https:\/\/ppdegalicia.com\/es\/"},{"@type":"ListItem","position":2,"name":"Mill\u00e1n Mon celebra la proclamaci\u00f3n del 2018 como A\u00f1o Europeo del Patrimonio Cultural"}]},{"@type":"WebSite","@id":"https:\/\/ppdegalicia.com\/es\/#website","url":"https:\/\/ppdegalicia.com\/es\/","name":"Partido Popular de Galicia","description":"Partido Popular de Galicia","publisher":{"@id":"https:\/\/ppdegalicia.com\/es\/#organization"},"alternateName":"PP de Galicia","potentialAction":[{"@type":"SearchAction","target":{"@type":"EntryPoint","urlTemplate":"https:\/\/ppdegalicia.com\/es\/?s={search_term_string}"},"query-input":{"@type":"PropertyValueSpecification","valueRequired":true,"valueName":"search_term_string"}}],"inLanguage":"es"},{"@type":"Organization","@id":"https:\/\/ppdegalicia.com\/es\/#organization","name":"Partido Popular de Galicia","alternateName":"PP de Galicia","url":"https:\/\/ppdegalicia.com\/es\/","logo":{"@type":"ImageObject","inLanguage":"es","@id":"https:\/\/ppdegalicia.com\/es\/#\/schema\/logo\/image\/","url":"https:\/\/ppdegalicia.com\/wp-content\/uploads\/2023\/04\/logoPP512.png","contentUrl":"https:\/\/ppdegalicia.com\/wp-content\/uploads\/2023\/04\/logoPP512.png","width":512,"height":512,"caption":"Partido Popular de Galicia"},"image":{"@id":"https:\/\/ppdegalicia.com\/es\/#\/schema\/logo\/image\/"},"sameAs":["https:\/\/www.instagram.com\/ppdegalicia\/","https:\/\/x.com\/ppdegalicia","https:\/\/www.tiktok.com\/@ppdegalicia","https:\/\/www.youtube.com\/user\/ppdegalicia"]},{"@type":"Person","@id":"https:\/\/ppdegalicia.com\/es\/#\/schema\/person\/d0f013b8388c980665d44009ab762960","name":"Super User","image":{"@type":"ImageObject","inLanguage":"es","@id":"https:\/\/secure.gravatar.com\/avatar\/1db852625ef4948f58d2739bfbc51e4b9bd5c93b8fa340b59fdb594ca0845645?s=96&d=mm&r=g","url":"https:\/\/secure.gravatar.com\/avatar\/1db852625ef4948f58d2739bfbc51e4b9bd5c93b8fa340b59fdb594ca0845645?s=96&d=mm&r=g","contentUrl":"https:\/\/secure.gravatar.com\/avatar\/1db852625ef4948f58d2739bfbc51e4b9bd5c93b8fa340b59fdb594ca0845645?s=96&d=mm&r=g","caption":"Super User"},"url":"https:\/\/ppdegalicia.com\/es\/author\/ppdegaliciagestion\/"}]}},"_links":{"self":[{"href":"https:\/\/ppdegalicia.com\/es\/wp-json\/wp\/v2\/posts\/53143","targetHints":{"allow":["GET"]}}],"collection":[{"href":"https:\/\/ppdegalicia.com\/es\/wp-json\/wp\/v2\/posts"}],"about":[{"href":"https:\/\/ppdegalicia.com\/es\/wp-json\/wp\/v2\/types\/post"}],"author":[{"embeddable":true,"href":"https:\/\/ppdegalicia.com\/es\/wp-json\/wp\/v2\/users\/37"}],"replies":[{"embeddable":true,"href":"https:\/\/ppdegalicia.com\/es\/wp-json\/wp\/v2\/comments?post=53143"}],"version-history":[{"count":0,"href":"https:\/\/ppdegalicia.com\/es\/wp-json\/wp\/v2\/posts\/53143\/revisions"}],"wp:attachment":[{"href":"https:\/\/ppdegalicia.com\/es\/wp-json\/wp\/v2\/media?parent=53143"}],"wp:term":[{"taxonomy":"category","embeddable":true,"href":"https:\/\/ppdegalicia.com\/es\/wp-json\/wp\/v2\/categories?post=53143"},{"taxonomy":"post_tag","embeddable":true,"href":"https:\/\/ppdegalicia.com\/es\/wp-json\/wp\/v2\/tags?post=53143"}],"curies":[{"name":"wp","href":"https:\/\/api.w.org\/{rel}","templated":true}]}}