{"id":53165,"date":"2018-01-31T13:14:36","date_gmt":"2018-01-31T11:14:36","guid":{"rendered":"https:\/\/ppdegalicia.com\/adrian-pardo-fronte-aqueles-que-fan-da-educacion-un-foco-de-adoutrinamento-nos-facemos-un-motor-de-progreso\/"},"modified":"2018-01-31T13:14:36","modified_gmt":"2018-01-31T11:14:36","slug":"adrian-pardo-fronte-aqueles-que-fan-da-educacion-un-foco-de-adoutrinamento-nos-facemos-un-motor-de-progreso","status":"publish","type":"post","link":"https:\/\/ppdegalicia.com\/es\/adrian-pardo-fronte-aqueles-que-fan-da-educacion-un-foco-de-adoutrinamento-nos-facemos-un-motor-de-progreso\/","title":{"rendered":"Adri\u00e1n Pardo: \u201cFronte aqueles que fan da Educaci\u00f3n un foco de adoutrinamento,  n\u00f3s facemos un motor de progreso\u201d"},"content":{"rendered":"<p>Santiago, 31 de xaneiro de 2018.- O presidente do Novas Xeraci\u00f3ns de Galicia, Adri\u00e1n Pardo, asegurou esta ma\u00f1\u00e1 que, \u201cfronte aqueles que cando gobernan fan da Educaci\u00f3n un foco de conflito ou de adoutrinamento, n\u00f3s facemos un motor de progreso\u201d.<\/p>\n<p><!--more--><\/p>\n<p>&nbsp;<\/p>\n<p>O l\u00edder da formaci\u00f3n xuvenil do PPdeG, afeou a actitude dos grupos da oposici\u00f3n que critican o noso Sistema Educativo xa que, mentres co bipartito hab\u00eda en Galicia un 25,8% de fracaso escolar, agora hai nun 14.9%, o noso mellor dato hist\u00f3rico.<\/p>\n<p>&nbsp;<\/p>\n<p>De feito, a nosa Comunidade baixou na \u00faltima d\u00e9cada en m\u00e1is de dez puntos a taxa de abandono escolar, hoxe podemos presumir de contar co sistema m\u00e1is equitativo do Estado e do mundo segundo o informe PISA e somos a rexi\u00f3n con menor n\u00famero de alumnos por profesor. \u201cDende Novas Xeraci\u00f3ns de Galicia animamos \u00e1 Xunta a seguir este cami\u00f1o. Un cami\u00f1o que nos est\u00e1 a traer os mellores resultados da nosa historia\u201d, manifestou.<\/p>\n<p>&nbsp;<\/p>\n<p>Sobre a Convenci\u00f3n Nacional de Educaci\u00f3n que o PP celebrou o pasado s\u00e1bado en Santiago, Pardo fixo fincap\u00e9 nas grandes propostas que al\u00ed se fixeron como a aposta polo sistema MIR na docencia que garante a calidade, a competitividade e a formaci\u00f3n dos nosos profesores. Todo isto, est\u00e1 dentro dun pacto nacional pola Educaci\u00f3n ao que Pardo agarda que se adhiran o resto de forzas pol\u00edticas pois \u201cser\u00e1 unha ferramenta \u00fanica para seguir traballando na excelencia do noso Sistema Educativo\u201d.<\/p>\n<p>Nese senso, puxo en valor as pol\u00edticas que est\u00e1 a levar a Xunta a trav\u00e9s de \u201cm\u00e1is investimento e mellor destinado\u201d. \u201cHoxe podemos dicir que grazas as pol\u00edticas do Goberno galego ser mozo en Galicia \u00e9 moito m\u00e1is sinxelo que ser mozo en calquera outra parte do Estado\u201d porque \u201ca nosa Comunidade aposta pola Educaci\u00f3n, xa que na Educaci\u00f3n enc\u00f3ntrase o futuro de Galicia\u201d.<\/p>\n<p>&nbsp;<\/p>\n<p>Tal e como sinalou, somos a autonom\u00eda con maior n\u00famero de alumnos de primaria e ESO con transporte escolar totalmente gratu\u00edto, a terceira en ofertar un maior n\u00famero de centros con comedor escolar, contin\u00faa a forte aposta pola ensinanza do ingl\u00e9s, estend\u00e9ndose a ensinanza pluriling\u00fce a infantil, bacharelato e formaci\u00f3n profesional; e imp\u00falsase a educaci\u00f3n dixital.<\/p>\n<p>&nbsp;<\/p>\n<p>As\u00ed mesmo, o presidente de Novas Xeraci\u00f3ns quixo salientar que fomos a primeira Comunidade en recoller nun mesmo protocolo o tratamento dun mal tan estendido na nosa \u00e9poca como \u00e9 o acoso e o ciberacoso, grazas ao cal o 85% das familias declararon que os seus fillos non padeceron ningunha actitude contraria \u00e1 convivencia. Igualmente, subli\u00f1ou que a loita contra o bullying ten que seguir a ser unha prioridade.<\/p>\n<p>&nbsp;<\/p>\n<p>A UNIVERSIDADE M\u00c1IS ACCESIBLE<br \/>Durante a s\u00faa intervenci\u00f3n, Adri\u00e1n Pardo celebrou que Galicia ten a universidade m\u00e1is accesible de toda Espa\u00f1a, cunhas taxas que levan conxeladas dende a chegada do PPdeG \u00e1 Xunta. De feito, a pesar de pasar unha das crises econ\u00f3micas m\u00e1is duras, actualmente un rapaz paga o mesmo que outro que empezase a carreira hai dez anos e, hoxe, \u201cning\u00fan mozo galego ten que deixar a universidade por cuesti\u00f3ns econ\u00f3micas\u201d.<\/p>\n<p>&nbsp;<\/p>\n<p>Ademais, tras recordar o aumento de 50 mill\u00f3ns de euros nas bolsas anunciado recentemente polo ministro de Educaci\u00f3n, o presidente da organizaci\u00f3n xuvenil reivindicou que Galicia ten unha universidade p\u00fablica e de calidade que nunca estivo tan ben financiada, sendo a terceira autonom\u00eda que m\u00e1is fondos achega \u00e1 universidade en funci\u00f3n do PIB.<\/p>\n","protected":false},"excerpt":{"rendered":"<p>Santiago, 31 de xaneiro de 2018.- O presidente do Novas Xeraci\u00f3ns de Galicia, Adri\u00e1n Pardo, asegurou esta ma\u00f1\u00e1 que, \u201cfronte aqueles que cando gobernan fan da Educaci\u00f3n un foco de conflito ou de adoutrinamento, n\u00f3s facemos un motor de progreso\u201d.<\/p>\n","protected":false},"author":37,"featured_media":0,"comment_status":"open","ping_status":"open","sticky":false,"template":"","format":"standard","meta":{"_acf_changed":false,"footnotes":""},"categories":[1],"tags":[],"class_list":["post-53165","post","type-post","status-publish","format-standard","hentry","category-pp-de-galicia"],"acf":[],"yoast_head":"<!-- This site is optimized with the Yoast SEO plugin v27.3 - https:\/\/yoast.com\/product\/yoast-seo-wordpress\/ -->\n<title>Adri\u00e1n Pardo: \u201cFronte aqueles que fan da Educaci\u00f3n un foco de adoutrinamento, n\u00f3s facemos un motor de progreso\u201d - PP de Galicia<\/title>\n<meta name=\"robots\" content=\"index, follow, max-snippet:-1, max-image-preview:large, max-video-preview:-1\" \/>\n<link rel=\"canonical\" href=\"https:\/\/ppdegalicia.com\/es\/adrian-pardo-fronte-aqueles-que-fan-da-educacion-un-foco-de-adoutrinamento-nos-facemos-un-motor-de-progreso\/\" \/>\n<meta property=\"og:locale\" content=\"es_ES\" \/>\n<meta property=\"og:type\" content=\"article\" \/>\n<meta property=\"og:title\" content=\"Adri\u00e1n Pardo: \u201cFronte aqueles que fan da Educaci\u00f3n un foco de adoutrinamento, n\u00f3s facemos un motor de progreso\u201d - PP de Galicia\" \/>\n<meta property=\"og:description\" content=\"Santiago, 31 de xaneiro de 2018.- O presidente do Novas Xeraci\u00f3ns de Galicia, Adri\u00e1n Pardo, asegurou esta ma\u00f1\u00e1 que, \u201cfronte aqueles que cando gobernan fan da Educaci\u00f3n un foco de conflito ou de adoutrinamento, n\u00f3s facemos un motor de progreso\u201d.\" \/>\n<meta property=\"og:url\" content=\"https:\/\/ppdegalicia.com\/es\/adrian-pardo-fronte-aqueles-que-fan-da-educacion-un-foco-de-adoutrinamento-nos-facemos-un-motor-de-progreso\/\" \/>\n<meta property=\"og:site_name\" content=\"PP de Galicia\" \/>\n<meta property=\"article:publisher\" content=\"https:\/\/www.instagram.com\/ppdegalicia\/\" \/>\n<meta property=\"article:published_time\" content=\"2018-01-31T11:14:36+00:00\" \/>\n<meta name=\"author\" content=\"Super User\" \/>\n<meta name=\"twitter:card\" content=\"summary_large_image\" \/>\n<meta name=\"twitter:creator\" content=\"@ppdegalicia\" \/>\n<meta name=\"twitter:site\" content=\"@ppdegalicia\" \/>\n<meta name=\"twitter:label1\" content=\"Escrito por\" \/>\n\t<meta name=\"twitter:data1\" content=\"Super User\" \/>\n\t<meta name=\"twitter:label2\" content=\"Tiempo de lectura\" \/>\n\t<meta name=\"twitter:data2\" content=\"3 minutos\" \/>\n<script type=\"application\/ld+json\" class=\"yoast-schema-graph\">{\"@context\":\"https:\\\/\\\/schema.org\",\"@graph\":[{\"@type\":\"Article\",\"@id\":\"https:\\\/\\\/ppdegalicia.com\\\/es\\\/adrian-pardo-fronte-aqueles-que-fan-da-educacion-un-foco-de-adoutrinamento-nos-facemos-un-motor-de-progreso\\\/#article\",\"isPartOf\":{\"@id\":\"https:\\\/\\\/ppdegalicia.com\\\/es\\\/adrian-pardo-fronte-aqueles-que-fan-da-educacion-un-foco-de-adoutrinamento-nos-facemos-un-motor-de-progreso\\\/\"},\"author\":{\"name\":\"Super User\",\"@id\":\"https:\\\/\\\/ppdegalicia.com\\\/es\\\/#\\\/schema\\\/person\\\/d0f013b8388c980665d44009ab762960\"},\"headline\":\"Adri\u00e1n Pardo: \u201cFronte aqueles que fan da Educaci\u00f3n un foco de adoutrinamento, n\u00f3s facemos un motor de progreso\u201d\",\"datePublished\":\"2018-01-31T11:14:36+00:00\",\"mainEntityOfPage\":{\"@id\":\"https:\\\/\\\/ppdegalicia.com\\\/es\\\/adrian-pardo-fronte-aqueles-que-fan-da-educacion-un-foco-de-adoutrinamento-nos-facemos-un-motor-de-progreso\\\/\"},\"wordCount\":629,\"commentCount\":0,\"publisher\":{\"@id\":\"https:\\\/\\\/ppdegalicia.com\\\/es\\\/#organization\"},\"articleSection\":[\"PP de Galicia\"],\"inLanguage\":\"es\",\"potentialAction\":[{\"@type\":\"CommentAction\",\"name\":\"Comment\",\"target\":[\"https:\\\/\\\/ppdegalicia.com\\\/es\\\/adrian-pardo-fronte-aqueles-que-fan-da-educacion-un-foco-de-adoutrinamento-nos-facemos-un-motor-de-progreso\\\/#respond\"]}]},{\"@type\":\"WebPage\",\"@id\":\"https:\\\/\\\/ppdegalicia.com\\\/es\\\/adrian-pardo-fronte-aqueles-que-fan-da-educacion-un-foco-de-adoutrinamento-nos-facemos-un-motor-de-progreso\\\/\",\"url\":\"https:\\\/\\\/ppdegalicia.com\\\/es\\\/adrian-pardo-fronte-aqueles-que-fan-da-educacion-un-foco-de-adoutrinamento-nos-facemos-un-motor-de-progreso\\\/\",\"name\":\"Adri\u00e1n Pardo: \u201cFronte aqueles que fan da Educaci\u00f3n un foco de adoutrinamento, n\u00f3s facemos un motor de progreso\u201d - PP de Galicia\",\"isPartOf\":{\"@id\":\"https:\\\/\\\/ppdegalicia.com\\\/es\\\/#website\"},\"datePublished\":\"2018-01-31T11:14:36+00:00\",\"breadcrumb\":{\"@id\":\"https:\\\/\\\/ppdegalicia.com\\\/es\\\/adrian-pardo-fronte-aqueles-que-fan-da-educacion-un-foco-de-adoutrinamento-nos-facemos-un-motor-de-progreso\\\/#breadcrumb\"},\"inLanguage\":\"es\",\"potentialAction\":[{\"@type\":\"ReadAction\",\"target\":[\"https:\\\/\\\/ppdegalicia.com\\\/es\\\/adrian-pardo-fronte-aqueles-que-fan-da-educacion-un-foco-de-adoutrinamento-nos-facemos-un-motor-de-progreso\\\/\"]}]},{\"@type\":\"BreadcrumbList\",\"@id\":\"https:\\\/\\\/ppdegalicia.com\\\/es\\\/adrian-pardo-fronte-aqueles-que-fan-da-educacion-un-foco-de-adoutrinamento-nos-facemos-un-motor-de-progreso\\\/#breadcrumb\",\"itemListElement\":[{\"@type\":\"ListItem\",\"position\":1,\"name\":\"Portada\",\"item\":\"https:\\\/\\\/ppdegalicia.com\\\/es\\\/\"},{\"@type\":\"ListItem\",\"position\":2,\"name\":\"Adri\u00e1n Pardo: \u201cFronte aqueles que fan da Educaci\u00f3n un foco de adoutrinamento, n\u00f3s facemos un motor de progreso\u201d\"}]},{\"@type\":\"WebSite\",\"@id\":\"https:\\\/\\\/ppdegalicia.com\\\/es\\\/#website\",\"url\":\"https:\\\/\\\/ppdegalicia.com\\\/es\\\/\",\"name\":\"Partido Popular de Galicia\",\"description\":\"Partido Popular de Galicia\",\"publisher\":{\"@id\":\"https:\\\/\\\/ppdegalicia.com\\\/es\\\/#organization\"},\"alternateName\":\"PP de Galicia\",\"potentialAction\":[{\"@type\":\"SearchAction\",\"target\":{\"@type\":\"EntryPoint\",\"urlTemplate\":\"https:\\\/\\\/ppdegalicia.com\\\/es\\\/?s={search_term_string}\"},\"query-input\":{\"@type\":\"PropertyValueSpecification\",\"valueRequired\":true,\"valueName\":\"search_term_string\"}}],\"inLanguage\":\"es\"},{\"@type\":\"Organization\",\"@id\":\"https:\\\/\\\/ppdegalicia.com\\\/es\\\/#organization\",\"name\":\"Partido Popular de Galicia\",\"alternateName\":\"PP de Galicia\",\"url\":\"https:\\\/\\\/ppdegalicia.com\\\/es\\\/\",\"logo\":{\"@type\":\"ImageObject\",\"inLanguage\":\"es\",\"@id\":\"https:\\\/\\\/ppdegalicia.com\\\/es\\\/#\\\/schema\\\/logo\\\/image\\\/\",\"url\":\"https:\\\/\\\/ppdegalicia.com\\\/wp-content\\\/uploads\\\/2023\\\/04\\\/logoPP512.png\",\"contentUrl\":\"https:\\\/\\\/ppdegalicia.com\\\/wp-content\\\/uploads\\\/2023\\\/04\\\/logoPP512.png\",\"width\":512,\"height\":512,\"caption\":\"Partido Popular de Galicia\"},\"image\":{\"@id\":\"https:\\\/\\\/ppdegalicia.com\\\/es\\\/#\\\/schema\\\/logo\\\/image\\\/\"},\"sameAs\":[\"https:\\\/\\\/www.instagram.com\\\/ppdegalicia\\\/\",\"https:\\\/\\\/x.com\\\/ppdegalicia\",\"https:\\\/\\\/www.tiktok.com\\\/@ppdegalicia\",\"https:\\\/\\\/www.youtube.com\\\/user\\\/ppdegalicia\"]},{\"@type\":\"Person\",\"@id\":\"https:\\\/\\\/ppdegalicia.com\\\/es\\\/#\\\/schema\\\/person\\\/d0f013b8388c980665d44009ab762960\",\"name\":\"Super User\",\"image\":{\"@type\":\"ImageObject\",\"inLanguage\":\"es\",\"@id\":\"https:\\\/\\\/secure.gravatar.com\\\/avatar\\\/1db852625ef4948f58d2739bfbc51e4b9bd5c93b8fa340b59fdb594ca0845645?s=96&d=mm&r=g\",\"url\":\"https:\\\/\\\/secure.gravatar.com\\\/avatar\\\/1db852625ef4948f58d2739bfbc51e4b9bd5c93b8fa340b59fdb594ca0845645?s=96&d=mm&r=g\",\"contentUrl\":\"https:\\\/\\\/secure.gravatar.com\\\/avatar\\\/1db852625ef4948f58d2739bfbc51e4b9bd5c93b8fa340b59fdb594ca0845645?s=96&d=mm&r=g\",\"caption\":\"Super User\"},\"url\":\"https:\\\/\\\/ppdegalicia.com\\\/es\\\/author\\\/ppdegaliciagestion\\\/\"}]}<\/script>\n<!-- \/ Yoast SEO plugin. -->","yoast_head_json":{"title":"Adri\u00e1n Pardo: \u201cFronte aqueles que fan da Educaci\u00f3n un foco de adoutrinamento, n\u00f3s facemos un motor de progreso\u201d - PP de Galicia","robots":{"index":"index","follow":"follow","max-snippet":"max-snippet:-1","max-image-preview":"max-image-preview:large","max-video-preview":"max-video-preview:-1"},"canonical":"https:\/\/ppdegalicia.com\/es\/adrian-pardo-fronte-aqueles-que-fan-da-educacion-un-foco-de-adoutrinamento-nos-facemos-un-motor-de-progreso\/","og_locale":"es_ES","og_type":"article","og_title":"Adri\u00e1n Pardo: \u201cFronte aqueles que fan da Educaci\u00f3n un foco de adoutrinamento, n\u00f3s facemos un motor de progreso\u201d - PP de Galicia","og_description":"Santiago, 31 de xaneiro de 2018.- O presidente do Novas Xeraci\u00f3ns de Galicia, Adri\u00e1n Pardo, asegurou esta ma\u00f1\u00e1 que, \u201cfronte aqueles que cando gobernan fan da Educaci\u00f3n un foco de conflito ou de adoutrinamento, n\u00f3s facemos un motor de progreso\u201d.","og_url":"https:\/\/ppdegalicia.com\/es\/adrian-pardo-fronte-aqueles-que-fan-da-educacion-un-foco-de-adoutrinamento-nos-facemos-un-motor-de-progreso\/","og_site_name":"PP de Galicia","article_publisher":"https:\/\/www.instagram.com\/ppdegalicia\/","article_published_time":"2018-01-31T11:14:36+00:00","author":"Super User","twitter_card":"summary_large_image","twitter_creator":"@ppdegalicia","twitter_site":"@ppdegalicia","twitter_misc":{"Escrito por":"Super User","Tiempo de lectura":"3 minutos"},"schema":{"@context":"https:\/\/schema.org","@graph":[{"@type":"Article","@id":"https:\/\/ppdegalicia.com\/es\/adrian-pardo-fronte-aqueles-que-fan-da-educacion-un-foco-de-adoutrinamento-nos-facemos-un-motor-de-progreso\/#article","isPartOf":{"@id":"https:\/\/ppdegalicia.com\/es\/adrian-pardo-fronte-aqueles-que-fan-da-educacion-un-foco-de-adoutrinamento-nos-facemos-un-motor-de-progreso\/"},"author":{"name":"Super User","@id":"https:\/\/ppdegalicia.com\/es\/#\/schema\/person\/d0f013b8388c980665d44009ab762960"},"headline":"Adri\u00e1n Pardo: \u201cFronte aqueles que fan da Educaci\u00f3n un foco de adoutrinamento, n\u00f3s facemos un motor de progreso\u201d","datePublished":"2018-01-31T11:14:36+00:00","mainEntityOfPage":{"@id":"https:\/\/ppdegalicia.com\/es\/adrian-pardo-fronte-aqueles-que-fan-da-educacion-un-foco-de-adoutrinamento-nos-facemos-un-motor-de-progreso\/"},"wordCount":629,"commentCount":0,"publisher":{"@id":"https:\/\/ppdegalicia.com\/es\/#organization"},"articleSection":["PP de Galicia"],"inLanguage":"es","potentialAction":[{"@type":"CommentAction","name":"Comment","target":["https:\/\/ppdegalicia.com\/es\/adrian-pardo-fronte-aqueles-que-fan-da-educacion-un-foco-de-adoutrinamento-nos-facemos-un-motor-de-progreso\/#respond"]}]},{"@type":"WebPage","@id":"https:\/\/ppdegalicia.com\/es\/adrian-pardo-fronte-aqueles-que-fan-da-educacion-un-foco-de-adoutrinamento-nos-facemos-un-motor-de-progreso\/","url":"https:\/\/ppdegalicia.com\/es\/adrian-pardo-fronte-aqueles-que-fan-da-educacion-un-foco-de-adoutrinamento-nos-facemos-un-motor-de-progreso\/","name":"Adri\u00e1n Pardo: \u201cFronte aqueles que fan da Educaci\u00f3n un foco de adoutrinamento, n\u00f3s facemos un motor de progreso\u201d - PP de Galicia","isPartOf":{"@id":"https:\/\/ppdegalicia.com\/es\/#website"},"datePublished":"2018-01-31T11:14:36+00:00","breadcrumb":{"@id":"https:\/\/ppdegalicia.com\/es\/adrian-pardo-fronte-aqueles-que-fan-da-educacion-un-foco-de-adoutrinamento-nos-facemos-un-motor-de-progreso\/#breadcrumb"},"inLanguage":"es","potentialAction":[{"@type":"ReadAction","target":["https:\/\/ppdegalicia.com\/es\/adrian-pardo-fronte-aqueles-que-fan-da-educacion-un-foco-de-adoutrinamento-nos-facemos-un-motor-de-progreso\/"]}]},{"@type":"BreadcrumbList","@id":"https:\/\/ppdegalicia.com\/es\/adrian-pardo-fronte-aqueles-que-fan-da-educacion-un-foco-de-adoutrinamento-nos-facemos-un-motor-de-progreso\/#breadcrumb","itemListElement":[{"@type":"ListItem","position":1,"name":"Portada","item":"https:\/\/ppdegalicia.com\/es\/"},{"@type":"ListItem","position":2,"name":"Adri\u00e1n Pardo: \u201cFronte aqueles que fan da Educaci\u00f3n un foco de adoutrinamento, n\u00f3s facemos un motor de progreso\u201d"}]},{"@type":"WebSite","@id":"https:\/\/ppdegalicia.com\/es\/#website","url":"https:\/\/ppdegalicia.com\/es\/","name":"Partido Popular de Galicia","description":"Partido Popular de Galicia","publisher":{"@id":"https:\/\/ppdegalicia.com\/es\/#organization"},"alternateName":"PP de Galicia","potentialAction":[{"@type":"SearchAction","target":{"@type":"EntryPoint","urlTemplate":"https:\/\/ppdegalicia.com\/es\/?s={search_term_string}"},"query-input":{"@type":"PropertyValueSpecification","valueRequired":true,"valueName":"search_term_string"}}],"inLanguage":"es"},{"@type":"Organization","@id":"https:\/\/ppdegalicia.com\/es\/#organization","name":"Partido Popular de Galicia","alternateName":"PP de Galicia","url":"https:\/\/ppdegalicia.com\/es\/","logo":{"@type":"ImageObject","inLanguage":"es","@id":"https:\/\/ppdegalicia.com\/es\/#\/schema\/logo\/image\/","url":"https:\/\/ppdegalicia.com\/wp-content\/uploads\/2023\/04\/logoPP512.png","contentUrl":"https:\/\/ppdegalicia.com\/wp-content\/uploads\/2023\/04\/logoPP512.png","width":512,"height":512,"caption":"Partido Popular de Galicia"},"image":{"@id":"https:\/\/ppdegalicia.com\/es\/#\/schema\/logo\/image\/"},"sameAs":["https:\/\/www.instagram.com\/ppdegalicia\/","https:\/\/x.com\/ppdegalicia","https:\/\/www.tiktok.com\/@ppdegalicia","https:\/\/www.youtube.com\/user\/ppdegalicia"]},{"@type":"Person","@id":"https:\/\/ppdegalicia.com\/es\/#\/schema\/person\/d0f013b8388c980665d44009ab762960","name":"Super User","image":{"@type":"ImageObject","inLanguage":"es","@id":"https:\/\/secure.gravatar.com\/avatar\/1db852625ef4948f58d2739bfbc51e4b9bd5c93b8fa340b59fdb594ca0845645?s=96&d=mm&r=g","url":"https:\/\/secure.gravatar.com\/avatar\/1db852625ef4948f58d2739bfbc51e4b9bd5c93b8fa340b59fdb594ca0845645?s=96&d=mm&r=g","contentUrl":"https:\/\/secure.gravatar.com\/avatar\/1db852625ef4948f58d2739bfbc51e4b9bd5c93b8fa340b59fdb594ca0845645?s=96&d=mm&r=g","caption":"Super User"},"url":"https:\/\/ppdegalicia.com\/es\/author\/ppdegaliciagestion\/"}]}},"_links":{"self":[{"href":"https:\/\/ppdegalicia.com\/es\/wp-json\/wp\/v2\/posts\/53165","targetHints":{"allow":["GET"]}}],"collection":[{"href":"https:\/\/ppdegalicia.com\/es\/wp-json\/wp\/v2\/posts"}],"about":[{"href":"https:\/\/ppdegalicia.com\/es\/wp-json\/wp\/v2\/types\/post"}],"author":[{"embeddable":true,"href":"https:\/\/ppdegalicia.com\/es\/wp-json\/wp\/v2\/users\/37"}],"replies":[{"embeddable":true,"href":"https:\/\/ppdegalicia.com\/es\/wp-json\/wp\/v2\/comments?post=53165"}],"version-history":[{"count":0,"href":"https:\/\/ppdegalicia.com\/es\/wp-json\/wp\/v2\/posts\/53165\/revisions"}],"wp:attachment":[{"href":"https:\/\/ppdegalicia.com\/es\/wp-json\/wp\/v2\/media?parent=53165"}],"wp:term":[{"taxonomy":"category","embeddable":true,"href":"https:\/\/ppdegalicia.com\/es\/wp-json\/wp\/v2\/categories?post=53165"},{"taxonomy":"post_tag","embeddable":true,"href":"https:\/\/ppdegalicia.com\/es\/wp-json\/wp\/v2\/tags?post=53165"}],"curies":[{"name":"wp","href":"https:\/\/api.w.org\/{rel}","templated":true}]}}