{"id":53188,"date":"2018-02-08T11:58:10","date_gmt":"2018-02-08T09:58:10","guid":{"rendered":"https:\/\/ppdegalicia.com\/maria-anton-avoga-orque-sexa-a-propiedade-quen-decida-os-pasos-que-quere-dar-para-reclamar-aos-herdeiros-da-familia-franco-as-pias-bautismais-de-san-xian-de-moraime\/"},"modified":"2018-02-08T11:58:10","modified_gmt":"2018-02-08T09:58:10","slug":"maria-anton-avoga-orque-sexa-a-propiedade-quen-decida-os-pasos-que-quere-dar-para-reclamar-aos-herdeiros-da-familia-franco-as-pias-bautismais-de-san-xian-de-moraime","status":"publish","type":"post","link":"https:\/\/ppdegalicia.com\/es\/maria-anton-avoga-orque-sexa-a-propiedade-quen-decida-os-pasos-que-quere-dar-para-reclamar-aos-herdeiros-da-familia-franco-as-pias-bautismais-de-san-xian-de-moraime\/","title":{"rendered":"Mar\u00eda Ant\u00f3n avoga porque sexa a propiedade quen decida os pasos que quere dar para reclamar aos herdeiros da familia Franco as p\u00edas bautismais de San Xi\u00e1n de Moraime"},"content":{"rendered":"<p><!-- [if gte mso 9]><xml>\n <o:OfficeDocumentSettings>\n  <o:TargetScreenSize>800x600<\/o:TargetScreenSize>\n <\/o:OfficeDocumentSettings>\n<\/xml><![endif]-->Santiago, 8 de febreiro de 2018.- A deputada do Grupo Popular Mar\u00eda Ant\u00f3n avogou hoxe pola \u201cprudencia e que sexa a propiedade das p\u00edas bautismais medievais pertencentes \u00e1 igrexa de San Xi\u00e1n de Moraime a que decida os pasos que quere dar con respecto a reclamar aos herdeiros da familia Franco a s\u00faa devoluci\u00f3n\u201d.<\/p>\n<p><!--more--><\/p>\n<p>&nbsp;<\/p>\n<p>&nbsp;<\/p>\n<p>Mar\u00eda Ant\u00f3n lembrou que a propiedade destas p\u00edas bautismais \u201c\u00e9 da parroquia de Moraime e da diocese de Santiago de Compostela\u201d.<\/p>\n<p>&nbsp;<\/p>\n<p><strong>EXPEDIENTE PECHADO POLO BIPARTITO<\/strong><\/p>\n<p>&nbsp;<\/p>\n<p>Ademais, sinalou que, \u201cno momento en que a igrexa e edificios do antigo mosteiro de San Xi\u00e1n de Moraime foi declarado conxunto hist\u00f3rico en 1972, estas p\u00edas xa non estaban al\u00ed, polo que non se pode dicir que se trata de bens de interese cultural, ao tempo que anteriormente tampouco estaban inclu\u00eddas en ning\u00fan cat\u00e1logo ou inventario de bens mobles protexidos polo seu valor cultural\u201d.<\/p>\n<p>&nbsp;<\/p>\n<p>A deputada popular recordou que a Conseller\u00eda de Cultura do Goberno bipartito na Xunta xa abriu un expediente no ano 2017 sobre a solicitude de recuperaci\u00f3n destas d\u00faas p\u00edas bautismais. \u201cEste expediente ten data de apertura do 17 de outubro e menos dun mes despois foi pechado, en concreto o 2 de novembro, dando traslado da documentaci\u00f3n ao delegado diocesano\u201d, indicou.<\/p>\n","protected":false},"excerpt":{"rendered":"<p>Santiago, 8 de febreiro de 2018.- A deputada do Grupo Popular Mar\u00eda Ant\u00f3n avogou hoxe pola \u201cprudencia e que sexa a propiedade das p\u00edas bautismais medievais pertencentes \u00e1 igrexa de San Xi\u00e1n de Moraime a que decida os pasos que quere dar con respecto a reclamar aos herdeiros da familia Franco a s\u00faa devoluci\u00f3n\u201d.<\/p>\n","protected":false},"author":37,"featured_media":0,"comment_status":"open","ping_status":"open","sticky":false,"template":"","format":"standard","meta":{"_acf_changed":false,"footnotes":""},"categories":[1],"tags":[],"class_list":["post-53188","post","type-post","status-publish","format-standard","hentry","category-pp-de-galicia"],"acf":[],"yoast_head":"<!-- This site is optimized with the Yoast SEO plugin v27.3 - https:\/\/yoast.com\/product\/yoast-seo-wordpress\/ -->\n<title>Mar\u00eda Ant\u00f3n avoga porque sexa a propiedade quen decida os pasos que quere dar para reclamar aos herdeiros da familia Franco as p\u00edas bautismais de San Xi\u00e1n de Moraime - PP de Galicia<\/title>\n<meta name=\"robots\" content=\"index, follow, max-snippet:-1, max-image-preview:large, max-video-preview:-1\" \/>\n<link rel=\"canonical\" href=\"https:\/\/ppdegalicia.com\/es\/maria-anton-avoga-orque-sexa-a-propiedade-quen-decida-os-pasos-que-quere-dar-para-reclamar-aos-herdeiros-da-familia-franco-as-pias-bautismais-de-san-xian-de-moraime\/\" \/>\n<meta property=\"og:locale\" content=\"es_ES\" \/>\n<meta property=\"og:type\" content=\"article\" \/>\n<meta property=\"og:title\" content=\"Mar\u00eda Ant\u00f3n avoga porque sexa a propiedade quen decida os pasos que quere dar para reclamar aos herdeiros da familia Franco as p\u00edas bautismais de San Xi\u00e1n de Moraime - PP de Galicia\" \/>\n<meta property=\"og:description\" content=\"Santiago, 8 de febreiro de 2018.- A deputada do Grupo Popular Mar\u00eda Ant\u00f3n avogou hoxe pola \u201cprudencia e que sexa a propiedade das p\u00edas bautismais medievais pertencentes \u00e1 igrexa de San Xi\u00e1n de Moraime a que decida os pasos que quere dar con respecto a reclamar aos herdeiros da familia Franco a s\u00faa devoluci\u00f3n\u201d.\" \/>\n<meta property=\"og:url\" content=\"https:\/\/ppdegalicia.com\/es\/maria-anton-avoga-orque-sexa-a-propiedade-quen-decida-os-pasos-que-quere-dar-para-reclamar-aos-herdeiros-da-familia-franco-as-pias-bautismais-de-san-xian-de-moraime\/\" \/>\n<meta property=\"og:site_name\" content=\"PP de Galicia\" \/>\n<meta property=\"article:publisher\" content=\"https:\/\/www.instagram.com\/ppdegalicia\/\" \/>\n<meta property=\"article:published_time\" content=\"2018-02-08T09:58:10+00:00\" \/>\n<meta name=\"author\" content=\"Super User\" \/>\n<meta name=\"twitter:card\" content=\"summary_large_image\" \/>\n<meta name=\"twitter:creator\" content=\"@ppdegalicia\" \/>\n<meta name=\"twitter:site\" content=\"@ppdegalicia\" \/>\n<meta name=\"twitter:label1\" content=\"Escrito por\" \/>\n\t<meta name=\"twitter:data1\" content=\"Super User\" \/>\n\t<meta name=\"twitter:label2\" content=\"Tiempo de lectura\" \/>\n\t<meta name=\"twitter:data2\" content=\"1 minuto\" \/>\n<script type=\"application\/ld+json\" class=\"yoast-schema-graph\">{\"@context\":\"https:\\\/\\\/schema.org\",\"@graph\":[{\"@type\":\"Article\",\"@id\":\"https:\\\/\\\/ppdegalicia.com\\\/es\\\/maria-anton-avoga-orque-sexa-a-propiedade-quen-decida-os-pasos-que-quere-dar-para-reclamar-aos-herdeiros-da-familia-franco-as-pias-bautismais-de-san-xian-de-moraime\\\/#article\",\"isPartOf\":{\"@id\":\"https:\\\/\\\/ppdegalicia.com\\\/es\\\/maria-anton-avoga-orque-sexa-a-propiedade-quen-decida-os-pasos-que-quere-dar-para-reclamar-aos-herdeiros-da-familia-franco-as-pias-bautismais-de-san-xian-de-moraime\\\/\"},\"author\":{\"name\":\"Super User\",\"@id\":\"https:\\\/\\\/ppdegalicia.com\\\/es\\\/#\\\/schema\\\/person\\\/d0f013b8388c980665d44009ab762960\"},\"headline\":\"Mar\u00eda Ant\u00f3n avoga porque sexa a propiedade quen decida os pasos que quere dar para reclamar aos herdeiros da familia Franco as p\u00edas bautismais de San Xi\u00e1n de Moraime\",\"datePublished\":\"2018-02-08T09:58:10+00:00\",\"mainEntityOfPage\":{\"@id\":\"https:\\\/\\\/ppdegalicia.com\\\/es\\\/maria-anton-avoga-orque-sexa-a-propiedade-quen-decida-os-pasos-que-quere-dar-para-reclamar-aos-herdeiros-da-familia-franco-as-pias-bautismais-de-san-xian-de-moraime\\\/\"},\"wordCount\":256,\"commentCount\":0,\"publisher\":{\"@id\":\"https:\\\/\\\/ppdegalicia.com\\\/es\\\/#organization\"},\"articleSection\":[\"PP de Galicia\"],\"inLanguage\":\"es\",\"potentialAction\":[{\"@type\":\"CommentAction\",\"name\":\"Comment\",\"target\":[\"https:\\\/\\\/ppdegalicia.com\\\/es\\\/maria-anton-avoga-orque-sexa-a-propiedade-quen-decida-os-pasos-que-quere-dar-para-reclamar-aos-herdeiros-da-familia-franco-as-pias-bautismais-de-san-xian-de-moraime\\\/#respond\"]}]},{\"@type\":\"WebPage\",\"@id\":\"https:\\\/\\\/ppdegalicia.com\\\/es\\\/maria-anton-avoga-orque-sexa-a-propiedade-quen-decida-os-pasos-que-quere-dar-para-reclamar-aos-herdeiros-da-familia-franco-as-pias-bautismais-de-san-xian-de-moraime\\\/\",\"url\":\"https:\\\/\\\/ppdegalicia.com\\\/es\\\/maria-anton-avoga-orque-sexa-a-propiedade-quen-decida-os-pasos-que-quere-dar-para-reclamar-aos-herdeiros-da-familia-franco-as-pias-bautismais-de-san-xian-de-moraime\\\/\",\"name\":\"Mar\u00eda Ant\u00f3n avoga porque sexa a propiedade quen decida os pasos que quere dar para reclamar aos herdeiros da familia Franco as p\u00edas bautismais de San Xi\u00e1n de Moraime - PP de Galicia\",\"isPartOf\":{\"@id\":\"https:\\\/\\\/ppdegalicia.com\\\/es\\\/#website\"},\"datePublished\":\"2018-02-08T09:58:10+00:00\",\"breadcrumb\":{\"@id\":\"https:\\\/\\\/ppdegalicia.com\\\/es\\\/maria-anton-avoga-orque-sexa-a-propiedade-quen-decida-os-pasos-que-quere-dar-para-reclamar-aos-herdeiros-da-familia-franco-as-pias-bautismais-de-san-xian-de-moraime\\\/#breadcrumb\"},\"inLanguage\":\"es\",\"potentialAction\":[{\"@type\":\"ReadAction\",\"target\":[\"https:\\\/\\\/ppdegalicia.com\\\/es\\\/maria-anton-avoga-orque-sexa-a-propiedade-quen-decida-os-pasos-que-quere-dar-para-reclamar-aos-herdeiros-da-familia-franco-as-pias-bautismais-de-san-xian-de-moraime\\\/\"]}]},{\"@type\":\"BreadcrumbList\",\"@id\":\"https:\\\/\\\/ppdegalicia.com\\\/es\\\/maria-anton-avoga-orque-sexa-a-propiedade-quen-decida-os-pasos-que-quere-dar-para-reclamar-aos-herdeiros-da-familia-franco-as-pias-bautismais-de-san-xian-de-moraime\\\/#breadcrumb\",\"itemListElement\":[{\"@type\":\"ListItem\",\"position\":1,\"name\":\"Portada\",\"item\":\"https:\\\/\\\/ppdegalicia.com\\\/es\\\/\"},{\"@type\":\"ListItem\",\"position\":2,\"name\":\"Mar\u00eda Ant\u00f3n avoga porque sexa a propiedade quen decida os pasos que quere dar para reclamar aos herdeiros da familia Franco as p\u00edas bautismais de San Xi\u00e1n de Moraime\"}]},{\"@type\":\"WebSite\",\"@id\":\"https:\\\/\\\/ppdegalicia.com\\\/es\\\/#website\",\"url\":\"https:\\\/\\\/ppdegalicia.com\\\/es\\\/\",\"name\":\"Partido Popular de Galicia\",\"description\":\"Partido Popular de Galicia\",\"publisher\":{\"@id\":\"https:\\\/\\\/ppdegalicia.com\\\/es\\\/#organization\"},\"alternateName\":\"PP de Galicia\",\"potentialAction\":[{\"@type\":\"SearchAction\",\"target\":{\"@type\":\"EntryPoint\",\"urlTemplate\":\"https:\\\/\\\/ppdegalicia.com\\\/es\\\/?s={search_term_string}\"},\"query-input\":{\"@type\":\"PropertyValueSpecification\",\"valueRequired\":true,\"valueName\":\"search_term_string\"}}],\"inLanguage\":\"es\"},{\"@type\":\"Organization\",\"@id\":\"https:\\\/\\\/ppdegalicia.com\\\/es\\\/#organization\",\"name\":\"Partido Popular de Galicia\",\"alternateName\":\"PP de Galicia\",\"url\":\"https:\\\/\\\/ppdegalicia.com\\\/es\\\/\",\"logo\":{\"@type\":\"ImageObject\",\"inLanguage\":\"es\",\"@id\":\"https:\\\/\\\/ppdegalicia.com\\\/es\\\/#\\\/schema\\\/logo\\\/image\\\/\",\"url\":\"https:\\\/\\\/ppdegalicia.com\\\/wp-content\\\/uploads\\\/2023\\\/04\\\/logoPP512.png\",\"contentUrl\":\"https:\\\/\\\/ppdegalicia.com\\\/wp-content\\\/uploads\\\/2023\\\/04\\\/logoPP512.png\",\"width\":512,\"height\":512,\"caption\":\"Partido Popular de Galicia\"},\"image\":{\"@id\":\"https:\\\/\\\/ppdegalicia.com\\\/es\\\/#\\\/schema\\\/logo\\\/image\\\/\"},\"sameAs\":[\"https:\\\/\\\/www.instagram.com\\\/ppdegalicia\\\/\",\"https:\\\/\\\/x.com\\\/ppdegalicia\",\"https:\\\/\\\/www.tiktok.com\\\/@ppdegalicia\",\"https:\\\/\\\/www.youtube.com\\\/user\\\/ppdegalicia\"]},{\"@type\":\"Person\",\"@id\":\"https:\\\/\\\/ppdegalicia.com\\\/es\\\/#\\\/schema\\\/person\\\/d0f013b8388c980665d44009ab762960\",\"name\":\"Super User\",\"image\":{\"@type\":\"ImageObject\",\"inLanguage\":\"es\",\"@id\":\"https:\\\/\\\/secure.gravatar.com\\\/avatar\\\/1db852625ef4948f58d2739bfbc51e4b9bd5c93b8fa340b59fdb594ca0845645?s=96&d=mm&r=g\",\"url\":\"https:\\\/\\\/secure.gravatar.com\\\/avatar\\\/1db852625ef4948f58d2739bfbc51e4b9bd5c93b8fa340b59fdb594ca0845645?s=96&d=mm&r=g\",\"contentUrl\":\"https:\\\/\\\/secure.gravatar.com\\\/avatar\\\/1db852625ef4948f58d2739bfbc51e4b9bd5c93b8fa340b59fdb594ca0845645?s=96&d=mm&r=g\",\"caption\":\"Super User\"},\"url\":\"https:\\\/\\\/ppdegalicia.com\\\/es\\\/author\\\/ppdegaliciagestion\\\/\"}]}<\/script>\n<!-- \/ Yoast SEO plugin. -->","yoast_head_json":{"title":"Mar\u00eda Ant\u00f3n avoga porque sexa a propiedade quen decida os pasos que quere dar para reclamar aos herdeiros da familia Franco as p\u00edas bautismais de San Xi\u00e1n de Moraime - PP de Galicia","robots":{"index":"index","follow":"follow","max-snippet":"max-snippet:-1","max-image-preview":"max-image-preview:large","max-video-preview":"max-video-preview:-1"},"canonical":"https:\/\/ppdegalicia.com\/es\/maria-anton-avoga-orque-sexa-a-propiedade-quen-decida-os-pasos-que-quere-dar-para-reclamar-aos-herdeiros-da-familia-franco-as-pias-bautismais-de-san-xian-de-moraime\/","og_locale":"es_ES","og_type":"article","og_title":"Mar\u00eda Ant\u00f3n avoga porque sexa a propiedade quen decida os pasos que quere dar para reclamar aos herdeiros da familia Franco as p\u00edas bautismais de San Xi\u00e1n de Moraime - PP de Galicia","og_description":"Santiago, 8 de febreiro de 2018.- A deputada do Grupo Popular Mar\u00eda Ant\u00f3n avogou hoxe pola \u201cprudencia e que sexa a propiedade das p\u00edas bautismais medievais pertencentes \u00e1 igrexa de San Xi\u00e1n de Moraime a que decida os pasos que quere dar con respecto a reclamar aos herdeiros da familia Franco a s\u00faa devoluci\u00f3n\u201d.","og_url":"https:\/\/ppdegalicia.com\/es\/maria-anton-avoga-orque-sexa-a-propiedade-quen-decida-os-pasos-que-quere-dar-para-reclamar-aos-herdeiros-da-familia-franco-as-pias-bautismais-de-san-xian-de-moraime\/","og_site_name":"PP de Galicia","article_publisher":"https:\/\/www.instagram.com\/ppdegalicia\/","article_published_time":"2018-02-08T09:58:10+00:00","author":"Super User","twitter_card":"summary_large_image","twitter_creator":"@ppdegalicia","twitter_site":"@ppdegalicia","twitter_misc":{"Escrito por":"Super User","Tiempo de lectura":"1 minuto"},"schema":{"@context":"https:\/\/schema.org","@graph":[{"@type":"Article","@id":"https:\/\/ppdegalicia.com\/es\/maria-anton-avoga-orque-sexa-a-propiedade-quen-decida-os-pasos-que-quere-dar-para-reclamar-aos-herdeiros-da-familia-franco-as-pias-bautismais-de-san-xian-de-moraime\/#article","isPartOf":{"@id":"https:\/\/ppdegalicia.com\/es\/maria-anton-avoga-orque-sexa-a-propiedade-quen-decida-os-pasos-que-quere-dar-para-reclamar-aos-herdeiros-da-familia-franco-as-pias-bautismais-de-san-xian-de-moraime\/"},"author":{"name":"Super User","@id":"https:\/\/ppdegalicia.com\/es\/#\/schema\/person\/d0f013b8388c980665d44009ab762960"},"headline":"Mar\u00eda Ant\u00f3n avoga porque sexa a propiedade quen decida os pasos que quere dar para reclamar aos herdeiros da familia Franco as p\u00edas bautismais de San Xi\u00e1n de Moraime","datePublished":"2018-02-08T09:58:10+00:00","mainEntityOfPage":{"@id":"https:\/\/ppdegalicia.com\/es\/maria-anton-avoga-orque-sexa-a-propiedade-quen-decida-os-pasos-que-quere-dar-para-reclamar-aos-herdeiros-da-familia-franco-as-pias-bautismais-de-san-xian-de-moraime\/"},"wordCount":256,"commentCount":0,"publisher":{"@id":"https:\/\/ppdegalicia.com\/es\/#organization"},"articleSection":["PP de Galicia"],"inLanguage":"es","potentialAction":[{"@type":"CommentAction","name":"Comment","target":["https:\/\/ppdegalicia.com\/es\/maria-anton-avoga-orque-sexa-a-propiedade-quen-decida-os-pasos-que-quere-dar-para-reclamar-aos-herdeiros-da-familia-franco-as-pias-bautismais-de-san-xian-de-moraime\/#respond"]}]},{"@type":"WebPage","@id":"https:\/\/ppdegalicia.com\/es\/maria-anton-avoga-orque-sexa-a-propiedade-quen-decida-os-pasos-que-quere-dar-para-reclamar-aos-herdeiros-da-familia-franco-as-pias-bautismais-de-san-xian-de-moraime\/","url":"https:\/\/ppdegalicia.com\/es\/maria-anton-avoga-orque-sexa-a-propiedade-quen-decida-os-pasos-que-quere-dar-para-reclamar-aos-herdeiros-da-familia-franco-as-pias-bautismais-de-san-xian-de-moraime\/","name":"Mar\u00eda Ant\u00f3n avoga porque sexa a propiedade quen decida os pasos que quere dar para reclamar aos herdeiros da familia Franco as p\u00edas bautismais de San Xi\u00e1n de Moraime - PP de Galicia","isPartOf":{"@id":"https:\/\/ppdegalicia.com\/es\/#website"},"datePublished":"2018-02-08T09:58:10+00:00","breadcrumb":{"@id":"https:\/\/ppdegalicia.com\/es\/maria-anton-avoga-orque-sexa-a-propiedade-quen-decida-os-pasos-que-quere-dar-para-reclamar-aos-herdeiros-da-familia-franco-as-pias-bautismais-de-san-xian-de-moraime\/#breadcrumb"},"inLanguage":"es","potentialAction":[{"@type":"ReadAction","target":["https:\/\/ppdegalicia.com\/es\/maria-anton-avoga-orque-sexa-a-propiedade-quen-decida-os-pasos-que-quere-dar-para-reclamar-aos-herdeiros-da-familia-franco-as-pias-bautismais-de-san-xian-de-moraime\/"]}]},{"@type":"BreadcrumbList","@id":"https:\/\/ppdegalicia.com\/es\/maria-anton-avoga-orque-sexa-a-propiedade-quen-decida-os-pasos-que-quere-dar-para-reclamar-aos-herdeiros-da-familia-franco-as-pias-bautismais-de-san-xian-de-moraime\/#breadcrumb","itemListElement":[{"@type":"ListItem","position":1,"name":"Portada","item":"https:\/\/ppdegalicia.com\/es\/"},{"@type":"ListItem","position":2,"name":"Mar\u00eda Ant\u00f3n avoga porque sexa a propiedade quen decida os pasos que quere dar para reclamar aos herdeiros da familia Franco as p\u00edas bautismais de San Xi\u00e1n de Moraime"}]},{"@type":"WebSite","@id":"https:\/\/ppdegalicia.com\/es\/#website","url":"https:\/\/ppdegalicia.com\/es\/","name":"Partido Popular de Galicia","description":"Partido Popular de Galicia","publisher":{"@id":"https:\/\/ppdegalicia.com\/es\/#organization"},"alternateName":"PP de Galicia","potentialAction":[{"@type":"SearchAction","target":{"@type":"EntryPoint","urlTemplate":"https:\/\/ppdegalicia.com\/es\/?s={search_term_string}"},"query-input":{"@type":"PropertyValueSpecification","valueRequired":true,"valueName":"search_term_string"}}],"inLanguage":"es"},{"@type":"Organization","@id":"https:\/\/ppdegalicia.com\/es\/#organization","name":"Partido Popular de Galicia","alternateName":"PP de Galicia","url":"https:\/\/ppdegalicia.com\/es\/","logo":{"@type":"ImageObject","inLanguage":"es","@id":"https:\/\/ppdegalicia.com\/es\/#\/schema\/logo\/image\/","url":"https:\/\/ppdegalicia.com\/wp-content\/uploads\/2023\/04\/logoPP512.png","contentUrl":"https:\/\/ppdegalicia.com\/wp-content\/uploads\/2023\/04\/logoPP512.png","width":512,"height":512,"caption":"Partido Popular de Galicia"},"image":{"@id":"https:\/\/ppdegalicia.com\/es\/#\/schema\/logo\/image\/"},"sameAs":["https:\/\/www.instagram.com\/ppdegalicia\/","https:\/\/x.com\/ppdegalicia","https:\/\/www.tiktok.com\/@ppdegalicia","https:\/\/www.youtube.com\/user\/ppdegalicia"]},{"@type":"Person","@id":"https:\/\/ppdegalicia.com\/es\/#\/schema\/person\/d0f013b8388c980665d44009ab762960","name":"Super User","image":{"@type":"ImageObject","inLanguage":"es","@id":"https:\/\/secure.gravatar.com\/avatar\/1db852625ef4948f58d2739bfbc51e4b9bd5c93b8fa340b59fdb594ca0845645?s=96&d=mm&r=g","url":"https:\/\/secure.gravatar.com\/avatar\/1db852625ef4948f58d2739bfbc51e4b9bd5c93b8fa340b59fdb594ca0845645?s=96&d=mm&r=g","contentUrl":"https:\/\/secure.gravatar.com\/avatar\/1db852625ef4948f58d2739bfbc51e4b9bd5c93b8fa340b59fdb594ca0845645?s=96&d=mm&r=g","caption":"Super User"},"url":"https:\/\/ppdegalicia.com\/es\/author\/ppdegaliciagestion\/"}]}},"_links":{"self":[{"href":"https:\/\/ppdegalicia.com\/es\/wp-json\/wp\/v2\/posts\/53188","targetHints":{"allow":["GET"]}}],"collection":[{"href":"https:\/\/ppdegalicia.com\/es\/wp-json\/wp\/v2\/posts"}],"about":[{"href":"https:\/\/ppdegalicia.com\/es\/wp-json\/wp\/v2\/types\/post"}],"author":[{"embeddable":true,"href":"https:\/\/ppdegalicia.com\/es\/wp-json\/wp\/v2\/users\/37"}],"replies":[{"embeddable":true,"href":"https:\/\/ppdegalicia.com\/es\/wp-json\/wp\/v2\/comments?post=53188"}],"version-history":[{"count":0,"href":"https:\/\/ppdegalicia.com\/es\/wp-json\/wp\/v2\/posts\/53188\/revisions"}],"wp:attachment":[{"href":"https:\/\/ppdegalicia.com\/es\/wp-json\/wp\/v2\/media?parent=53188"}],"wp:term":[{"taxonomy":"category","embeddable":true,"href":"https:\/\/ppdegalicia.com\/es\/wp-json\/wp\/v2\/categories?post=53188"},{"taxonomy":"post_tag","embeddable":true,"href":"https:\/\/ppdegalicia.com\/es\/wp-json\/wp\/v2\/tags?post=53188"}],"curies":[{"name":"wp","href":"https:\/\/api.w.org\/{rel}","templated":true}]}}