{"id":53189,"date":"2018-02-08T12:02:22","date_gmt":"2018-02-08T10:02:22","guid":{"rendered":"https:\/\/ppdegalicia.com\/cesar-fernandez-critica-que-a-oposicion-fale-de-masificacion-no-ensino-galego-cando-galicia-ten-ratios-alumno-profesor-e-alumno-aula-mais-baixos-que-a-media-espanola\/"},"modified":"2018-02-08T12:02:22","modified_gmt":"2018-02-08T10:02:22","slug":"cesar-fernandez-critica-que-a-oposicion-fale-de-masificacion-no-ensino-galego-cando-galicia-ten-ratios-alumno-profesor-e-alumno-aula-mais-baixos-que-a-media-espanola","status":"publish","type":"post","link":"https:\/\/ppdegalicia.com\/es\/cesar-fernandez-critica-que-a-oposicion-fale-de-masificacion-no-ensino-galego-cando-galicia-ten-ratios-alumno-profesor-e-alumno-aula-mais-baixos-que-a-media-espanola\/","title":{"rendered":"C\u00e9sar Fern\u00e1ndez critica que a oposici\u00f3n fale de masificaci\u00f3n no ensino galego cando Galicia ten ratios alumno\/profesor e alumno\/aula m\u00e1is baixos que a media espa\u00f1ola"},"content":{"rendered":"<p>Santiago, 8 de febreiro de 2018.- O portavoz de Educaci\u00f3n do Grupo Popular, C\u00e9sar Fern\u00e1ndez Gil, criticou hoxe que a oposici\u00f3n \u201cestea a falar de masificaci\u00f3n no ensino galego, cando a Galicia ten ratios de alumno\/profesor e alumno\/aula m\u00e1is baixos que a media de Espa\u00f1a\u201d.<\/p>\n<p><!--more--><\/p>\n<p>&nbsp;<\/p>\n<p>En concreto, Fern\u00e1ndez Gil explicou que a ratio alumno\/profesor en Galicia \u00e9 de 10,5, fronte ao 12,5 da media espa\u00f1ola. As\u00ed mesmo, a ratio alumno\/aula en educaci\u00f3n infantil na Comunidade galega \u00e9 de 17,2, fronte ao 18,5 en Espa\u00f1a; en ensino primario, do 19,5 fronte ao 21,9; en ESO, do 20,5 fronte ao 25,2; e en bacharelato, do 23,9 fronte ao 26,6.<\/p>\n<p>&nbsp;<\/p>\n<p><strong>CUMPRINDO A LEXISLACI\u00d3N VIXENTE<\/strong><\/p>\n<p>&nbsp;<\/p>\n<p>\u201cGalicia cumpre a lexislaci\u00f3n vixente en materia de alumnos por profesor e por aula\u201d, asegurou o portavoz popular. Neste sentido, indicou que estas ratios m\u00e1ximas de alumnado para cada etapa educativa \u201ct\u00e9\u00f1ense en conta para o normal desenvolvemento dos procesos de admisi\u00f3n de alumnado en centros sostidos con fondos p\u00fablicos\u201d.<\/p>\n<p>&nbsp;<\/p>\n<p>C\u00e9sar Fern\u00e1ndez engadiu que a Conseller\u00eda \u201cestuda cada ano a situaci\u00f3n das unidades e postos docentes coa finalidade de adaptar a organizaci\u00f3n dos centros \u00e1s efectivas necesidades da poboaci\u00f3n a escolarizar\u201d. Nesta valoraci\u00f3n, t\u00e9\u00f1ense en conta tanto o alumnado xa escolarizado e que ten dereito \u00e1 permanencia no centro, como o que se incorpora ao sistema, as necesidades espec\u00edficas de apoio educativo, o alumnado que se prev\u00e9 que repetir\u00e1 de curso ou a situaci\u00f3n demogr\u00e1fica e socioecon\u00f3mica da zona na que se sit\u00faa o centro educativo.<\/p>\n","protected":false},"excerpt":{"rendered":"<p>Santiago, 8 de febreiro de 2018.- O portavoz de Educaci\u00f3n do Grupo Popular, C\u00e9sar Fern\u00e1ndez Gil, criticou hoxe que a oposici\u00f3n \u201cestea a falar de masificaci\u00f3n no ensino galego, cando a Galicia ten ratios de alumno\/profesor e alumno\/aula m\u00e1is baixos que a media de Espa\u00f1a\u201d.<\/p>\n","protected":false},"author":37,"featured_media":0,"comment_status":"open","ping_status":"open","sticky":false,"template":"","format":"standard","meta":{"_acf_changed":false,"footnotes":""},"categories":[1],"tags":[],"class_list":["post-53189","post","type-post","status-publish","format-standard","hentry","category-pp-de-galicia"],"acf":[],"yoast_head":"<!-- This site is optimized with the Yoast SEO plugin v27.3 - https:\/\/yoast.com\/product\/yoast-seo-wordpress\/ -->\n<title>C\u00e9sar Fern\u00e1ndez critica que a oposici\u00f3n fale de masificaci\u00f3n no ensino galego cando Galicia ten ratios alumno\/profesor e alumno\/aula m\u00e1is baixos que a media espa\u00f1ola - PP de Galicia<\/title>\n<meta name=\"robots\" content=\"index, follow, max-snippet:-1, max-image-preview:large, max-video-preview:-1\" \/>\n<link rel=\"canonical\" href=\"https:\/\/ppdegalicia.com\/es\/cesar-fernandez-critica-que-a-oposicion-fale-de-masificacion-no-ensino-galego-cando-galicia-ten-ratios-alumno-profesor-e-alumno-aula-mais-baixos-que-a-media-espanola\/\" \/>\n<meta property=\"og:locale\" content=\"es_ES\" \/>\n<meta property=\"og:type\" content=\"article\" \/>\n<meta property=\"og:title\" content=\"C\u00e9sar Fern\u00e1ndez critica que a oposici\u00f3n fale de masificaci\u00f3n no ensino galego cando Galicia ten ratios alumno\/profesor e alumno\/aula m\u00e1is baixos que a media espa\u00f1ola - PP de Galicia\" \/>\n<meta property=\"og:description\" content=\"Santiago, 8 de febreiro de 2018.- O portavoz de Educaci\u00f3n do Grupo Popular, C\u00e9sar Fern\u00e1ndez Gil, criticou hoxe que a oposici\u00f3n \u201cestea a falar de masificaci\u00f3n no ensino galego, cando a Galicia ten ratios de alumno\/profesor e alumno\/aula m\u00e1is baixos que a media de Espa\u00f1a\u201d.\" \/>\n<meta property=\"og:url\" content=\"https:\/\/ppdegalicia.com\/es\/cesar-fernandez-critica-que-a-oposicion-fale-de-masificacion-no-ensino-galego-cando-galicia-ten-ratios-alumno-profesor-e-alumno-aula-mais-baixos-que-a-media-espanola\/\" \/>\n<meta property=\"og:site_name\" content=\"PP de Galicia\" \/>\n<meta property=\"article:publisher\" content=\"https:\/\/www.instagram.com\/ppdegalicia\/\" \/>\n<meta property=\"article:published_time\" content=\"2018-02-08T10:02:22+00:00\" \/>\n<meta name=\"author\" content=\"Super User\" \/>\n<meta name=\"twitter:card\" content=\"summary_large_image\" \/>\n<meta name=\"twitter:creator\" content=\"@ppdegalicia\" \/>\n<meta name=\"twitter:site\" content=\"@ppdegalicia\" \/>\n<meta name=\"twitter:label1\" content=\"Escrito por\" \/>\n\t<meta name=\"twitter:data1\" content=\"Super User\" \/>\n\t<meta name=\"twitter:label2\" content=\"Tiempo de lectura\" \/>\n\t<meta name=\"twitter:data2\" content=\"1 minuto\" \/>\n<script type=\"application\/ld+json\" class=\"yoast-schema-graph\">{\"@context\":\"https:\\\/\\\/schema.org\",\"@graph\":[{\"@type\":\"Article\",\"@id\":\"https:\\\/\\\/ppdegalicia.com\\\/es\\\/cesar-fernandez-critica-que-a-oposicion-fale-de-masificacion-no-ensino-galego-cando-galicia-ten-ratios-alumno-profesor-e-alumno-aula-mais-baixos-que-a-media-espanola\\\/#article\",\"isPartOf\":{\"@id\":\"https:\\\/\\\/ppdegalicia.com\\\/es\\\/cesar-fernandez-critica-que-a-oposicion-fale-de-masificacion-no-ensino-galego-cando-galicia-ten-ratios-alumno-profesor-e-alumno-aula-mais-baixos-que-a-media-espanola\\\/\"},\"author\":{\"name\":\"Super User\",\"@id\":\"https:\\\/\\\/ppdegalicia.com\\\/es\\\/#\\\/schema\\\/person\\\/d0f013b8388c980665d44009ab762960\"},\"headline\":\"C\u00e9sar Fern\u00e1ndez critica que a oposici\u00f3n fale de masificaci\u00f3n no ensino galego cando Galicia ten ratios alumno\\\/profesor e alumno\\\/aula m\u00e1is baixos que a media espa\u00f1ola\",\"datePublished\":\"2018-02-08T10:02:22+00:00\",\"mainEntityOfPage\":{\"@id\":\"https:\\\/\\\/ppdegalicia.com\\\/es\\\/cesar-fernandez-critica-que-a-oposicion-fale-de-masificacion-no-ensino-galego-cando-galicia-ten-ratios-alumno-profesor-e-alumno-aula-mais-baixos-que-a-media-espanola\\\/\"},\"wordCount\":304,\"commentCount\":0,\"publisher\":{\"@id\":\"https:\\\/\\\/ppdegalicia.com\\\/es\\\/#organization\"},\"articleSection\":[\"PP de Galicia\"],\"inLanguage\":\"es\",\"potentialAction\":[{\"@type\":\"CommentAction\",\"name\":\"Comment\",\"target\":[\"https:\\\/\\\/ppdegalicia.com\\\/es\\\/cesar-fernandez-critica-que-a-oposicion-fale-de-masificacion-no-ensino-galego-cando-galicia-ten-ratios-alumno-profesor-e-alumno-aula-mais-baixos-que-a-media-espanola\\\/#respond\"]}]},{\"@type\":\"WebPage\",\"@id\":\"https:\\\/\\\/ppdegalicia.com\\\/es\\\/cesar-fernandez-critica-que-a-oposicion-fale-de-masificacion-no-ensino-galego-cando-galicia-ten-ratios-alumno-profesor-e-alumno-aula-mais-baixos-que-a-media-espanola\\\/\",\"url\":\"https:\\\/\\\/ppdegalicia.com\\\/es\\\/cesar-fernandez-critica-que-a-oposicion-fale-de-masificacion-no-ensino-galego-cando-galicia-ten-ratios-alumno-profesor-e-alumno-aula-mais-baixos-que-a-media-espanola\\\/\",\"name\":\"C\u00e9sar Fern\u00e1ndez critica que a oposici\u00f3n fale de masificaci\u00f3n no ensino galego cando Galicia ten ratios alumno\\\/profesor e alumno\\\/aula m\u00e1is baixos que a media espa\u00f1ola - PP de Galicia\",\"isPartOf\":{\"@id\":\"https:\\\/\\\/ppdegalicia.com\\\/es\\\/#website\"},\"datePublished\":\"2018-02-08T10:02:22+00:00\",\"breadcrumb\":{\"@id\":\"https:\\\/\\\/ppdegalicia.com\\\/es\\\/cesar-fernandez-critica-que-a-oposicion-fale-de-masificacion-no-ensino-galego-cando-galicia-ten-ratios-alumno-profesor-e-alumno-aula-mais-baixos-que-a-media-espanola\\\/#breadcrumb\"},\"inLanguage\":\"es\",\"potentialAction\":[{\"@type\":\"ReadAction\",\"target\":[\"https:\\\/\\\/ppdegalicia.com\\\/es\\\/cesar-fernandez-critica-que-a-oposicion-fale-de-masificacion-no-ensino-galego-cando-galicia-ten-ratios-alumno-profesor-e-alumno-aula-mais-baixos-que-a-media-espanola\\\/\"]}]},{\"@type\":\"BreadcrumbList\",\"@id\":\"https:\\\/\\\/ppdegalicia.com\\\/es\\\/cesar-fernandez-critica-que-a-oposicion-fale-de-masificacion-no-ensino-galego-cando-galicia-ten-ratios-alumno-profesor-e-alumno-aula-mais-baixos-que-a-media-espanola\\\/#breadcrumb\",\"itemListElement\":[{\"@type\":\"ListItem\",\"position\":1,\"name\":\"Portada\",\"item\":\"https:\\\/\\\/ppdegalicia.com\\\/es\\\/\"},{\"@type\":\"ListItem\",\"position\":2,\"name\":\"C\u00e9sar Fern\u00e1ndez critica que a oposici\u00f3n fale de masificaci\u00f3n no ensino galego cando Galicia ten ratios alumno\\\/profesor e alumno\\\/aula m\u00e1is baixos que a media espa\u00f1ola\"}]},{\"@type\":\"WebSite\",\"@id\":\"https:\\\/\\\/ppdegalicia.com\\\/es\\\/#website\",\"url\":\"https:\\\/\\\/ppdegalicia.com\\\/es\\\/\",\"name\":\"Partido Popular de Galicia\",\"description\":\"Partido Popular de Galicia\",\"publisher\":{\"@id\":\"https:\\\/\\\/ppdegalicia.com\\\/es\\\/#organization\"},\"alternateName\":\"PP de Galicia\",\"potentialAction\":[{\"@type\":\"SearchAction\",\"target\":{\"@type\":\"EntryPoint\",\"urlTemplate\":\"https:\\\/\\\/ppdegalicia.com\\\/es\\\/?s={search_term_string}\"},\"query-input\":{\"@type\":\"PropertyValueSpecification\",\"valueRequired\":true,\"valueName\":\"search_term_string\"}}],\"inLanguage\":\"es\"},{\"@type\":\"Organization\",\"@id\":\"https:\\\/\\\/ppdegalicia.com\\\/es\\\/#organization\",\"name\":\"Partido Popular de Galicia\",\"alternateName\":\"PP de Galicia\",\"url\":\"https:\\\/\\\/ppdegalicia.com\\\/es\\\/\",\"logo\":{\"@type\":\"ImageObject\",\"inLanguage\":\"es\",\"@id\":\"https:\\\/\\\/ppdegalicia.com\\\/es\\\/#\\\/schema\\\/logo\\\/image\\\/\",\"url\":\"https:\\\/\\\/ppdegalicia.com\\\/wp-content\\\/uploads\\\/2023\\\/04\\\/logoPP512.png\",\"contentUrl\":\"https:\\\/\\\/ppdegalicia.com\\\/wp-content\\\/uploads\\\/2023\\\/04\\\/logoPP512.png\",\"width\":512,\"height\":512,\"caption\":\"Partido Popular de Galicia\"},\"image\":{\"@id\":\"https:\\\/\\\/ppdegalicia.com\\\/es\\\/#\\\/schema\\\/logo\\\/image\\\/\"},\"sameAs\":[\"https:\\\/\\\/www.instagram.com\\\/ppdegalicia\\\/\",\"https:\\\/\\\/x.com\\\/ppdegalicia\",\"https:\\\/\\\/www.tiktok.com\\\/@ppdegalicia\",\"https:\\\/\\\/www.youtube.com\\\/user\\\/ppdegalicia\"]},{\"@type\":\"Person\",\"@id\":\"https:\\\/\\\/ppdegalicia.com\\\/es\\\/#\\\/schema\\\/person\\\/d0f013b8388c980665d44009ab762960\",\"name\":\"Super User\",\"image\":{\"@type\":\"ImageObject\",\"inLanguage\":\"es\",\"@id\":\"https:\\\/\\\/secure.gravatar.com\\\/avatar\\\/1db852625ef4948f58d2739bfbc51e4b9bd5c93b8fa340b59fdb594ca0845645?s=96&d=mm&r=g\",\"url\":\"https:\\\/\\\/secure.gravatar.com\\\/avatar\\\/1db852625ef4948f58d2739bfbc51e4b9bd5c93b8fa340b59fdb594ca0845645?s=96&d=mm&r=g\",\"contentUrl\":\"https:\\\/\\\/secure.gravatar.com\\\/avatar\\\/1db852625ef4948f58d2739bfbc51e4b9bd5c93b8fa340b59fdb594ca0845645?s=96&d=mm&r=g\",\"caption\":\"Super User\"},\"url\":\"https:\\\/\\\/ppdegalicia.com\\\/es\\\/author\\\/ppdegaliciagestion\\\/\"}]}<\/script>\n<!-- \/ Yoast SEO plugin. -->","yoast_head_json":{"title":"C\u00e9sar Fern\u00e1ndez critica que a oposici\u00f3n fale de masificaci\u00f3n no ensino galego cando Galicia ten ratios alumno\/profesor e alumno\/aula m\u00e1is baixos que a media espa\u00f1ola - PP de Galicia","robots":{"index":"index","follow":"follow","max-snippet":"max-snippet:-1","max-image-preview":"max-image-preview:large","max-video-preview":"max-video-preview:-1"},"canonical":"https:\/\/ppdegalicia.com\/es\/cesar-fernandez-critica-que-a-oposicion-fale-de-masificacion-no-ensino-galego-cando-galicia-ten-ratios-alumno-profesor-e-alumno-aula-mais-baixos-que-a-media-espanola\/","og_locale":"es_ES","og_type":"article","og_title":"C\u00e9sar Fern\u00e1ndez critica que a oposici\u00f3n fale de masificaci\u00f3n no ensino galego cando Galicia ten ratios alumno\/profesor e alumno\/aula m\u00e1is baixos que a media espa\u00f1ola - PP de Galicia","og_description":"Santiago, 8 de febreiro de 2018.- O portavoz de Educaci\u00f3n do Grupo Popular, C\u00e9sar Fern\u00e1ndez Gil, criticou hoxe que a oposici\u00f3n \u201cestea a falar de masificaci\u00f3n no ensino galego, cando a Galicia ten ratios de alumno\/profesor e alumno\/aula m\u00e1is baixos que a media de Espa\u00f1a\u201d.","og_url":"https:\/\/ppdegalicia.com\/es\/cesar-fernandez-critica-que-a-oposicion-fale-de-masificacion-no-ensino-galego-cando-galicia-ten-ratios-alumno-profesor-e-alumno-aula-mais-baixos-que-a-media-espanola\/","og_site_name":"PP de Galicia","article_publisher":"https:\/\/www.instagram.com\/ppdegalicia\/","article_published_time":"2018-02-08T10:02:22+00:00","author":"Super User","twitter_card":"summary_large_image","twitter_creator":"@ppdegalicia","twitter_site":"@ppdegalicia","twitter_misc":{"Escrito por":"Super User","Tiempo de lectura":"1 minuto"},"schema":{"@context":"https:\/\/schema.org","@graph":[{"@type":"Article","@id":"https:\/\/ppdegalicia.com\/es\/cesar-fernandez-critica-que-a-oposicion-fale-de-masificacion-no-ensino-galego-cando-galicia-ten-ratios-alumno-profesor-e-alumno-aula-mais-baixos-que-a-media-espanola\/#article","isPartOf":{"@id":"https:\/\/ppdegalicia.com\/es\/cesar-fernandez-critica-que-a-oposicion-fale-de-masificacion-no-ensino-galego-cando-galicia-ten-ratios-alumno-profesor-e-alumno-aula-mais-baixos-que-a-media-espanola\/"},"author":{"name":"Super User","@id":"https:\/\/ppdegalicia.com\/es\/#\/schema\/person\/d0f013b8388c980665d44009ab762960"},"headline":"C\u00e9sar Fern\u00e1ndez critica que a oposici\u00f3n fale de masificaci\u00f3n no ensino galego cando Galicia ten ratios alumno\/profesor e alumno\/aula m\u00e1is baixos que a media espa\u00f1ola","datePublished":"2018-02-08T10:02:22+00:00","mainEntityOfPage":{"@id":"https:\/\/ppdegalicia.com\/es\/cesar-fernandez-critica-que-a-oposicion-fale-de-masificacion-no-ensino-galego-cando-galicia-ten-ratios-alumno-profesor-e-alumno-aula-mais-baixos-que-a-media-espanola\/"},"wordCount":304,"commentCount":0,"publisher":{"@id":"https:\/\/ppdegalicia.com\/es\/#organization"},"articleSection":["PP de Galicia"],"inLanguage":"es","potentialAction":[{"@type":"CommentAction","name":"Comment","target":["https:\/\/ppdegalicia.com\/es\/cesar-fernandez-critica-que-a-oposicion-fale-de-masificacion-no-ensino-galego-cando-galicia-ten-ratios-alumno-profesor-e-alumno-aula-mais-baixos-que-a-media-espanola\/#respond"]}]},{"@type":"WebPage","@id":"https:\/\/ppdegalicia.com\/es\/cesar-fernandez-critica-que-a-oposicion-fale-de-masificacion-no-ensino-galego-cando-galicia-ten-ratios-alumno-profesor-e-alumno-aula-mais-baixos-que-a-media-espanola\/","url":"https:\/\/ppdegalicia.com\/es\/cesar-fernandez-critica-que-a-oposicion-fale-de-masificacion-no-ensino-galego-cando-galicia-ten-ratios-alumno-profesor-e-alumno-aula-mais-baixos-que-a-media-espanola\/","name":"C\u00e9sar Fern\u00e1ndez critica que a oposici\u00f3n fale de masificaci\u00f3n no ensino galego cando Galicia ten ratios alumno\/profesor e alumno\/aula m\u00e1is baixos que a media espa\u00f1ola - PP de Galicia","isPartOf":{"@id":"https:\/\/ppdegalicia.com\/es\/#website"},"datePublished":"2018-02-08T10:02:22+00:00","breadcrumb":{"@id":"https:\/\/ppdegalicia.com\/es\/cesar-fernandez-critica-que-a-oposicion-fale-de-masificacion-no-ensino-galego-cando-galicia-ten-ratios-alumno-profesor-e-alumno-aula-mais-baixos-que-a-media-espanola\/#breadcrumb"},"inLanguage":"es","potentialAction":[{"@type":"ReadAction","target":["https:\/\/ppdegalicia.com\/es\/cesar-fernandez-critica-que-a-oposicion-fale-de-masificacion-no-ensino-galego-cando-galicia-ten-ratios-alumno-profesor-e-alumno-aula-mais-baixos-que-a-media-espanola\/"]}]},{"@type":"BreadcrumbList","@id":"https:\/\/ppdegalicia.com\/es\/cesar-fernandez-critica-que-a-oposicion-fale-de-masificacion-no-ensino-galego-cando-galicia-ten-ratios-alumno-profesor-e-alumno-aula-mais-baixos-que-a-media-espanola\/#breadcrumb","itemListElement":[{"@type":"ListItem","position":1,"name":"Portada","item":"https:\/\/ppdegalicia.com\/es\/"},{"@type":"ListItem","position":2,"name":"C\u00e9sar Fern\u00e1ndez critica que a oposici\u00f3n fale de masificaci\u00f3n no ensino galego cando Galicia ten ratios alumno\/profesor e alumno\/aula m\u00e1is baixos que a media espa\u00f1ola"}]},{"@type":"WebSite","@id":"https:\/\/ppdegalicia.com\/es\/#website","url":"https:\/\/ppdegalicia.com\/es\/","name":"Partido Popular de Galicia","description":"Partido Popular de Galicia","publisher":{"@id":"https:\/\/ppdegalicia.com\/es\/#organization"},"alternateName":"PP de Galicia","potentialAction":[{"@type":"SearchAction","target":{"@type":"EntryPoint","urlTemplate":"https:\/\/ppdegalicia.com\/es\/?s={search_term_string}"},"query-input":{"@type":"PropertyValueSpecification","valueRequired":true,"valueName":"search_term_string"}}],"inLanguage":"es"},{"@type":"Organization","@id":"https:\/\/ppdegalicia.com\/es\/#organization","name":"Partido Popular de Galicia","alternateName":"PP de Galicia","url":"https:\/\/ppdegalicia.com\/es\/","logo":{"@type":"ImageObject","inLanguage":"es","@id":"https:\/\/ppdegalicia.com\/es\/#\/schema\/logo\/image\/","url":"https:\/\/ppdegalicia.com\/wp-content\/uploads\/2023\/04\/logoPP512.png","contentUrl":"https:\/\/ppdegalicia.com\/wp-content\/uploads\/2023\/04\/logoPP512.png","width":512,"height":512,"caption":"Partido Popular de Galicia"},"image":{"@id":"https:\/\/ppdegalicia.com\/es\/#\/schema\/logo\/image\/"},"sameAs":["https:\/\/www.instagram.com\/ppdegalicia\/","https:\/\/x.com\/ppdegalicia","https:\/\/www.tiktok.com\/@ppdegalicia","https:\/\/www.youtube.com\/user\/ppdegalicia"]},{"@type":"Person","@id":"https:\/\/ppdegalicia.com\/es\/#\/schema\/person\/d0f013b8388c980665d44009ab762960","name":"Super User","image":{"@type":"ImageObject","inLanguage":"es","@id":"https:\/\/secure.gravatar.com\/avatar\/1db852625ef4948f58d2739bfbc51e4b9bd5c93b8fa340b59fdb594ca0845645?s=96&d=mm&r=g","url":"https:\/\/secure.gravatar.com\/avatar\/1db852625ef4948f58d2739bfbc51e4b9bd5c93b8fa340b59fdb594ca0845645?s=96&d=mm&r=g","contentUrl":"https:\/\/secure.gravatar.com\/avatar\/1db852625ef4948f58d2739bfbc51e4b9bd5c93b8fa340b59fdb594ca0845645?s=96&d=mm&r=g","caption":"Super User"},"url":"https:\/\/ppdegalicia.com\/es\/author\/ppdegaliciagestion\/"}]}},"_links":{"self":[{"href":"https:\/\/ppdegalicia.com\/es\/wp-json\/wp\/v2\/posts\/53189","targetHints":{"allow":["GET"]}}],"collection":[{"href":"https:\/\/ppdegalicia.com\/es\/wp-json\/wp\/v2\/posts"}],"about":[{"href":"https:\/\/ppdegalicia.com\/es\/wp-json\/wp\/v2\/types\/post"}],"author":[{"embeddable":true,"href":"https:\/\/ppdegalicia.com\/es\/wp-json\/wp\/v2\/users\/37"}],"replies":[{"embeddable":true,"href":"https:\/\/ppdegalicia.com\/es\/wp-json\/wp\/v2\/comments?post=53189"}],"version-history":[{"count":0,"href":"https:\/\/ppdegalicia.com\/es\/wp-json\/wp\/v2\/posts\/53189\/revisions"}],"wp:attachment":[{"href":"https:\/\/ppdegalicia.com\/es\/wp-json\/wp\/v2\/media?parent=53189"}],"wp:term":[{"taxonomy":"category","embeddable":true,"href":"https:\/\/ppdegalicia.com\/es\/wp-json\/wp\/v2\/categories?post=53189"},{"taxonomy":"post_tag","embeddable":true,"href":"https:\/\/ppdegalicia.com\/es\/wp-json\/wp\/v2\/tags?post=53189"}],"curies":[{"name":"wp","href":"https:\/\/api.w.org\/{rel}","templated":true}]}}