{"id":53190,"date":"2018-02-08T12:22:12","date_gmt":"2018-02-08T10:22:12","guid":{"rendered":"https:\/\/ppdegalicia.com\/o-gpp-reitera-o-compromiso-co-ateneo-de-ourense-para-cederlle-un-espazo-no-edificio-da-rua-concello-11\/"},"modified":"2018-02-08T12:22:12","modified_gmt":"2018-02-08T10:22:12","slug":"o-gpp-reitera-o-compromiso-co-ateneo-de-ourense-para-cederlle-un-espazo-no-edificio-da-rua-concello-11","status":"publish","type":"post","link":"https:\/\/ppdegalicia.com\/es\/o-gpp-reitera-o-compromiso-co-ateneo-de-ourense-para-cederlle-un-espazo-no-edificio-da-rua-concello-11\/","title":{"rendered":"O GPP reitera o compromiso co Ateneo de Ourense para cederlle un espazo no edificio da r\u00faa Concello, 11"},"content":{"rendered":"<p>Santiago, 8 de febreiro de 2018.- O deputado do Grupo Popular&nbsp; Carlos G\u00f3mez Salgado reiterou hoxe no Parlamento o compromiso co Ateneo de Ourense para cederlle un espazo no edificio da r\u00faa Concello n\u00famero 11 da cidade ourens\u00e1. Por\u00e9n, evitou po\u00f1er prazos a esta cesi\u00f3n porque \u201ca Xunta non sabe cando vai recibir a nova biblioteca no edificio de San Francisco nin tampouco se a Administraci\u00f3n central vai ceder o edificio da r\u00faa do Concello n\u00famero 11, paso previo para calquera plantexamento de uso deste inmoble\u201d.<\/p>\n<p><!--more--><\/p>\n<p>&nbsp;<\/p>\n<p>&nbsp;<\/p>\n<p>Carlos G\u00f3mez afirmou que \u201csegue aberta a posibilidade para que, unha vez baleiras as instalaci\u00f3ns e cedidas pola Administraci\u00f3n central, se faga un estudo de viabilidade que valore os diferentes usos futuros dos espazos que actualmente ocupa a biblioteca central\u201d.<\/p>\n<p>&nbsp;<\/p>\n<p><strong>AFORRAR ALUGUEIROS<\/strong><\/p>\n<p>&nbsp;<\/p>\n<p>\u201cEst\u00e1 previsto aproveitar este espazo para reagrupar distintos servizos da Xefatura Territorial da Conseller\u00eda de Cultura e Educaci\u00f3n que est\u00e1n dispersos por diferentes lugares da cidade de Ourense, coa finalidade de aforrar custes de alugueiro\u201d, explicou. Ademais, avanzou que \u201catenderanse, na medida do posible, as necesidades de espazo das entidades e asociaci\u00f3ns culturais da cidade\u201d.<\/p>\n<p>&nbsp;<\/p>\n<p>O deputado popular puntualizou que \u201ca realidade neste momento \u00e9 que a Biblioteca Central Territorial continuar\u00e1 nas s\u00faas instalaci\u00f3ns actuais ata que non se reciba a obra da nova biblioteca en San Francisco e se efect\u00fae o correspondente traslado\u201d.<\/p>\n<p>&nbsp;<\/p>\n<p>\u201cPosteriormente, unha vez realizado ese traslado e baleiradas as instalaci\u00f3ns, haber\u00e1 que asinar coa Administraci\u00f3n central a cesi\u00f3n do espazo deixado pola biblioteca para que contin\u00fae dependendo da Comunidade galega\u201d, sinalou.<\/p>\n","protected":false},"excerpt":{"rendered":"<p>Santiago, 8 de febreiro de 2018.- O deputado do Grupo Popular&nbsp; Carlos G\u00f3mez Salgado reiterou hoxe no Parlamento o compromiso co Ateneo de Ourense para cederlle un espazo no edificio da r\u00faa Concello n\u00famero 11 da cidade ourens\u00e1. Por\u00e9n, evitou po\u00f1er prazos a esta cesi\u00f3n porque \u201ca Xunta non sabe cando vai recibir a nova [&hellip;]<\/p>\n","protected":false},"author":37,"featured_media":0,"comment_status":"open","ping_status":"open","sticky":false,"template":"","format":"standard","meta":{"_acf_changed":false,"footnotes":""},"categories":[1],"tags":[],"class_list":["post-53190","post","type-post","status-publish","format-standard","hentry","category-pp-de-galicia"],"acf":[],"yoast_head":"<!-- This site is optimized with the Yoast SEO plugin v27.3 - https:\/\/yoast.com\/product\/yoast-seo-wordpress\/ -->\n<title>O GPP reitera o compromiso co Ateneo de Ourense para cederlle un espazo no edificio da r\u00faa Concello, 11 - PP de Galicia<\/title>\n<meta name=\"robots\" content=\"index, follow, max-snippet:-1, max-image-preview:large, max-video-preview:-1\" \/>\n<link rel=\"canonical\" href=\"https:\/\/ppdegalicia.com\/es\/o-gpp-reitera-o-compromiso-co-ateneo-de-ourense-para-cederlle-un-espazo-no-edificio-da-rua-concello-11\/\" \/>\n<meta property=\"og:locale\" content=\"es_ES\" \/>\n<meta property=\"og:type\" content=\"article\" \/>\n<meta property=\"og:title\" content=\"O GPP reitera o compromiso co Ateneo de Ourense para cederlle un espazo no edificio da r\u00faa Concello, 11 - PP de Galicia\" \/>\n<meta property=\"og:description\" content=\"Santiago, 8 de febreiro de 2018.- O deputado do Grupo Popular&nbsp; Carlos G\u00f3mez Salgado reiterou hoxe no Parlamento o compromiso co Ateneo de Ourense para cederlle un espazo no edificio da r\u00faa Concello n\u00famero 11 da cidade ourens\u00e1. Por\u00e9n, evitou po\u00f1er prazos a esta cesi\u00f3n porque \u201ca Xunta non sabe cando vai recibir a nova [&hellip;]\" \/>\n<meta property=\"og:url\" content=\"https:\/\/ppdegalicia.com\/es\/o-gpp-reitera-o-compromiso-co-ateneo-de-ourense-para-cederlle-un-espazo-no-edificio-da-rua-concello-11\/\" \/>\n<meta property=\"og:site_name\" content=\"PP de Galicia\" \/>\n<meta property=\"article:publisher\" content=\"https:\/\/www.instagram.com\/ppdegalicia\/\" \/>\n<meta property=\"article:published_time\" content=\"2018-02-08T10:22:12+00:00\" \/>\n<meta name=\"author\" content=\"Super User\" \/>\n<meta name=\"twitter:card\" content=\"summary_large_image\" \/>\n<meta name=\"twitter:creator\" content=\"@ppdegalicia\" \/>\n<meta name=\"twitter:site\" content=\"@ppdegalicia\" \/>\n<meta name=\"twitter:label1\" content=\"Escrito por\" \/>\n\t<meta name=\"twitter:data1\" content=\"Super User\" \/>\n\t<meta name=\"twitter:label2\" content=\"Tiempo de lectura\" \/>\n\t<meta name=\"twitter:data2\" content=\"1 minuto\" \/>\n<script type=\"application\/ld+json\" class=\"yoast-schema-graph\">{\"@context\":\"https:\\\/\\\/schema.org\",\"@graph\":[{\"@type\":\"Article\",\"@id\":\"https:\\\/\\\/ppdegalicia.com\\\/es\\\/o-gpp-reitera-o-compromiso-co-ateneo-de-ourense-para-cederlle-un-espazo-no-edificio-da-rua-concello-11\\\/#article\",\"isPartOf\":{\"@id\":\"https:\\\/\\\/ppdegalicia.com\\\/es\\\/o-gpp-reitera-o-compromiso-co-ateneo-de-ourense-para-cederlle-un-espazo-no-edificio-da-rua-concello-11\\\/\"},\"author\":{\"name\":\"Super User\",\"@id\":\"https:\\\/\\\/ppdegalicia.com\\\/es\\\/#\\\/schema\\\/person\\\/d0f013b8388c980665d44009ab762960\"},\"headline\":\"O GPP reitera o compromiso co Ateneo de Ourense para cederlle un espazo no edificio da r\u00faa Concello, 11\",\"datePublished\":\"2018-02-08T10:22:12+00:00\",\"mainEntityOfPage\":{\"@id\":\"https:\\\/\\\/ppdegalicia.com\\\/es\\\/o-gpp-reitera-o-compromiso-co-ateneo-de-ourense-para-cederlle-un-espazo-no-edificio-da-rua-concello-11\\\/\"},\"wordCount\":298,\"commentCount\":0,\"publisher\":{\"@id\":\"https:\\\/\\\/ppdegalicia.com\\\/es\\\/#organization\"},\"articleSection\":[\"PP de Galicia\"],\"inLanguage\":\"es\",\"potentialAction\":[{\"@type\":\"CommentAction\",\"name\":\"Comment\",\"target\":[\"https:\\\/\\\/ppdegalicia.com\\\/es\\\/o-gpp-reitera-o-compromiso-co-ateneo-de-ourense-para-cederlle-un-espazo-no-edificio-da-rua-concello-11\\\/#respond\"]}]},{\"@type\":\"WebPage\",\"@id\":\"https:\\\/\\\/ppdegalicia.com\\\/es\\\/o-gpp-reitera-o-compromiso-co-ateneo-de-ourense-para-cederlle-un-espazo-no-edificio-da-rua-concello-11\\\/\",\"url\":\"https:\\\/\\\/ppdegalicia.com\\\/es\\\/o-gpp-reitera-o-compromiso-co-ateneo-de-ourense-para-cederlle-un-espazo-no-edificio-da-rua-concello-11\\\/\",\"name\":\"O GPP reitera o compromiso co Ateneo de Ourense para cederlle un espazo no edificio da r\u00faa Concello, 11 - PP de Galicia\",\"isPartOf\":{\"@id\":\"https:\\\/\\\/ppdegalicia.com\\\/es\\\/#website\"},\"datePublished\":\"2018-02-08T10:22:12+00:00\",\"breadcrumb\":{\"@id\":\"https:\\\/\\\/ppdegalicia.com\\\/es\\\/o-gpp-reitera-o-compromiso-co-ateneo-de-ourense-para-cederlle-un-espazo-no-edificio-da-rua-concello-11\\\/#breadcrumb\"},\"inLanguage\":\"es\",\"potentialAction\":[{\"@type\":\"ReadAction\",\"target\":[\"https:\\\/\\\/ppdegalicia.com\\\/es\\\/o-gpp-reitera-o-compromiso-co-ateneo-de-ourense-para-cederlle-un-espazo-no-edificio-da-rua-concello-11\\\/\"]}]},{\"@type\":\"BreadcrumbList\",\"@id\":\"https:\\\/\\\/ppdegalicia.com\\\/es\\\/o-gpp-reitera-o-compromiso-co-ateneo-de-ourense-para-cederlle-un-espazo-no-edificio-da-rua-concello-11\\\/#breadcrumb\",\"itemListElement\":[{\"@type\":\"ListItem\",\"position\":1,\"name\":\"Portada\",\"item\":\"https:\\\/\\\/ppdegalicia.com\\\/es\\\/\"},{\"@type\":\"ListItem\",\"position\":2,\"name\":\"O GPP reitera o compromiso co Ateneo de Ourense para cederlle un espazo no edificio da r\u00faa Concello, 11\"}]},{\"@type\":\"WebSite\",\"@id\":\"https:\\\/\\\/ppdegalicia.com\\\/es\\\/#website\",\"url\":\"https:\\\/\\\/ppdegalicia.com\\\/es\\\/\",\"name\":\"Partido Popular de Galicia\",\"description\":\"Partido Popular de Galicia\",\"publisher\":{\"@id\":\"https:\\\/\\\/ppdegalicia.com\\\/es\\\/#organization\"},\"alternateName\":\"PP de Galicia\",\"potentialAction\":[{\"@type\":\"SearchAction\",\"target\":{\"@type\":\"EntryPoint\",\"urlTemplate\":\"https:\\\/\\\/ppdegalicia.com\\\/es\\\/?s={search_term_string}\"},\"query-input\":{\"@type\":\"PropertyValueSpecification\",\"valueRequired\":true,\"valueName\":\"search_term_string\"}}],\"inLanguage\":\"es\"},{\"@type\":\"Organization\",\"@id\":\"https:\\\/\\\/ppdegalicia.com\\\/es\\\/#organization\",\"name\":\"Partido Popular de Galicia\",\"alternateName\":\"PP de Galicia\",\"url\":\"https:\\\/\\\/ppdegalicia.com\\\/es\\\/\",\"logo\":{\"@type\":\"ImageObject\",\"inLanguage\":\"es\",\"@id\":\"https:\\\/\\\/ppdegalicia.com\\\/es\\\/#\\\/schema\\\/logo\\\/image\\\/\",\"url\":\"https:\\\/\\\/ppdegalicia.com\\\/wp-content\\\/uploads\\\/2023\\\/04\\\/logoPP512.png\",\"contentUrl\":\"https:\\\/\\\/ppdegalicia.com\\\/wp-content\\\/uploads\\\/2023\\\/04\\\/logoPP512.png\",\"width\":512,\"height\":512,\"caption\":\"Partido Popular de Galicia\"},\"image\":{\"@id\":\"https:\\\/\\\/ppdegalicia.com\\\/es\\\/#\\\/schema\\\/logo\\\/image\\\/\"},\"sameAs\":[\"https:\\\/\\\/www.instagram.com\\\/ppdegalicia\\\/\",\"https:\\\/\\\/x.com\\\/ppdegalicia\",\"https:\\\/\\\/www.tiktok.com\\\/@ppdegalicia\",\"https:\\\/\\\/www.youtube.com\\\/user\\\/ppdegalicia\"]},{\"@type\":\"Person\",\"@id\":\"https:\\\/\\\/ppdegalicia.com\\\/es\\\/#\\\/schema\\\/person\\\/d0f013b8388c980665d44009ab762960\",\"name\":\"Super User\",\"image\":{\"@type\":\"ImageObject\",\"inLanguage\":\"es\",\"@id\":\"https:\\\/\\\/secure.gravatar.com\\\/avatar\\\/1db852625ef4948f58d2739bfbc51e4b9bd5c93b8fa340b59fdb594ca0845645?s=96&d=mm&r=g\",\"url\":\"https:\\\/\\\/secure.gravatar.com\\\/avatar\\\/1db852625ef4948f58d2739bfbc51e4b9bd5c93b8fa340b59fdb594ca0845645?s=96&d=mm&r=g\",\"contentUrl\":\"https:\\\/\\\/secure.gravatar.com\\\/avatar\\\/1db852625ef4948f58d2739bfbc51e4b9bd5c93b8fa340b59fdb594ca0845645?s=96&d=mm&r=g\",\"caption\":\"Super User\"},\"url\":\"https:\\\/\\\/ppdegalicia.com\\\/es\\\/author\\\/ppdegaliciagestion\\\/\"}]}<\/script>\n<!-- \/ Yoast SEO plugin. -->","yoast_head_json":{"title":"O GPP reitera o compromiso co Ateneo de Ourense para cederlle un espazo no edificio da r\u00faa Concello, 11 - PP de Galicia","robots":{"index":"index","follow":"follow","max-snippet":"max-snippet:-1","max-image-preview":"max-image-preview:large","max-video-preview":"max-video-preview:-1"},"canonical":"https:\/\/ppdegalicia.com\/es\/o-gpp-reitera-o-compromiso-co-ateneo-de-ourense-para-cederlle-un-espazo-no-edificio-da-rua-concello-11\/","og_locale":"es_ES","og_type":"article","og_title":"O GPP reitera o compromiso co Ateneo de Ourense para cederlle un espazo no edificio da r\u00faa Concello, 11 - PP de Galicia","og_description":"Santiago, 8 de febreiro de 2018.- O deputado do Grupo Popular&nbsp; Carlos G\u00f3mez Salgado reiterou hoxe no Parlamento o compromiso co Ateneo de Ourense para cederlle un espazo no edificio da r\u00faa Concello n\u00famero 11 da cidade ourens\u00e1. Por\u00e9n, evitou po\u00f1er prazos a esta cesi\u00f3n porque \u201ca Xunta non sabe cando vai recibir a nova [&hellip;]","og_url":"https:\/\/ppdegalicia.com\/es\/o-gpp-reitera-o-compromiso-co-ateneo-de-ourense-para-cederlle-un-espazo-no-edificio-da-rua-concello-11\/","og_site_name":"PP de Galicia","article_publisher":"https:\/\/www.instagram.com\/ppdegalicia\/","article_published_time":"2018-02-08T10:22:12+00:00","author":"Super User","twitter_card":"summary_large_image","twitter_creator":"@ppdegalicia","twitter_site":"@ppdegalicia","twitter_misc":{"Escrito por":"Super User","Tiempo de lectura":"1 minuto"},"schema":{"@context":"https:\/\/schema.org","@graph":[{"@type":"Article","@id":"https:\/\/ppdegalicia.com\/es\/o-gpp-reitera-o-compromiso-co-ateneo-de-ourense-para-cederlle-un-espazo-no-edificio-da-rua-concello-11\/#article","isPartOf":{"@id":"https:\/\/ppdegalicia.com\/es\/o-gpp-reitera-o-compromiso-co-ateneo-de-ourense-para-cederlle-un-espazo-no-edificio-da-rua-concello-11\/"},"author":{"name":"Super User","@id":"https:\/\/ppdegalicia.com\/es\/#\/schema\/person\/d0f013b8388c980665d44009ab762960"},"headline":"O GPP reitera o compromiso co Ateneo de Ourense para cederlle un espazo no edificio da r\u00faa Concello, 11","datePublished":"2018-02-08T10:22:12+00:00","mainEntityOfPage":{"@id":"https:\/\/ppdegalicia.com\/es\/o-gpp-reitera-o-compromiso-co-ateneo-de-ourense-para-cederlle-un-espazo-no-edificio-da-rua-concello-11\/"},"wordCount":298,"commentCount":0,"publisher":{"@id":"https:\/\/ppdegalicia.com\/es\/#organization"},"articleSection":["PP de Galicia"],"inLanguage":"es","potentialAction":[{"@type":"CommentAction","name":"Comment","target":["https:\/\/ppdegalicia.com\/es\/o-gpp-reitera-o-compromiso-co-ateneo-de-ourense-para-cederlle-un-espazo-no-edificio-da-rua-concello-11\/#respond"]}]},{"@type":"WebPage","@id":"https:\/\/ppdegalicia.com\/es\/o-gpp-reitera-o-compromiso-co-ateneo-de-ourense-para-cederlle-un-espazo-no-edificio-da-rua-concello-11\/","url":"https:\/\/ppdegalicia.com\/es\/o-gpp-reitera-o-compromiso-co-ateneo-de-ourense-para-cederlle-un-espazo-no-edificio-da-rua-concello-11\/","name":"O GPP reitera o compromiso co Ateneo de Ourense para cederlle un espazo no edificio da r\u00faa Concello, 11 - PP de Galicia","isPartOf":{"@id":"https:\/\/ppdegalicia.com\/es\/#website"},"datePublished":"2018-02-08T10:22:12+00:00","breadcrumb":{"@id":"https:\/\/ppdegalicia.com\/es\/o-gpp-reitera-o-compromiso-co-ateneo-de-ourense-para-cederlle-un-espazo-no-edificio-da-rua-concello-11\/#breadcrumb"},"inLanguage":"es","potentialAction":[{"@type":"ReadAction","target":["https:\/\/ppdegalicia.com\/es\/o-gpp-reitera-o-compromiso-co-ateneo-de-ourense-para-cederlle-un-espazo-no-edificio-da-rua-concello-11\/"]}]},{"@type":"BreadcrumbList","@id":"https:\/\/ppdegalicia.com\/es\/o-gpp-reitera-o-compromiso-co-ateneo-de-ourense-para-cederlle-un-espazo-no-edificio-da-rua-concello-11\/#breadcrumb","itemListElement":[{"@type":"ListItem","position":1,"name":"Portada","item":"https:\/\/ppdegalicia.com\/es\/"},{"@type":"ListItem","position":2,"name":"O GPP reitera o compromiso co Ateneo de Ourense para cederlle un espazo no edificio da r\u00faa Concello, 11"}]},{"@type":"WebSite","@id":"https:\/\/ppdegalicia.com\/es\/#website","url":"https:\/\/ppdegalicia.com\/es\/","name":"Partido Popular de Galicia","description":"Partido Popular de Galicia","publisher":{"@id":"https:\/\/ppdegalicia.com\/es\/#organization"},"alternateName":"PP de Galicia","potentialAction":[{"@type":"SearchAction","target":{"@type":"EntryPoint","urlTemplate":"https:\/\/ppdegalicia.com\/es\/?s={search_term_string}"},"query-input":{"@type":"PropertyValueSpecification","valueRequired":true,"valueName":"search_term_string"}}],"inLanguage":"es"},{"@type":"Organization","@id":"https:\/\/ppdegalicia.com\/es\/#organization","name":"Partido Popular de Galicia","alternateName":"PP de Galicia","url":"https:\/\/ppdegalicia.com\/es\/","logo":{"@type":"ImageObject","inLanguage":"es","@id":"https:\/\/ppdegalicia.com\/es\/#\/schema\/logo\/image\/","url":"https:\/\/ppdegalicia.com\/wp-content\/uploads\/2023\/04\/logoPP512.png","contentUrl":"https:\/\/ppdegalicia.com\/wp-content\/uploads\/2023\/04\/logoPP512.png","width":512,"height":512,"caption":"Partido Popular de Galicia"},"image":{"@id":"https:\/\/ppdegalicia.com\/es\/#\/schema\/logo\/image\/"},"sameAs":["https:\/\/www.instagram.com\/ppdegalicia\/","https:\/\/x.com\/ppdegalicia","https:\/\/www.tiktok.com\/@ppdegalicia","https:\/\/www.youtube.com\/user\/ppdegalicia"]},{"@type":"Person","@id":"https:\/\/ppdegalicia.com\/es\/#\/schema\/person\/d0f013b8388c980665d44009ab762960","name":"Super User","image":{"@type":"ImageObject","inLanguage":"es","@id":"https:\/\/secure.gravatar.com\/avatar\/1db852625ef4948f58d2739bfbc51e4b9bd5c93b8fa340b59fdb594ca0845645?s=96&d=mm&r=g","url":"https:\/\/secure.gravatar.com\/avatar\/1db852625ef4948f58d2739bfbc51e4b9bd5c93b8fa340b59fdb594ca0845645?s=96&d=mm&r=g","contentUrl":"https:\/\/secure.gravatar.com\/avatar\/1db852625ef4948f58d2739bfbc51e4b9bd5c93b8fa340b59fdb594ca0845645?s=96&d=mm&r=g","caption":"Super User"},"url":"https:\/\/ppdegalicia.com\/es\/author\/ppdegaliciagestion\/"}]}},"_links":{"self":[{"href":"https:\/\/ppdegalicia.com\/es\/wp-json\/wp\/v2\/posts\/53190","targetHints":{"allow":["GET"]}}],"collection":[{"href":"https:\/\/ppdegalicia.com\/es\/wp-json\/wp\/v2\/posts"}],"about":[{"href":"https:\/\/ppdegalicia.com\/es\/wp-json\/wp\/v2\/types\/post"}],"author":[{"embeddable":true,"href":"https:\/\/ppdegalicia.com\/es\/wp-json\/wp\/v2\/users\/37"}],"replies":[{"embeddable":true,"href":"https:\/\/ppdegalicia.com\/es\/wp-json\/wp\/v2\/comments?post=53190"}],"version-history":[{"count":0,"href":"https:\/\/ppdegalicia.com\/es\/wp-json\/wp\/v2\/posts\/53190\/revisions"}],"wp:attachment":[{"href":"https:\/\/ppdegalicia.com\/es\/wp-json\/wp\/v2\/media?parent=53190"}],"wp:term":[{"taxonomy":"category","embeddable":true,"href":"https:\/\/ppdegalicia.com\/es\/wp-json\/wp\/v2\/categories?post=53190"},{"taxonomy":"post_tag","embeddable":true,"href":"https:\/\/ppdegalicia.com\/es\/wp-json\/wp\/v2\/tags?post=53190"}],"curies":[{"name":"wp","href":"https:\/\/api.w.org\/{rel}","templated":true}]}}