{"id":53213,"date":"2018-02-21T15:25:43","date_gmt":"2018-02-21T13:25:43","guid":{"rendered":"https:\/\/ppdegalicia.com\/o-parlamento-insta-a-xunta-a-presentar-o-balance-do-iii-plan-director-da-cooperacion-galega-e-presentar-o-iv-plan-director-para-o-periodo-2018-2020\/"},"modified":"2018-02-21T15:25:43","modified_gmt":"2018-02-21T13:25:43","slug":"o-parlamento-insta-a-xunta-a-presentar-o-balance-do-iii-plan-director-da-cooperacion-galega-e-presentar-o-iv-plan-director-para-o-periodo-2018-2020","status":"publish","type":"post","link":"https:\/\/ppdegalicia.com\/es\/o-parlamento-insta-a-xunta-a-presentar-o-balance-do-iii-plan-director-da-cooperacion-galega-e-presentar-o-iv-plan-director-para-o-periodo-2018-2020\/","title":{"rendered":"O Parlamento insta \u00e1 Xunta a presentar o balance do III Plan Director da Cooperaci\u00f3n Galega e presentar o IV Plan Director para o per\u00edodo 2018-2020"},"content":{"rendered":"<p>Santiago, 21 de febreiro de 2018.- O Parlamento de Galicia aprobou hoxe, a instancias do Grupo Popular, solicitar \u00e1 Xunta que presente no primeiro cuadrimestre deste ano un balance da execuci\u00f3n do III Plan Director da Cooperaci\u00f3n Galega 2014-2017, as\u00ed como elaborar o IV Plan Director para o per\u00edodo 2018-2021.<\/p>\n<p><!--more--><\/p>\n<p>&nbsp;<\/p>\n<p>&nbsp;<\/p>\n<p>O deputado Alberto Pazos subli\u00f1ou que \u201ca vocaci\u00f3n pola solidariedade forma parte do acervo sentimental da galeguidade, unha vocaci\u00f3n merecente dun apartado espec\u00edfico dentro da Estratexia Galega de Acci\u00f3n Exterior e que para unha proxecci\u00f3n eficaz precisa dunha axeitada planificaci\u00f3n\u201d.<\/p>\n<p>&nbsp;<\/p>\n<p><strong>OPTIMISTAS SOBRE O CUMPRIMENTO<\/strong><\/p>\n<p>&nbsp;<\/p>\n<p>En primeiro lugar, a proposici\u00f3n non de lei aprobada hoxe solicita que a Xunta presente no primeiro cuadrimestre deste ano o balance de execuci\u00f3n do III Plan director da cooperaci\u00f3n galega 2014-2017, \u201cque nos permitir\u00e1 comprobar se se deu cumprimento \u00e1 previsi\u00f3n da Lei de cooperaci\u00f3n para o desenvolvemento\u201d.<\/p>\n<p>\u201cN\u00f3s somos optimistas sobre o resultado desa avaliaci\u00f3n, \u00e1 luz dos resultados que foron arroxando as sucesivas avaliaci\u00f3ns parciais dos plans anuais, pero entendemos que resulta imprescindible unha an\u00e1lise global da actividade desenvolvida en materia de cooperaci\u00f3n durante os \u00faltimos catro anos\u201d, apuntou.<\/p>\n<p>&nbsp;<\/p>\n<p>Ademais, Alberto Pazos considerou que \u201cchegou o momento de redactar un novo documento estrat\u00e9xico que te\u00f1a en conta os resultados da avaliaci\u00f3n final do III Plan Director da Cooperaci\u00f3n Galega e as directrices establecidas no V Plan Director da Cooperaci\u00f3n Espa\u00f1ola, que afonde na posta en valor dos aspectos cualitativos da cooperaci\u00f3n galega, e que conte coa participaci\u00f3n de todos os axentes galegos de cooperaci\u00f3n\u201d.<\/p>\n<p>&nbsp;<\/p>\n<p><strong>INICIATIVA DO GOBERNO GALEGO<\/strong><\/p>\n<p>&nbsp;<\/p>\n<p>\u201cDebe ser o Goberno galego quen tome a iniciativa de presentar ao Parlamento de Galicia unha nova proposta de plan director, que deber\u00eda incorporar a Axenda 2030 das Naci\u00f3ns Unidas e os Obxectivos de Desenvolvemento Sustentable; un modelo de xesti\u00f3n orientada a resultados; os resultados da avaliaci\u00f3n intermedia e final do III Plan Director da Cooperaci\u00f3n Galega 2014-2017; e a consolidaci\u00f3n dos procesos de mellora da calidade e eficacia da cooperaci\u00f3n galega impulsados polos anteriores plans directores\u201d, concretou.<\/p>\n<p>Por \u00faltimo, a proposici\u00f3n non de lei incl\u00fae a solicitude para que as orientaci\u00f3ns estrat\u00e9xicas do IV Plan director da cooperaci\u00f3n galega 2018-2020 incorporen unha acci\u00f3n humanitaria de calidade que mellore a coordinaci\u00f3n dos m\u00faltiples actores que nela participan, as\u00ed como a s\u00faa coherencia, eficacia, eficiencia e rendici\u00f3n de contas.<\/p>\n<p>&nbsp;<\/p>\n<p>O deputado popular afirmou que este IV Plan director \u201cdeber\u00eda servir para corrixir erros, afondar na atenci\u00f3n \u00e1s v\u00edtimas das crises humanitarias e mellorar a coordinaci\u00f3n, afondando na colaboraci\u00f3n con entidades especializadas no eido da acci\u00f3n humanitaria, a Axencia Espa\u00f1ola de Cooperaci\u00f3n Internacional para o Desenvolvemento ou a Asociaci\u00f3n Solidariedade Galega co Pobo Saharau\u00ed\u201d.<\/p>\n<p>&nbsp;<\/p>\n<p><strong>RESPECTO E APOIO AOS COOPERANTES<\/strong><\/p>\n<p>&nbsp;<\/p>\n<p>Para rematar, Pazos referiuse \u00e1s informaci\u00f3ns publicadas sobre supostas relaci\u00f3ns de cooperantes de ONG\u2019s brit\u00e1nicas con pr\u00e1cticas de abusos, explotaci\u00f3n sexual e prostituci\u00f3n. \u201cUnhas grav\u00edsimas acusaci\u00f3ns que deben ser sometidas a investigaci\u00f3n co fin de depurar as responsabilidades que procedan, pero que non poden manchar o labor de miles de cooperantes que dedican o seu esforzo a practicar a solidariedade onde queira que sexa necesario\u201d, sinalou.<\/p>\n<p>&nbsp;<\/p>\n<p>Ademais, amosou \u201co noso respecto e apoio para a inmensa maior\u00eda dos cooperantes, sen d\u00fabida dignos da confianza das administraci\u00f3ns p\u00fablicas e do conxunto da sociedade, que hoxe precisan m\u00e1is que nunca para superar un momento de especial dificultade\u201d.<\/p>\n","protected":false},"excerpt":{"rendered":"<p>Santiago, 21 de febreiro de 2018.- O Parlamento de Galicia aprobou hoxe, a instancias do Grupo Popular, solicitar \u00e1 Xunta que presente no primeiro cuadrimestre deste ano un balance da execuci\u00f3n do III Plan Director da Cooperaci\u00f3n Galega 2014-2017, as\u00ed como elaborar o IV Plan Director para o per\u00edodo 2018-2021.<\/p>\n","protected":false},"author":37,"featured_media":0,"comment_status":"open","ping_status":"open","sticky":false,"template":"","format":"standard","meta":{"_acf_changed":false,"footnotes":""},"categories":[1],"tags":[],"class_list":["post-53213","post","type-post","status-publish","format-standard","hentry","category-pp-de-galicia"],"acf":[],"yoast_head":"<!-- This site is optimized with the Yoast SEO plugin v27.3 - https:\/\/yoast.com\/product\/yoast-seo-wordpress\/ -->\n<title>O Parlamento insta \u00e1 Xunta a presentar o balance do III Plan Director da Cooperaci\u00f3n Galega e presentar o IV Plan Director para o per\u00edodo 2018-2020 - PP de Galicia<\/title>\n<meta name=\"robots\" content=\"index, follow, max-snippet:-1, max-image-preview:large, max-video-preview:-1\" \/>\n<link rel=\"canonical\" href=\"https:\/\/ppdegalicia.com\/es\/o-parlamento-insta-a-xunta-a-presentar-o-balance-do-iii-plan-director-da-cooperacion-galega-e-presentar-o-iv-plan-director-para-o-periodo-2018-2020\/\" \/>\n<meta property=\"og:locale\" content=\"es_ES\" \/>\n<meta property=\"og:type\" content=\"article\" \/>\n<meta property=\"og:title\" content=\"O Parlamento insta \u00e1 Xunta a presentar o balance do III Plan Director da Cooperaci\u00f3n Galega e presentar o IV Plan Director para o per\u00edodo 2018-2020 - PP de Galicia\" \/>\n<meta property=\"og:description\" content=\"Santiago, 21 de febreiro de 2018.- O Parlamento de Galicia aprobou hoxe, a instancias do Grupo Popular, solicitar \u00e1 Xunta que presente no primeiro cuadrimestre deste ano un balance da execuci\u00f3n do III Plan Director da Cooperaci\u00f3n Galega 2014-2017, as\u00ed como elaborar o IV Plan Director para o per\u00edodo 2018-2021.\" \/>\n<meta property=\"og:url\" content=\"https:\/\/ppdegalicia.com\/es\/o-parlamento-insta-a-xunta-a-presentar-o-balance-do-iii-plan-director-da-cooperacion-galega-e-presentar-o-iv-plan-director-para-o-periodo-2018-2020\/\" \/>\n<meta property=\"og:site_name\" content=\"PP de Galicia\" \/>\n<meta property=\"article:publisher\" content=\"https:\/\/www.instagram.com\/ppdegalicia\/\" \/>\n<meta property=\"article:published_time\" content=\"2018-02-21T13:25:43+00:00\" \/>\n<meta name=\"author\" content=\"Super User\" \/>\n<meta name=\"twitter:card\" content=\"summary_large_image\" \/>\n<meta name=\"twitter:creator\" content=\"@ppdegalicia\" \/>\n<meta name=\"twitter:site\" content=\"@ppdegalicia\" \/>\n<meta name=\"twitter:label1\" content=\"Escrito por\" \/>\n\t<meta name=\"twitter:data1\" content=\"Super User\" \/>\n\t<meta name=\"twitter:label2\" content=\"Tiempo de lectura\" \/>\n\t<meta name=\"twitter:data2\" content=\"3 minutos\" \/>\n<script type=\"application\/ld+json\" class=\"yoast-schema-graph\">{\"@context\":\"https:\\\/\\\/schema.org\",\"@graph\":[{\"@type\":\"Article\",\"@id\":\"https:\\\/\\\/ppdegalicia.com\\\/es\\\/o-parlamento-insta-a-xunta-a-presentar-o-balance-do-iii-plan-director-da-cooperacion-galega-e-presentar-o-iv-plan-director-para-o-periodo-2018-2020\\\/#article\",\"isPartOf\":{\"@id\":\"https:\\\/\\\/ppdegalicia.com\\\/es\\\/o-parlamento-insta-a-xunta-a-presentar-o-balance-do-iii-plan-director-da-cooperacion-galega-e-presentar-o-iv-plan-director-para-o-periodo-2018-2020\\\/\"},\"author\":{\"name\":\"Super User\",\"@id\":\"https:\\\/\\\/ppdegalicia.com\\\/es\\\/#\\\/schema\\\/person\\\/d0f013b8388c980665d44009ab762960\"},\"headline\":\"O Parlamento insta \u00e1 Xunta a presentar o balance do III Plan Director da Cooperaci\u00f3n Galega e presentar o IV Plan Director para o per\u00edodo 2018-2020\",\"datePublished\":\"2018-02-21T13:25:43+00:00\",\"mainEntityOfPage\":{\"@id\":\"https:\\\/\\\/ppdegalicia.com\\\/es\\\/o-parlamento-insta-a-xunta-a-presentar-o-balance-do-iii-plan-director-da-cooperacion-galega-e-presentar-o-iv-plan-director-para-o-periodo-2018-2020\\\/\"},\"wordCount\":650,\"commentCount\":0,\"publisher\":{\"@id\":\"https:\\\/\\\/ppdegalicia.com\\\/es\\\/#organization\"},\"articleSection\":[\"PP de Galicia\"],\"inLanguage\":\"es\",\"potentialAction\":[{\"@type\":\"CommentAction\",\"name\":\"Comment\",\"target\":[\"https:\\\/\\\/ppdegalicia.com\\\/es\\\/o-parlamento-insta-a-xunta-a-presentar-o-balance-do-iii-plan-director-da-cooperacion-galega-e-presentar-o-iv-plan-director-para-o-periodo-2018-2020\\\/#respond\"]}]},{\"@type\":\"WebPage\",\"@id\":\"https:\\\/\\\/ppdegalicia.com\\\/es\\\/o-parlamento-insta-a-xunta-a-presentar-o-balance-do-iii-plan-director-da-cooperacion-galega-e-presentar-o-iv-plan-director-para-o-periodo-2018-2020\\\/\",\"url\":\"https:\\\/\\\/ppdegalicia.com\\\/es\\\/o-parlamento-insta-a-xunta-a-presentar-o-balance-do-iii-plan-director-da-cooperacion-galega-e-presentar-o-iv-plan-director-para-o-periodo-2018-2020\\\/\",\"name\":\"O Parlamento insta \u00e1 Xunta a presentar o balance do III Plan Director da Cooperaci\u00f3n Galega e presentar o IV Plan Director para o per\u00edodo 2018-2020 - PP de Galicia\",\"isPartOf\":{\"@id\":\"https:\\\/\\\/ppdegalicia.com\\\/es\\\/#website\"},\"datePublished\":\"2018-02-21T13:25:43+00:00\",\"breadcrumb\":{\"@id\":\"https:\\\/\\\/ppdegalicia.com\\\/es\\\/o-parlamento-insta-a-xunta-a-presentar-o-balance-do-iii-plan-director-da-cooperacion-galega-e-presentar-o-iv-plan-director-para-o-periodo-2018-2020\\\/#breadcrumb\"},\"inLanguage\":\"es\",\"potentialAction\":[{\"@type\":\"ReadAction\",\"target\":[\"https:\\\/\\\/ppdegalicia.com\\\/es\\\/o-parlamento-insta-a-xunta-a-presentar-o-balance-do-iii-plan-director-da-cooperacion-galega-e-presentar-o-iv-plan-director-para-o-periodo-2018-2020\\\/\"]}]},{\"@type\":\"BreadcrumbList\",\"@id\":\"https:\\\/\\\/ppdegalicia.com\\\/es\\\/o-parlamento-insta-a-xunta-a-presentar-o-balance-do-iii-plan-director-da-cooperacion-galega-e-presentar-o-iv-plan-director-para-o-periodo-2018-2020\\\/#breadcrumb\",\"itemListElement\":[{\"@type\":\"ListItem\",\"position\":1,\"name\":\"Portada\",\"item\":\"https:\\\/\\\/ppdegalicia.com\\\/es\\\/\"},{\"@type\":\"ListItem\",\"position\":2,\"name\":\"O Parlamento insta \u00e1 Xunta a presentar o balance do III Plan Director da Cooperaci\u00f3n Galega e presentar o IV Plan Director para o per\u00edodo 2018-2020\"}]},{\"@type\":\"WebSite\",\"@id\":\"https:\\\/\\\/ppdegalicia.com\\\/es\\\/#website\",\"url\":\"https:\\\/\\\/ppdegalicia.com\\\/es\\\/\",\"name\":\"Partido Popular de Galicia\",\"description\":\"Partido Popular de Galicia\",\"publisher\":{\"@id\":\"https:\\\/\\\/ppdegalicia.com\\\/es\\\/#organization\"},\"alternateName\":\"PP de Galicia\",\"potentialAction\":[{\"@type\":\"SearchAction\",\"target\":{\"@type\":\"EntryPoint\",\"urlTemplate\":\"https:\\\/\\\/ppdegalicia.com\\\/es\\\/?s={search_term_string}\"},\"query-input\":{\"@type\":\"PropertyValueSpecification\",\"valueRequired\":true,\"valueName\":\"search_term_string\"}}],\"inLanguage\":\"es\"},{\"@type\":\"Organization\",\"@id\":\"https:\\\/\\\/ppdegalicia.com\\\/es\\\/#organization\",\"name\":\"Partido Popular de Galicia\",\"alternateName\":\"PP de Galicia\",\"url\":\"https:\\\/\\\/ppdegalicia.com\\\/es\\\/\",\"logo\":{\"@type\":\"ImageObject\",\"inLanguage\":\"es\",\"@id\":\"https:\\\/\\\/ppdegalicia.com\\\/es\\\/#\\\/schema\\\/logo\\\/image\\\/\",\"url\":\"https:\\\/\\\/ppdegalicia.com\\\/wp-content\\\/uploads\\\/2023\\\/04\\\/logoPP512.png\",\"contentUrl\":\"https:\\\/\\\/ppdegalicia.com\\\/wp-content\\\/uploads\\\/2023\\\/04\\\/logoPP512.png\",\"width\":512,\"height\":512,\"caption\":\"Partido Popular de Galicia\"},\"image\":{\"@id\":\"https:\\\/\\\/ppdegalicia.com\\\/es\\\/#\\\/schema\\\/logo\\\/image\\\/\"},\"sameAs\":[\"https:\\\/\\\/www.instagram.com\\\/ppdegalicia\\\/\",\"https:\\\/\\\/x.com\\\/ppdegalicia\",\"https:\\\/\\\/www.tiktok.com\\\/@ppdegalicia\",\"https:\\\/\\\/www.youtube.com\\\/user\\\/ppdegalicia\"]},{\"@type\":\"Person\",\"@id\":\"https:\\\/\\\/ppdegalicia.com\\\/es\\\/#\\\/schema\\\/person\\\/d0f013b8388c980665d44009ab762960\",\"name\":\"Super User\",\"image\":{\"@type\":\"ImageObject\",\"inLanguage\":\"es\",\"@id\":\"https:\\\/\\\/secure.gravatar.com\\\/avatar\\\/1db852625ef4948f58d2739bfbc51e4b9bd5c93b8fa340b59fdb594ca0845645?s=96&d=mm&r=g\",\"url\":\"https:\\\/\\\/secure.gravatar.com\\\/avatar\\\/1db852625ef4948f58d2739bfbc51e4b9bd5c93b8fa340b59fdb594ca0845645?s=96&d=mm&r=g\",\"contentUrl\":\"https:\\\/\\\/secure.gravatar.com\\\/avatar\\\/1db852625ef4948f58d2739bfbc51e4b9bd5c93b8fa340b59fdb594ca0845645?s=96&d=mm&r=g\",\"caption\":\"Super User\"},\"url\":\"https:\\\/\\\/ppdegalicia.com\\\/es\\\/author\\\/ppdegaliciagestion\\\/\"}]}<\/script>\n<!-- \/ Yoast SEO plugin. -->","yoast_head_json":{"title":"O Parlamento insta \u00e1 Xunta a presentar o balance do III Plan Director da Cooperaci\u00f3n Galega e presentar o IV Plan Director para o per\u00edodo 2018-2020 - PP de Galicia","robots":{"index":"index","follow":"follow","max-snippet":"max-snippet:-1","max-image-preview":"max-image-preview:large","max-video-preview":"max-video-preview:-1"},"canonical":"https:\/\/ppdegalicia.com\/es\/o-parlamento-insta-a-xunta-a-presentar-o-balance-do-iii-plan-director-da-cooperacion-galega-e-presentar-o-iv-plan-director-para-o-periodo-2018-2020\/","og_locale":"es_ES","og_type":"article","og_title":"O Parlamento insta \u00e1 Xunta a presentar o balance do III Plan Director da Cooperaci\u00f3n Galega e presentar o IV Plan Director para o per\u00edodo 2018-2020 - PP de Galicia","og_description":"Santiago, 21 de febreiro de 2018.- O Parlamento de Galicia aprobou hoxe, a instancias do Grupo Popular, solicitar \u00e1 Xunta que presente no primeiro cuadrimestre deste ano un balance da execuci\u00f3n do III Plan Director da Cooperaci\u00f3n Galega 2014-2017, as\u00ed como elaborar o IV Plan Director para o per\u00edodo 2018-2021.","og_url":"https:\/\/ppdegalicia.com\/es\/o-parlamento-insta-a-xunta-a-presentar-o-balance-do-iii-plan-director-da-cooperacion-galega-e-presentar-o-iv-plan-director-para-o-periodo-2018-2020\/","og_site_name":"PP de Galicia","article_publisher":"https:\/\/www.instagram.com\/ppdegalicia\/","article_published_time":"2018-02-21T13:25:43+00:00","author":"Super User","twitter_card":"summary_large_image","twitter_creator":"@ppdegalicia","twitter_site":"@ppdegalicia","twitter_misc":{"Escrito por":"Super User","Tiempo de lectura":"3 minutos"},"schema":{"@context":"https:\/\/schema.org","@graph":[{"@type":"Article","@id":"https:\/\/ppdegalicia.com\/es\/o-parlamento-insta-a-xunta-a-presentar-o-balance-do-iii-plan-director-da-cooperacion-galega-e-presentar-o-iv-plan-director-para-o-periodo-2018-2020\/#article","isPartOf":{"@id":"https:\/\/ppdegalicia.com\/es\/o-parlamento-insta-a-xunta-a-presentar-o-balance-do-iii-plan-director-da-cooperacion-galega-e-presentar-o-iv-plan-director-para-o-periodo-2018-2020\/"},"author":{"name":"Super User","@id":"https:\/\/ppdegalicia.com\/es\/#\/schema\/person\/d0f013b8388c980665d44009ab762960"},"headline":"O Parlamento insta \u00e1 Xunta a presentar o balance do III Plan Director da Cooperaci\u00f3n Galega e presentar o IV Plan Director para o per\u00edodo 2018-2020","datePublished":"2018-02-21T13:25:43+00:00","mainEntityOfPage":{"@id":"https:\/\/ppdegalicia.com\/es\/o-parlamento-insta-a-xunta-a-presentar-o-balance-do-iii-plan-director-da-cooperacion-galega-e-presentar-o-iv-plan-director-para-o-periodo-2018-2020\/"},"wordCount":650,"commentCount":0,"publisher":{"@id":"https:\/\/ppdegalicia.com\/es\/#organization"},"articleSection":["PP de Galicia"],"inLanguage":"es","potentialAction":[{"@type":"CommentAction","name":"Comment","target":["https:\/\/ppdegalicia.com\/es\/o-parlamento-insta-a-xunta-a-presentar-o-balance-do-iii-plan-director-da-cooperacion-galega-e-presentar-o-iv-plan-director-para-o-periodo-2018-2020\/#respond"]}]},{"@type":"WebPage","@id":"https:\/\/ppdegalicia.com\/es\/o-parlamento-insta-a-xunta-a-presentar-o-balance-do-iii-plan-director-da-cooperacion-galega-e-presentar-o-iv-plan-director-para-o-periodo-2018-2020\/","url":"https:\/\/ppdegalicia.com\/es\/o-parlamento-insta-a-xunta-a-presentar-o-balance-do-iii-plan-director-da-cooperacion-galega-e-presentar-o-iv-plan-director-para-o-periodo-2018-2020\/","name":"O Parlamento insta \u00e1 Xunta a presentar o balance do III Plan Director da Cooperaci\u00f3n Galega e presentar o IV Plan Director para o per\u00edodo 2018-2020 - PP de Galicia","isPartOf":{"@id":"https:\/\/ppdegalicia.com\/es\/#website"},"datePublished":"2018-02-21T13:25:43+00:00","breadcrumb":{"@id":"https:\/\/ppdegalicia.com\/es\/o-parlamento-insta-a-xunta-a-presentar-o-balance-do-iii-plan-director-da-cooperacion-galega-e-presentar-o-iv-plan-director-para-o-periodo-2018-2020\/#breadcrumb"},"inLanguage":"es","potentialAction":[{"@type":"ReadAction","target":["https:\/\/ppdegalicia.com\/es\/o-parlamento-insta-a-xunta-a-presentar-o-balance-do-iii-plan-director-da-cooperacion-galega-e-presentar-o-iv-plan-director-para-o-periodo-2018-2020\/"]}]},{"@type":"BreadcrumbList","@id":"https:\/\/ppdegalicia.com\/es\/o-parlamento-insta-a-xunta-a-presentar-o-balance-do-iii-plan-director-da-cooperacion-galega-e-presentar-o-iv-plan-director-para-o-periodo-2018-2020\/#breadcrumb","itemListElement":[{"@type":"ListItem","position":1,"name":"Portada","item":"https:\/\/ppdegalicia.com\/es\/"},{"@type":"ListItem","position":2,"name":"O Parlamento insta \u00e1 Xunta a presentar o balance do III Plan Director da Cooperaci\u00f3n Galega e presentar o IV Plan Director para o per\u00edodo 2018-2020"}]},{"@type":"WebSite","@id":"https:\/\/ppdegalicia.com\/es\/#website","url":"https:\/\/ppdegalicia.com\/es\/","name":"Partido Popular de Galicia","description":"Partido Popular de Galicia","publisher":{"@id":"https:\/\/ppdegalicia.com\/es\/#organization"},"alternateName":"PP de Galicia","potentialAction":[{"@type":"SearchAction","target":{"@type":"EntryPoint","urlTemplate":"https:\/\/ppdegalicia.com\/es\/?s={search_term_string}"},"query-input":{"@type":"PropertyValueSpecification","valueRequired":true,"valueName":"search_term_string"}}],"inLanguage":"es"},{"@type":"Organization","@id":"https:\/\/ppdegalicia.com\/es\/#organization","name":"Partido Popular de Galicia","alternateName":"PP de Galicia","url":"https:\/\/ppdegalicia.com\/es\/","logo":{"@type":"ImageObject","inLanguage":"es","@id":"https:\/\/ppdegalicia.com\/es\/#\/schema\/logo\/image\/","url":"https:\/\/ppdegalicia.com\/wp-content\/uploads\/2023\/04\/logoPP512.png","contentUrl":"https:\/\/ppdegalicia.com\/wp-content\/uploads\/2023\/04\/logoPP512.png","width":512,"height":512,"caption":"Partido Popular de Galicia"},"image":{"@id":"https:\/\/ppdegalicia.com\/es\/#\/schema\/logo\/image\/"},"sameAs":["https:\/\/www.instagram.com\/ppdegalicia\/","https:\/\/x.com\/ppdegalicia","https:\/\/www.tiktok.com\/@ppdegalicia","https:\/\/www.youtube.com\/user\/ppdegalicia"]},{"@type":"Person","@id":"https:\/\/ppdegalicia.com\/es\/#\/schema\/person\/d0f013b8388c980665d44009ab762960","name":"Super User","image":{"@type":"ImageObject","inLanguage":"es","@id":"https:\/\/secure.gravatar.com\/avatar\/1db852625ef4948f58d2739bfbc51e4b9bd5c93b8fa340b59fdb594ca0845645?s=96&d=mm&r=g","url":"https:\/\/secure.gravatar.com\/avatar\/1db852625ef4948f58d2739bfbc51e4b9bd5c93b8fa340b59fdb594ca0845645?s=96&d=mm&r=g","contentUrl":"https:\/\/secure.gravatar.com\/avatar\/1db852625ef4948f58d2739bfbc51e4b9bd5c93b8fa340b59fdb594ca0845645?s=96&d=mm&r=g","caption":"Super User"},"url":"https:\/\/ppdegalicia.com\/es\/author\/ppdegaliciagestion\/"}]}},"_links":{"self":[{"href":"https:\/\/ppdegalicia.com\/es\/wp-json\/wp\/v2\/posts\/53213","targetHints":{"allow":["GET"]}}],"collection":[{"href":"https:\/\/ppdegalicia.com\/es\/wp-json\/wp\/v2\/posts"}],"about":[{"href":"https:\/\/ppdegalicia.com\/es\/wp-json\/wp\/v2\/types\/post"}],"author":[{"embeddable":true,"href":"https:\/\/ppdegalicia.com\/es\/wp-json\/wp\/v2\/users\/37"}],"replies":[{"embeddable":true,"href":"https:\/\/ppdegalicia.com\/es\/wp-json\/wp\/v2\/comments?post=53213"}],"version-history":[{"count":0,"href":"https:\/\/ppdegalicia.com\/es\/wp-json\/wp\/v2\/posts\/53213\/revisions"}],"wp:attachment":[{"href":"https:\/\/ppdegalicia.com\/es\/wp-json\/wp\/v2\/media?parent=53213"}],"wp:term":[{"taxonomy":"category","embeddable":true,"href":"https:\/\/ppdegalicia.com\/es\/wp-json\/wp\/v2\/categories?post=53213"},{"taxonomy":"post_tag","embeddable":true,"href":"https:\/\/ppdegalicia.com\/es\/wp-json\/wp\/v2\/tags?post=53213"}],"curies":[{"name":"wp","href":"https:\/\/api.w.org\/{rel}","templated":true}]}}