{"id":53233,"date":"2018-03-06T18:00:12","date_gmt":"2018-03-06T16:00:12","guid":{"rendered":"https:\/\/ppdegalicia.com\/o-parlamento-aproba-unha-mocion-que-fixa-puntos-esenciais-de-interese-para-galicia-de-cara-a-negociacion-do-novo-modelo-de-financiamento-autonomico\/"},"modified":"2018-03-06T18:00:12","modified_gmt":"2018-03-06T16:00:12","slug":"o-parlamento-aproba-unha-mocion-que-fixa-puntos-esenciais-de-interese-para-galicia-de-cara-a-negociacion-do-novo-modelo-de-financiamento-autonomico","status":"publish","type":"post","link":"https:\/\/ppdegalicia.com\/es\/o-parlamento-aproba-unha-mocion-que-fixa-puntos-esenciais-de-interese-para-galicia-de-cara-a-negociacion-do-novo-modelo-de-financiamento-autonomico\/","title":{"rendered":"O Parlamento aproba unha moci\u00f3n que fixa puntos esenciais de interese para Galicia de cara \u00e1 negociaci\u00f3n do novo modelo de financiamento auton\u00f3mico"},"content":{"rendered":"<p>Santiago, 6 de marzo de 2018.- O Parlamento galego aprobou hoxe unha moci\u00f3n, logo dunha transacci\u00f3n entre o Grupo Popular e o Grupo Socialista, a trav\u00e9s da que se fixan puntos esenciais de interese para Galicia de cara \u00e1 negociaci\u00f3n do novo modelo de financiamento auton\u00f3mico. En concreto, dem\u00e1ndase que o novo modelo garanta que a Comunidade galega non perda recursos en termos absolutos; reforce o principio de solidariedade interterritorial mediante a aplicaci\u00f3n da nivelaci\u00f3n en termos de habitantes axustados e do custo real da prestaci\u00f3n dos servizos; e evite a discriminaci\u00f3n entre comunidades pola aplicaci\u00f3n dos mecanismos extraordinarios de financiamento.<\/p>\n<p><!--more--><\/p>\n<p>&nbsp;<\/p>\n<p>&nbsp;<\/p>\n<p>O portavoz do Grupo Popular, Pedro Puy, explicou que a reforma do sistema de financiamento auton\u00f3mico \u201cdebe abordarse desde tres dimensi\u00f3ns\u201d. En primeiro lugar, a nivel estatal, porque o novo sistema se debate no Congreso. Neste sentido, avanzou que \u201co Partido Popular est\u00e1 en condici\u00f3ns de defender un mesmo modelo en todas as comunidades, pero desco\u00f1ecemos onde est\u00e1 o PSOE e se pode plasmar as s\u00faas ideas nun \u00fanico modelo\u201d.<\/p>\n<p>&nbsp;<\/p>\n<p><strong>INTERESES COMPARTIDOS<\/strong><\/p>\n<p>&nbsp;<\/p>\n<p>Puy tam\u00e9n se referiu \u00e1s relaci\u00f3ns existentes entre distintas comunidades aut\u00f3nomas que comparten intereses, como a demograf\u00eda ou o envellecemento da poboaci\u00f3n. Neste sentido, salientou o acordo acadado recentemente entre as comunidades de Asturias, Arag\u00f3n, Castela e Le\u00f3n, e Galicia.<\/p>\n<p>&nbsp;<\/p>\n<p>Na s\u00faa intervenci\u00f3n, Puy considerou \u201cimportante\u201d o acordo acadado hoxe no Parlamento galego, que traslada a mensaxe de que, \u201cdentro das nosas forzas, somos capaces de chegar a consensos para reformar o sistema de financiamento auton\u00f3mico\u201d.<\/p>\n<p>&nbsp;<\/p>\n<p>En concreto, a moci\u00f3n aprobada esta tarde no Parlamento galego \u00e9 a seguinte:<\/p>\n<p><strong>\u201cO Parlamento de Galicia demanda \u00e1 Xunta de Galicia que na reforma do modelo de financiamento auton\u00f3mico defenda que:<\/strong><\/p>\n<p><strong>1.&nbsp;&nbsp; &nbsp;Para contribu\u00edr a reducir os desequilibrios verticais agravados nos \u00faltimos anos, o Goberno de Espa\u00f1a achegue ao novo modelo de financiamento auton\u00f3mico os recursos adicionais demandados no Informe da Comisi\u00f3n de Expertos.<\/strong><\/p>\n<p><strong>2.&nbsp;&nbsp; &nbsp;O modelo garanta que Galicia non perde recursos en termos absolutos no seu primeiro ano de vixencia, nin nos seguintes exercicios.<\/strong><\/p>\n<p><strong>3.&nbsp;&nbsp; &nbsp;O modelo garanta a suficiencia din\u00e1mica, polo que o \u00edndice de evoluci\u00f3n a aplicar aos distintos compo\u00f1entes do sistema ter\u00e1 como referencia a evoluci\u00f3n dos ingresos tributarios totais, tendo en conta a evoluci\u00f3n do PIB nominal.<\/strong><\/p>\n<p><strong>4.&nbsp;&nbsp; &nbsp;O novo modelo reforce o principio de solidariedade interterritorial mediante a aplicaci\u00f3n da nivelaci\u00f3n total, en termos de habitantes axustados (necesidades de gasto e custe dos servizos correspondentes ao conxunto das competencias descentralizadas).<\/strong><\/p>\n<p><strong>5.&nbsp;&nbsp; &nbsp;A efectos do c\u00e1lculo de necesidades e custe dos servizos deber\u00edan establecerse catro bloques (sanidade, educaci\u00f3n, pol\u00edtica social e resto de servizos)<\/strong><\/p>\n<p><strong>a.&nbsp;&nbsp; &nbsp;A ponderaci\u00f3n de cada un dos bloques debe reflectir a situaci\u00f3n real do gasto das CCAA, con actualizaci\u00f3ns peri\u00f3dicas<\/strong><br \/><strong>b.&nbsp;&nbsp; &nbsp;Para o bloque de sanidade debe recollerse a poboaci\u00f3n protexida polo sistema, inclu\u00edndo a toda a poboaci\u00f3n e ponder\u00e1ndoa por tramos de idade, sendo necesario crear novos tramos por riba dos 65 anos. Inclu\u00edndo a dispersi\u00f3n como un elemento relevante do custe.<\/strong><br \/><strong>c.&nbsp;&nbsp; &nbsp;Para o bloque de pol\u00edtica social compre antes de nada restablecer os compromisos de financiamento previstos na LAPAD, revertendo a suspensi\u00f3n da aplicaci\u00f3n do nivel acordado de protecci\u00f3n, e polo tanto o financiamento dos convenios entre a AXE e as CCAA. Para a distribuci\u00f3n entre CCAA compre ter en conta a distribuci\u00f3n da poboaci\u00f3n en tramos de idade por riba dos 65 anos, a probabilidade de experimentar alg\u00fan tipo de dependencia e a dispersi\u00f3n.<\/strong><br \/><strong>d.&nbsp;&nbsp; &nbsp;Para a educaci\u00f3n debe terse en conta: o censo de poboaci\u00f3n en idade escolar para a educaci\u00f3n obrigatoria, para a educaci\u00f3n non obrigatoria o n\u00famero de prazas financiadas con fondos p\u00fablicos; as\u00ed como os efectos da dispersi\u00f3n.<\/strong><\/p>\n<p><strong>6.&nbsp;&nbsp; &nbsp;Redefinir a recadaci\u00f3n normativa con criterios homox\u00e9neos.<\/strong><\/p>\n<p><strong>O Parlamento de Galicia insta \u00e1 Xunta de Galicia a demandar do Goberno de Espa\u00f1a que:<\/strong><\/p>\n<p><strong>1.&nbsp;&nbsp; &nbsp;Evite toda discriminaci\u00f3n entre comunidades aut\u00f3nomas pola aplicaci\u00f3n dos mecanismos extraordinarios de financiamento, o que incl\u00fae que:<\/strong><br \/><strong>a.&nbsp;&nbsp; &nbsp;Garanta que o subsidio extraordinario por medio de tipos de xuros inferiores aos de mercado que perciben as comunidades aut\u00f3nomas a trav\u00e9s dos mecanismos de financiamento por medio dos que a facenda central lles presta liquidez sexa tido en conta, mentres dure, para evitar discriminaci\u00f3ns entre comunidades.<\/strong><br \/><strong>b.&nbsp;&nbsp; &nbsp;Garanta que unha eventual reestruturaci\u00f3n de d\u00e9beda sexa efectuada en condici\u00f3ns que eviten favorecer a algunha comunidade e singularmente a aquelas comunidades que incumpriron de xeito m\u00e1is habitual os criterios de d\u00e9ficit ou acumularon un maior volume de d\u00e9beda.<\/strong><br \/><strong>c.&nbsp;&nbsp; &nbsp;Garanta que este mecanismo posibilite o retorno ao mercado de d\u00e9beda das comunidades aut\u00f3nomas.<\/strong><\/p>\n<p><strong>2.&nbsp;&nbsp; &nbsp;Desenvolva as actuaci\u00f3ns precisas para facer efectivas as entregas a conta indicadas na comunicaci\u00f3n do mes de xullo de 2017 por parte do Ministerio (e tidas en conta nos orzamentos da Xunta de Galicia de 2018).<\/strong><\/p>\n<p><strong>3.&nbsp;&nbsp; &nbsp;Reforce a efectividade plena do principio de lealdade constitucional para recuperar as mermas de recursos do sistema de financiamento.<\/strong><\/p>\n<p><strong>4.&nbsp;&nbsp; &nbsp;Garanta a aplicaci\u00f3n efectiva do principio de solidariedade,&nbsp; previsto constitucionalmente, por parte da Comunidade Aut\u00f3noma do Pa\u00eds Vasco, recollido na Lei 12\/2002 do Concerto Econ\u00f3mico (artigo 2) e da Comunidade Aut\u00f3noma de Navarra, recollido na Lei Org\u00e1nica 13\/1982, de reintegraci\u00f3n e amelloramento do seu r\u00e9xime foral (artigo 1).&nbsp;<\/strong><\/p>\n","protected":false},"excerpt":{"rendered":"<p>Santiago, 6 de marzo de 2018.- O Parlamento galego aprobou hoxe unha moci\u00f3n, logo dunha transacci\u00f3n entre o Grupo Popular e o Grupo Socialista, a trav\u00e9s da que se fixan puntos esenciais de interese para Galicia de cara \u00e1 negociaci\u00f3n do novo modelo de financiamento auton\u00f3mico. En concreto, dem\u00e1ndase que o novo modelo garanta que [&hellip;]<\/p>\n","protected":false},"author":37,"featured_media":0,"comment_status":"open","ping_status":"open","sticky":false,"template":"","format":"standard","meta":{"_acf_changed":false,"footnotes":""},"categories":[1],"tags":[],"class_list":["post-53233","post","type-post","status-publish","format-standard","hentry","category-pp-de-galicia"],"acf":[],"yoast_head":"<!-- This site is optimized with the Yoast SEO plugin v27.3 - https:\/\/yoast.com\/product\/yoast-seo-wordpress\/ -->\n<title>O Parlamento aproba unha moci\u00f3n que fixa puntos esenciais de interese para Galicia de cara \u00e1 negociaci\u00f3n do novo modelo de financiamento auton\u00f3mico - PP de Galicia<\/title>\n<meta name=\"robots\" content=\"index, follow, max-snippet:-1, max-image-preview:large, max-video-preview:-1\" \/>\n<link rel=\"canonical\" href=\"https:\/\/ppdegalicia.com\/es\/o-parlamento-aproba-unha-mocion-que-fixa-puntos-esenciais-de-interese-para-galicia-de-cara-a-negociacion-do-novo-modelo-de-financiamento-autonomico\/\" \/>\n<meta property=\"og:locale\" content=\"es_ES\" \/>\n<meta property=\"og:type\" content=\"article\" \/>\n<meta property=\"og:title\" content=\"O Parlamento aproba unha moci\u00f3n que fixa puntos esenciais de interese para Galicia de cara \u00e1 negociaci\u00f3n do novo modelo de financiamento auton\u00f3mico - PP de Galicia\" \/>\n<meta property=\"og:description\" content=\"Santiago, 6 de marzo de 2018.- O Parlamento galego aprobou hoxe unha moci\u00f3n, logo dunha transacci\u00f3n entre o Grupo Popular e o Grupo Socialista, a trav\u00e9s da que se fixan puntos esenciais de interese para Galicia de cara \u00e1 negociaci\u00f3n do novo modelo de financiamento auton\u00f3mico. En concreto, dem\u00e1ndase que o novo modelo garanta que [&hellip;]\" \/>\n<meta property=\"og:url\" content=\"https:\/\/ppdegalicia.com\/es\/o-parlamento-aproba-unha-mocion-que-fixa-puntos-esenciais-de-interese-para-galicia-de-cara-a-negociacion-do-novo-modelo-de-financiamento-autonomico\/\" \/>\n<meta property=\"og:site_name\" content=\"PP de Galicia\" \/>\n<meta property=\"article:publisher\" content=\"https:\/\/www.instagram.com\/ppdegalicia\/\" \/>\n<meta property=\"article:published_time\" content=\"2018-03-06T16:00:12+00:00\" \/>\n<meta name=\"author\" content=\"Super User\" \/>\n<meta name=\"twitter:card\" content=\"summary_large_image\" \/>\n<meta name=\"twitter:creator\" content=\"@ppdegalicia\" \/>\n<meta name=\"twitter:site\" content=\"@ppdegalicia\" \/>\n<meta name=\"twitter:label1\" content=\"Escrito por\" \/>\n\t<meta name=\"twitter:data1\" content=\"Super User\" \/>\n\t<meta name=\"twitter:label2\" content=\"Tiempo de lectura\" \/>\n\t<meta name=\"twitter:data2\" content=\"5 minutos\" \/>\n<script type=\"application\/ld+json\" class=\"yoast-schema-graph\">{\"@context\":\"https:\\\/\\\/schema.org\",\"@graph\":[{\"@type\":\"Article\",\"@id\":\"https:\\\/\\\/ppdegalicia.com\\\/es\\\/o-parlamento-aproba-unha-mocion-que-fixa-puntos-esenciais-de-interese-para-galicia-de-cara-a-negociacion-do-novo-modelo-de-financiamento-autonomico\\\/#article\",\"isPartOf\":{\"@id\":\"https:\\\/\\\/ppdegalicia.com\\\/es\\\/o-parlamento-aproba-unha-mocion-que-fixa-puntos-esenciais-de-interese-para-galicia-de-cara-a-negociacion-do-novo-modelo-de-financiamento-autonomico\\\/\"},\"author\":{\"name\":\"Super User\",\"@id\":\"https:\\\/\\\/ppdegalicia.com\\\/es\\\/#\\\/schema\\\/person\\\/d0f013b8388c980665d44009ab762960\"},\"headline\":\"O Parlamento aproba unha moci\u00f3n que fixa puntos esenciais de interese para Galicia de cara \u00e1 negociaci\u00f3n do novo modelo de financiamento auton\u00f3mico\",\"datePublished\":\"2018-03-06T16:00:12+00:00\",\"mainEntityOfPage\":{\"@id\":\"https:\\\/\\\/ppdegalicia.com\\\/es\\\/o-parlamento-aproba-unha-mocion-que-fixa-puntos-esenciais-de-interese-para-galicia-de-cara-a-negociacion-do-novo-modelo-de-financiamento-autonomico\\\/\"},\"wordCount\":1015,\"commentCount\":0,\"publisher\":{\"@id\":\"https:\\\/\\\/ppdegalicia.com\\\/es\\\/#organization\"},\"articleSection\":[\"PP de Galicia\"],\"inLanguage\":\"es\",\"potentialAction\":[{\"@type\":\"CommentAction\",\"name\":\"Comment\",\"target\":[\"https:\\\/\\\/ppdegalicia.com\\\/es\\\/o-parlamento-aproba-unha-mocion-que-fixa-puntos-esenciais-de-interese-para-galicia-de-cara-a-negociacion-do-novo-modelo-de-financiamento-autonomico\\\/#respond\"]}]},{\"@type\":\"WebPage\",\"@id\":\"https:\\\/\\\/ppdegalicia.com\\\/es\\\/o-parlamento-aproba-unha-mocion-que-fixa-puntos-esenciais-de-interese-para-galicia-de-cara-a-negociacion-do-novo-modelo-de-financiamento-autonomico\\\/\",\"url\":\"https:\\\/\\\/ppdegalicia.com\\\/es\\\/o-parlamento-aproba-unha-mocion-que-fixa-puntos-esenciais-de-interese-para-galicia-de-cara-a-negociacion-do-novo-modelo-de-financiamento-autonomico\\\/\",\"name\":\"O Parlamento aproba unha moci\u00f3n que fixa puntos esenciais de interese para Galicia de cara \u00e1 negociaci\u00f3n do novo modelo de financiamento auton\u00f3mico - PP de Galicia\",\"isPartOf\":{\"@id\":\"https:\\\/\\\/ppdegalicia.com\\\/es\\\/#website\"},\"datePublished\":\"2018-03-06T16:00:12+00:00\",\"breadcrumb\":{\"@id\":\"https:\\\/\\\/ppdegalicia.com\\\/es\\\/o-parlamento-aproba-unha-mocion-que-fixa-puntos-esenciais-de-interese-para-galicia-de-cara-a-negociacion-do-novo-modelo-de-financiamento-autonomico\\\/#breadcrumb\"},\"inLanguage\":\"es\",\"potentialAction\":[{\"@type\":\"ReadAction\",\"target\":[\"https:\\\/\\\/ppdegalicia.com\\\/es\\\/o-parlamento-aproba-unha-mocion-que-fixa-puntos-esenciais-de-interese-para-galicia-de-cara-a-negociacion-do-novo-modelo-de-financiamento-autonomico\\\/\"]}]},{\"@type\":\"BreadcrumbList\",\"@id\":\"https:\\\/\\\/ppdegalicia.com\\\/es\\\/o-parlamento-aproba-unha-mocion-que-fixa-puntos-esenciais-de-interese-para-galicia-de-cara-a-negociacion-do-novo-modelo-de-financiamento-autonomico\\\/#breadcrumb\",\"itemListElement\":[{\"@type\":\"ListItem\",\"position\":1,\"name\":\"Portada\",\"item\":\"https:\\\/\\\/ppdegalicia.com\\\/es\\\/\"},{\"@type\":\"ListItem\",\"position\":2,\"name\":\"O Parlamento aproba unha moci\u00f3n que fixa puntos esenciais de interese para Galicia de cara \u00e1 negociaci\u00f3n do novo modelo de financiamento auton\u00f3mico\"}]},{\"@type\":\"WebSite\",\"@id\":\"https:\\\/\\\/ppdegalicia.com\\\/es\\\/#website\",\"url\":\"https:\\\/\\\/ppdegalicia.com\\\/es\\\/\",\"name\":\"Partido Popular de Galicia\",\"description\":\"Partido Popular de Galicia\",\"publisher\":{\"@id\":\"https:\\\/\\\/ppdegalicia.com\\\/es\\\/#organization\"},\"alternateName\":\"PP de Galicia\",\"potentialAction\":[{\"@type\":\"SearchAction\",\"target\":{\"@type\":\"EntryPoint\",\"urlTemplate\":\"https:\\\/\\\/ppdegalicia.com\\\/es\\\/?s={search_term_string}\"},\"query-input\":{\"@type\":\"PropertyValueSpecification\",\"valueRequired\":true,\"valueName\":\"search_term_string\"}}],\"inLanguage\":\"es\"},{\"@type\":\"Organization\",\"@id\":\"https:\\\/\\\/ppdegalicia.com\\\/es\\\/#organization\",\"name\":\"Partido Popular de Galicia\",\"alternateName\":\"PP de Galicia\",\"url\":\"https:\\\/\\\/ppdegalicia.com\\\/es\\\/\",\"logo\":{\"@type\":\"ImageObject\",\"inLanguage\":\"es\",\"@id\":\"https:\\\/\\\/ppdegalicia.com\\\/es\\\/#\\\/schema\\\/logo\\\/image\\\/\",\"url\":\"https:\\\/\\\/ppdegalicia.com\\\/wp-content\\\/uploads\\\/2023\\\/04\\\/logoPP512.png\",\"contentUrl\":\"https:\\\/\\\/ppdegalicia.com\\\/wp-content\\\/uploads\\\/2023\\\/04\\\/logoPP512.png\",\"width\":512,\"height\":512,\"caption\":\"Partido Popular de Galicia\"},\"image\":{\"@id\":\"https:\\\/\\\/ppdegalicia.com\\\/es\\\/#\\\/schema\\\/logo\\\/image\\\/\"},\"sameAs\":[\"https:\\\/\\\/www.instagram.com\\\/ppdegalicia\\\/\",\"https:\\\/\\\/x.com\\\/ppdegalicia\",\"https:\\\/\\\/www.tiktok.com\\\/@ppdegalicia\",\"https:\\\/\\\/www.youtube.com\\\/user\\\/ppdegalicia\"]},{\"@type\":\"Person\",\"@id\":\"https:\\\/\\\/ppdegalicia.com\\\/es\\\/#\\\/schema\\\/person\\\/d0f013b8388c980665d44009ab762960\",\"name\":\"Super User\",\"image\":{\"@type\":\"ImageObject\",\"inLanguage\":\"es\",\"@id\":\"https:\\\/\\\/secure.gravatar.com\\\/avatar\\\/1db852625ef4948f58d2739bfbc51e4b9bd5c93b8fa340b59fdb594ca0845645?s=96&d=mm&r=g\",\"url\":\"https:\\\/\\\/secure.gravatar.com\\\/avatar\\\/1db852625ef4948f58d2739bfbc51e4b9bd5c93b8fa340b59fdb594ca0845645?s=96&d=mm&r=g\",\"contentUrl\":\"https:\\\/\\\/secure.gravatar.com\\\/avatar\\\/1db852625ef4948f58d2739bfbc51e4b9bd5c93b8fa340b59fdb594ca0845645?s=96&d=mm&r=g\",\"caption\":\"Super User\"},\"url\":\"https:\\\/\\\/ppdegalicia.com\\\/es\\\/author\\\/ppdegaliciagestion\\\/\"}]}<\/script>\n<!-- \/ Yoast SEO plugin. -->","yoast_head_json":{"title":"O Parlamento aproba unha moci\u00f3n que fixa puntos esenciais de interese para Galicia de cara \u00e1 negociaci\u00f3n do novo modelo de financiamento auton\u00f3mico - PP de Galicia","robots":{"index":"index","follow":"follow","max-snippet":"max-snippet:-1","max-image-preview":"max-image-preview:large","max-video-preview":"max-video-preview:-1"},"canonical":"https:\/\/ppdegalicia.com\/es\/o-parlamento-aproba-unha-mocion-que-fixa-puntos-esenciais-de-interese-para-galicia-de-cara-a-negociacion-do-novo-modelo-de-financiamento-autonomico\/","og_locale":"es_ES","og_type":"article","og_title":"O Parlamento aproba unha moci\u00f3n que fixa puntos esenciais de interese para Galicia de cara \u00e1 negociaci\u00f3n do novo modelo de financiamento auton\u00f3mico - PP de Galicia","og_description":"Santiago, 6 de marzo de 2018.- O Parlamento galego aprobou hoxe unha moci\u00f3n, logo dunha transacci\u00f3n entre o Grupo Popular e o Grupo Socialista, a trav\u00e9s da que se fixan puntos esenciais de interese para Galicia de cara \u00e1 negociaci\u00f3n do novo modelo de financiamento auton\u00f3mico. En concreto, dem\u00e1ndase que o novo modelo garanta que [&hellip;]","og_url":"https:\/\/ppdegalicia.com\/es\/o-parlamento-aproba-unha-mocion-que-fixa-puntos-esenciais-de-interese-para-galicia-de-cara-a-negociacion-do-novo-modelo-de-financiamento-autonomico\/","og_site_name":"PP de Galicia","article_publisher":"https:\/\/www.instagram.com\/ppdegalicia\/","article_published_time":"2018-03-06T16:00:12+00:00","author":"Super User","twitter_card":"summary_large_image","twitter_creator":"@ppdegalicia","twitter_site":"@ppdegalicia","twitter_misc":{"Escrito por":"Super User","Tiempo de lectura":"5 minutos"},"schema":{"@context":"https:\/\/schema.org","@graph":[{"@type":"Article","@id":"https:\/\/ppdegalicia.com\/es\/o-parlamento-aproba-unha-mocion-que-fixa-puntos-esenciais-de-interese-para-galicia-de-cara-a-negociacion-do-novo-modelo-de-financiamento-autonomico\/#article","isPartOf":{"@id":"https:\/\/ppdegalicia.com\/es\/o-parlamento-aproba-unha-mocion-que-fixa-puntos-esenciais-de-interese-para-galicia-de-cara-a-negociacion-do-novo-modelo-de-financiamento-autonomico\/"},"author":{"name":"Super User","@id":"https:\/\/ppdegalicia.com\/es\/#\/schema\/person\/d0f013b8388c980665d44009ab762960"},"headline":"O Parlamento aproba unha moci\u00f3n que fixa puntos esenciais de interese para Galicia de cara \u00e1 negociaci\u00f3n do novo modelo de financiamento auton\u00f3mico","datePublished":"2018-03-06T16:00:12+00:00","mainEntityOfPage":{"@id":"https:\/\/ppdegalicia.com\/es\/o-parlamento-aproba-unha-mocion-que-fixa-puntos-esenciais-de-interese-para-galicia-de-cara-a-negociacion-do-novo-modelo-de-financiamento-autonomico\/"},"wordCount":1015,"commentCount":0,"publisher":{"@id":"https:\/\/ppdegalicia.com\/es\/#organization"},"articleSection":["PP de Galicia"],"inLanguage":"es","potentialAction":[{"@type":"CommentAction","name":"Comment","target":["https:\/\/ppdegalicia.com\/es\/o-parlamento-aproba-unha-mocion-que-fixa-puntos-esenciais-de-interese-para-galicia-de-cara-a-negociacion-do-novo-modelo-de-financiamento-autonomico\/#respond"]}]},{"@type":"WebPage","@id":"https:\/\/ppdegalicia.com\/es\/o-parlamento-aproba-unha-mocion-que-fixa-puntos-esenciais-de-interese-para-galicia-de-cara-a-negociacion-do-novo-modelo-de-financiamento-autonomico\/","url":"https:\/\/ppdegalicia.com\/es\/o-parlamento-aproba-unha-mocion-que-fixa-puntos-esenciais-de-interese-para-galicia-de-cara-a-negociacion-do-novo-modelo-de-financiamento-autonomico\/","name":"O Parlamento aproba unha moci\u00f3n que fixa puntos esenciais de interese para Galicia de cara \u00e1 negociaci\u00f3n do novo modelo de financiamento auton\u00f3mico - PP de Galicia","isPartOf":{"@id":"https:\/\/ppdegalicia.com\/es\/#website"},"datePublished":"2018-03-06T16:00:12+00:00","breadcrumb":{"@id":"https:\/\/ppdegalicia.com\/es\/o-parlamento-aproba-unha-mocion-que-fixa-puntos-esenciais-de-interese-para-galicia-de-cara-a-negociacion-do-novo-modelo-de-financiamento-autonomico\/#breadcrumb"},"inLanguage":"es","potentialAction":[{"@type":"ReadAction","target":["https:\/\/ppdegalicia.com\/es\/o-parlamento-aproba-unha-mocion-que-fixa-puntos-esenciais-de-interese-para-galicia-de-cara-a-negociacion-do-novo-modelo-de-financiamento-autonomico\/"]}]},{"@type":"BreadcrumbList","@id":"https:\/\/ppdegalicia.com\/es\/o-parlamento-aproba-unha-mocion-que-fixa-puntos-esenciais-de-interese-para-galicia-de-cara-a-negociacion-do-novo-modelo-de-financiamento-autonomico\/#breadcrumb","itemListElement":[{"@type":"ListItem","position":1,"name":"Portada","item":"https:\/\/ppdegalicia.com\/es\/"},{"@type":"ListItem","position":2,"name":"O Parlamento aproba unha moci\u00f3n que fixa puntos esenciais de interese para Galicia de cara \u00e1 negociaci\u00f3n do novo modelo de financiamento auton\u00f3mico"}]},{"@type":"WebSite","@id":"https:\/\/ppdegalicia.com\/es\/#website","url":"https:\/\/ppdegalicia.com\/es\/","name":"Partido Popular de Galicia","description":"Partido Popular de Galicia","publisher":{"@id":"https:\/\/ppdegalicia.com\/es\/#organization"},"alternateName":"PP de Galicia","potentialAction":[{"@type":"SearchAction","target":{"@type":"EntryPoint","urlTemplate":"https:\/\/ppdegalicia.com\/es\/?s={search_term_string}"},"query-input":{"@type":"PropertyValueSpecification","valueRequired":true,"valueName":"search_term_string"}}],"inLanguage":"es"},{"@type":"Organization","@id":"https:\/\/ppdegalicia.com\/es\/#organization","name":"Partido Popular de Galicia","alternateName":"PP de Galicia","url":"https:\/\/ppdegalicia.com\/es\/","logo":{"@type":"ImageObject","inLanguage":"es","@id":"https:\/\/ppdegalicia.com\/es\/#\/schema\/logo\/image\/","url":"https:\/\/ppdegalicia.com\/wp-content\/uploads\/2023\/04\/logoPP512.png","contentUrl":"https:\/\/ppdegalicia.com\/wp-content\/uploads\/2023\/04\/logoPP512.png","width":512,"height":512,"caption":"Partido Popular de Galicia"},"image":{"@id":"https:\/\/ppdegalicia.com\/es\/#\/schema\/logo\/image\/"},"sameAs":["https:\/\/www.instagram.com\/ppdegalicia\/","https:\/\/x.com\/ppdegalicia","https:\/\/www.tiktok.com\/@ppdegalicia","https:\/\/www.youtube.com\/user\/ppdegalicia"]},{"@type":"Person","@id":"https:\/\/ppdegalicia.com\/es\/#\/schema\/person\/d0f013b8388c980665d44009ab762960","name":"Super User","image":{"@type":"ImageObject","inLanguage":"es","@id":"https:\/\/secure.gravatar.com\/avatar\/1db852625ef4948f58d2739bfbc51e4b9bd5c93b8fa340b59fdb594ca0845645?s=96&d=mm&r=g","url":"https:\/\/secure.gravatar.com\/avatar\/1db852625ef4948f58d2739bfbc51e4b9bd5c93b8fa340b59fdb594ca0845645?s=96&d=mm&r=g","contentUrl":"https:\/\/secure.gravatar.com\/avatar\/1db852625ef4948f58d2739bfbc51e4b9bd5c93b8fa340b59fdb594ca0845645?s=96&d=mm&r=g","caption":"Super User"},"url":"https:\/\/ppdegalicia.com\/es\/author\/ppdegaliciagestion\/"}]}},"_links":{"self":[{"href":"https:\/\/ppdegalicia.com\/es\/wp-json\/wp\/v2\/posts\/53233","targetHints":{"allow":["GET"]}}],"collection":[{"href":"https:\/\/ppdegalicia.com\/es\/wp-json\/wp\/v2\/posts"}],"about":[{"href":"https:\/\/ppdegalicia.com\/es\/wp-json\/wp\/v2\/types\/post"}],"author":[{"embeddable":true,"href":"https:\/\/ppdegalicia.com\/es\/wp-json\/wp\/v2\/users\/37"}],"replies":[{"embeddable":true,"href":"https:\/\/ppdegalicia.com\/es\/wp-json\/wp\/v2\/comments?post=53233"}],"version-history":[{"count":0,"href":"https:\/\/ppdegalicia.com\/es\/wp-json\/wp\/v2\/posts\/53233\/revisions"}],"wp:attachment":[{"href":"https:\/\/ppdegalicia.com\/es\/wp-json\/wp\/v2\/media?parent=53233"}],"wp:term":[{"taxonomy":"category","embeddable":true,"href":"https:\/\/ppdegalicia.com\/es\/wp-json\/wp\/v2\/categories?post=53233"},{"taxonomy":"post_tag","embeddable":true,"href":"https:\/\/ppdegalicia.com\/es\/wp-json\/wp\/v2\/tags?post=53233"}],"curies":[{"name":"wp","href":"https:\/\/api.w.org\/{rel}","templated":true}]}}