{"id":53247,"date":"2018-03-12T15:55:31","date_gmt":"2018-03-12T13:55:31","guid":{"rendered":"https:\/\/ppdegalicia.com\/pedro-puy-avanza-que-o-pleno-da-vindeira-semana-debatera-a-aprobacion-definitiva-da-modificacion-da-lei-de-saude-de-galicia\/"},"modified":"2018-03-12T15:55:31","modified_gmt":"2018-03-12T13:55:31","slug":"pedro-puy-avanza-que-o-pleno-da-vindeira-semana-debatera-a-aprobacion-definitiva-da-modificacion-da-lei-de-saude-de-galicia","status":"publish","type":"post","link":"https:\/\/ppdegalicia.com\/es\/pedro-puy-avanza-que-o-pleno-da-vindeira-semana-debatera-a-aprobacion-definitiva-da-modificacion-da-lei-de-saude-de-galicia\/","title":{"rendered":"Pedro Puy avanza que o Pleno da vindeira semana debater\u00e1 a aprobaci\u00f3n definitiva da modificaci\u00f3n da Lei de Sa\u00fade de Galicia"},"content":{"rendered":"<p>Santiago, 12 de marzo de 2018.- O portavoz do Grupo Popular, Pedro Puy, avanzou hoxe que o Pleno da vindeira semana acoller\u00e1 o debate para a s\u00faa aprobaci\u00f3n definitiva da modificaci\u00f3n da Lei de sa\u00fade de Galicia, que blinda a existencia dos hospitais comarcais e achega a atenci\u00f3n sanitaria aos cidad\u00e1ns.<\/p>\n<p><!--more--><\/p>\n<p>&nbsp;<\/p>\n<p>&nbsp;<\/p>\n<p>Unha vez rematado o debate en ponencia e comisi\u00f3n coa aprobaci\u00f3n do ditame, Pedro Puy sinalou que o texto lexislativo de modificaci\u00f3n da Lei de sa\u00fade est\u00e1 en condici\u00f3ns de proceder ao seu debate en sesi\u00f3n plenaria. \u201cEntendemos que esta lei vai permitir mellorar o sistema sanitario, coa creaci\u00f3n dos 14 distritos sanitarios, que se enumeran no propio texto lexislativo para garantir a s\u00faa pervivencia no tempo\u201d, apuntou.<\/p>\n<p>&nbsp;<\/p>\n<p><strong>M\u00c1IS SERVIZOS E MELLOR ATENCI\u00d3N<\/strong><\/p>\n<p>&nbsp;<\/p>\n<p>Puy salientou que os hospitais comarcais est\u00e1n recibindo novos servizos e que esta forma de organizaci\u00f3n sanitaria, herdada da creaci\u00f3n das estruturas de xesti\u00f3n integrada, \u201cestase conseguindo unha mellor atenci\u00f3n especializada nos hospitais comarcais, evitando nos \u00faltimos anos o desprazamento de m\u00e1is de 260.000 pacientes cara aos grandes hospitais\u201d.<\/p>\n<p>&nbsp;<\/p>\n<p>O portavoz popular afirmou que a lei, logo do tr\u00e1mite parlamentario, potencia a participaci\u00f3n na sanidade por parte do sector. Neste sentido, referiuse aos acordos para que a Secretar\u00eda Xeral de Igualdade estea representada nos Consellos de Sa\u00fade; a creaci\u00f3n dunha comisi\u00f3n conxunta de control entre a Conseller\u00eda de Sanidade e a Axencia de Innovaci\u00f3n para avaliar os contratos, convenios e colaboraci\u00f3ns no eido da investigaci\u00f3n sanitaria; ou para a determinaci\u00f3n regulamentaria da estrutura e funci\u00f3ns dos \u00f3rganos de direcci\u00f3n e xesti\u00f3n das \u00e1reas sanitarias.<\/p>\n<p>&nbsp;<\/p>\n<p><strong>TODOS XUNTOS POLA IGUALDADE DE X\u00c9NERO<\/strong><\/p>\n<p>&nbsp;<\/p>\n<p>Cuestionado sobre as mobilizaci\u00f3ns do pasado 8 de marzo, Pedro Puy manifestou que en materia de igualdade de x\u00e9nero \u201cdebemos ir todos xuntos, reco\u00f1ecendo que hai cousas que se fan e outras nas que hai que continuar avanzando, porque se imos enfrontarnos negando as evidencias ou non reco\u00f1ecendo as necesidades que hai que atender, a sociedade non vai sacar nada en limpo\u201d.<\/p>\n<p>&nbsp;<\/p>\n<p>O portavoz popular garantiu que o Partido Popular est\u00e1 implicado en \u201ccami\u00f1ar cara unha igualdade real\u201d. Neste sentido, lembrou os acordos parlamentarios acadados o pasado ano en relaci\u00f3n coa igualdade e a violencia de x\u00e9nero, entre os que figuraba a separaci\u00f3n de v\u00edtimas e agresores nos xulgados; as\u00ed como a proposici\u00f3n non de lei aprobada na sesi\u00f3n&nbsp; plenaria da pasada semana, con medidas dirixidas \u00e1 coeducaci\u00f3n, a conciliaci\u00f3n laboral e familiar, ou \u00e1 loita contra a fenda salarial.<\/p>\n<p>&nbsp;<\/p>\n<p>Neste \u00e1mbito, Puy informou que o Grupo Popular contin\u00faa traballando neste eido e xa ten rexistrado novas iniciativas en materia de igualdade, demandando as reformas legais oportunas para que a Xunta poda defender os dereitos das v\u00edtimas de violencia de x\u00e9nero e exercer a acci\u00f3n penal nos xu\u00edzos por delitos de discriminaci\u00f3n derivada ou por raz\u00f3n da situaci\u00f3n familiar consecuencia da maternidade da muller.<\/p>\n<p>&nbsp;<\/p>\n<p>\u201c\u00c9 un tema que preocupa ao Goberno galego, e mostra disto \u00e9 que o orzamento para a loita contra a violencia de x\u00e9nero pasou de 2,4 a 5,4 mill\u00f3ns de euros entre os anos 2009 e 2017, ao tempo que entrou en vigor a extensi\u00f3n a un ano completo para o pago de axudas peri\u00f3dicas a v\u00edtimas de violencia de x\u00e9nero; ou a prioridade para as v\u00edtimas no acceso a escolas infant\u00eds, vivendas de aluguer ou plans de emprego\u201d, indicou.<\/p>\n<p>&nbsp;<\/p>\n<p>Deste xeito, apuntou que \u201cimos seguir avanzando e chegando a acordos para atender as petici\u00f3ns razoables tanto das v\u00edtimas como da Administraci\u00f3n de Xustiza\u201d.<\/p>\n","protected":false},"excerpt":{"rendered":"<p>Santiago, 12 de marzo de 2018.- O portavoz do Grupo Popular, Pedro Puy, avanzou hoxe que o Pleno da vindeira semana acoller\u00e1 o debate para a s\u00faa aprobaci\u00f3n definitiva da modificaci\u00f3n da Lei de sa\u00fade de Galicia, que blinda a existencia dos hospitais comarcais e achega a atenci\u00f3n sanitaria aos cidad\u00e1ns.<\/p>\n","protected":false},"author":37,"featured_media":0,"comment_status":"open","ping_status":"open","sticky":false,"template":"","format":"standard","meta":{"_acf_changed":false,"footnotes":""},"categories":[1],"tags":[],"class_list":["post-53247","post","type-post","status-publish","format-standard","hentry","category-pp-de-galicia"],"acf":[],"yoast_head":"<!-- This site is optimized with the Yoast SEO plugin v27.3 - https:\/\/yoast.com\/product\/yoast-seo-wordpress\/ -->\n<title>Pedro Puy avanza que o Pleno da vindeira semana debater\u00e1 a aprobaci\u00f3n definitiva da modificaci\u00f3n da Lei de Sa\u00fade de Galicia - PP de Galicia<\/title>\n<meta name=\"robots\" content=\"index, follow, max-snippet:-1, max-image-preview:large, max-video-preview:-1\" \/>\n<link rel=\"canonical\" href=\"https:\/\/ppdegalicia.com\/es\/pedro-puy-avanza-que-o-pleno-da-vindeira-semana-debatera-a-aprobacion-definitiva-da-modificacion-da-lei-de-saude-de-galicia\/\" \/>\n<meta property=\"og:locale\" content=\"es_ES\" \/>\n<meta property=\"og:type\" content=\"article\" \/>\n<meta property=\"og:title\" content=\"Pedro Puy avanza que o Pleno da vindeira semana debater\u00e1 a aprobaci\u00f3n definitiva da modificaci\u00f3n da Lei de Sa\u00fade de Galicia - PP de Galicia\" \/>\n<meta property=\"og:description\" content=\"Santiago, 12 de marzo de 2018.- O portavoz do Grupo Popular, Pedro Puy, avanzou hoxe que o Pleno da vindeira semana acoller\u00e1 o debate para a s\u00faa aprobaci\u00f3n definitiva da modificaci\u00f3n da Lei de sa\u00fade de Galicia, que blinda a existencia dos hospitais comarcais e achega a atenci\u00f3n sanitaria aos cidad\u00e1ns.\" \/>\n<meta property=\"og:url\" content=\"https:\/\/ppdegalicia.com\/es\/pedro-puy-avanza-que-o-pleno-da-vindeira-semana-debatera-a-aprobacion-definitiva-da-modificacion-da-lei-de-saude-de-galicia\/\" \/>\n<meta property=\"og:site_name\" content=\"PP de Galicia\" \/>\n<meta property=\"article:publisher\" content=\"https:\/\/www.instagram.com\/ppdegalicia\/\" \/>\n<meta property=\"article:published_time\" content=\"2018-03-12T13:55:31+00:00\" \/>\n<meta name=\"author\" content=\"Super User\" \/>\n<meta name=\"twitter:card\" content=\"summary_large_image\" \/>\n<meta name=\"twitter:creator\" content=\"@ppdegalicia\" \/>\n<meta name=\"twitter:site\" content=\"@ppdegalicia\" \/>\n<meta name=\"twitter:label1\" content=\"Escrito por\" \/>\n\t<meta name=\"twitter:data1\" content=\"Super User\" \/>\n\t<meta name=\"twitter:label2\" content=\"Tiempo de lectura\" \/>\n\t<meta name=\"twitter:data2\" content=\"3 minutos\" \/>\n<script type=\"application\/ld+json\" class=\"yoast-schema-graph\">{\"@context\":\"https:\\\/\\\/schema.org\",\"@graph\":[{\"@type\":\"Article\",\"@id\":\"https:\\\/\\\/ppdegalicia.com\\\/es\\\/pedro-puy-avanza-que-o-pleno-da-vindeira-semana-debatera-a-aprobacion-definitiva-da-modificacion-da-lei-de-saude-de-galicia\\\/#article\",\"isPartOf\":{\"@id\":\"https:\\\/\\\/ppdegalicia.com\\\/es\\\/pedro-puy-avanza-que-o-pleno-da-vindeira-semana-debatera-a-aprobacion-definitiva-da-modificacion-da-lei-de-saude-de-galicia\\\/\"},\"author\":{\"name\":\"Super User\",\"@id\":\"https:\\\/\\\/ppdegalicia.com\\\/es\\\/#\\\/schema\\\/person\\\/d0f013b8388c980665d44009ab762960\"},\"headline\":\"Pedro Puy avanza que o Pleno da vindeira semana debater\u00e1 a aprobaci\u00f3n definitiva da modificaci\u00f3n da Lei de Sa\u00fade de Galicia\",\"datePublished\":\"2018-03-12T13:55:31+00:00\",\"mainEntityOfPage\":{\"@id\":\"https:\\\/\\\/ppdegalicia.com\\\/es\\\/pedro-puy-avanza-que-o-pleno-da-vindeira-semana-debatera-a-aprobacion-definitiva-da-modificacion-da-lei-de-saude-de-galicia\\\/\"},\"wordCount\":665,\"commentCount\":0,\"publisher\":{\"@id\":\"https:\\\/\\\/ppdegalicia.com\\\/es\\\/#organization\"},\"articleSection\":[\"PP de Galicia\"],\"inLanguage\":\"es\",\"potentialAction\":[{\"@type\":\"CommentAction\",\"name\":\"Comment\",\"target\":[\"https:\\\/\\\/ppdegalicia.com\\\/es\\\/pedro-puy-avanza-que-o-pleno-da-vindeira-semana-debatera-a-aprobacion-definitiva-da-modificacion-da-lei-de-saude-de-galicia\\\/#respond\"]}]},{\"@type\":\"WebPage\",\"@id\":\"https:\\\/\\\/ppdegalicia.com\\\/es\\\/pedro-puy-avanza-que-o-pleno-da-vindeira-semana-debatera-a-aprobacion-definitiva-da-modificacion-da-lei-de-saude-de-galicia\\\/\",\"url\":\"https:\\\/\\\/ppdegalicia.com\\\/es\\\/pedro-puy-avanza-que-o-pleno-da-vindeira-semana-debatera-a-aprobacion-definitiva-da-modificacion-da-lei-de-saude-de-galicia\\\/\",\"name\":\"Pedro Puy avanza que o Pleno da vindeira semana debater\u00e1 a aprobaci\u00f3n definitiva da modificaci\u00f3n da Lei de Sa\u00fade de Galicia - PP de Galicia\",\"isPartOf\":{\"@id\":\"https:\\\/\\\/ppdegalicia.com\\\/es\\\/#website\"},\"datePublished\":\"2018-03-12T13:55:31+00:00\",\"breadcrumb\":{\"@id\":\"https:\\\/\\\/ppdegalicia.com\\\/es\\\/pedro-puy-avanza-que-o-pleno-da-vindeira-semana-debatera-a-aprobacion-definitiva-da-modificacion-da-lei-de-saude-de-galicia\\\/#breadcrumb\"},\"inLanguage\":\"es\",\"potentialAction\":[{\"@type\":\"ReadAction\",\"target\":[\"https:\\\/\\\/ppdegalicia.com\\\/es\\\/pedro-puy-avanza-que-o-pleno-da-vindeira-semana-debatera-a-aprobacion-definitiva-da-modificacion-da-lei-de-saude-de-galicia\\\/\"]}]},{\"@type\":\"BreadcrumbList\",\"@id\":\"https:\\\/\\\/ppdegalicia.com\\\/es\\\/pedro-puy-avanza-que-o-pleno-da-vindeira-semana-debatera-a-aprobacion-definitiva-da-modificacion-da-lei-de-saude-de-galicia\\\/#breadcrumb\",\"itemListElement\":[{\"@type\":\"ListItem\",\"position\":1,\"name\":\"Portada\",\"item\":\"https:\\\/\\\/ppdegalicia.com\\\/es\\\/\"},{\"@type\":\"ListItem\",\"position\":2,\"name\":\"Pedro Puy avanza que o Pleno da vindeira semana debater\u00e1 a aprobaci\u00f3n definitiva da modificaci\u00f3n da Lei de Sa\u00fade de Galicia\"}]},{\"@type\":\"WebSite\",\"@id\":\"https:\\\/\\\/ppdegalicia.com\\\/es\\\/#website\",\"url\":\"https:\\\/\\\/ppdegalicia.com\\\/es\\\/\",\"name\":\"Partido Popular de Galicia\",\"description\":\"Partido Popular de Galicia\",\"publisher\":{\"@id\":\"https:\\\/\\\/ppdegalicia.com\\\/es\\\/#organization\"},\"alternateName\":\"PP de Galicia\",\"potentialAction\":[{\"@type\":\"SearchAction\",\"target\":{\"@type\":\"EntryPoint\",\"urlTemplate\":\"https:\\\/\\\/ppdegalicia.com\\\/es\\\/?s={search_term_string}\"},\"query-input\":{\"@type\":\"PropertyValueSpecification\",\"valueRequired\":true,\"valueName\":\"search_term_string\"}}],\"inLanguage\":\"es\"},{\"@type\":\"Organization\",\"@id\":\"https:\\\/\\\/ppdegalicia.com\\\/es\\\/#organization\",\"name\":\"Partido Popular de Galicia\",\"alternateName\":\"PP de Galicia\",\"url\":\"https:\\\/\\\/ppdegalicia.com\\\/es\\\/\",\"logo\":{\"@type\":\"ImageObject\",\"inLanguage\":\"es\",\"@id\":\"https:\\\/\\\/ppdegalicia.com\\\/es\\\/#\\\/schema\\\/logo\\\/image\\\/\",\"url\":\"https:\\\/\\\/ppdegalicia.com\\\/wp-content\\\/uploads\\\/2023\\\/04\\\/logoPP512.png\",\"contentUrl\":\"https:\\\/\\\/ppdegalicia.com\\\/wp-content\\\/uploads\\\/2023\\\/04\\\/logoPP512.png\",\"width\":512,\"height\":512,\"caption\":\"Partido Popular de Galicia\"},\"image\":{\"@id\":\"https:\\\/\\\/ppdegalicia.com\\\/es\\\/#\\\/schema\\\/logo\\\/image\\\/\"},\"sameAs\":[\"https:\\\/\\\/www.instagram.com\\\/ppdegalicia\\\/\",\"https:\\\/\\\/x.com\\\/ppdegalicia\",\"https:\\\/\\\/www.tiktok.com\\\/@ppdegalicia\",\"https:\\\/\\\/www.youtube.com\\\/user\\\/ppdegalicia\"]},{\"@type\":\"Person\",\"@id\":\"https:\\\/\\\/ppdegalicia.com\\\/es\\\/#\\\/schema\\\/person\\\/d0f013b8388c980665d44009ab762960\",\"name\":\"Super User\",\"image\":{\"@type\":\"ImageObject\",\"inLanguage\":\"es\",\"@id\":\"https:\\\/\\\/secure.gravatar.com\\\/avatar\\\/1db852625ef4948f58d2739bfbc51e4b9bd5c93b8fa340b59fdb594ca0845645?s=96&d=mm&r=g\",\"url\":\"https:\\\/\\\/secure.gravatar.com\\\/avatar\\\/1db852625ef4948f58d2739bfbc51e4b9bd5c93b8fa340b59fdb594ca0845645?s=96&d=mm&r=g\",\"contentUrl\":\"https:\\\/\\\/secure.gravatar.com\\\/avatar\\\/1db852625ef4948f58d2739bfbc51e4b9bd5c93b8fa340b59fdb594ca0845645?s=96&d=mm&r=g\",\"caption\":\"Super User\"},\"url\":\"https:\\\/\\\/ppdegalicia.com\\\/es\\\/author\\\/ppdegaliciagestion\\\/\"}]}<\/script>\n<!-- \/ Yoast SEO plugin. -->","yoast_head_json":{"title":"Pedro Puy avanza que o Pleno da vindeira semana debater\u00e1 a aprobaci\u00f3n definitiva da modificaci\u00f3n da Lei de Sa\u00fade de Galicia - PP de Galicia","robots":{"index":"index","follow":"follow","max-snippet":"max-snippet:-1","max-image-preview":"max-image-preview:large","max-video-preview":"max-video-preview:-1"},"canonical":"https:\/\/ppdegalicia.com\/es\/pedro-puy-avanza-que-o-pleno-da-vindeira-semana-debatera-a-aprobacion-definitiva-da-modificacion-da-lei-de-saude-de-galicia\/","og_locale":"es_ES","og_type":"article","og_title":"Pedro Puy avanza que o Pleno da vindeira semana debater\u00e1 a aprobaci\u00f3n definitiva da modificaci\u00f3n da Lei de Sa\u00fade de Galicia - PP de Galicia","og_description":"Santiago, 12 de marzo de 2018.- O portavoz do Grupo Popular, Pedro Puy, avanzou hoxe que o Pleno da vindeira semana acoller\u00e1 o debate para a s\u00faa aprobaci\u00f3n definitiva da modificaci\u00f3n da Lei de sa\u00fade de Galicia, que blinda a existencia dos hospitais comarcais e achega a atenci\u00f3n sanitaria aos cidad\u00e1ns.","og_url":"https:\/\/ppdegalicia.com\/es\/pedro-puy-avanza-que-o-pleno-da-vindeira-semana-debatera-a-aprobacion-definitiva-da-modificacion-da-lei-de-saude-de-galicia\/","og_site_name":"PP de Galicia","article_publisher":"https:\/\/www.instagram.com\/ppdegalicia\/","article_published_time":"2018-03-12T13:55:31+00:00","author":"Super User","twitter_card":"summary_large_image","twitter_creator":"@ppdegalicia","twitter_site":"@ppdegalicia","twitter_misc":{"Escrito por":"Super User","Tiempo de lectura":"3 minutos"},"schema":{"@context":"https:\/\/schema.org","@graph":[{"@type":"Article","@id":"https:\/\/ppdegalicia.com\/es\/pedro-puy-avanza-que-o-pleno-da-vindeira-semana-debatera-a-aprobacion-definitiva-da-modificacion-da-lei-de-saude-de-galicia\/#article","isPartOf":{"@id":"https:\/\/ppdegalicia.com\/es\/pedro-puy-avanza-que-o-pleno-da-vindeira-semana-debatera-a-aprobacion-definitiva-da-modificacion-da-lei-de-saude-de-galicia\/"},"author":{"name":"Super User","@id":"https:\/\/ppdegalicia.com\/es\/#\/schema\/person\/d0f013b8388c980665d44009ab762960"},"headline":"Pedro Puy avanza que o Pleno da vindeira semana debater\u00e1 a aprobaci\u00f3n definitiva da modificaci\u00f3n da Lei de Sa\u00fade de Galicia","datePublished":"2018-03-12T13:55:31+00:00","mainEntityOfPage":{"@id":"https:\/\/ppdegalicia.com\/es\/pedro-puy-avanza-que-o-pleno-da-vindeira-semana-debatera-a-aprobacion-definitiva-da-modificacion-da-lei-de-saude-de-galicia\/"},"wordCount":665,"commentCount":0,"publisher":{"@id":"https:\/\/ppdegalicia.com\/es\/#organization"},"articleSection":["PP de Galicia"],"inLanguage":"es","potentialAction":[{"@type":"CommentAction","name":"Comment","target":["https:\/\/ppdegalicia.com\/es\/pedro-puy-avanza-que-o-pleno-da-vindeira-semana-debatera-a-aprobacion-definitiva-da-modificacion-da-lei-de-saude-de-galicia\/#respond"]}]},{"@type":"WebPage","@id":"https:\/\/ppdegalicia.com\/es\/pedro-puy-avanza-que-o-pleno-da-vindeira-semana-debatera-a-aprobacion-definitiva-da-modificacion-da-lei-de-saude-de-galicia\/","url":"https:\/\/ppdegalicia.com\/es\/pedro-puy-avanza-que-o-pleno-da-vindeira-semana-debatera-a-aprobacion-definitiva-da-modificacion-da-lei-de-saude-de-galicia\/","name":"Pedro Puy avanza que o Pleno da vindeira semana debater\u00e1 a aprobaci\u00f3n definitiva da modificaci\u00f3n da Lei de Sa\u00fade de Galicia - PP de Galicia","isPartOf":{"@id":"https:\/\/ppdegalicia.com\/es\/#website"},"datePublished":"2018-03-12T13:55:31+00:00","breadcrumb":{"@id":"https:\/\/ppdegalicia.com\/es\/pedro-puy-avanza-que-o-pleno-da-vindeira-semana-debatera-a-aprobacion-definitiva-da-modificacion-da-lei-de-saude-de-galicia\/#breadcrumb"},"inLanguage":"es","potentialAction":[{"@type":"ReadAction","target":["https:\/\/ppdegalicia.com\/es\/pedro-puy-avanza-que-o-pleno-da-vindeira-semana-debatera-a-aprobacion-definitiva-da-modificacion-da-lei-de-saude-de-galicia\/"]}]},{"@type":"BreadcrumbList","@id":"https:\/\/ppdegalicia.com\/es\/pedro-puy-avanza-que-o-pleno-da-vindeira-semana-debatera-a-aprobacion-definitiva-da-modificacion-da-lei-de-saude-de-galicia\/#breadcrumb","itemListElement":[{"@type":"ListItem","position":1,"name":"Portada","item":"https:\/\/ppdegalicia.com\/es\/"},{"@type":"ListItem","position":2,"name":"Pedro Puy avanza que o Pleno da vindeira semana debater\u00e1 a aprobaci\u00f3n definitiva da modificaci\u00f3n da Lei de Sa\u00fade de Galicia"}]},{"@type":"WebSite","@id":"https:\/\/ppdegalicia.com\/es\/#website","url":"https:\/\/ppdegalicia.com\/es\/","name":"Partido Popular de Galicia","description":"Partido Popular de Galicia","publisher":{"@id":"https:\/\/ppdegalicia.com\/es\/#organization"},"alternateName":"PP de Galicia","potentialAction":[{"@type":"SearchAction","target":{"@type":"EntryPoint","urlTemplate":"https:\/\/ppdegalicia.com\/es\/?s={search_term_string}"},"query-input":{"@type":"PropertyValueSpecification","valueRequired":true,"valueName":"search_term_string"}}],"inLanguage":"es"},{"@type":"Organization","@id":"https:\/\/ppdegalicia.com\/es\/#organization","name":"Partido Popular de Galicia","alternateName":"PP de Galicia","url":"https:\/\/ppdegalicia.com\/es\/","logo":{"@type":"ImageObject","inLanguage":"es","@id":"https:\/\/ppdegalicia.com\/es\/#\/schema\/logo\/image\/","url":"https:\/\/ppdegalicia.com\/wp-content\/uploads\/2023\/04\/logoPP512.png","contentUrl":"https:\/\/ppdegalicia.com\/wp-content\/uploads\/2023\/04\/logoPP512.png","width":512,"height":512,"caption":"Partido Popular de Galicia"},"image":{"@id":"https:\/\/ppdegalicia.com\/es\/#\/schema\/logo\/image\/"},"sameAs":["https:\/\/www.instagram.com\/ppdegalicia\/","https:\/\/x.com\/ppdegalicia","https:\/\/www.tiktok.com\/@ppdegalicia","https:\/\/www.youtube.com\/user\/ppdegalicia"]},{"@type":"Person","@id":"https:\/\/ppdegalicia.com\/es\/#\/schema\/person\/d0f013b8388c980665d44009ab762960","name":"Super User","image":{"@type":"ImageObject","inLanguage":"es","@id":"https:\/\/secure.gravatar.com\/avatar\/1db852625ef4948f58d2739bfbc51e4b9bd5c93b8fa340b59fdb594ca0845645?s=96&d=mm&r=g","url":"https:\/\/secure.gravatar.com\/avatar\/1db852625ef4948f58d2739bfbc51e4b9bd5c93b8fa340b59fdb594ca0845645?s=96&d=mm&r=g","contentUrl":"https:\/\/secure.gravatar.com\/avatar\/1db852625ef4948f58d2739bfbc51e4b9bd5c93b8fa340b59fdb594ca0845645?s=96&d=mm&r=g","caption":"Super User"},"url":"https:\/\/ppdegalicia.com\/es\/author\/ppdegaliciagestion\/"}]}},"_links":{"self":[{"href":"https:\/\/ppdegalicia.com\/es\/wp-json\/wp\/v2\/posts\/53247","targetHints":{"allow":["GET"]}}],"collection":[{"href":"https:\/\/ppdegalicia.com\/es\/wp-json\/wp\/v2\/posts"}],"about":[{"href":"https:\/\/ppdegalicia.com\/es\/wp-json\/wp\/v2\/types\/post"}],"author":[{"embeddable":true,"href":"https:\/\/ppdegalicia.com\/es\/wp-json\/wp\/v2\/users\/37"}],"replies":[{"embeddable":true,"href":"https:\/\/ppdegalicia.com\/es\/wp-json\/wp\/v2\/comments?post=53247"}],"version-history":[{"count":0,"href":"https:\/\/ppdegalicia.com\/es\/wp-json\/wp\/v2\/posts\/53247\/revisions"}],"wp:attachment":[{"href":"https:\/\/ppdegalicia.com\/es\/wp-json\/wp\/v2\/media?parent=53247"}],"wp:term":[{"taxonomy":"category","embeddable":true,"href":"https:\/\/ppdegalicia.com\/es\/wp-json\/wp\/v2\/categories?post=53247"},{"taxonomy":"post_tag","embeddable":true,"href":"https:\/\/ppdegalicia.com\/es\/wp-json\/wp\/v2\/tags?post=53247"}],"curies":[{"name":"wp","href":"https:\/\/api.w.org\/{rel}","templated":true}]}}