{"id":53256,"date":"2018-03-19T10:16:53","date_gmt":"2018-03-19T08:16:53","guid":{"rendered":"https:\/\/ppdegalicia.com\/o-parlamento-demanda-a-xunta-un-novo-plan-de-contabilidade-publica-que-cumpra-coas-normas-internacionais-aplicables-ao-sector-publico\/"},"modified":"2018-03-19T10:16:53","modified_gmt":"2018-03-19T08:16:53","slug":"o-parlamento-demanda-a-xunta-un-novo-plan-de-contabilidade-publica-que-cumpra-coas-normas-internacionais-aplicables-ao-sector-publico","status":"publish","type":"post","link":"https:\/\/ppdegalicia.com\/es\/o-parlamento-demanda-a-xunta-un-novo-plan-de-contabilidade-publica-que-cumpra-coas-normas-internacionais-aplicables-ao-sector-publico\/","title":{"rendered":"O Parlamento demanda \u00e1 Xunta un novo Plan de Contabilidade P\u00fablica que cumpra coas normas internacionais aplicables ao sector p\u00fablico"},"content":{"rendered":"<p>Santiago, 16 de marzo de 2018.- O Parlamento de Galicia aprobou hoxe, logo dunha transacci\u00f3n entre o Grupo Popular e o Grupo Socialista, unha proposici\u00f3n non de lei a trav\u00e9s da que se insta \u00e1 Xunta a que actualice o marco normativo en materia econ\u00f3mica, orzamentaria e contable, que incl\u00faa a aprobaci\u00f3n dun novo Plan de Contabilidade P\u00fablica da Comunidade Aut\u00f3noma que cumpra co proceso de harmonizaci\u00f3n contable das normas internacionais aplicables \u00e1 contabilidade do sector p\u00fablico.<\/p>\n<p><!--more--><\/p>\n<p>&nbsp;<\/p>\n<p>A iniciativa tam\u00e9n incl\u00fae que a Xunta avance na implantaci\u00f3n da rendici\u00f3n telem\u00e1tica da Conta Xeral da Comunidade Aut\u00f3noma.<\/p>\n<p>&nbsp;<\/p>\n<p><strong>MELLORA DA TRANSPARENCIA<\/strong><\/p>\n<p>&nbsp;<\/p>\n<p>A deputada do Grupo Popular Cristina Romero explicou que a proposici\u00f3n non de lei aprobada hoxe incide no cumprimento do principio de transparencia da actividade p\u00fablica, polo que solicita unha revisi\u00f3n da memoria da Conta Xeral da Xunta de Galicia, incorporando informaci\u00f3n sobre todos aqueles aspectos previstos&nbsp; na normativa de aprobaci\u00f3n, en especial a situaci\u00f3n financeira global do sector p\u00fablico; a execuci\u00f3n de beneficios fiscais; o volume de endebedamento e grao de cumprimento de obxectivos; e o estado agregado dos compromisos de gastos futuros do sector p\u00fablico auton\u00f3mico.<\/p>\n<p>&nbsp;<\/p>\n<p>Cristina Romero subli\u00f1ou que o Consello de Contas \u201cten verificado no seu informe correspondente a 2015 que a Xunta xestiona os cartos p\u00fablicos dun xeito fiable, veraz e cumprindo coa lexislaci\u00f3n vixente\u201d. \u201cTam\u00e9n verifica que a Contabilidade da Administraci\u00f3n Xeral amosa a fiabilidade e a veracidade respecto da situaci\u00f3n econ\u00f3mica extracontable, ao tempo que a execuci\u00f3n do gasto produciuse cumprindo a normativa que establece a lexislaci\u00f3n vixente\u201d, apuntou.<\/p>\n<p>&nbsp;<\/p>\n<p><strong>CONSOLIDACI\u00d3N DA RECUPERACI\u00d3N ECON\u00d3MICA<\/strong><\/p>\n<p>&nbsp;<\/p>\n<p>\u201cO Consello de Contas destaca que a Xunta segue mellorando a s\u00faa xesti\u00f3n orzamentaria con resultados positivos en eidos como o cumprimento dos obxectivos de estabilidade, a reduci\u00f3n do&nbsp; gasto financeiro e a xesti\u00f3n do endebedamento\u201d, indicou a deputada popular.<\/p>\n<p>&nbsp;<\/p>\n<p>En concreto, e refer\u00edndose ao peche do exercicio de 2017, lembrou que \u201cGalicia consolidou a recuperaci\u00f3n econ\u00f3mica e reforzou a s\u00faa solvencia ao volver a cumprir o obxectivo de d\u00e9ficit e o l\u00edmite de d\u00e9beda p\u00fablica, controlando a regra de gasto, mantendo mellor tempo de pago a provedores que a media espa\u00f1ola, mellorando a recadaci\u00f3n tributaria e medrando con taxas de PIB iguais ou superiores ao 3 por cento\u201d.<\/p>\n","protected":false},"excerpt":{"rendered":"<p>Santiago, 16 de marzo de 2018.- O Parlamento de Galicia aprobou hoxe, logo dunha transacci\u00f3n entre o Grupo Popular e o Grupo Socialista, unha proposici\u00f3n non de lei a trav\u00e9s da que se insta \u00e1 Xunta a que actualice o marco normativo en materia econ\u00f3mica, orzamentaria e contable, que incl\u00faa a aprobaci\u00f3n dun novo Plan [&hellip;]<\/p>\n","protected":false},"author":37,"featured_media":0,"comment_status":"open","ping_status":"open","sticky":false,"template":"","format":"standard","meta":{"_acf_changed":false,"footnotes":""},"categories":[1],"tags":[],"class_list":["post-53256","post","type-post","status-publish","format-standard","hentry","category-pp-de-galicia"],"acf":[],"yoast_head":"<!-- This site is optimized with the Yoast SEO plugin v27.3 - https:\/\/yoast.com\/product\/yoast-seo-wordpress\/ -->\n<title>O Parlamento demanda \u00e1 Xunta un novo Plan de Contabilidade P\u00fablica que cumpra coas normas internacionais aplicables ao sector p\u00fablico - PP de Galicia<\/title>\n<meta name=\"robots\" content=\"index, follow, max-snippet:-1, max-image-preview:large, max-video-preview:-1\" \/>\n<link rel=\"canonical\" href=\"https:\/\/ppdegalicia.com\/es\/o-parlamento-demanda-a-xunta-un-novo-plan-de-contabilidade-publica-que-cumpra-coas-normas-internacionais-aplicables-ao-sector-publico\/\" \/>\n<meta property=\"og:locale\" content=\"es_ES\" \/>\n<meta property=\"og:type\" content=\"article\" \/>\n<meta property=\"og:title\" content=\"O Parlamento demanda \u00e1 Xunta un novo Plan de Contabilidade P\u00fablica que cumpra coas normas internacionais aplicables ao sector p\u00fablico - PP de Galicia\" \/>\n<meta property=\"og:description\" content=\"Santiago, 16 de marzo de 2018.- O Parlamento de Galicia aprobou hoxe, logo dunha transacci\u00f3n entre o Grupo Popular e o Grupo Socialista, unha proposici\u00f3n non de lei a trav\u00e9s da que se insta \u00e1 Xunta a que actualice o marco normativo en materia econ\u00f3mica, orzamentaria e contable, que incl\u00faa a aprobaci\u00f3n dun novo Plan [&hellip;]\" \/>\n<meta property=\"og:url\" content=\"https:\/\/ppdegalicia.com\/es\/o-parlamento-demanda-a-xunta-un-novo-plan-de-contabilidade-publica-que-cumpra-coas-normas-internacionais-aplicables-ao-sector-publico\/\" \/>\n<meta property=\"og:site_name\" content=\"PP de Galicia\" \/>\n<meta property=\"article:publisher\" content=\"https:\/\/www.instagram.com\/ppdegalicia\/\" \/>\n<meta property=\"article:published_time\" content=\"2018-03-19T08:16:53+00:00\" \/>\n<meta name=\"author\" content=\"Super User\" \/>\n<meta name=\"twitter:card\" content=\"summary_large_image\" \/>\n<meta name=\"twitter:creator\" content=\"@ppdegalicia\" \/>\n<meta name=\"twitter:site\" content=\"@ppdegalicia\" \/>\n<meta name=\"twitter:label1\" content=\"Escrito por\" \/>\n\t<meta name=\"twitter:data1\" content=\"Super User\" \/>\n\t<meta name=\"twitter:label2\" content=\"Tiempo de lectura\" \/>\n\t<meta name=\"twitter:data2\" content=\"2 minutos\" \/>\n<script type=\"application\/ld+json\" class=\"yoast-schema-graph\">{\"@context\":\"https:\\\/\\\/schema.org\",\"@graph\":[{\"@type\":\"Article\",\"@id\":\"https:\\\/\\\/ppdegalicia.com\\\/es\\\/o-parlamento-demanda-a-xunta-un-novo-plan-de-contabilidade-publica-que-cumpra-coas-normas-internacionais-aplicables-ao-sector-publico\\\/#article\",\"isPartOf\":{\"@id\":\"https:\\\/\\\/ppdegalicia.com\\\/es\\\/o-parlamento-demanda-a-xunta-un-novo-plan-de-contabilidade-publica-que-cumpra-coas-normas-internacionais-aplicables-ao-sector-publico\\\/\"},\"author\":{\"name\":\"Super User\",\"@id\":\"https:\\\/\\\/ppdegalicia.com\\\/es\\\/#\\\/schema\\\/person\\\/d0f013b8388c980665d44009ab762960\"},\"headline\":\"O Parlamento demanda \u00e1 Xunta un novo Plan de Contabilidade P\u00fablica que cumpra coas normas internacionais aplicables ao sector p\u00fablico\",\"datePublished\":\"2018-03-19T08:16:53+00:00\",\"mainEntityOfPage\":{\"@id\":\"https:\\\/\\\/ppdegalicia.com\\\/es\\\/o-parlamento-demanda-a-xunta-un-novo-plan-de-contabilidade-publica-que-cumpra-coas-normas-internacionais-aplicables-ao-sector-publico\\\/\"},\"wordCount\":444,\"commentCount\":0,\"publisher\":{\"@id\":\"https:\\\/\\\/ppdegalicia.com\\\/es\\\/#organization\"},\"articleSection\":[\"PP de Galicia\"],\"inLanguage\":\"es\",\"potentialAction\":[{\"@type\":\"CommentAction\",\"name\":\"Comment\",\"target\":[\"https:\\\/\\\/ppdegalicia.com\\\/es\\\/o-parlamento-demanda-a-xunta-un-novo-plan-de-contabilidade-publica-que-cumpra-coas-normas-internacionais-aplicables-ao-sector-publico\\\/#respond\"]}]},{\"@type\":\"WebPage\",\"@id\":\"https:\\\/\\\/ppdegalicia.com\\\/es\\\/o-parlamento-demanda-a-xunta-un-novo-plan-de-contabilidade-publica-que-cumpra-coas-normas-internacionais-aplicables-ao-sector-publico\\\/\",\"url\":\"https:\\\/\\\/ppdegalicia.com\\\/es\\\/o-parlamento-demanda-a-xunta-un-novo-plan-de-contabilidade-publica-que-cumpra-coas-normas-internacionais-aplicables-ao-sector-publico\\\/\",\"name\":\"O Parlamento demanda \u00e1 Xunta un novo Plan de Contabilidade P\u00fablica que cumpra coas normas internacionais aplicables ao sector p\u00fablico - PP de Galicia\",\"isPartOf\":{\"@id\":\"https:\\\/\\\/ppdegalicia.com\\\/es\\\/#website\"},\"datePublished\":\"2018-03-19T08:16:53+00:00\",\"breadcrumb\":{\"@id\":\"https:\\\/\\\/ppdegalicia.com\\\/es\\\/o-parlamento-demanda-a-xunta-un-novo-plan-de-contabilidade-publica-que-cumpra-coas-normas-internacionais-aplicables-ao-sector-publico\\\/#breadcrumb\"},\"inLanguage\":\"es\",\"potentialAction\":[{\"@type\":\"ReadAction\",\"target\":[\"https:\\\/\\\/ppdegalicia.com\\\/es\\\/o-parlamento-demanda-a-xunta-un-novo-plan-de-contabilidade-publica-que-cumpra-coas-normas-internacionais-aplicables-ao-sector-publico\\\/\"]}]},{\"@type\":\"BreadcrumbList\",\"@id\":\"https:\\\/\\\/ppdegalicia.com\\\/es\\\/o-parlamento-demanda-a-xunta-un-novo-plan-de-contabilidade-publica-que-cumpra-coas-normas-internacionais-aplicables-ao-sector-publico\\\/#breadcrumb\",\"itemListElement\":[{\"@type\":\"ListItem\",\"position\":1,\"name\":\"Portada\",\"item\":\"https:\\\/\\\/ppdegalicia.com\\\/es\\\/\"},{\"@type\":\"ListItem\",\"position\":2,\"name\":\"O Parlamento demanda \u00e1 Xunta un novo Plan de Contabilidade P\u00fablica que cumpra coas normas internacionais aplicables ao sector p\u00fablico\"}]},{\"@type\":\"WebSite\",\"@id\":\"https:\\\/\\\/ppdegalicia.com\\\/es\\\/#website\",\"url\":\"https:\\\/\\\/ppdegalicia.com\\\/es\\\/\",\"name\":\"Partido Popular de Galicia\",\"description\":\"Partido Popular de Galicia\",\"publisher\":{\"@id\":\"https:\\\/\\\/ppdegalicia.com\\\/es\\\/#organization\"},\"alternateName\":\"PP de Galicia\",\"potentialAction\":[{\"@type\":\"SearchAction\",\"target\":{\"@type\":\"EntryPoint\",\"urlTemplate\":\"https:\\\/\\\/ppdegalicia.com\\\/es\\\/?s={search_term_string}\"},\"query-input\":{\"@type\":\"PropertyValueSpecification\",\"valueRequired\":true,\"valueName\":\"search_term_string\"}}],\"inLanguage\":\"es\"},{\"@type\":\"Organization\",\"@id\":\"https:\\\/\\\/ppdegalicia.com\\\/es\\\/#organization\",\"name\":\"Partido Popular de Galicia\",\"alternateName\":\"PP de Galicia\",\"url\":\"https:\\\/\\\/ppdegalicia.com\\\/es\\\/\",\"logo\":{\"@type\":\"ImageObject\",\"inLanguage\":\"es\",\"@id\":\"https:\\\/\\\/ppdegalicia.com\\\/es\\\/#\\\/schema\\\/logo\\\/image\\\/\",\"url\":\"https:\\\/\\\/ppdegalicia.com\\\/wp-content\\\/uploads\\\/2023\\\/04\\\/logoPP512.png\",\"contentUrl\":\"https:\\\/\\\/ppdegalicia.com\\\/wp-content\\\/uploads\\\/2023\\\/04\\\/logoPP512.png\",\"width\":512,\"height\":512,\"caption\":\"Partido Popular de Galicia\"},\"image\":{\"@id\":\"https:\\\/\\\/ppdegalicia.com\\\/es\\\/#\\\/schema\\\/logo\\\/image\\\/\"},\"sameAs\":[\"https:\\\/\\\/www.instagram.com\\\/ppdegalicia\\\/\",\"https:\\\/\\\/x.com\\\/ppdegalicia\",\"https:\\\/\\\/www.tiktok.com\\\/@ppdegalicia\",\"https:\\\/\\\/www.youtube.com\\\/user\\\/ppdegalicia\"]},{\"@type\":\"Person\",\"@id\":\"https:\\\/\\\/ppdegalicia.com\\\/es\\\/#\\\/schema\\\/person\\\/d0f013b8388c980665d44009ab762960\",\"name\":\"Super User\",\"image\":{\"@type\":\"ImageObject\",\"inLanguage\":\"es\",\"@id\":\"https:\\\/\\\/secure.gravatar.com\\\/avatar\\\/1db852625ef4948f58d2739bfbc51e4b9bd5c93b8fa340b59fdb594ca0845645?s=96&d=mm&r=g\",\"url\":\"https:\\\/\\\/secure.gravatar.com\\\/avatar\\\/1db852625ef4948f58d2739bfbc51e4b9bd5c93b8fa340b59fdb594ca0845645?s=96&d=mm&r=g\",\"contentUrl\":\"https:\\\/\\\/secure.gravatar.com\\\/avatar\\\/1db852625ef4948f58d2739bfbc51e4b9bd5c93b8fa340b59fdb594ca0845645?s=96&d=mm&r=g\",\"caption\":\"Super User\"},\"url\":\"https:\\\/\\\/ppdegalicia.com\\\/es\\\/author\\\/ppdegaliciagestion\\\/\"}]}<\/script>\n<!-- \/ Yoast SEO plugin. -->","yoast_head_json":{"title":"O Parlamento demanda \u00e1 Xunta un novo Plan de Contabilidade P\u00fablica que cumpra coas normas internacionais aplicables ao sector p\u00fablico - PP de Galicia","robots":{"index":"index","follow":"follow","max-snippet":"max-snippet:-1","max-image-preview":"max-image-preview:large","max-video-preview":"max-video-preview:-1"},"canonical":"https:\/\/ppdegalicia.com\/es\/o-parlamento-demanda-a-xunta-un-novo-plan-de-contabilidade-publica-que-cumpra-coas-normas-internacionais-aplicables-ao-sector-publico\/","og_locale":"es_ES","og_type":"article","og_title":"O Parlamento demanda \u00e1 Xunta un novo Plan de Contabilidade P\u00fablica que cumpra coas normas internacionais aplicables ao sector p\u00fablico - PP de Galicia","og_description":"Santiago, 16 de marzo de 2018.- O Parlamento de Galicia aprobou hoxe, logo dunha transacci\u00f3n entre o Grupo Popular e o Grupo Socialista, unha proposici\u00f3n non de lei a trav\u00e9s da que se insta \u00e1 Xunta a que actualice o marco normativo en materia econ\u00f3mica, orzamentaria e contable, que incl\u00faa a aprobaci\u00f3n dun novo Plan [&hellip;]","og_url":"https:\/\/ppdegalicia.com\/es\/o-parlamento-demanda-a-xunta-un-novo-plan-de-contabilidade-publica-que-cumpra-coas-normas-internacionais-aplicables-ao-sector-publico\/","og_site_name":"PP de Galicia","article_publisher":"https:\/\/www.instagram.com\/ppdegalicia\/","article_published_time":"2018-03-19T08:16:53+00:00","author":"Super User","twitter_card":"summary_large_image","twitter_creator":"@ppdegalicia","twitter_site":"@ppdegalicia","twitter_misc":{"Escrito por":"Super User","Tiempo de lectura":"2 minutos"},"schema":{"@context":"https:\/\/schema.org","@graph":[{"@type":"Article","@id":"https:\/\/ppdegalicia.com\/es\/o-parlamento-demanda-a-xunta-un-novo-plan-de-contabilidade-publica-que-cumpra-coas-normas-internacionais-aplicables-ao-sector-publico\/#article","isPartOf":{"@id":"https:\/\/ppdegalicia.com\/es\/o-parlamento-demanda-a-xunta-un-novo-plan-de-contabilidade-publica-que-cumpra-coas-normas-internacionais-aplicables-ao-sector-publico\/"},"author":{"name":"Super User","@id":"https:\/\/ppdegalicia.com\/es\/#\/schema\/person\/d0f013b8388c980665d44009ab762960"},"headline":"O Parlamento demanda \u00e1 Xunta un novo Plan de Contabilidade P\u00fablica que cumpra coas normas internacionais aplicables ao sector p\u00fablico","datePublished":"2018-03-19T08:16:53+00:00","mainEntityOfPage":{"@id":"https:\/\/ppdegalicia.com\/es\/o-parlamento-demanda-a-xunta-un-novo-plan-de-contabilidade-publica-que-cumpra-coas-normas-internacionais-aplicables-ao-sector-publico\/"},"wordCount":444,"commentCount":0,"publisher":{"@id":"https:\/\/ppdegalicia.com\/es\/#organization"},"articleSection":["PP de Galicia"],"inLanguage":"es","potentialAction":[{"@type":"CommentAction","name":"Comment","target":["https:\/\/ppdegalicia.com\/es\/o-parlamento-demanda-a-xunta-un-novo-plan-de-contabilidade-publica-que-cumpra-coas-normas-internacionais-aplicables-ao-sector-publico\/#respond"]}]},{"@type":"WebPage","@id":"https:\/\/ppdegalicia.com\/es\/o-parlamento-demanda-a-xunta-un-novo-plan-de-contabilidade-publica-que-cumpra-coas-normas-internacionais-aplicables-ao-sector-publico\/","url":"https:\/\/ppdegalicia.com\/es\/o-parlamento-demanda-a-xunta-un-novo-plan-de-contabilidade-publica-que-cumpra-coas-normas-internacionais-aplicables-ao-sector-publico\/","name":"O Parlamento demanda \u00e1 Xunta un novo Plan de Contabilidade P\u00fablica que cumpra coas normas internacionais aplicables ao sector p\u00fablico - PP de Galicia","isPartOf":{"@id":"https:\/\/ppdegalicia.com\/es\/#website"},"datePublished":"2018-03-19T08:16:53+00:00","breadcrumb":{"@id":"https:\/\/ppdegalicia.com\/es\/o-parlamento-demanda-a-xunta-un-novo-plan-de-contabilidade-publica-que-cumpra-coas-normas-internacionais-aplicables-ao-sector-publico\/#breadcrumb"},"inLanguage":"es","potentialAction":[{"@type":"ReadAction","target":["https:\/\/ppdegalicia.com\/es\/o-parlamento-demanda-a-xunta-un-novo-plan-de-contabilidade-publica-que-cumpra-coas-normas-internacionais-aplicables-ao-sector-publico\/"]}]},{"@type":"BreadcrumbList","@id":"https:\/\/ppdegalicia.com\/es\/o-parlamento-demanda-a-xunta-un-novo-plan-de-contabilidade-publica-que-cumpra-coas-normas-internacionais-aplicables-ao-sector-publico\/#breadcrumb","itemListElement":[{"@type":"ListItem","position":1,"name":"Portada","item":"https:\/\/ppdegalicia.com\/es\/"},{"@type":"ListItem","position":2,"name":"O Parlamento demanda \u00e1 Xunta un novo Plan de Contabilidade P\u00fablica que cumpra coas normas internacionais aplicables ao sector p\u00fablico"}]},{"@type":"WebSite","@id":"https:\/\/ppdegalicia.com\/es\/#website","url":"https:\/\/ppdegalicia.com\/es\/","name":"Partido Popular de Galicia","description":"Partido Popular de Galicia","publisher":{"@id":"https:\/\/ppdegalicia.com\/es\/#organization"},"alternateName":"PP de Galicia","potentialAction":[{"@type":"SearchAction","target":{"@type":"EntryPoint","urlTemplate":"https:\/\/ppdegalicia.com\/es\/?s={search_term_string}"},"query-input":{"@type":"PropertyValueSpecification","valueRequired":true,"valueName":"search_term_string"}}],"inLanguage":"es"},{"@type":"Organization","@id":"https:\/\/ppdegalicia.com\/es\/#organization","name":"Partido Popular de Galicia","alternateName":"PP de Galicia","url":"https:\/\/ppdegalicia.com\/es\/","logo":{"@type":"ImageObject","inLanguage":"es","@id":"https:\/\/ppdegalicia.com\/es\/#\/schema\/logo\/image\/","url":"https:\/\/ppdegalicia.com\/wp-content\/uploads\/2023\/04\/logoPP512.png","contentUrl":"https:\/\/ppdegalicia.com\/wp-content\/uploads\/2023\/04\/logoPP512.png","width":512,"height":512,"caption":"Partido Popular de Galicia"},"image":{"@id":"https:\/\/ppdegalicia.com\/es\/#\/schema\/logo\/image\/"},"sameAs":["https:\/\/www.instagram.com\/ppdegalicia\/","https:\/\/x.com\/ppdegalicia","https:\/\/www.tiktok.com\/@ppdegalicia","https:\/\/www.youtube.com\/user\/ppdegalicia"]},{"@type":"Person","@id":"https:\/\/ppdegalicia.com\/es\/#\/schema\/person\/d0f013b8388c980665d44009ab762960","name":"Super User","image":{"@type":"ImageObject","inLanguage":"es","@id":"https:\/\/secure.gravatar.com\/avatar\/1db852625ef4948f58d2739bfbc51e4b9bd5c93b8fa340b59fdb594ca0845645?s=96&d=mm&r=g","url":"https:\/\/secure.gravatar.com\/avatar\/1db852625ef4948f58d2739bfbc51e4b9bd5c93b8fa340b59fdb594ca0845645?s=96&d=mm&r=g","contentUrl":"https:\/\/secure.gravatar.com\/avatar\/1db852625ef4948f58d2739bfbc51e4b9bd5c93b8fa340b59fdb594ca0845645?s=96&d=mm&r=g","caption":"Super User"},"url":"https:\/\/ppdegalicia.com\/es\/author\/ppdegaliciagestion\/"}]}},"_links":{"self":[{"href":"https:\/\/ppdegalicia.com\/es\/wp-json\/wp\/v2\/posts\/53256","targetHints":{"allow":["GET"]}}],"collection":[{"href":"https:\/\/ppdegalicia.com\/es\/wp-json\/wp\/v2\/posts"}],"about":[{"href":"https:\/\/ppdegalicia.com\/es\/wp-json\/wp\/v2\/types\/post"}],"author":[{"embeddable":true,"href":"https:\/\/ppdegalicia.com\/es\/wp-json\/wp\/v2\/users\/37"}],"replies":[{"embeddable":true,"href":"https:\/\/ppdegalicia.com\/es\/wp-json\/wp\/v2\/comments?post=53256"}],"version-history":[{"count":0,"href":"https:\/\/ppdegalicia.com\/es\/wp-json\/wp\/v2\/posts\/53256\/revisions"}],"wp:attachment":[{"href":"https:\/\/ppdegalicia.com\/es\/wp-json\/wp\/v2\/media?parent=53256"}],"wp:term":[{"taxonomy":"category","embeddable":true,"href":"https:\/\/ppdegalicia.com\/es\/wp-json\/wp\/v2\/categories?post=53256"},{"taxonomy":"post_tag","embeddable":true,"href":"https:\/\/ppdegalicia.com\/es\/wp-json\/wp\/v2\/tags?post=53256"}],"curies":[{"name":"wp","href":"https:\/\/api.w.org\/{rel}","templated":true}]}}