{"id":53265,"date":"2018-03-22T09:54:04","date_gmt":"2018-03-22T07:54:04","guid":{"rendered":"https:\/\/ppdegalicia.com\/o-parlamento-galego-solicita-aos-grupos-das-cortes-xerais-que-faciliten-a-tramitacion-e-aprobacion-dos-orzamentos-do-estado-para-2018\/"},"modified":"2018-03-22T09:54:04","modified_gmt":"2018-03-22T07:54:04","slug":"o-parlamento-galego-solicita-aos-grupos-das-cortes-xerais-que-faciliten-a-tramitacion-e-aprobacion-dos-orzamentos-do-estado-para-2018","status":"publish","type":"post","link":"https:\/\/ppdegalicia.com\/es\/o-parlamento-galego-solicita-aos-grupos-das-cortes-xerais-que-faciliten-a-tramitacion-e-aprobacion-dos-orzamentos-do-estado-para-2018\/","title":{"rendered":"O Parlamento galego solicita aos grupos das Cortes Xerais que faciliten a tramitaci\u00f3n e aprobaci\u00f3n dos orzamentos do Estado para 2018"},"content":{"rendered":"<p>Santiago, 21 de marzo de 2018.- O Parlamento galego aprobou hoxe a proposici\u00f3n non de lei do Grupo Popular a trav\u00e9s da que se solicita aos grupos parlamentarios nas Cortes Xerais para que contrib\u00faan a facilitar a tramitaci\u00f3n, o debate e a aprobaci\u00f3n en prazo dos orzamentos xerais do Estado para 2018. O portavoz popular, Pedro Puy, afirmou que \u201cser\u00eda positivo que se aprobaran as contas xerais para a estabilidade pol\u00edtica, beneficiar\u00eda a Galicia e por raz\u00f3ns democr\u00e1ticas\u201d.<\/p>\n<p><!--more--><\/p>\n<p>&nbsp;<\/p>\n<p>Pedro Puy demandou \u201cresponsabilidade\u201d aos grupos do Congreso e avogou pola \u201ccapacidade da negociaci\u00f3n pol\u00edtica\u201d. \u201cA oposici\u00f3n pode negocialo, pactalo e sacar adiante algunha das pol\u00edticas que prop\u00f3n, pero non pode bloquear o orzamento porque ao final quen paga as consecuencias son os cidad\u00e1ns, que xa te\u00f1en padecido moito nos \u00faltimos anos coa crise econ\u00f3mica\u201d, indicou.<\/p>\n<p>&nbsp;<\/p>\n<p>Na s\u00faa intervenci\u00f3n, o portavoz popular explicou que a aprobaci\u00f3n dos orzamentos \u201cser\u00eda bo para a estabilidade pol\u00edtica, porque se hai algo que impregna todo procedemento orzamentario \u00e9 a regularidade\u201d. \u201cAprobar os orzamentos da un sinal aos investidores, tanto nacionais como estranxeiros, de estabilidade e de seguridade; unha imaxe que mellora a reputaci\u00f3n de Espa\u00f1a a nivel internacional; e \u00e9 un instrumento que reforza o crecemento do PIB e a creaci\u00f3n de emprego\u201d, apuntou.<\/p>\n<p>&nbsp;<\/p>\n<p>Por\u00e9n, lamentou que no Congreso dos Deputados \u201cse dea unha situaci\u00f3n diab\u00f3lica, cunha maior\u00eda en contra dos orzamentos pero non a favor duns orzamentos alternativos aos presentados polo Goberno\u201d.<\/p>\n<p>&nbsp;<\/p>\n<p>Puy concretou, en base a anuncios xa realizados polo Goberno central, que os orzamentos para 2018 incorporan unha suba dos soldos dos empregados p\u00fablicos do entorno do 8 por cento en tres anos; unha rebaixa do IRPF \u00e1s rendas m\u00e1is baixas; a suba do m\u00ednimo exento para a presentaci\u00f3n da declaraci\u00f3n da renda; bonificaci\u00f3ns \u00e1s escolas infant\u00eds; unha semana m\u00e1is no permiso de paternidade; axudas \u00e1s mulleres aut\u00f3nomas que afrontan a maternidade; a cobertura dos accidentes in-itinere dos aut\u00f3nomos; e a baixada do IVE cultural.<\/p>\n<p>&nbsp;<\/p>\n<p>En segundo lugar, Pedro Puy afirmou que os orzamentos ser\u00edan \u201cbeneficiosos para Galicia, nun momento no que a econom\u00eda galega est\u00e1 medrando ben e creando emprego, a confianza dos consumidores se incrementou considerablemente no \u00faltimo ano e moit\u00edsimo desde 2012, \u00e9 a comunidade aut\u00f3noma na que m\u00e1is baixa o paro; ao tempo que se incrementan os afiliados \u00e1 seguridade social\u201d.<\/p>\n<p>&nbsp;<\/p>\n<p>As\u00ed mesmo, dixo que \u201cGalicia tam\u00e9n se xoga moito polas entregas \u00e1 conta, estando en suspenso 321 mill\u00f3ns de euros mentres non se aproben os orzamentos; ou pola suba das pensi\u00f3ns m\u00ednimas e de viuvez, a metade das pensi\u00f3ns que se cobran en Galicia, entre outras cuesti\u00f3ns relacionadas coas infraestruturas ou a creaci\u00f3n de emprego\u201d.<\/p>\n<p>&nbsp;<\/p>\n<p>Para rematar, Puy indicou que \u201ca aprobaci\u00f3n anual dos orzamentos est\u00e1 fundamentada en raz\u00f3ns democr\u00e1ticas s\u00f3lidas para evitar desviaci\u00f3ns e reforzar ao lexislativo fronte ao executivo\u201d. \u201cEstamos a falar de incrementar a transparencia e a capacidade de control do Goberno, nun exercicio econ\u00f3mico pechado que permite a rendici\u00f3n de contas perante a cidadan\u00eda\u201d, engadiu.<\/p>\n","protected":false},"excerpt":{"rendered":"<p>Santiago, 21 de marzo de 2018.- O Parlamento galego aprobou hoxe a proposici\u00f3n non de lei do Grupo Popular a trav\u00e9s da que se solicita aos grupos parlamentarios nas Cortes Xerais para que contrib\u00faan a facilitar a tramitaci\u00f3n, o debate e a aprobaci\u00f3n en prazo dos orzamentos xerais do Estado para 2018. O portavoz popular, [&hellip;]<\/p>\n","protected":false},"author":37,"featured_media":0,"comment_status":"open","ping_status":"open","sticky":false,"template":"","format":"standard","meta":{"_acf_changed":false,"footnotes":""},"categories":[1],"tags":[],"class_list":["post-53265","post","type-post","status-publish","format-standard","hentry","category-pp-de-galicia"],"acf":[],"yoast_head":"<!-- This site is optimized with the Yoast SEO plugin v27.3 - https:\/\/yoast.com\/product\/yoast-seo-wordpress\/ -->\n<title>O Parlamento galego solicita aos grupos das Cortes Xerais que faciliten a tramitaci\u00f3n e aprobaci\u00f3n dos orzamentos do Estado para 2018 - PP de Galicia<\/title>\n<meta name=\"robots\" content=\"index, follow, max-snippet:-1, max-image-preview:large, max-video-preview:-1\" \/>\n<link rel=\"canonical\" href=\"https:\/\/ppdegalicia.com\/es\/o-parlamento-galego-solicita-aos-grupos-das-cortes-xerais-que-faciliten-a-tramitacion-e-aprobacion-dos-orzamentos-do-estado-para-2018\/\" \/>\n<meta property=\"og:locale\" content=\"es_ES\" \/>\n<meta property=\"og:type\" content=\"article\" \/>\n<meta property=\"og:title\" content=\"O Parlamento galego solicita aos grupos das Cortes Xerais que faciliten a tramitaci\u00f3n e aprobaci\u00f3n dos orzamentos do Estado para 2018 - PP de Galicia\" \/>\n<meta property=\"og:description\" content=\"Santiago, 21 de marzo de 2018.- O Parlamento galego aprobou hoxe a proposici\u00f3n non de lei do Grupo Popular a trav\u00e9s da que se solicita aos grupos parlamentarios nas Cortes Xerais para que contrib\u00faan a facilitar a tramitaci\u00f3n, o debate e a aprobaci\u00f3n en prazo dos orzamentos xerais do Estado para 2018. O portavoz popular, [&hellip;]\" \/>\n<meta property=\"og:url\" content=\"https:\/\/ppdegalicia.com\/es\/o-parlamento-galego-solicita-aos-grupos-das-cortes-xerais-que-faciliten-a-tramitacion-e-aprobacion-dos-orzamentos-do-estado-para-2018\/\" \/>\n<meta property=\"og:site_name\" content=\"PP de Galicia\" \/>\n<meta property=\"article:publisher\" content=\"https:\/\/www.instagram.com\/ppdegalicia\/\" \/>\n<meta property=\"article:published_time\" content=\"2018-03-22T07:54:04+00:00\" \/>\n<meta name=\"author\" content=\"Super User\" \/>\n<meta name=\"twitter:card\" content=\"summary_large_image\" \/>\n<meta name=\"twitter:creator\" content=\"@ppdegalicia\" \/>\n<meta name=\"twitter:site\" content=\"@ppdegalicia\" \/>\n<meta name=\"twitter:label1\" content=\"Escrito por\" \/>\n\t<meta name=\"twitter:data1\" content=\"Super User\" \/>\n\t<meta name=\"twitter:label2\" content=\"Tiempo de lectura\" \/>\n\t<meta name=\"twitter:data2\" content=\"3 minutos\" \/>\n<script type=\"application\/ld+json\" class=\"yoast-schema-graph\">{\"@context\":\"https:\\\/\\\/schema.org\",\"@graph\":[{\"@type\":\"Article\",\"@id\":\"https:\\\/\\\/ppdegalicia.com\\\/es\\\/o-parlamento-galego-solicita-aos-grupos-das-cortes-xerais-que-faciliten-a-tramitacion-e-aprobacion-dos-orzamentos-do-estado-para-2018\\\/#article\",\"isPartOf\":{\"@id\":\"https:\\\/\\\/ppdegalicia.com\\\/es\\\/o-parlamento-galego-solicita-aos-grupos-das-cortes-xerais-que-faciliten-a-tramitacion-e-aprobacion-dos-orzamentos-do-estado-para-2018\\\/\"},\"author\":{\"name\":\"Super User\",\"@id\":\"https:\\\/\\\/ppdegalicia.com\\\/es\\\/#\\\/schema\\\/person\\\/d0f013b8388c980665d44009ab762960\"},\"headline\":\"O Parlamento galego solicita aos grupos das Cortes Xerais que faciliten a tramitaci\u00f3n e aprobaci\u00f3n dos orzamentos do Estado para 2018\",\"datePublished\":\"2018-03-22T07:54:04+00:00\",\"mainEntityOfPage\":{\"@id\":\"https:\\\/\\\/ppdegalicia.com\\\/es\\\/o-parlamento-galego-solicita-aos-grupos-das-cortes-xerais-que-faciliten-a-tramitacion-e-aprobacion-dos-orzamentos-do-estado-para-2018\\\/\"},\"wordCount\":569,\"commentCount\":0,\"publisher\":{\"@id\":\"https:\\\/\\\/ppdegalicia.com\\\/es\\\/#organization\"},\"articleSection\":[\"PP de Galicia\"],\"inLanguage\":\"es\",\"potentialAction\":[{\"@type\":\"CommentAction\",\"name\":\"Comment\",\"target\":[\"https:\\\/\\\/ppdegalicia.com\\\/es\\\/o-parlamento-galego-solicita-aos-grupos-das-cortes-xerais-que-faciliten-a-tramitacion-e-aprobacion-dos-orzamentos-do-estado-para-2018\\\/#respond\"]}]},{\"@type\":\"WebPage\",\"@id\":\"https:\\\/\\\/ppdegalicia.com\\\/es\\\/o-parlamento-galego-solicita-aos-grupos-das-cortes-xerais-que-faciliten-a-tramitacion-e-aprobacion-dos-orzamentos-do-estado-para-2018\\\/\",\"url\":\"https:\\\/\\\/ppdegalicia.com\\\/es\\\/o-parlamento-galego-solicita-aos-grupos-das-cortes-xerais-que-faciliten-a-tramitacion-e-aprobacion-dos-orzamentos-do-estado-para-2018\\\/\",\"name\":\"O Parlamento galego solicita aos grupos das Cortes Xerais que faciliten a tramitaci\u00f3n e aprobaci\u00f3n dos orzamentos do Estado para 2018 - PP de Galicia\",\"isPartOf\":{\"@id\":\"https:\\\/\\\/ppdegalicia.com\\\/es\\\/#website\"},\"datePublished\":\"2018-03-22T07:54:04+00:00\",\"breadcrumb\":{\"@id\":\"https:\\\/\\\/ppdegalicia.com\\\/es\\\/o-parlamento-galego-solicita-aos-grupos-das-cortes-xerais-que-faciliten-a-tramitacion-e-aprobacion-dos-orzamentos-do-estado-para-2018\\\/#breadcrumb\"},\"inLanguage\":\"es\",\"potentialAction\":[{\"@type\":\"ReadAction\",\"target\":[\"https:\\\/\\\/ppdegalicia.com\\\/es\\\/o-parlamento-galego-solicita-aos-grupos-das-cortes-xerais-que-faciliten-a-tramitacion-e-aprobacion-dos-orzamentos-do-estado-para-2018\\\/\"]}]},{\"@type\":\"BreadcrumbList\",\"@id\":\"https:\\\/\\\/ppdegalicia.com\\\/es\\\/o-parlamento-galego-solicita-aos-grupos-das-cortes-xerais-que-faciliten-a-tramitacion-e-aprobacion-dos-orzamentos-do-estado-para-2018\\\/#breadcrumb\",\"itemListElement\":[{\"@type\":\"ListItem\",\"position\":1,\"name\":\"Portada\",\"item\":\"https:\\\/\\\/ppdegalicia.com\\\/es\\\/\"},{\"@type\":\"ListItem\",\"position\":2,\"name\":\"O Parlamento galego solicita aos grupos das Cortes Xerais que faciliten a tramitaci\u00f3n e aprobaci\u00f3n dos orzamentos do Estado para 2018\"}]},{\"@type\":\"WebSite\",\"@id\":\"https:\\\/\\\/ppdegalicia.com\\\/es\\\/#website\",\"url\":\"https:\\\/\\\/ppdegalicia.com\\\/es\\\/\",\"name\":\"Partido Popular de Galicia\",\"description\":\"Partido Popular de Galicia\",\"publisher\":{\"@id\":\"https:\\\/\\\/ppdegalicia.com\\\/es\\\/#organization\"},\"alternateName\":\"PP de Galicia\",\"potentialAction\":[{\"@type\":\"SearchAction\",\"target\":{\"@type\":\"EntryPoint\",\"urlTemplate\":\"https:\\\/\\\/ppdegalicia.com\\\/es\\\/?s={search_term_string}\"},\"query-input\":{\"@type\":\"PropertyValueSpecification\",\"valueRequired\":true,\"valueName\":\"search_term_string\"}}],\"inLanguage\":\"es\"},{\"@type\":\"Organization\",\"@id\":\"https:\\\/\\\/ppdegalicia.com\\\/es\\\/#organization\",\"name\":\"Partido Popular de Galicia\",\"alternateName\":\"PP de Galicia\",\"url\":\"https:\\\/\\\/ppdegalicia.com\\\/es\\\/\",\"logo\":{\"@type\":\"ImageObject\",\"inLanguage\":\"es\",\"@id\":\"https:\\\/\\\/ppdegalicia.com\\\/es\\\/#\\\/schema\\\/logo\\\/image\\\/\",\"url\":\"https:\\\/\\\/ppdegalicia.com\\\/wp-content\\\/uploads\\\/2023\\\/04\\\/logoPP512.png\",\"contentUrl\":\"https:\\\/\\\/ppdegalicia.com\\\/wp-content\\\/uploads\\\/2023\\\/04\\\/logoPP512.png\",\"width\":512,\"height\":512,\"caption\":\"Partido Popular de Galicia\"},\"image\":{\"@id\":\"https:\\\/\\\/ppdegalicia.com\\\/es\\\/#\\\/schema\\\/logo\\\/image\\\/\"},\"sameAs\":[\"https:\\\/\\\/www.instagram.com\\\/ppdegalicia\\\/\",\"https:\\\/\\\/x.com\\\/ppdegalicia\",\"https:\\\/\\\/www.tiktok.com\\\/@ppdegalicia\",\"https:\\\/\\\/www.youtube.com\\\/user\\\/ppdegalicia\"]},{\"@type\":\"Person\",\"@id\":\"https:\\\/\\\/ppdegalicia.com\\\/es\\\/#\\\/schema\\\/person\\\/d0f013b8388c980665d44009ab762960\",\"name\":\"Super User\",\"image\":{\"@type\":\"ImageObject\",\"inLanguage\":\"es\",\"@id\":\"https:\\\/\\\/secure.gravatar.com\\\/avatar\\\/1db852625ef4948f58d2739bfbc51e4b9bd5c93b8fa340b59fdb594ca0845645?s=96&d=mm&r=g\",\"url\":\"https:\\\/\\\/secure.gravatar.com\\\/avatar\\\/1db852625ef4948f58d2739bfbc51e4b9bd5c93b8fa340b59fdb594ca0845645?s=96&d=mm&r=g\",\"contentUrl\":\"https:\\\/\\\/secure.gravatar.com\\\/avatar\\\/1db852625ef4948f58d2739bfbc51e4b9bd5c93b8fa340b59fdb594ca0845645?s=96&d=mm&r=g\",\"caption\":\"Super User\"},\"url\":\"https:\\\/\\\/ppdegalicia.com\\\/es\\\/author\\\/ppdegaliciagestion\\\/\"}]}<\/script>\n<!-- \/ Yoast SEO plugin. -->","yoast_head_json":{"title":"O Parlamento galego solicita aos grupos das Cortes Xerais que faciliten a tramitaci\u00f3n e aprobaci\u00f3n dos orzamentos do Estado para 2018 - PP de Galicia","robots":{"index":"index","follow":"follow","max-snippet":"max-snippet:-1","max-image-preview":"max-image-preview:large","max-video-preview":"max-video-preview:-1"},"canonical":"https:\/\/ppdegalicia.com\/es\/o-parlamento-galego-solicita-aos-grupos-das-cortes-xerais-que-faciliten-a-tramitacion-e-aprobacion-dos-orzamentos-do-estado-para-2018\/","og_locale":"es_ES","og_type":"article","og_title":"O Parlamento galego solicita aos grupos das Cortes Xerais que faciliten a tramitaci\u00f3n e aprobaci\u00f3n dos orzamentos do Estado para 2018 - PP de Galicia","og_description":"Santiago, 21 de marzo de 2018.- O Parlamento galego aprobou hoxe a proposici\u00f3n non de lei do Grupo Popular a trav\u00e9s da que se solicita aos grupos parlamentarios nas Cortes Xerais para que contrib\u00faan a facilitar a tramitaci\u00f3n, o debate e a aprobaci\u00f3n en prazo dos orzamentos xerais do Estado para 2018. O portavoz popular, [&hellip;]","og_url":"https:\/\/ppdegalicia.com\/es\/o-parlamento-galego-solicita-aos-grupos-das-cortes-xerais-que-faciliten-a-tramitacion-e-aprobacion-dos-orzamentos-do-estado-para-2018\/","og_site_name":"PP de Galicia","article_publisher":"https:\/\/www.instagram.com\/ppdegalicia\/","article_published_time":"2018-03-22T07:54:04+00:00","author":"Super User","twitter_card":"summary_large_image","twitter_creator":"@ppdegalicia","twitter_site":"@ppdegalicia","twitter_misc":{"Escrito por":"Super User","Tiempo de lectura":"3 minutos"},"schema":{"@context":"https:\/\/schema.org","@graph":[{"@type":"Article","@id":"https:\/\/ppdegalicia.com\/es\/o-parlamento-galego-solicita-aos-grupos-das-cortes-xerais-que-faciliten-a-tramitacion-e-aprobacion-dos-orzamentos-do-estado-para-2018\/#article","isPartOf":{"@id":"https:\/\/ppdegalicia.com\/es\/o-parlamento-galego-solicita-aos-grupos-das-cortes-xerais-que-faciliten-a-tramitacion-e-aprobacion-dos-orzamentos-do-estado-para-2018\/"},"author":{"name":"Super User","@id":"https:\/\/ppdegalicia.com\/es\/#\/schema\/person\/d0f013b8388c980665d44009ab762960"},"headline":"O Parlamento galego solicita aos grupos das Cortes Xerais que faciliten a tramitaci\u00f3n e aprobaci\u00f3n dos orzamentos do Estado para 2018","datePublished":"2018-03-22T07:54:04+00:00","mainEntityOfPage":{"@id":"https:\/\/ppdegalicia.com\/es\/o-parlamento-galego-solicita-aos-grupos-das-cortes-xerais-que-faciliten-a-tramitacion-e-aprobacion-dos-orzamentos-do-estado-para-2018\/"},"wordCount":569,"commentCount":0,"publisher":{"@id":"https:\/\/ppdegalicia.com\/es\/#organization"},"articleSection":["PP de Galicia"],"inLanguage":"es","potentialAction":[{"@type":"CommentAction","name":"Comment","target":["https:\/\/ppdegalicia.com\/es\/o-parlamento-galego-solicita-aos-grupos-das-cortes-xerais-que-faciliten-a-tramitacion-e-aprobacion-dos-orzamentos-do-estado-para-2018\/#respond"]}]},{"@type":"WebPage","@id":"https:\/\/ppdegalicia.com\/es\/o-parlamento-galego-solicita-aos-grupos-das-cortes-xerais-que-faciliten-a-tramitacion-e-aprobacion-dos-orzamentos-do-estado-para-2018\/","url":"https:\/\/ppdegalicia.com\/es\/o-parlamento-galego-solicita-aos-grupos-das-cortes-xerais-que-faciliten-a-tramitacion-e-aprobacion-dos-orzamentos-do-estado-para-2018\/","name":"O Parlamento galego solicita aos grupos das Cortes Xerais que faciliten a tramitaci\u00f3n e aprobaci\u00f3n dos orzamentos do Estado para 2018 - PP de Galicia","isPartOf":{"@id":"https:\/\/ppdegalicia.com\/es\/#website"},"datePublished":"2018-03-22T07:54:04+00:00","breadcrumb":{"@id":"https:\/\/ppdegalicia.com\/es\/o-parlamento-galego-solicita-aos-grupos-das-cortes-xerais-que-faciliten-a-tramitacion-e-aprobacion-dos-orzamentos-do-estado-para-2018\/#breadcrumb"},"inLanguage":"es","potentialAction":[{"@type":"ReadAction","target":["https:\/\/ppdegalicia.com\/es\/o-parlamento-galego-solicita-aos-grupos-das-cortes-xerais-que-faciliten-a-tramitacion-e-aprobacion-dos-orzamentos-do-estado-para-2018\/"]}]},{"@type":"BreadcrumbList","@id":"https:\/\/ppdegalicia.com\/es\/o-parlamento-galego-solicita-aos-grupos-das-cortes-xerais-que-faciliten-a-tramitacion-e-aprobacion-dos-orzamentos-do-estado-para-2018\/#breadcrumb","itemListElement":[{"@type":"ListItem","position":1,"name":"Portada","item":"https:\/\/ppdegalicia.com\/es\/"},{"@type":"ListItem","position":2,"name":"O Parlamento galego solicita aos grupos das Cortes Xerais que faciliten a tramitaci\u00f3n e aprobaci\u00f3n dos orzamentos do Estado para 2018"}]},{"@type":"WebSite","@id":"https:\/\/ppdegalicia.com\/es\/#website","url":"https:\/\/ppdegalicia.com\/es\/","name":"Partido Popular de Galicia","description":"Partido Popular de Galicia","publisher":{"@id":"https:\/\/ppdegalicia.com\/es\/#organization"},"alternateName":"PP de Galicia","potentialAction":[{"@type":"SearchAction","target":{"@type":"EntryPoint","urlTemplate":"https:\/\/ppdegalicia.com\/es\/?s={search_term_string}"},"query-input":{"@type":"PropertyValueSpecification","valueRequired":true,"valueName":"search_term_string"}}],"inLanguage":"es"},{"@type":"Organization","@id":"https:\/\/ppdegalicia.com\/es\/#organization","name":"Partido Popular de Galicia","alternateName":"PP de Galicia","url":"https:\/\/ppdegalicia.com\/es\/","logo":{"@type":"ImageObject","inLanguage":"es","@id":"https:\/\/ppdegalicia.com\/es\/#\/schema\/logo\/image\/","url":"https:\/\/ppdegalicia.com\/wp-content\/uploads\/2023\/04\/logoPP512.png","contentUrl":"https:\/\/ppdegalicia.com\/wp-content\/uploads\/2023\/04\/logoPP512.png","width":512,"height":512,"caption":"Partido Popular de Galicia"},"image":{"@id":"https:\/\/ppdegalicia.com\/es\/#\/schema\/logo\/image\/"},"sameAs":["https:\/\/www.instagram.com\/ppdegalicia\/","https:\/\/x.com\/ppdegalicia","https:\/\/www.tiktok.com\/@ppdegalicia","https:\/\/www.youtube.com\/user\/ppdegalicia"]},{"@type":"Person","@id":"https:\/\/ppdegalicia.com\/es\/#\/schema\/person\/d0f013b8388c980665d44009ab762960","name":"Super User","image":{"@type":"ImageObject","inLanguage":"es","@id":"https:\/\/secure.gravatar.com\/avatar\/1db852625ef4948f58d2739bfbc51e4b9bd5c93b8fa340b59fdb594ca0845645?s=96&d=mm&r=g","url":"https:\/\/secure.gravatar.com\/avatar\/1db852625ef4948f58d2739bfbc51e4b9bd5c93b8fa340b59fdb594ca0845645?s=96&d=mm&r=g","contentUrl":"https:\/\/secure.gravatar.com\/avatar\/1db852625ef4948f58d2739bfbc51e4b9bd5c93b8fa340b59fdb594ca0845645?s=96&d=mm&r=g","caption":"Super User"},"url":"https:\/\/ppdegalicia.com\/es\/author\/ppdegaliciagestion\/"}]}},"_links":{"self":[{"href":"https:\/\/ppdegalicia.com\/es\/wp-json\/wp\/v2\/posts\/53265","targetHints":{"allow":["GET"]}}],"collection":[{"href":"https:\/\/ppdegalicia.com\/es\/wp-json\/wp\/v2\/posts"}],"about":[{"href":"https:\/\/ppdegalicia.com\/es\/wp-json\/wp\/v2\/types\/post"}],"author":[{"embeddable":true,"href":"https:\/\/ppdegalicia.com\/es\/wp-json\/wp\/v2\/users\/37"}],"replies":[{"embeddable":true,"href":"https:\/\/ppdegalicia.com\/es\/wp-json\/wp\/v2\/comments?post=53265"}],"version-history":[{"count":0,"href":"https:\/\/ppdegalicia.com\/es\/wp-json\/wp\/v2\/posts\/53265\/revisions"}],"wp:attachment":[{"href":"https:\/\/ppdegalicia.com\/es\/wp-json\/wp\/v2\/media?parent=53265"}],"wp:term":[{"taxonomy":"category","embeddable":true,"href":"https:\/\/ppdegalicia.com\/es\/wp-json\/wp\/v2\/categories?post=53265"},{"taxonomy":"post_tag","embeddable":true,"href":"https:\/\/ppdegalicia.com\/es\/wp-json\/wp\/v2\/tags?post=53265"}],"curies":[{"name":"wp","href":"https:\/\/api.w.org\/{rel}","templated":true}]}}