{"id":53266,"date":"2018-03-22T09:55:59","date_gmt":"2018-03-22T07:55:59","guid":{"rendered":"https:\/\/ppdegalicia.com\/o-parlamento-demanda-que-os-concellos-devolvan-a-plusvalia-municipal-indebidamente-cobrada-aos-mais-de-20-000-galegos-afectados\/"},"modified":"2018-03-22T09:55:59","modified_gmt":"2018-03-22T07:55:59","slug":"o-parlamento-demanda-que-os-concellos-devolvan-a-plusvalia-municipal-indebidamente-cobrada-aos-mais-de-20-000-galegos-afectados","status":"publish","type":"post","link":"https:\/\/ppdegalicia.com\/es\/o-parlamento-demanda-que-os-concellos-devolvan-a-plusvalia-municipal-indebidamente-cobrada-aos-mais-de-20-000-galegos-afectados\/","title":{"rendered":"O Parlamento demanda que os concellos devolvan a plusval\u00eda municipal indebidamente cobrada aos m\u00e1is de 20.000 galegos afectados"},"content":{"rendered":"<p>Santiago, 21 de marzo de 2018.- O Parlamento de Galicia aprobou hoxe, a instancias do Grupo Popular, unha proposici\u00f3n non de lei a trav\u00e9s da que se demanda ao Goberno central que permita os concellos utilizar os remanentes de tesourer\u00eda positivos para a devoluci\u00f3n do Imposto sobre o Incremento de Valor dos Terreos de Natureza Urbana, co\u00f1ecido como plusval\u00eda municipal, indebidamente cobrado a m\u00e1is de 20.000 galegos. \u201cDesde o PPdeG defenderemos sempre a correcta aplicaci\u00f3n da normativa tributaria, tam\u00e9n naqueles casos nos que quen debe devolver o indebidamente cobrado \u00e9 o ente recadador, neste caso os concellos\u201d, indicou o portavoz de Facenda, Jos\u00e9 Gonz\u00e1lez V\u00e1zquez.<\/p>\n<p><!--more--><\/p>\n<p>&nbsp;<\/p>\n<p>&nbsp;<\/p>\n<p>Na s\u00faa intervenci\u00f3n, Gonz\u00e1lez V\u00e1zquez explicou a plusval\u00eda municipal grava o incremento de valor que experimentan os terreos urbanos e que se po\u00f1a de manifesto a consecuencia da transmisi\u00f3n da propiedade dos terreos por calquera tipo, mesmo por herdanza\u201d.<\/p>\n<p>&nbsp;<\/p>\n<p>Neste sentido, apuntou que \u201cen Galicia son 115 os concellos que te\u00f1en tipos aprobados para a aplicaci\u00f3n da plusval\u00eda municipal, principalmente municipios urbanos. \u201cO 70 por cento da plusval\u00eda rec\u00e1dase polas sete principais cidades galegas, destacando Vigo cunha media de 9,6 mill\u00f3ns de euros nos tres \u00faltimos anos\u201d, concretou.<\/p>\n<p>&nbsp;<\/p>\n<p><strong>SENTENZA DO TRIBUNAL CONSTITUCIONAL<\/strong><\/p>\n<p>&nbsp;<\/p>\n<p>A crise inmobiliaria motivou unha perda xeneralizada de valor dos inmobles urbanos nos \u00faltimos anos. Diante desta situaci\u00f3n, o pasado mes de maio o Tribunal Constitucional declarou nulos e inconstitucionais os artigos da Lei de Facendas Locais que regulan a cuantificaci\u00f3n da plusval\u00eda municipal \u201cna medida que someten a tributaci\u00f3n situaci\u00f3ns de inexistencia de incrementos de valor\u201d, \u00e9 dicir, as ventas a perda.<\/p>\n<p>Jos\u00e9 Gonz\u00e1lez afirmou que \u201co n\u00famero de casos de ventas a perda nos que se pagou plusval\u00eda en Galicia ronda, con datos do 2017, os 18.300\u201d. Por\u00e9n, apuntou que desde esa data os concellos seguen a cobrar indebidamente a plusval\u00eda nas ventas a perda, polo que o n\u00famero de afectados a d\u00eda de hoxe supera amplamente os 20.000.<\/p>\n<p>&nbsp;<\/p>\n<p>Neste sentido, recordou que \u201ca devoluci\u00f3n da plusval\u00eda non se pode facer de oficio polos concellos, sen\u00f3n que \u00e9 necesario que o contribu\u00ednte afectado presente unha reclamaci\u00f3n\u201d. O prazo para a presentaci\u00f3n desta reclamaci\u00f3n \u00e9 de catro anos desde que se presentou a autoliquidaci\u00f3n.<\/p>\n<p>&nbsp;<\/p>\n<p><strong>RECLAMACI\u00d3N ANTES DA PRESCRICI\u00d3N<\/strong><\/p>\n<p>&nbsp;<\/p>\n<p>\u201cCada d\u00eda que pasa, entre 15 e 20 galegos que non reclaman perden o seu dereito para solicitar a devoluci\u00f3n por transcurso do prazo de prescrici\u00f3n\u201d, dixo o portavoz popular, quen indicou que \u201ca d\u00eda de hoxe hai arredor de 4.000 galegos que se non presentaron a reclamaci\u00f3n xa perderon o seu dereito a presentala\u201d, alertou.<\/p>\n<p>&nbsp;<\/p>\n<p>Gonz\u00e1lez V\u00e1zquez asegurou que \u201cnon existe d\u00fabida algunha de que quen ten que facer a devoluci\u00f3n \u00e9 o concello que cobrou indebidamente a plusval\u00eda, e reiterou que para facelo \u00e9 necesario que o contribu\u00ednte afectado o reclame antes de que prescriba o seu dereito\u201d.<\/p>\n<p>&nbsp;<\/p>\n<p>Ademais, a proposici\u00f3n non de lei solicita que os concellos galegos informen \u00e1 cidadan\u00eda do dereito que lles asiste para reclamar a devoluci\u00f3n da plusval\u00eda indebidamente cobrada, as\u00ed como de que ese dereito ext\u00ednguese polo transcurso do prazo de catro anos. As\u00ed mesmo, dem\u00e1ndase que, en tanto non se resolva a situaci\u00f3n lexislativa, os concellos deixen de cobrar a plusval\u00eda nos casos de venda a perda que se acrediten mediante a presentaci\u00f3n da escritura de compra e de venda.<\/p>\n","protected":false},"excerpt":{"rendered":"<p>Santiago, 21 de marzo de 2018.- O Parlamento de Galicia aprobou hoxe, a instancias do Grupo Popular, unha proposici\u00f3n non de lei a trav\u00e9s da que se demanda ao Goberno central que permita os concellos utilizar os remanentes de tesourer\u00eda positivos para a devoluci\u00f3n do Imposto sobre o Incremento de Valor dos Terreos de Natureza [&hellip;]<\/p>\n","protected":false},"author":37,"featured_media":0,"comment_status":"open","ping_status":"open","sticky":false,"template":"","format":"standard","meta":{"_acf_changed":false,"footnotes":""},"categories":[1],"tags":[],"class_list":["post-53266","post","type-post","status-publish","format-standard","hentry","category-pp-de-galicia"],"acf":[],"yoast_head":"<!-- This site is optimized with the Yoast SEO plugin v27.3 - https:\/\/yoast.com\/product\/yoast-seo-wordpress\/ -->\n<title>O Parlamento demanda que os concellos devolvan a plusval\u00eda municipal indebidamente cobrada aos m\u00e1is de 20.000 galegos afectados - PP de Galicia<\/title>\n<meta name=\"robots\" content=\"index, follow, max-snippet:-1, max-image-preview:large, max-video-preview:-1\" \/>\n<link rel=\"canonical\" href=\"https:\/\/ppdegalicia.com\/es\/o-parlamento-demanda-que-os-concellos-devolvan-a-plusvalia-municipal-indebidamente-cobrada-aos-mais-de-20-000-galegos-afectados\/\" \/>\n<meta property=\"og:locale\" content=\"es_ES\" \/>\n<meta property=\"og:type\" content=\"article\" \/>\n<meta property=\"og:title\" content=\"O Parlamento demanda que os concellos devolvan a plusval\u00eda municipal indebidamente cobrada aos m\u00e1is de 20.000 galegos afectados - PP de Galicia\" \/>\n<meta property=\"og:description\" content=\"Santiago, 21 de marzo de 2018.- O Parlamento de Galicia aprobou hoxe, a instancias do Grupo Popular, unha proposici\u00f3n non de lei a trav\u00e9s da que se demanda ao Goberno central que permita os concellos utilizar os remanentes de tesourer\u00eda positivos para a devoluci\u00f3n do Imposto sobre o Incremento de Valor dos Terreos de Natureza [&hellip;]\" \/>\n<meta property=\"og:url\" content=\"https:\/\/ppdegalicia.com\/es\/o-parlamento-demanda-que-os-concellos-devolvan-a-plusvalia-municipal-indebidamente-cobrada-aos-mais-de-20-000-galegos-afectados\/\" \/>\n<meta property=\"og:site_name\" content=\"PP de Galicia\" \/>\n<meta property=\"article:publisher\" content=\"https:\/\/www.instagram.com\/ppdegalicia\/\" \/>\n<meta property=\"article:published_time\" content=\"2018-03-22T07:55:59+00:00\" \/>\n<meta name=\"author\" content=\"Super User\" \/>\n<meta name=\"twitter:card\" content=\"summary_large_image\" \/>\n<meta name=\"twitter:creator\" content=\"@ppdegalicia\" \/>\n<meta name=\"twitter:site\" content=\"@ppdegalicia\" \/>\n<meta name=\"twitter:label1\" content=\"Escrito por\" \/>\n\t<meta name=\"twitter:data1\" content=\"Super User\" \/>\n\t<meta name=\"twitter:label2\" content=\"Tiempo de lectura\" \/>\n\t<meta name=\"twitter:data2\" content=\"3 minutos\" \/>\n<script type=\"application\/ld+json\" class=\"yoast-schema-graph\">{\"@context\":\"https:\\\/\\\/schema.org\",\"@graph\":[{\"@type\":\"Article\",\"@id\":\"https:\\\/\\\/ppdegalicia.com\\\/es\\\/o-parlamento-demanda-que-os-concellos-devolvan-a-plusvalia-municipal-indebidamente-cobrada-aos-mais-de-20-000-galegos-afectados\\\/#article\",\"isPartOf\":{\"@id\":\"https:\\\/\\\/ppdegalicia.com\\\/es\\\/o-parlamento-demanda-que-os-concellos-devolvan-a-plusvalia-municipal-indebidamente-cobrada-aos-mais-de-20-000-galegos-afectados\\\/\"},\"author\":{\"name\":\"Super User\",\"@id\":\"https:\\\/\\\/ppdegalicia.com\\\/es\\\/#\\\/schema\\\/person\\\/d0f013b8388c980665d44009ab762960\"},\"headline\":\"O Parlamento demanda que os concellos devolvan a plusval\u00eda municipal indebidamente cobrada aos m\u00e1is de 20.000 galegos afectados\",\"datePublished\":\"2018-03-22T07:55:59+00:00\",\"mainEntityOfPage\":{\"@id\":\"https:\\\/\\\/ppdegalicia.com\\\/es\\\/o-parlamento-demanda-que-os-concellos-devolvan-a-plusvalia-municipal-indebidamente-cobrada-aos-mais-de-20-000-galegos-afectados\\\/\"},\"wordCount\":622,\"commentCount\":0,\"publisher\":{\"@id\":\"https:\\\/\\\/ppdegalicia.com\\\/es\\\/#organization\"},\"articleSection\":[\"PP de Galicia\"],\"inLanguage\":\"es\",\"potentialAction\":[{\"@type\":\"CommentAction\",\"name\":\"Comment\",\"target\":[\"https:\\\/\\\/ppdegalicia.com\\\/es\\\/o-parlamento-demanda-que-os-concellos-devolvan-a-plusvalia-municipal-indebidamente-cobrada-aos-mais-de-20-000-galegos-afectados\\\/#respond\"]}]},{\"@type\":\"WebPage\",\"@id\":\"https:\\\/\\\/ppdegalicia.com\\\/es\\\/o-parlamento-demanda-que-os-concellos-devolvan-a-plusvalia-municipal-indebidamente-cobrada-aos-mais-de-20-000-galegos-afectados\\\/\",\"url\":\"https:\\\/\\\/ppdegalicia.com\\\/es\\\/o-parlamento-demanda-que-os-concellos-devolvan-a-plusvalia-municipal-indebidamente-cobrada-aos-mais-de-20-000-galegos-afectados\\\/\",\"name\":\"O Parlamento demanda que os concellos devolvan a plusval\u00eda municipal indebidamente cobrada aos m\u00e1is de 20.000 galegos afectados - PP de Galicia\",\"isPartOf\":{\"@id\":\"https:\\\/\\\/ppdegalicia.com\\\/es\\\/#website\"},\"datePublished\":\"2018-03-22T07:55:59+00:00\",\"breadcrumb\":{\"@id\":\"https:\\\/\\\/ppdegalicia.com\\\/es\\\/o-parlamento-demanda-que-os-concellos-devolvan-a-plusvalia-municipal-indebidamente-cobrada-aos-mais-de-20-000-galegos-afectados\\\/#breadcrumb\"},\"inLanguage\":\"es\",\"potentialAction\":[{\"@type\":\"ReadAction\",\"target\":[\"https:\\\/\\\/ppdegalicia.com\\\/es\\\/o-parlamento-demanda-que-os-concellos-devolvan-a-plusvalia-municipal-indebidamente-cobrada-aos-mais-de-20-000-galegos-afectados\\\/\"]}]},{\"@type\":\"BreadcrumbList\",\"@id\":\"https:\\\/\\\/ppdegalicia.com\\\/es\\\/o-parlamento-demanda-que-os-concellos-devolvan-a-plusvalia-municipal-indebidamente-cobrada-aos-mais-de-20-000-galegos-afectados\\\/#breadcrumb\",\"itemListElement\":[{\"@type\":\"ListItem\",\"position\":1,\"name\":\"Portada\",\"item\":\"https:\\\/\\\/ppdegalicia.com\\\/es\\\/\"},{\"@type\":\"ListItem\",\"position\":2,\"name\":\"O Parlamento demanda que os concellos devolvan a plusval\u00eda municipal indebidamente cobrada aos m\u00e1is de 20.000 galegos afectados\"}]},{\"@type\":\"WebSite\",\"@id\":\"https:\\\/\\\/ppdegalicia.com\\\/es\\\/#website\",\"url\":\"https:\\\/\\\/ppdegalicia.com\\\/es\\\/\",\"name\":\"Partido Popular de Galicia\",\"description\":\"Partido Popular de Galicia\",\"publisher\":{\"@id\":\"https:\\\/\\\/ppdegalicia.com\\\/es\\\/#organization\"},\"alternateName\":\"PP de Galicia\",\"potentialAction\":[{\"@type\":\"SearchAction\",\"target\":{\"@type\":\"EntryPoint\",\"urlTemplate\":\"https:\\\/\\\/ppdegalicia.com\\\/es\\\/?s={search_term_string}\"},\"query-input\":{\"@type\":\"PropertyValueSpecification\",\"valueRequired\":true,\"valueName\":\"search_term_string\"}}],\"inLanguage\":\"es\"},{\"@type\":\"Organization\",\"@id\":\"https:\\\/\\\/ppdegalicia.com\\\/es\\\/#organization\",\"name\":\"Partido Popular de Galicia\",\"alternateName\":\"PP de Galicia\",\"url\":\"https:\\\/\\\/ppdegalicia.com\\\/es\\\/\",\"logo\":{\"@type\":\"ImageObject\",\"inLanguage\":\"es\",\"@id\":\"https:\\\/\\\/ppdegalicia.com\\\/es\\\/#\\\/schema\\\/logo\\\/image\\\/\",\"url\":\"https:\\\/\\\/ppdegalicia.com\\\/wp-content\\\/uploads\\\/2023\\\/04\\\/logoPP512.png\",\"contentUrl\":\"https:\\\/\\\/ppdegalicia.com\\\/wp-content\\\/uploads\\\/2023\\\/04\\\/logoPP512.png\",\"width\":512,\"height\":512,\"caption\":\"Partido Popular de Galicia\"},\"image\":{\"@id\":\"https:\\\/\\\/ppdegalicia.com\\\/es\\\/#\\\/schema\\\/logo\\\/image\\\/\"},\"sameAs\":[\"https:\\\/\\\/www.instagram.com\\\/ppdegalicia\\\/\",\"https:\\\/\\\/x.com\\\/ppdegalicia\",\"https:\\\/\\\/www.tiktok.com\\\/@ppdegalicia\",\"https:\\\/\\\/www.youtube.com\\\/user\\\/ppdegalicia\"]},{\"@type\":\"Person\",\"@id\":\"https:\\\/\\\/ppdegalicia.com\\\/es\\\/#\\\/schema\\\/person\\\/d0f013b8388c980665d44009ab762960\",\"name\":\"Super User\",\"image\":{\"@type\":\"ImageObject\",\"inLanguage\":\"es\",\"@id\":\"https:\\\/\\\/secure.gravatar.com\\\/avatar\\\/1db852625ef4948f58d2739bfbc51e4b9bd5c93b8fa340b59fdb594ca0845645?s=96&d=mm&r=g\",\"url\":\"https:\\\/\\\/secure.gravatar.com\\\/avatar\\\/1db852625ef4948f58d2739bfbc51e4b9bd5c93b8fa340b59fdb594ca0845645?s=96&d=mm&r=g\",\"contentUrl\":\"https:\\\/\\\/secure.gravatar.com\\\/avatar\\\/1db852625ef4948f58d2739bfbc51e4b9bd5c93b8fa340b59fdb594ca0845645?s=96&d=mm&r=g\",\"caption\":\"Super User\"},\"url\":\"https:\\\/\\\/ppdegalicia.com\\\/es\\\/author\\\/ppdegaliciagestion\\\/\"}]}<\/script>\n<!-- \/ Yoast SEO plugin. -->","yoast_head_json":{"title":"O Parlamento demanda que os concellos devolvan a plusval\u00eda municipal indebidamente cobrada aos m\u00e1is de 20.000 galegos afectados - PP de Galicia","robots":{"index":"index","follow":"follow","max-snippet":"max-snippet:-1","max-image-preview":"max-image-preview:large","max-video-preview":"max-video-preview:-1"},"canonical":"https:\/\/ppdegalicia.com\/es\/o-parlamento-demanda-que-os-concellos-devolvan-a-plusvalia-municipal-indebidamente-cobrada-aos-mais-de-20-000-galegos-afectados\/","og_locale":"es_ES","og_type":"article","og_title":"O Parlamento demanda que os concellos devolvan a plusval\u00eda municipal indebidamente cobrada aos m\u00e1is de 20.000 galegos afectados - PP de Galicia","og_description":"Santiago, 21 de marzo de 2018.- O Parlamento de Galicia aprobou hoxe, a instancias do Grupo Popular, unha proposici\u00f3n non de lei a trav\u00e9s da que se demanda ao Goberno central que permita os concellos utilizar os remanentes de tesourer\u00eda positivos para a devoluci\u00f3n do Imposto sobre o Incremento de Valor dos Terreos de Natureza [&hellip;]","og_url":"https:\/\/ppdegalicia.com\/es\/o-parlamento-demanda-que-os-concellos-devolvan-a-plusvalia-municipal-indebidamente-cobrada-aos-mais-de-20-000-galegos-afectados\/","og_site_name":"PP de Galicia","article_publisher":"https:\/\/www.instagram.com\/ppdegalicia\/","article_published_time":"2018-03-22T07:55:59+00:00","author":"Super User","twitter_card":"summary_large_image","twitter_creator":"@ppdegalicia","twitter_site":"@ppdegalicia","twitter_misc":{"Escrito por":"Super User","Tiempo de lectura":"3 minutos"},"schema":{"@context":"https:\/\/schema.org","@graph":[{"@type":"Article","@id":"https:\/\/ppdegalicia.com\/es\/o-parlamento-demanda-que-os-concellos-devolvan-a-plusvalia-municipal-indebidamente-cobrada-aos-mais-de-20-000-galegos-afectados\/#article","isPartOf":{"@id":"https:\/\/ppdegalicia.com\/es\/o-parlamento-demanda-que-os-concellos-devolvan-a-plusvalia-municipal-indebidamente-cobrada-aos-mais-de-20-000-galegos-afectados\/"},"author":{"name":"Super User","@id":"https:\/\/ppdegalicia.com\/es\/#\/schema\/person\/d0f013b8388c980665d44009ab762960"},"headline":"O Parlamento demanda que os concellos devolvan a plusval\u00eda municipal indebidamente cobrada aos m\u00e1is de 20.000 galegos afectados","datePublished":"2018-03-22T07:55:59+00:00","mainEntityOfPage":{"@id":"https:\/\/ppdegalicia.com\/es\/o-parlamento-demanda-que-os-concellos-devolvan-a-plusvalia-municipal-indebidamente-cobrada-aos-mais-de-20-000-galegos-afectados\/"},"wordCount":622,"commentCount":0,"publisher":{"@id":"https:\/\/ppdegalicia.com\/es\/#organization"},"articleSection":["PP de Galicia"],"inLanguage":"es","potentialAction":[{"@type":"CommentAction","name":"Comment","target":["https:\/\/ppdegalicia.com\/es\/o-parlamento-demanda-que-os-concellos-devolvan-a-plusvalia-municipal-indebidamente-cobrada-aos-mais-de-20-000-galegos-afectados\/#respond"]}]},{"@type":"WebPage","@id":"https:\/\/ppdegalicia.com\/es\/o-parlamento-demanda-que-os-concellos-devolvan-a-plusvalia-municipal-indebidamente-cobrada-aos-mais-de-20-000-galegos-afectados\/","url":"https:\/\/ppdegalicia.com\/es\/o-parlamento-demanda-que-os-concellos-devolvan-a-plusvalia-municipal-indebidamente-cobrada-aos-mais-de-20-000-galegos-afectados\/","name":"O Parlamento demanda que os concellos devolvan a plusval\u00eda municipal indebidamente cobrada aos m\u00e1is de 20.000 galegos afectados - PP de Galicia","isPartOf":{"@id":"https:\/\/ppdegalicia.com\/es\/#website"},"datePublished":"2018-03-22T07:55:59+00:00","breadcrumb":{"@id":"https:\/\/ppdegalicia.com\/es\/o-parlamento-demanda-que-os-concellos-devolvan-a-plusvalia-municipal-indebidamente-cobrada-aos-mais-de-20-000-galegos-afectados\/#breadcrumb"},"inLanguage":"es","potentialAction":[{"@type":"ReadAction","target":["https:\/\/ppdegalicia.com\/es\/o-parlamento-demanda-que-os-concellos-devolvan-a-plusvalia-municipal-indebidamente-cobrada-aos-mais-de-20-000-galegos-afectados\/"]}]},{"@type":"BreadcrumbList","@id":"https:\/\/ppdegalicia.com\/es\/o-parlamento-demanda-que-os-concellos-devolvan-a-plusvalia-municipal-indebidamente-cobrada-aos-mais-de-20-000-galegos-afectados\/#breadcrumb","itemListElement":[{"@type":"ListItem","position":1,"name":"Portada","item":"https:\/\/ppdegalicia.com\/es\/"},{"@type":"ListItem","position":2,"name":"O Parlamento demanda que os concellos devolvan a plusval\u00eda municipal indebidamente cobrada aos m\u00e1is de 20.000 galegos afectados"}]},{"@type":"WebSite","@id":"https:\/\/ppdegalicia.com\/es\/#website","url":"https:\/\/ppdegalicia.com\/es\/","name":"Partido Popular de Galicia","description":"Partido Popular de Galicia","publisher":{"@id":"https:\/\/ppdegalicia.com\/es\/#organization"},"alternateName":"PP de Galicia","potentialAction":[{"@type":"SearchAction","target":{"@type":"EntryPoint","urlTemplate":"https:\/\/ppdegalicia.com\/es\/?s={search_term_string}"},"query-input":{"@type":"PropertyValueSpecification","valueRequired":true,"valueName":"search_term_string"}}],"inLanguage":"es"},{"@type":"Organization","@id":"https:\/\/ppdegalicia.com\/es\/#organization","name":"Partido Popular de Galicia","alternateName":"PP de Galicia","url":"https:\/\/ppdegalicia.com\/es\/","logo":{"@type":"ImageObject","inLanguage":"es","@id":"https:\/\/ppdegalicia.com\/es\/#\/schema\/logo\/image\/","url":"https:\/\/ppdegalicia.com\/wp-content\/uploads\/2023\/04\/logoPP512.png","contentUrl":"https:\/\/ppdegalicia.com\/wp-content\/uploads\/2023\/04\/logoPP512.png","width":512,"height":512,"caption":"Partido Popular de Galicia"},"image":{"@id":"https:\/\/ppdegalicia.com\/es\/#\/schema\/logo\/image\/"},"sameAs":["https:\/\/www.instagram.com\/ppdegalicia\/","https:\/\/x.com\/ppdegalicia","https:\/\/www.tiktok.com\/@ppdegalicia","https:\/\/www.youtube.com\/user\/ppdegalicia"]},{"@type":"Person","@id":"https:\/\/ppdegalicia.com\/es\/#\/schema\/person\/d0f013b8388c980665d44009ab762960","name":"Super User","image":{"@type":"ImageObject","inLanguage":"es","@id":"https:\/\/secure.gravatar.com\/avatar\/1db852625ef4948f58d2739bfbc51e4b9bd5c93b8fa340b59fdb594ca0845645?s=96&d=mm&r=g","url":"https:\/\/secure.gravatar.com\/avatar\/1db852625ef4948f58d2739bfbc51e4b9bd5c93b8fa340b59fdb594ca0845645?s=96&d=mm&r=g","contentUrl":"https:\/\/secure.gravatar.com\/avatar\/1db852625ef4948f58d2739bfbc51e4b9bd5c93b8fa340b59fdb594ca0845645?s=96&d=mm&r=g","caption":"Super User"},"url":"https:\/\/ppdegalicia.com\/es\/author\/ppdegaliciagestion\/"}]}},"_links":{"self":[{"href":"https:\/\/ppdegalicia.com\/es\/wp-json\/wp\/v2\/posts\/53266","targetHints":{"allow":["GET"]}}],"collection":[{"href":"https:\/\/ppdegalicia.com\/es\/wp-json\/wp\/v2\/posts"}],"about":[{"href":"https:\/\/ppdegalicia.com\/es\/wp-json\/wp\/v2\/types\/post"}],"author":[{"embeddable":true,"href":"https:\/\/ppdegalicia.com\/es\/wp-json\/wp\/v2\/users\/37"}],"replies":[{"embeddable":true,"href":"https:\/\/ppdegalicia.com\/es\/wp-json\/wp\/v2\/comments?post=53266"}],"version-history":[{"count":0,"href":"https:\/\/ppdegalicia.com\/es\/wp-json\/wp\/v2\/posts\/53266\/revisions"}],"wp:attachment":[{"href":"https:\/\/ppdegalicia.com\/es\/wp-json\/wp\/v2\/media?parent=53266"}],"wp:term":[{"taxonomy":"category","embeddable":true,"href":"https:\/\/ppdegalicia.com\/es\/wp-json\/wp\/v2\/categories?post=53266"},{"taxonomy":"post_tag","embeddable":true,"href":"https:\/\/ppdegalicia.com\/es\/wp-json\/wp\/v2\/tags?post=53266"}],"curies":[{"name":"wp","href":"https:\/\/api.w.org\/{rel}","templated":true}]}}