{"id":53268,"date":"2018-03-22T10:52:28","date_gmt":"2018-03-22T08:52:28","guid":{"rendered":"https:\/\/ppdegalicia.com\/o-gpp-pide-deixar-traballar-a-comision-de-expertos-para-que-elabore-o-estudo-sobre-a-incorporacion-do-pazo-de-meiras-ao-patrimonio-publico\/"},"modified":"2018-03-22T10:52:28","modified_gmt":"2018-03-22T08:52:28","slug":"o-gpp-pide-deixar-traballar-a-comision-de-expertos-para-que-elabore-o-estudo-sobre-a-incorporacion-do-pazo-de-meiras-ao-patrimonio-publico","status":"publish","type":"post","link":"https:\/\/ppdegalicia.com\/es\/o-gpp-pide-deixar-traballar-a-comision-de-expertos-para-que-elabore-o-estudo-sobre-a-incorporacion-do-pazo-de-meiras-ao-patrimonio-publico\/","title":{"rendered":"O GPP pide deixar traballar \u00e1 Comisi\u00f3n de expertos para que elabore o estudo sobre a incorporaci\u00f3n do Pazo de Meir\u00e1s ao patrimonio p\u00fablico"},"content":{"rendered":"<p>Santiago, 21 de marzo de 2018.- A deputada do&nbsp; Grupo Popular Mar\u00eda Ant\u00f3n Vilas\u00e1nchez avogou hoxe no Parlamento por \u201cdeixar traballar \u00e1 Comisi\u00f3n de expertos para elaborar un estudo xur\u00eddico co obxectivo de incorporar ao patrimonio p\u00fablico a propiedade do Pazo de Meir\u00e1s, respectando os seus tempos, facilitando a s\u00faa labor e apoiando as s\u00faas conclusi\u00f3ns por parte de todos os membros da C\u00e1mara galega\u201d.<\/p>\n<p><!--more--><\/p>\n<p>&nbsp;<\/p>\n<p>&nbsp;<\/p>\n<p>Mar\u00eda Ant\u00f3n lembrou que esta Comisi\u00f3n de expertos constitu\u00eduse o pasado mes de novembro cumprindo un mandato do Parlamento galego, co obxectivo de analizar as posibilidades e determinar os mecanismos para que o Pazo de Meir\u00e1s se incorpore ao patrimonio p\u00fablico sen que supo\u00f1a un custe econ\u00f3mico para os galegos. Est\u00e1 presidida polo catedr\u00e1tico de Historia Contempor\u00e1nea da Universidade de Santiago, Xos\u00e9 Manoel N\u00fa\u00f1ez Seixas, e conta con representantes da Xunta, das tres universidades, do Colexio de Notarios, do Colexio de Rexistradores, do Concello de Sada e da Deputaci\u00f3n Provincial de A Coru\u00f1a.<\/p>\n<p>&nbsp;<\/p>\n<p>\u201c\u00c9 unha comisi\u00f3n ampla, plural e diversa, en voces e \u00e1mbitos, onde cada instituci\u00f3n participante designou libremente ao seu representante e libremente est\u00e1n traballando, sen directrices nin indicaci\u00f3ns e con todos os medios ao seu dispor\u201d, asegurou a deputada popular.<\/p>\n<p>&nbsp;<\/p>\n<p>Deste xeito, demandou \u201crespecto\u201d ao traballo desta comisi\u00f3n de expertos para \u201cter un informe completo que indique cales son as acci\u00f3ns pertinentes que se deber\u00e1n exercitar para que as Torres de Meir\u00e1s pasen a ser de dominio p\u00fablico\u201d. \u201cO noso obxectivo ten que ser ese, pero non como un obxectivo pol\u00edtico partidista, se non como un obxectivo pol\u00edtico colectivo de pa\u00eds\u201d, apuntou.<\/p>\n<p>&nbsp;<\/p>\n<p><strong>NON PODEMOS ERRAR<\/strong><\/p>\n<p>&nbsp;<\/p>\n<p>Mar\u00eda Ant\u00f3n fixo \u201cunha chamada \u00e1 calma\u201d aos grupos da oposici\u00f3n, porque \u201cno momento que se decidan exercitar as acci\u00f3ns legais no podemos errar\u201d. \u201cSer\u00eda catastr\u00f3fico emprender un cami\u00f1o que non nos conduza ao \u00e9xito e \u00e1 consecuci\u00f3n do obxectivo de acadar para o p\u00fablico o Pazo de Meir\u00e1s\u201d, dixo.<\/p>\n<p>&nbsp;<\/p>\n<p>A deputada popular considerou \u201cunha actitude moi positiva\u201d que a Deputaci\u00f3n de A Coru\u00f1a po\u00f1a a disposici\u00f3n da Comisi\u00f3n de Expertos toda a informaci\u00f3n e documentaci\u00f3n que pos\u00fae sobre o Pazo de Meir\u00e1s. Neste sentido, indicou ao representante do BNG que \u201cse considera que este informe da Deputaci\u00f3n \u00e9 a v\u00eda a seguir para exercitar acci\u00f3ns legais, anime aos seus compa\u00f1eiros nesta instituci\u00f3n a interpo\u00f1er as acci\u00f3ns legais que consideren oportunas, xa que a Deputaci\u00f3n tam\u00e9n est\u00e1 lexitimada para iniciar procedementos legais sobre este asunto\u201d.<\/p>\n<p>&nbsp;<\/p>\n<p>Neste sentido, manifestou que \u201co l\u00f3xico \u00e9 que as directrices que se sigan neste proceso saian do informe do Comit\u00e9 de Expertos, que poder\u00e1 coincidir ou non con outros informes realizados\u201d, pero convidou a todos os grupos do Parlamento a \u201caceptar sen fisuras os resultados do traballo da Comisi\u00f3n de Expertos\u201d.<\/p>\n","protected":false},"excerpt":{"rendered":"<p>Santiago, 21 de marzo de 2018.- A deputada do&nbsp; Grupo Popular Mar\u00eda Ant\u00f3n Vilas\u00e1nchez avogou hoxe no Parlamento por \u201cdeixar traballar \u00e1 Comisi\u00f3n de expertos para elaborar un estudo xur\u00eddico co obxectivo de incorporar ao patrimonio p\u00fablico a propiedade do Pazo de Meir\u00e1s, respectando os seus tempos, facilitando a s\u00faa labor e apoiando as s\u00faas [&hellip;]<\/p>\n","protected":false},"author":37,"featured_media":0,"comment_status":"open","ping_status":"open","sticky":false,"template":"","format":"standard","meta":{"_acf_changed":false,"footnotes":""},"categories":[1],"tags":[],"class_list":["post-53268","post","type-post","status-publish","format-standard","hentry","category-pp-de-galicia"],"acf":[],"yoast_head":"<!-- This site is optimized with the Yoast SEO plugin v27.3 - https:\/\/yoast.com\/product\/yoast-seo-wordpress\/ -->\n<title>O GPP pide deixar traballar \u00e1 Comisi\u00f3n de expertos para que elabore o estudo sobre a incorporaci\u00f3n do Pazo de Meir\u00e1s ao patrimonio p\u00fablico - PP de Galicia<\/title>\n<meta name=\"robots\" content=\"index, follow, max-snippet:-1, max-image-preview:large, max-video-preview:-1\" \/>\n<link rel=\"canonical\" href=\"https:\/\/ppdegalicia.com\/es\/o-gpp-pide-deixar-traballar-a-comision-de-expertos-para-que-elabore-o-estudo-sobre-a-incorporacion-do-pazo-de-meiras-ao-patrimonio-publico\/\" \/>\n<meta property=\"og:locale\" content=\"es_ES\" \/>\n<meta property=\"og:type\" content=\"article\" \/>\n<meta property=\"og:title\" content=\"O GPP pide deixar traballar \u00e1 Comisi\u00f3n de expertos para que elabore o estudo sobre a incorporaci\u00f3n do Pazo de Meir\u00e1s ao patrimonio p\u00fablico - PP de Galicia\" \/>\n<meta property=\"og:description\" content=\"Santiago, 21 de marzo de 2018.- A deputada do&nbsp; Grupo Popular Mar\u00eda Ant\u00f3n Vilas\u00e1nchez avogou hoxe no Parlamento por \u201cdeixar traballar \u00e1 Comisi\u00f3n de expertos para elaborar un estudo xur\u00eddico co obxectivo de incorporar ao patrimonio p\u00fablico a propiedade do Pazo de Meir\u00e1s, respectando os seus tempos, facilitando a s\u00faa labor e apoiando as s\u00faas [&hellip;]\" \/>\n<meta property=\"og:url\" content=\"https:\/\/ppdegalicia.com\/es\/o-gpp-pide-deixar-traballar-a-comision-de-expertos-para-que-elabore-o-estudo-sobre-a-incorporacion-do-pazo-de-meiras-ao-patrimonio-publico\/\" \/>\n<meta property=\"og:site_name\" content=\"PP de Galicia\" \/>\n<meta property=\"article:publisher\" content=\"https:\/\/www.instagram.com\/ppdegalicia\/\" \/>\n<meta property=\"article:published_time\" content=\"2018-03-22T08:52:28+00:00\" \/>\n<meta name=\"author\" content=\"Super User\" \/>\n<meta name=\"twitter:card\" content=\"summary_large_image\" \/>\n<meta name=\"twitter:creator\" content=\"@ppdegalicia\" \/>\n<meta name=\"twitter:site\" content=\"@ppdegalicia\" \/>\n<meta name=\"twitter:label1\" content=\"Escrito por\" \/>\n\t<meta name=\"twitter:data1\" content=\"Super User\" \/>\n\t<meta name=\"twitter:label2\" content=\"Tiempo de lectura\" \/>\n\t<meta name=\"twitter:data2\" content=\"3 minutos\" \/>\n<script type=\"application\/ld+json\" class=\"yoast-schema-graph\">{\"@context\":\"https:\\\/\\\/schema.org\",\"@graph\":[{\"@type\":\"Article\",\"@id\":\"https:\\\/\\\/ppdegalicia.com\\\/es\\\/o-gpp-pide-deixar-traballar-a-comision-de-expertos-para-que-elabore-o-estudo-sobre-a-incorporacion-do-pazo-de-meiras-ao-patrimonio-publico\\\/#article\",\"isPartOf\":{\"@id\":\"https:\\\/\\\/ppdegalicia.com\\\/es\\\/o-gpp-pide-deixar-traballar-a-comision-de-expertos-para-que-elabore-o-estudo-sobre-a-incorporacion-do-pazo-de-meiras-ao-patrimonio-publico\\\/\"},\"author\":{\"name\":\"Super User\",\"@id\":\"https:\\\/\\\/ppdegalicia.com\\\/es\\\/#\\\/schema\\\/person\\\/d0f013b8388c980665d44009ab762960\"},\"headline\":\"O GPP pide deixar traballar \u00e1 Comisi\u00f3n de expertos para que elabore o estudo sobre a incorporaci\u00f3n do Pazo de Meir\u00e1s ao patrimonio p\u00fablico\",\"datePublished\":\"2018-03-22T08:52:28+00:00\",\"mainEntityOfPage\":{\"@id\":\"https:\\\/\\\/ppdegalicia.com\\\/es\\\/o-gpp-pide-deixar-traballar-a-comision-de-expertos-para-que-elabore-o-estudo-sobre-a-incorporacion-do-pazo-de-meiras-ao-patrimonio-publico\\\/\"},\"wordCount\":544,\"commentCount\":0,\"publisher\":{\"@id\":\"https:\\\/\\\/ppdegalicia.com\\\/es\\\/#organization\"},\"articleSection\":[\"PP de Galicia\"],\"inLanguage\":\"es\",\"potentialAction\":[{\"@type\":\"CommentAction\",\"name\":\"Comment\",\"target\":[\"https:\\\/\\\/ppdegalicia.com\\\/es\\\/o-gpp-pide-deixar-traballar-a-comision-de-expertos-para-que-elabore-o-estudo-sobre-a-incorporacion-do-pazo-de-meiras-ao-patrimonio-publico\\\/#respond\"]}]},{\"@type\":\"WebPage\",\"@id\":\"https:\\\/\\\/ppdegalicia.com\\\/es\\\/o-gpp-pide-deixar-traballar-a-comision-de-expertos-para-que-elabore-o-estudo-sobre-a-incorporacion-do-pazo-de-meiras-ao-patrimonio-publico\\\/\",\"url\":\"https:\\\/\\\/ppdegalicia.com\\\/es\\\/o-gpp-pide-deixar-traballar-a-comision-de-expertos-para-que-elabore-o-estudo-sobre-a-incorporacion-do-pazo-de-meiras-ao-patrimonio-publico\\\/\",\"name\":\"O GPP pide deixar traballar \u00e1 Comisi\u00f3n de expertos para que elabore o estudo sobre a incorporaci\u00f3n do Pazo de Meir\u00e1s ao patrimonio p\u00fablico - PP de Galicia\",\"isPartOf\":{\"@id\":\"https:\\\/\\\/ppdegalicia.com\\\/es\\\/#website\"},\"datePublished\":\"2018-03-22T08:52:28+00:00\",\"breadcrumb\":{\"@id\":\"https:\\\/\\\/ppdegalicia.com\\\/es\\\/o-gpp-pide-deixar-traballar-a-comision-de-expertos-para-que-elabore-o-estudo-sobre-a-incorporacion-do-pazo-de-meiras-ao-patrimonio-publico\\\/#breadcrumb\"},\"inLanguage\":\"es\",\"potentialAction\":[{\"@type\":\"ReadAction\",\"target\":[\"https:\\\/\\\/ppdegalicia.com\\\/es\\\/o-gpp-pide-deixar-traballar-a-comision-de-expertos-para-que-elabore-o-estudo-sobre-a-incorporacion-do-pazo-de-meiras-ao-patrimonio-publico\\\/\"]}]},{\"@type\":\"BreadcrumbList\",\"@id\":\"https:\\\/\\\/ppdegalicia.com\\\/es\\\/o-gpp-pide-deixar-traballar-a-comision-de-expertos-para-que-elabore-o-estudo-sobre-a-incorporacion-do-pazo-de-meiras-ao-patrimonio-publico\\\/#breadcrumb\",\"itemListElement\":[{\"@type\":\"ListItem\",\"position\":1,\"name\":\"Portada\",\"item\":\"https:\\\/\\\/ppdegalicia.com\\\/es\\\/\"},{\"@type\":\"ListItem\",\"position\":2,\"name\":\"O GPP pide deixar traballar \u00e1 Comisi\u00f3n de expertos para que elabore o estudo sobre a incorporaci\u00f3n do Pazo de Meir\u00e1s ao patrimonio p\u00fablico\"}]},{\"@type\":\"WebSite\",\"@id\":\"https:\\\/\\\/ppdegalicia.com\\\/es\\\/#website\",\"url\":\"https:\\\/\\\/ppdegalicia.com\\\/es\\\/\",\"name\":\"Partido Popular de Galicia\",\"description\":\"Partido Popular de Galicia\",\"publisher\":{\"@id\":\"https:\\\/\\\/ppdegalicia.com\\\/es\\\/#organization\"},\"alternateName\":\"PP de Galicia\",\"potentialAction\":[{\"@type\":\"SearchAction\",\"target\":{\"@type\":\"EntryPoint\",\"urlTemplate\":\"https:\\\/\\\/ppdegalicia.com\\\/es\\\/?s={search_term_string}\"},\"query-input\":{\"@type\":\"PropertyValueSpecification\",\"valueRequired\":true,\"valueName\":\"search_term_string\"}}],\"inLanguage\":\"es\"},{\"@type\":\"Organization\",\"@id\":\"https:\\\/\\\/ppdegalicia.com\\\/es\\\/#organization\",\"name\":\"Partido Popular de Galicia\",\"alternateName\":\"PP de Galicia\",\"url\":\"https:\\\/\\\/ppdegalicia.com\\\/es\\\/\",\"logo\":{\"@type\":\"ImageObject\",\"inLanguage\":\"es\",\"@id\":\"https:\\\/\\\/ppdegalicia.com\\\/es\\\/#\\\/schema\\\/logo\\\/image\\\/\",\"url\":\"https:\\\/\\\/ppdegalicia.com\\\/wp-content\\\/uploads\\\/2023\\\/04\\\/logoPP512.png\",\"contentUrl\":\"https:\\\/\\\/ppdegalicia.com\\\/wp-content\\\/uploads\\\/2023\\\/04\\\/logoPP512.png\",\"width\":512,\"height\":512,\"caption\":\"Partido Popular de Galicia\"},\"image\":{\"@id\":\"https:\\\/\\\/ppdegalicia.com\\\/es\\\/#\\\/schema\\\/logo\\\/image\\\/\"},\"sameAs\":[\"https:\\\/\\\/www.instagram.com\\\/ppdegalicia\\\/\",\"https:\\\/\\\/x.com\\\/ppdegalicia\",\"https:\\\/\\\/www.tiktok.com\\\/@ppdegalicia\",\"https:\\\/\\\/www.youtube.com\\\/user\\\/ppdegalicia\"]},{\"@type\":\"Person\",\"@id\":\"https:\\\/\\\/ppdegalicia.com\\\/es\\\/#\\\/schema\\\/person\\\/d0f013b8388c980665d44009ab762960\",\"name\":\"Super User\",\"image\":{\"@type\":\"ImageObject\",\"inLanguage\":\"es\",\"@id\":\"https:\\\/\\\/secure.gravatar.com\\\/avatar\\\/1db852625ef4948f58d2739bfbc51e4b9bd5c93b8fa340b59fdb594ca0845645?s=96&d=mm&r=g\",\"url\":\"https:\\\/\\\/secure.gravatar.com\\\/avatar\\\/1db852625ef4948f58d2739bfbc51e4b9bd5c93b8fa340b59fdb594ca0845645?s=96&d=mm&r=g\",\"contentUrl\":\"https:\\\/\\\/secure.gravatar.com\\\/avatar\\\/1db852625ef4948f58d2739bfbc51e4b9bd5c93b8fa340b59fdb594ca0845645?s=96&d=mm&r=g\",\"caption\":\"Super User\"},\"url\":\"https:\\\/\\\/ppdegalicia.com\\\/es\\\/author\\\/ppdegaliciagestion\\\/\"}]}<\/script>\n<!-- \/ Yoast SEO plugin. -->","yoast_head_json":{"title":"O GPP pide deixar traballar \u00e1 Comisi\u00f3n de expertos para que elabore o estudo sobre a incorporaci\u00f3n do Pazo de Meir\u00e1s ao patrimonio p\u00fablico - PP de Galicia","robots":{"index":"index","follow":"follow","max-snippet":"max-snippet:-1","max-image-preview":"max-image-preview:large","max-video-preview":"max-video-preview:-1"},"canonical":"https:\/\/ppdegalicia.com\/es\/o-gpp-pide-deixar-traballar-a-comision-de-expertos-para-que-elabore-o-estudo-sobre-a-incorporacion-do-pazo-de-meiras-ao-patrimonio-publico\/","og_locale":"es_ES","og_type":"article","og_title":"O GPP pide deixar traballar \u00e1 Comisi\u00f3n de expertos para que elabore o estudo sobre a incorporaci\u00f3n do Pazo de Meir\u00e1s ao patrimonio p\u00fablico - PP de Galicia","og_description":"Santiago, 21 de marzo de 2018.- A deputada do&nbsp; Grupo Popular Mar\u00eda Ant\u00f3n Vilas\u00e1nchez avogou hoxe no Parlamento por \u201cdeixar traballar \u00e1 Comisi\u00f3n de expertos para elaborar un estudo xur\u00eddico co obxectivo de incorporar ao patrimonio p\u00fablico a propiedade do Pazo de Meir\u00e1s, respectando os seus tempos, facilitando a s\u00faa labor e apoiando as s\u00faas [&hellip;]","og_url":"https:\/\/ppdegalicia.com\/es\/o-gpp-pide-deixar-traballar-a-comision-de-expertos-para-que-elabore-o-estudo-sobre-a-incorporacion-do-pazo-de-meiras-ao-patrimonio-publico\/","og_site_name":"PP de Galicia","article_publisher":"https:\/\/www.instagram.com\/ppdegalicia\/","article_published_time":"2018-03-22T08:52:28+00:00","author":"Super User","twitter_card":"summary_large_image","twitter_creator":"@ppdegalicia","twitter_site":"@ppdegalicia","twitter_misc":{"Escrito por":"Super User","Tiempo de lectura":"3 minutos"},"schema":{"@context":"https:\/\/schema.org","@graph":[{"@type":"Article","@id":"https:\/\/ppdegalicia.com\/es\/o-gpp-pide-deixar-traballar-a-comision-de-expertos-para-que-elabore-o-estudo-sobre-a-incorporacion-do-pazo-de-meiras-ao-patrimonio-publico\/#article","isPartOf":{"@id":"https:\/\/ppdegalicia.com\/es\/o-gpp-pide-deixar-traballar-a-comision-de-expertos-para-que-elabore-o-estudo-sobre-a-incorporacion-do-pazo-de-meiras-ao-patrimonio-publico\/"},"author":{"name":"Super User","@id":"https:\/\/ppdegalicia.com\/es\/#\/schema\/person\/d0f013b8388c980665d44009ab762960"},"headline":"O GPP pide deixar traballar \u00e1 Comisi\u00f3n de expertos para que elabore o estudo sobre a incorporaci\u00f3n do Pazo de Meir\u00e1s ao patrimonio p\u00fablico","datePublished":"2018-03-22T08:52:28+00:00","mainEntityOfPage":{"@id":"https:\/\/ppdegalicia.com\/es\/o-gpp-pide-deixar-traballar-a-comision-de-expertos-para-que-elabore-o-estudo-sobre-a-incorporacion-do-pazo-de-meiras-ao-patrimonio-publico\/"},"wordCount":544,"commentCount":0,"publisher":{"@id":"https:\/\/ppdegalicia.com\/es\/#organization"},"articleSection":["PP de Galicia"],"inLanguage":"es","potentialAction":[{"@type":"CommentAction","name":"Comment","target":["https:\/\/ppdegalicia.com\/es\/o-gpp-pide-deixar-traballar-a-comision-de-expertos-para-que-elabore-o-estudo-sobre-a-incorporacion-do-pazo-de-meiras-ao-patrimonio-publico\/#respond"]}]},{"@type":"WebPage","@id":"https:\/\/ppdegalicia.com\/es\/o-gpp-pide-deixar-traballar-a-comision-de-expertos-para-que-elabore-o-estudo-sobre-a-incorporacion-do-pazo-de-meiras-ao-patrimonio-publico\/","url":"https:\/\/ppdegalicia.com\/es\/o-gpp-pide-deixar-traballar-a-comision-de-expertos-para-que-elabore-o-estudo-sobre-a-incorporacion-do-pazo-de-meiras-ao-patrimonio-publico\/","name":"O GPP pide deixar traballar \u00e1 Comisi\u00f3n de expertos para que elabore o estudo sobre a incorporaci\u00f3n do Pazo de Meir\u00e1s ao patrimonio p\u00fablico - PP de Galicia","isPartOf":{"@id":"https:\/\/ppdegalicia.com\/es\/#website"},"datePublished":"2018-03-22T08:52:28+00:00","breadcrumb":{"@id":"https:\/\/ppdegalicia.com\/es\/o-gpp-pide-deixar-traballar-a-comision-de-expertos-para-que-elabore-o-estudo-sobre-a-incorporacion-do-pazo-de-meiras-ao-patrimonio-publico\/#breadcrumb"},"inLanguage":"es","potentialAction":[{"@type":"ReadAction","target":["https:\/\/ppdegalicia.com\/es\/o-gpp-pide-deixar-traballar-a-comision-de-expertos-para-que-elabore-o-estudo-sobre-a-incorporacion-do-pazo-de-meiras-ao-patrimonio-publico\/"]}]},{"@type":"BreadcrumbList","@id":"https:\/\/ppdegalicia.com\/es\/o-gpp-pide-deixar-traballar-a-comision-de-expertos-para-que-elabore-o-estudo-sobre-a-incorporacion-do-pazo-de-meiras-ao-patrimonio-publico\/#breadcrumb","itemListElement":[{"@type":"ListItem","position":1,"name":"Portada","item":"https:\/\/ppdegalicia.com\/es\/"},{"@type":"ListItem","position":2,"name":"O GPP pide deixar traballar \u00e1 Comisi\u00f3n de expertos para que elabore o estudo sobre a incorporaci\u00f3n do Pazo de Meir\u00e1s ao patrimonio p\u00fablico"}]},{"@type":"WebSite","@id":"https:\/\/ppdegalicia.com\/es\/#website","url":"https:\/\/ppdegalicia.com\/es\/","name":"Partido Popular de Galicia","description":"Partido Popular de Galicia","publisher":{"@id":"https:\/\/ppdegalicia.com\/es\/#organization"},"alternateName":"PP de Galicia","potentialAction":[{"@type":"SearchAction","target":{"@type":"EntryPoint","urlTemplate":"https:\/\/ppdegalicia.com\/es\/?s={search_term_string}"},"query-input":{"@type":"PropertyValueSpecification","valueRequired":true,"valueName":"search_term_string"}}],"inLanguage":"es"},{"@type":"Organization","@id":"https:\/\/ppdegalicia.com\/es\/#organization","name":"Partido Popular de Galicia","alternateName":"PP de Galicia","url":"https:\/\/ppdegalicia.com\/es\/","logo":{"@type":"ImageObject","inLanguage":"es","@id":"https:\/\/ppdegalicia.com\/es\/#\/schema\/logo\/image\/","url":"https:\/\/ppdegalicia.com\/wp-content\/uploads\/2023\/04\/logoPP512.png","contentUrl":"https:\/\/ppdegalicia.com\/wp-content\/uploads\/2023\/04\/logoPP512.png","width":512,"height":512,"caption":"Partido Popular de Galicia"},"image":{"@id":"https:\/\/ppdegalicia.com\/es\/#\/schema\/logo\/image\/"},"sameAs":["https:\/\/www.instagram.com\/ppdegalicia\/","https:\/\/x.com\/ppdegalicia","https:\/\/www.tiktok.com\/@ppdegalicia","https:\/\/www.youtube.com\/user\/ppdegalicia"]},{"@type":"Person","@id":"https:\/\/ppdegalicia.com\/es\/#\/schema\/person\/d0f013b8388c980665d44009ab762960","name":"Super User","image":{"@type":"ImageObject","inLanguage":"es","@id":"https:\/\/secure.gravatar.com\/avatar\/1db852625ef4948f58d2739bfbc51e4b9bd5c93b8fa340b59fdb594ca0845645?s=96&d=mm&r=g","url":"https:\/\/secure.gravatar.com\/avatar\/1db852625ef4948f58d2739bfbc51e4b9bd5c93b8fa340b59fdb594ca0845645?s=96&d=mm&r=g","contentUrl":"https:\/\/secure.gravatar.com\/avatar\/1db852625ef4948f58d2739bfbc51e4b9bd5c93b8fa340b59fdb594ca0845645?s=96&d=mm&r=g","caption":"Super User"},"url":"https:\/\/ppdegalicia.com\/es\/author\/ppdegaliciagestion\/"}]}},"_links":{"self":[{"href":"https:\/\/ppdegalicia.com\/es\/wp-json\/wp\/v2\/posts\/53268","targetHints":{"allow":["GET"]}}],"collection":[{"href":"https:\/\/ppdegalicia.com\/es\/wp-json\/wp\/v2\/posts"}],"about":[{"href":"https:\/\/ppdegalicia.com\/es\/wp-json\/wp\/v2\/types\/post"}],"author":[{"embeddable":true,"href":"https:\/\/ppdegalicia.com\/es\/wp-json\/wp\/v2\/users\/37"}],"replies":[{"embeddable":true,"href":"https:\/\/ppdegalicia.com\/es\/wp-json\/wp\/v2\/comments?post=53268"}],"version-history":[{"count":0,"href":"https:\/\/ppdegalicia.com\/es\/wp-json\/wp\/v2\/posts\/53268\/revisions"}],"wp:attachment":[{"href":"https:\/\/ppdegalicia.com\/es\/wp-json\/wp\/v2\/media?parent=53268"}],"wp:term":[{"taxonomy":"category","embeddable":true,"href":"https:\/\/ppdegalicia.com\/es\/wp-json\/wp\/v2\/categories?post=53268"},{"taxonomy":"post_tag","embeddable":true,"href":"https:\/\/ppdegalicia.com\/es\/wp-json\/wp\/v2\/tags?post=53268"}],"curies":[{"name":"wp","href":"https:\/\/api.w.org\/{rel}","templated":true}]}}